{"id":61635,"date":"2026-01-21T20:04:25","date_gmt":"2026-01-21T19:04:25","guid":{"rendered":"https:\/\/elmawkie.dz\/fr\/?p=61635"},"modified":"2026-01-21T20:04:26","modified_gmt":"2026-01-21T19:04:26","slug":"semica-tchad-2026-le-ministre-arkab-echange-sur-les-strategies-de-developpement-des-industries-extractives","status":"publish","type":"post","link":"https:\/\/elmawkie.dz\/fr\/semica-tchad-2026-le-ministre-arkab-echange-sur-les-strategies-de-developpement-des-industries-extractives\/","title":{"rendered":"SEMICA Tchad 2026 : le ministre Arkab \u00e9change sur les strat\u00e9gies de d\u00e9veloppement des industries extractives"},"content":{"rendered":"\n<p>Le ministre d&rsquo;Etat, ministre des Hydrocarbures et des Mines, M. Mohamed Arkab, a pris part, mercredi \u00e0 N&rsquo;Djamena (Tchad), aux travaux d&rsquo;un panel de haut niveau sur les industries extractives, organis\u00e9 en marge du Salon international des mines, des carri\u00e8res et des hydrocarbures (SEMICA Tchad 2026), qui se tient du 21 au 23 janvier, a indiqu\u00e9 un communiqu\u00e9 du minist\u00e8re.<\/p>\n\n\n\n<p>Ce panel portant sur le th\u00e8me \u00ab\u00a0Les industries extractives pour un d\u00e9veloppement socio\u00e9conomique durable : quelle strat\u00e9gie pour les pays africains ?\u00a0\u00bb a vu la participation de nombre de ministres et de responsables gouvernementaux de la R\u00e9publique du Tchad et d&rsquo;autres pays africains, en pr\u00e9sence des PDG du groupe Sonatrach, M. Noureddine Daoudi, et de la soci\u00e9t\u00e9 Naftal, M. Djamel Cherdoud.<\/p>\n\n\n\n<p>La rencontre a port\u00e9 sur les cadres institutionnels et juridiques \u00e0 m\u00eame de garantir une exploitation rationnelle des ressources mini\u00e8res, des carri\u00e8res et des hydrocarbures, face aux d\u00e9fis li\u00e9s \u00e0 la gouvernance des ressources, \u00e0 la r\u00e9partition \u00e9quitable des revenus, \u00e0 la protection de l&rsquo;environnement et au renforcement de la responsabilit\u00e9 sociale, dans un contexte mondial marqu\u00e9 par l&rsquo;acc\u00e9l\u00e9ration de la transition \u00e9nerg\u00e9tique et la hausse de la demande en minerais strat\u00e9giques.<\/p>\n\n\n\n<p>Dans son intervention, M. Arkab a pr\u00e9cis\u00e9 que le continent africain est aujourd&rsquo;hui appel\u00e9 \u00e0 passer d&rsquo;une logique de rente \u00e0 une logique de d\u00e9veloppement int\u00e9gr\u00e9, fond\u00e9e sur la valorisation des ressources naturelles et leur transformation en valeur ajout\u00e9e durable, \u00e0 travers l&rsquo;industrialisation locale, le transfert de technologie et la construction de cha\u00eenes de valeur nationales et r\u00e9gionales, afin de g\u00e9n\u00e9rer un impact socio\u00e9conomique tangible au service des peuples africains.<\/p>\n\n\n\n<p>Il a \u00e9galement pass\u00e9 en revue l&rsquo;exp\u00e9rience alg\u00e9rienne en mati\u00e8re de gestion et de valorisation des industries extractives, notamment dans les secteurs des hydrocarbures et des mines, laquelle est fond\u00e9e sur les principes de la souverainet\u00e9 nationale sur les ressources, mettant en avant le r\u00f4le des entreprises publiques nationales, \u00e0 leur t\u00eate le groupe Sonatrach, dans la garantie de la s\u00e9curit\u00e9 \u00e9nerg\u00e9tique nationale et la contribution \u00e0 la stabilit\u00e9 des march\u00e9s internationaux.<\/p>\n\n\n\n<p>Il a aussi mis en exergue le cadre juridique et r\u00e9glementaire alg\u00e9rien visant \u00e0 encourager l&rsquo;investissement et \u00e0 garantir la transparence et la stabilit\u00e9, tout en pr\u00e9servant les int\u00e9r\u00eats strat\u00e9giques de l&rsquo;Etat, en renfor\u00e7ant la transition \u00e9nerg\u00e9tique et en prot\u00e9geant l&rsquo;environnement.<\/p>\n\n\n\n<p>Le ministre d&rsquo;Etat a, par ailleurs, \u00e9voqu\u00e9 les grands projets r\u00e9gionaux refl\u00e9tant la vision de l&rsquo;Alg\u00e9rie en mati\u00e8re de coop\u00e9ration \u00e9nerg\u00e9tique africaine, notamment celui du gazoduc transsaharien, en tant que projet strat\u00e9gique renfor\u00e7ant l&rsquo;int\u00e9gration r\u00e9gionale, valorisant les ressources gazi\u00e8res africaines et offrant des perspectives de d\u00e9veloppement prometteuses aux pays concern\u00e9s, ajoute le communiqu\u00e9.<\/p>\n\n\n\n<p>Concernant le secteur minier, M. Arkab a rappel\u00e9 que l&rsquo;Alg\u00e9rie \u0153uvre au d\u00e9veloppement de grands projets structurants, tout en encourageant la transformation locale des ressources mini\u00e8res et la relance des fili\u00e8res strat\u00e9giques, faisant ainsi des mines un pilier essentiel de la diversification de l&rsquo;\u00e9conomie nationale et de la cr\u00e9ation d&#8217;emplois qualifi\u00e9s.<\/p>\n\n\n\n<p>Soulignant l&rsquo;importance de l&rsquo;investissement dans le capital humain en tant que facteur d\u00e9terminant de la r\u00e9ussite des politiques extractives, le ministre d&rsquo;Etat a mis en avant le r\u00f4le des \u00e9tablissements alg\u00e9riens de formation, \u00e0 l&rsquo;instar de l&rsquo;Institut alg\u00e9rien du p\u00e9trole (IAP) et de l&rsquo;Acad\u00e9mie de Management de Sonatrach (SMA), dans la formation des cadres et le transfert d&rsquo;expertises, exprimant \u00e0 ce propos la disposition de l&rsquo;Alg\u00e9rie \u00e0 partager cette exp\u00e9rience avec les pays africains dans le cadre d&rsquo;une coop\u00e9ration Sud-Sud fond\u00e9e sur le partenariat et la compl\u00e9mentarit\u00e9.<\/p>\n\n\n\n<p>Il a conclu son intervention en r\u00e9affirmant l&rsquo;engagement de l&rsquo;Alg\u00e9rie \u00e0 soutenir et \u00e0 renforcer la coop\u00e9ration africaine dans le domaine des industries extractives, \u00e0 travers l&rsquo;\u00e9change d&rsquo;expertises, le d\u00e9veloppement de partenariats, la formation et le renforcement des capacit\u00e9s, soulignant que l&rsquo;avenir des ressources africaines doit se construire avec une volont\u00e9 africaine commune, dans le cadre d&rsquo;une vision strat\u00e9gique \u00e0 m\u00eame de r\u00e9aliser le d\u00e9veloppement durable, la souverainet\u00e9 \u00e9conomique et la prosp\u00e9rit\u00e9 partag\u00e9e pour les peuples du continent.<\/p>\n","protected":false},"excerpt":{"rendered":"<p>Le ministre d&rsquo;Etat, ministre des Hydrocarbures et des Mines, M. Mohamed Arkab, a pris part, mercredi \u00e0 N&rsquo;Djamena (Tchad), aux travaux d&rsquo;un panel de haut niveau sur les industries extractives, organis\u00e9 en marge du Salon international des mines, des carri\u00e8res et des hydrocarbures (SEMICA Tchad 2026), qui se tient du 21 au 23 janvier, a &hellip;<\/p>\n","protected":false},"author":9,"featured_media":61637,"comment_status":"open","ping_status":"open","sticky":false,"template":"","format":"standard","meta":{"footnotes":""},"categories":[763,47],"tags":[],"class_list":["post-61635","post","type-post","status-publish","format-standard","has-post-thumbnail","hentry","category-economie","category-national"],"yoast_head":"<!-- This site is optimized with the Yoast SEO Premium plugin v22.6 (Yoast SEO v22.6) - https:\/\/yoast.com\/wordpress\/plugins\/seo\/ -->\n<title>SEMICA Tchad 2026 : le ministre Arkab \u00e9change sur les strat\u00e9gies de d\u00e9veloppement des industries extractives - El Mawkie<\/title>\n<meta name=\"robots\" content=\"index, follow, max-snippet:-1, max-image-preview:large, max-video-preview:-1\" \/>\n<link rel=\"canonical\" href=\"https:\/\/elmawkie.dz\/fr\/semica-tchad-2026-le-ministre-arkab-echange-sur-les-strategies-de-developpement-des-industries-extractives\/\" \/>\n<meta property=\"og:locale\" content=\"fr_FR\" \/>\n<meta property=\"og:type\" content=\"article\" \/>\n<meta property=\"og:title\" content=\"SEMICA Tchad 2026 : le ministre Arkab \u00e9change sur les strat\u00e9gies de d\u00e9veloppement des industries extractives\" \/>\n<meta property=\"og:description\" content=\"Le ministre d&rsquo;Etat, ministre des Hydrocarbures et des Mines, M. Mohamed Arkab, a pris part, mercredi \u00e0 N&rsquo;Djamena (Tchad), aux travaux d&rsquo;un panel de haut niveau sur les industries extractives, organis\u00e9 en marge du Salon international des mines, des carri\u00e8res et des hydrocarbures (SEMICA Tchad 2026), qui se tient du 21 au 23 janvier, a &hellip;\" \/>\n<meta property=\"og:url\" content=\"https:\/\/elmawkie.dz\/fr\/semica-tchad-2026-le-ministre-arkab-echange-sur-les-strategies-de-developpement-des-industries-extractives\/\" \/>\n<meta property=\"og:site_name\" content=\"El Mawkie\" \/>\n<meta property=\"article:publisher\" content=\"https:\/\/www.facebook.com\/profile.php?id=100088407094989&amp;locale=fr_FR\" \/>\n<meta property=\"article:published_time\" content=\"2026-01-21T19:04:25+00:00\" \/>\n<meta property=\"article:modified_time\" content=\"2026-01-21T19:04:26+00:00\" \/>\n<meta property=\"og:image\" content=\"https:\/\/elmawkie.dz\/fr\/wp-content\/uploads\/2026\/01\/IMG_8597.jpeg\" \/>\n\t<meta property=\"og:image:width\" content=\"1920\" \/>\n\t<meta property=\"og:image:height\" content=\"1080\" \/>\n\t<meta property=\"og:image:type\" content=\"image\/jpeg\" \/>\n<meta name=\"author\" content=\"R\u00e9daction\" \/>\n<meta name=\"twitter:card\" content=\"summary_large_image\" \/>\n<meta name=\"twitter:label1\" content=\"Written by\" \/>\n\t<meta name=\"twitter:data1\" content=\"R\u00e9daction\" \/>\n\t<meta name=\"twitter:label2\" content=\"Est. reading time\" \/>\n\t<meta name=\"twitter:data2\" content=\"4 minutes\" \/>\n<script type=\"application\/ld+json\" class=\"yoast-schema-graph\">{\"@context\":\"https:\/\/schema.org\",\"@graph\":[{\"@type\":\"Article\",\"@id\":\"https:\/\/elmawkie.dz\/fr\/semica-tchad-2026-le-ministre-arkab-echange-sur-les-strategies-de-developpement-des-industries-extractives\/#article\",\"isPartOf\":{\"@id\":\"https:\/\/elmawkie.dz\/fr\/semica-tchad-2026-le-ministre-arkab-echange-sur-les-strategies-de-developpement-des-industries-extractives\/\"},\"author\":{\"name\":\"R\u00e9daction\",\"@id\":\"https:\/\/elmawkie.dz\/fr\/#\/schema\/person\/e7bd59d6467874ba5c4723d8a9f0a63c\"},\"headline\":\"SEMICA Tchad 2026 : le ministre Arkab \u00e9change sur les strat\u00e9gies de d\u00e9veloppement des industries extractives\",\"datePublished\":\"2026-01-21T19:04:25+00:00\",\"dateModified\":\"2026-01-21T19:04:26+00:00\",\"mainEntityOfPage\":{\"@id\":\"https:\/\/elmawkie.dz\/fr\/semica-tchad-2026-le-ministre-arkab-echange-sur-les-strategies-de-developpement-des-industries-extractives\/\"},\"wordCount\":761,\"commentCount\":0,\"publisher\":{\"@id\":\"https:\/\/elmawkie.dz\/fr\/#organization\"},\"image\":{\"@id\":\"https:\/\/elmawkie.dz\/fr\/semica-tchad-2026-le-ministre-arkab-echange-sur-les-strategies-de-developpement-des-industries-extractives\/#primaryimage\"},\"thumbnailUrl\":\"https:\/\/elmawkie.dz\/fr\/wp-content\/uploads\/2026\/01\/IMG_8597.jpeg\",\"articleSection\":[\"Economie\",\"National\"],\"inLanguage\":\"fr-FR\",\"potentialAction\":[{\"@type\":\"CommentAction\",\"name\":\"Comment\",\"target\":[\"https:\/\/elmawkie.dz\/fr\/semica-tchad-2026-le-ministre-arkab-echange-sur-les-strategies-de-developpement-des-industries-extractives\/#respond\"]}]},{\"@type\":\"WebPage\",\"@id\":\"https:\/\/elmawkie.dz\/fr\/semica-tchad-2026-le-ministre-arkab-echange-sur-les-strategies-de-developpement-des-industries-extractives\/\",\"url\":\"https:\/\/elmawkie.dz\/fr\/semica-tchad-2026-le-ministre-arkab-echange-sur-les-strategies-de-developpement-des-industries-extractives\/\",\"name\":\"SEMICA Tchad 2026 : le ministre Arkab \u00e9change sur les strat\u00e9gies de d\u00e9veloppement des industries extractives - El Mawkie\",\"isPartOf\":{\"@id\":\"https:\/\/elmawkie.dz\/fr\/#website\"},\"primaryImageOfPage\":{\"@id\":\"https:\/\/elmawkie.dz\/fr\/semica-tchad-2026-le-ministre-arkab-echange-sur-les-strategies-de-developpement-des-industries-extractives\/#primaryimage\"},\"image\":{\"@id\":\"https:\/\/elmawkie.dz\/fr\/semica-tchad-2026-le-ministre-arkab-echange-sur-les-strategies-de-developpement-des-industries-extractives\/#primaryimage\"},\"thumbnailUrl\":\"https:\/\/elmawkie.dz\/fr\/wp-content\/uploads\/2026\/01\/IMG_8597.jpeg\",\"datePublished\":\"2026-01-21T19:04:25+00:00\",\"dateModified\":\"2026-01-21T19:04:26+00:00\",\"breadcrumb\":{\"@id\":\"https:\/\/elmawkie.dz\/fr\/semica-tchad-2026-le-ministre-arkab-echange-sur-les-strategies-de-developpement-des-industries-extractives\/#breadcrumb\"},\"inLanguage\":\"fr-FR\",\"potentialAction\":[{\"@type\":\"ReadAction\",\"target\":[\"https:\/\/elmawkie.dz\/fr\/semica-tchad-2026-le-ministre-arkab-echange-sur-les-strategies-de-developpement-des-industries-extractives\/\"]}]},{\"@type\":\"ImageObject\",\"inLanguage\":\"fr-FR\",\"@id\":\"https:\/\/elmawkie.dz\/fr\/semica-tchad-2026-le-ministre-arkab-echange-sur-les-strategies-de-developpement-des-industries-extractives\/#primaryimage\",\"url\":\"https:\/\/elmawkie.dz\/fr\/wp-content\/uploads\/2026\/01\/IMG_8597.jpeg\",\"contentUrl\":\"https:\/\/elmawkie.dz\/fr\/wp-content\/uploads\/2026\/01\/IMG_8597.jpeg\",\"width\":1920,\"height\":1080},{\"@type\":\"BreadcrumbList\",\"@id\":\"https:\/\/elmawkie.dz\/fr\/semica-tchad-2026-le-ministre-arkab-echange-sur-les-strategies-de-developpement-des-industries-extractives\/#breadcrumb\",\"itemListElement\":[{\"@type\":\"ListItem\",\"position\":1,\"name\":\"Home\",\"item\":\"https:\/\/elmawkie.dz\/fr\/\"},{\"@type\":\"ListItem\",\"position\":2,\"name\":\"SEMICA Tchad 2026 : le ministre Arkab \u00e9change sur les strat\u00e9gies de d\u00e9veloppement des industries extractives\"}]},{\"@type\":\"WebSite\",\"@id\":\"https:\/\/elmawkie.dz\/fr\/#website\",\"url\":\"https:\/\/elmawkie.dz\/fr\/\",\"name\":\"EL MAWKIE\",\"description\":\"Journal \u00c9lectronique Alg\u00e9rien\",\"publisher\":{\"@id\":\"https:\/\/elmawkie.dz\/fr\/#organization\"},\"potentialAction\":[{\"@type\":\"SearchAction\",\"target\":{\"@type\":\"EntryPoint\",\"urlTemplate\":\"https:\/\/elmawkie.dz\/fr\/?s={search_term_string}\"},\"query-input\":\"required name=search_term_string\"}],\"inLanguage\":\"fr-FR\"},{\"@type\":\"Organization\",\"@id\":\"https:\/\/elmawkie.dz\/fr\/#organization\",\"name\":\"EL MAWKIE\",\"url\":\"https:\/\/elmawkie.dz\/fr\/\",\"logo\":{\"@type\":\"ImageObject\",\"inLanguage\":\"fr-FR\",\"@id\":\"https:\/\/elmawkie.dz\/fr\/#\/schema\/logo\/image\/\",\"url\":\"https:\/\/elmawkie.dz\/fr\/wp-content\/uploads\/2024\/05\/logo1.png\",\"contentUrl\":\"https:\/\/elmawkie.dz\/fr\/wp-content\/uploads\/2024\/05\/logo1.png\",\"width\":1648,\"height\":652,\"caption\":\"EL MAWKIE\"},\"image\":{\"@id\":\"https:\/\/elmawkie.dz\/fr\/#\/schema\/logo\/image\/\"},\"sameAs\":[\"https:\/\/www.facebook.com\/profile.php?id=100088407094989&locale=fr_FR\"]},{\"@type\":\"Person\",\"@id\":\"https:\/\/elmawkie.dz\/fr\/#\/schema\/person\/e7bd59d6467874ba5c4723d8a9f0a63c\",\"name\":\"R\u00e9daction\",\"image\":{\"@type\":\"ImageObject\",\"inLanguage\":\"fr-FR\",\"@id\":\"https:\/\/elmawkie.dz\/fr\/#\/schema\/person\/image\/\",\"url\":\"https:\/\/secure.gravatar.com\/avatar\/f0f773456344da4d2788c054a3d30a0c?s=96&d=mm&r=g\",\"contentUrl\":\"https:\/\/secure.gravatar.com\/avatar\/f0f773456344da4d2788c054a3d30a0c?s=96&d=mm&r=g\",\"caption\":\"R\u00e9daction\"},\"url\":\"https:\/\/elmawkie.dz\/fr\/author\/redaction\/\"}]}<\/script>\n<!-- \/ Yoast SEO Premium plugin. -->","yoast_head_json":{"title":"SEMICA Tchad 2026 : le ministre Arkab \u00e9change sur les strat\u00e9gies de d\u00e9veloppement des industries extractives - El Mawkie","robots":{"index":"index","follow":"follow","max-snippet":"max-snippet:-1","max-image-preview":"max-image-preview:large","max-video-preview":"max-video-preview:-1"},"canonical":"https:\/\/elmawkie.dz\/fr\/semica-tchad-2026-le-ministre-arkab-echange-sur-les-strategies-de-developpement-des-industries-extractives\/","og_locale":"fr_FR","og_type":"article","og_title":"SEMICA Tchad 2026 : le ministre Arkab \u00e9change sur les strat\u00e9gies de d\u00e9veloppement des industries extractives","og_description":"Le ministre d&rsquo;Etat, ministre des Hydrocarbures et des Mines, M. Mohamed Arkab, a pris part, mercredi \u00e0 N&rsquo;Djamena (Tchad), aux travaux d&rsquo;un panel de haut niveau sur les industries extractives, organis\u00e9 en marge du Salon international des mines, des carri\u00e8res et des hydrocarbures (SEMICA Tchad 2026), qui se tient du 21 au 23 janvier, a &hellip;","og_url":"https:\/\/elmawkie.dz\/fr\/semica-tchad-2026-le-ministre-arkab-echange-sur-les-strategies-de-developpement-des-industries-extractives\/","og_site_name":"El Mawkie","article_publisher":"https:\/\/www.facebook.com\/profile.php?id=100088407094989&locale=fr_FR","article_published_time":"2026-01-21T19:04:25+00:00","article_modified_time":"2026-01-21T19:04:26+00:00","og_image":[{"width":1920,"height":1080,"url":"https:\/\/elmawkie.dz\/fr\/wp-content\/uploads\/2026\/01\/IMG_8597.jpeg","type":"image\/jpeg"}],"author":"R\u00e9daction","twitter_card":"summary_large_image","twitter_misc":{"Written by":"R\u00e9daction","Est. reading time":"4 minutes"},"schema":{"@context":"https:\/\/schema.org","@graph":[{"@type":"Article","@id":"https:\/\/elmawkie.dz\/fr\/semica-tchad-2026-le-ministre-arkab-echange-sur-les-strategies-de-developpement-des-industries-extractives\/#article","isPartOf":{"@id":"https:\/\/elmawkie.dz\/fr\/semica-tchad-2026-le-ministre-arkab-echange-sur-les-strategies-de-developpement-des-industries-extractives\/"},"author":{"name":"R\u00e9daction","@id":"https:\/\/elmawkie.dz\/fr\/#\/schema\/person\/e7bd59d6467874ba5c4723d8a9f0a63c"},"headline":"SEMICA Tchad 2026 : le ministre Arkab \u00e9change sur les strat\u00e9gies de d\u00e9veloppement des industries extractives","datePublished":"2026-01-21T19:04:25+00:00","dateModified":"2026-01-21T19:04:26+00:00","mainEntityOfPage":{"@id":"https:\/\/elmawkie.dz\/fr\/semica-tchad-2026-le-ministre-arkab-echange-sur-les-strategies-de-developpement-des-industries-extractives\/"},"wordCount":761,"commentCount":0,"publisher":{"@id":"https:\/\/elmawkie.dz\/fr\/#organization"},"image":{"@id":"https:\/\/elmawkie.dz\/fr\/semica-tchad-2026-le-ministre-arkab-echange-sur-les-strategies-de-developpement-des-industries-extractives\/#primaryimage"},"thumbnailUrl":"https:\/\/elmawkie.dz\/fr\/wp-content\/uploads\/2026\/01\/IMG_8597.jpeg","articleSection":["Economie","National"],"inLanguage":"fr-FR","potentialAction":[{"@type":"CommentAction","name":"Comment","target":["https:\/\/elmawkie.dz\/fr\/semica-tchad-2026-le-ministre-arkab-echange-sur-les-strategies-de-developpement-des-industries-extractives\/#respond"]}]},{"@type":"WebPage","@id":"https:\/\/elmawkie.dz\/fr\/semica-tchad-2026-le-ministre-arkab-echange-sur-les-strategies-de-developpement-des-industries-extractives\/","url":"https:\/\/elmawkie.dz\/fr\/semica-tchad-2026-le-ministre-arkab-echange-sur-les-strategies-de-developpement-des-industries-extractives\/","name":"SEMICA Tchad 2026 : le ministre Arkab \u00e9change sur les strat\u00e9gies de d\u00e9veloppement des industries extractives - El Mawkie","isPartOf":{"@id":"https:\/\/elmawkie.dz\/fr\/#website"},"primaryImageOfPage":{"@id":"https:\/\/elmawkie.dz\/fr\/semica-tchad-2026-le-ministre-arkab-echange-sur-les-strategies-de-developpement-des-industries-extractives\/#primaryimage"},"image":{"@id":"https:\/\/elmawkie.dz\/fr\/semica-tchad-2026-le-ministre-arkab-echange-sur-les-strategies-de-developpement-des-industries-extractives\/#primaryimage"},"thumbnailUrl":"https:\/\/elmawkie.dz\/fr\/wp-content\/uploads\/2026\/01\/IMG_8597.jpeg","datePublished":"2026-01-21T19:04:25+00:00","dateModified":"2026-01-21T19:04:26+00:00","breadcrumb":{"@id":"https:\/\/elmawkie.dz\/fr\/semica-tchad-2026-le-ministre-arkab-echange-sur-les-strategies-de-developpement-des-industries-extractives\/#breadcrumb"},"inLanguage":"fr-FR","potentialAction":[{"@type":"ReadAction","target":["https:\/\/elmawkie.dz\/fr\/semica-tchad-2026-le-ministre-arkab-echange-sur-les-strategies-de-developpement-des-industries-extractives\/"]}]},{"@type":"ImageObject","inLanguage":"fr-FR","@id":"https:\/\/elmawkie.dz\/fr\/semica-tchad-2026-le-ministre-arkab-echange-sur-les-strategies-de-developpement-des-industries-extractives\/#primaryimage","url":"https:\/\/elmawkie.dz\/fr\/wp-content\/uploads\/2026\/01\/IMG_8597.jpeg","contentUrl":"https:\/\/elmawkie.dz\/fr\/wp-content\/uploads\/2026\/01\/IMG_8597.jpeg","width":1920,"height":1080},{"@type":"BreadcrumbList","@id":"https:\/\/elmawkie.dz\/fr\/semica-tchad-2026-le-ministre-arkab-echange-sur-les-strategies-de-developpement-des-industries-extractives\/#breadcrumb","itemListElement":[{"@type":"ListItem","position":1,"name":"Home","item":"https:\/\/elmawkie.dz\/fr\/"},{"@type":"ListItem","position":2,"name":"SEMICA Tchad 2026 : le ministre Arkab \u00e9change sur les strat\u00e9gies de d\u00e9veloppement des industries extractives"}]},{"@type":"WebSite","@id":"https:\/\/elmawkie.dz\/fr\/#website","url":"https:\/\/elmawkie.dz\/fr\/","name":"EL MAWKIE","description":"Journal \u00c9lectronique Alg\u00e9rien","publisher":{"@id":"https:\/\/elmawkie.dz\/fr\/#organization"},"potentialAction":[{"@type":"SearchAction","target":{"@type":"EntryPoint","urlTemplate":"https:\/\/elmawkie.dz\/fr\/?s={search_term_string}"},"query-input":"required name=search_term_string"}],"inLanguage":"fr-FR"},{"@type":"Organization","@id":"https:\/\/elmawkie.dz\/fr\/#organization","name":"EL MAWKIE","url":"https:\/\/elmawkie.dz\/fr\/","logo":{"@type":"ImageObject","inLanguage":"fr-FR","@id":"https:\/\/elmawkie.dz\/fr\/#\/schema\/logo\/image\/","url":"https:\/\/elmawkie.dz\/fr\/wp-content\/uploads\/2024\/05\/logo1.png","contentUrl":"https:\/\/elmawkie.dz\/fr\/wp-content\/uploads\/2024\/05\/logo1.png","width":1648,"height":652,"caption":"EL MAWKIE"},"image":{"@id":"https:\/\/elmawkie.dz\/fr\/#\/schema\/logo\/image\/"},"sameAs":["https:\/\/www.facebook.com\/profile.php?id=100088407094989&locale=fr_FR"]},{"@type":"Person","@id":"https:\/\/elmawkie.dz\/fr\/#\/schema\/person\/e7bd59d6467874ba5c4723d8a9f0a63c","name":"R\u00e9daction","image":{"@type":"ImageObject","inLanguage":"fr-FR","@id":"https:\/\/elmawkie.dz\/fr\/#\/schema\/person\/image\/","url":"https:\/\/secure.gravatar.com\/avatar\/f0f773456344da4d2788c054a3d30a0c?s=96&d=mm&r=g","contentUrl":"https:\/\/secure.gravatar.com\/avatar\/f0f773456344da4d2788c054a3d30a0c?s=96&d=mm&r=g","caption":"R\u00e9daction"},"url":"https:\/\/elmawkie.dz\/fr\/author\/redaction\/"}]}},"_links":{"self":[{"href":"https:\/\/elmawkie.dz\/fr\/wp-json\/wp\/v2\/posts\/61635","targetHints":{"allow":["GET"]}}],"collection":[{"href":"https:\/\/elmawkie.dz\/fr\/wp-json\/wp\/v2\/posts"}],"about":[{"href":"https:\/\/elmawkie.dz\/fr\/wp-json\/wp\/v2\/types\/post"}],"author":[{"embeddable":true,"href":"https:\/\/elmawkie.dz\/fr\/wp-json\/wp\/v2\/users\/9"}],"replies":[{"embeddable":true,"href":"https:\/\/elmawkie.dz\/fr\/wp-json\/wp\/v2\/comments?post=61635"}],"version-history":[{"count":1,"href":"https:\/\/elmawkie.dz\/fr\/wp-json\/wp\/v2\/posts\/61635\/revisions"}],"predecessor-version":[{"id":61638,"href":"https:\/\/elmawkie.dz\/fr\/wp-json\/wp\/v2\/posts\/61635\/revisions\/61638"}],"wp:featuredmedia":[{"embeddable":true,"href":"https:\/\/elmawkie.dz\/fr\/wp-json\/wp\/v2\/media\/61637"}],"wp:attachment":[{"href":"https:\/\/elmawkie.dz\/fr\/wp-json\/wp\/v2\/media?parent=61635"}],"wp:term":[{"taxonomy":"category","embeddable":true,"href":"https:\/\/elmawkie.dz\/fr\/wp-json\/wp\/v2\/categories?post=61635"},{"taxonomy":"post_tag","embeddable":true,"href":"https:\/\/elmawkie.dz\/fr\/wp-json\/wp\/v2\/tags?post=61635"}],"curies":[{"name":"wp","href":"https:\/\/api.w.org\/{rel}","templated":true}]}}