{"id":61439,"date":"2026-01-18T16:24:50","date_gmt":"2026-01-18T15:24:50","guid":{"rendered":"https:\/\/elmawkie.dz\/fr\/?p=61439"},"modified":"2026-01-18T16:24:51","modified_gmt":"2026-01-18T15:24:51","slug":"bejaia-forte-participation-des-entreprises-au-salon-regional-des-produits-alimentaires-industriels-et-de-services","status":"publish","type":"post","link":"https:\/\/elmawkie.dz\/fr\/bejaia-forte-participation-des-entreprises-au-salon-regional-des-produits-alimentaires-industriels-et-de-services\/","title":{"rendered":"Beja\u00efa : forte participation des entreprises au Salon r\u00e9gional des produits alimentaires, industriels et de services"},"content":{"rendered":"\n<p>La 1\u00e8re \u00e9dition du Salon r\u00e9gional des produits alimentaires, industriels et de services, ouverte dimanche dans la wilaya de Beja\u00efa, a enregistr\u00e9 la participation de 46 op\u00e9rateurs \u00e9conomiques venus de plusieurs wilayas, ont indiqu\u00e9 les organisateurs.<\/p>\n\n\n\n<p>Organis\u00e9 au si\u00e8ge de l\u2019entreprise \u00ab\u00a0COGB-Labelle\u00a0\u00bb, sous le slogan \u00ab\u00a0Promotion des produits nationaux, notre opportunit\u00e9 d\u2019exploration\u00a0\u00bb, le Salon a \u00e9t\u00e9 inaugur\u00e9 par le wali, Kameleddine Kerbouche. Il regroupe 46 entreprises nationales relevant des secteurs public et priv\u00e9, activant notamment dans les industries alimentaires, industrielles et de services, a indiqu\u00e9 \u00e0 l\u2019APS, le directeur local du commerce, Ghali Sid Ahmed.<\/p>\n\n\n\n<p>Le responsable a ajout\u00e9 que 24 entreprises participantes sont sp\u00e9cialis\u00e9es dans les industries alimentaires, 19 dans la production industrielle et trois (3) dans les services, en plus de la pr\u00e9sence de plusieurs administrations. \u00a0\u00bb Pr\u00e8s de 50% des op\u00e9rateurs exposants sont des entreprises productrices et exportatrices\u00a0\u00bb, a-t-il pr\u00e9cis\u00e9, en outre.<\/p>\n\n\n\n<p>Lors de sa visite au Salon, le wali a soulign\u00e9 que cette manifestation vise \u00e0 \u00ab\u00a0mettre en valeur la qualit\u00e9 du produit national, encourager la consommation locale et favoriser les \u00e9changes et partenariats entre op\u00e9rateurs \u00e9conomiques, contribuant ainsi au soutien de l\u2019investissement et au renforcement du tissu \u00e9conomique national\u00a0\u00bb.<\/p>\n\n\n\n<p>Il a, par ailleurs, affirm\u00e9 que les \u00ab\u00a0pouvoirs publics accordent un int\u00e9r\u00eat particulier \u00e0 ce type d\u2019\u00e9v\u00e9nements \u00e9conomiques en raison de leur r\u00f4le dans l\u2019accompagnement des producteurs, l\u2019encouragement des initiatives locales et l\u2019ouverture de nouvelles perspectives de commercialisation et de partenariat, avec des retomb\u00e9es positives sur le d\u00e9veloppement local et national\u00a0\u00bb.<\/p>\n\n\n\n<p>A noter que ce Salon, qui se poursuivra jusqu\u2019au 20 janvier, est organis\u00e9 par la Chambre de commerce et d\u2019industrie \u00ab\u00a0Soummam\u00a0\u00bb, en coordination avec nombre de directions, notamment celles du commerce, de l\u2019industrie, des services agricoles, ainsi que le bureau de wilaya du Conseil du renouveau \u00e9conomique alg\u00e9rien.<\/p>\n","protected":false},"excerpt":{"rendered":"<p>La 1\u00e8re \u00e9dition du Salon r\u00e9gional des produits alimentaires, industriels et de services, ouverte dimanche dans la wilaya de Beja\u00efa, a enregistr\u00e9 la participation de 46 op\u00e9rateurs \u00e9conomiques venus de plusieurs wilayas, ont indiqu\u00e9 les organisateurs. Organis\u00e9 au si\u00e8ge de l\u2019entreprise \u00ab\u00a0COGB-Labelle\u00a0\u00bb, sous le slogan \u00ab\u00a0Promotion des produits nationaux, notre opportunit\u00e9 d\u2019exploration\u00a0\u00bb, le Salon a &hellip;<\/p>\n","protected":false},"author":9,"featured_media":61441,"comment_status":"open","ping_status":"open","sticky":false,"template":"","format":"standard","meta":{"footnotes":""},"categories":[50],"tags":[5850,6042,3089,6039],"class_list":["post-61439","post","type-post","status-publish","format-standard","has-post-thumbnail","hentry","category-region","tag-bejaia-4","tag-industriels-et-de-services","tag-produits-alimentaires","tag-salon-regional"],"yoast_head":"<!-- This site is optimized with the Yoast SEO Premium plugin v22.6 (Yoast SEO v22.6) - https:\/\/yoast.com\/wordpress\/plugins\/seo\/ -->\n<title>Beja\u00efa : forte participation des entreprises au Salon r\u00e9gional des produits alimentaires, industriels et de services - El Mawkie<\/title>\n<meta name=\"robots\" content=\"index, follow, max-snippet:-1, max-image-preview:large, max-video-preview:-1\" \/>\n<link rel=\"canonical\" href=\"https:\/\/elmawkie.dz\/fr\/bejaia-forte-participation-des-entreprises-au-salon-regional-des-produits-alimentaires-industriels-et-de-services\/\" \/>\n<meta property=\"og:locale\" content=\"fr_FR\" \/>\n<meta property=\"og:type\" content=\"article\" \/>\n<meta property=\"og:title\" content=\"Beja\u00efa : forte participation des entreprises au Salon r\u00e9gional des produits alimentaires, industriels et de services\" \/>\n<meta property=\"og:description\" content=\"La 1\u00e8re \u00e9dition du Salon r\u00e9gional des produits alimentaires, industriels et de services, ouverte dimanche dans la wilaya de Beja\u00efa, a enregistr\u00e9 la participation de 46 op\u00e9rateurs \u00e9conomiques venus de plusieurs wilayas, ont indiqu\u00e9 les organisateurs. Organis\u00e9 au si\u00e8ge de l\u2019entreprise \u00ab\u00a0COGB-Labelle\u00a0\u00bb, sous le slogan \u00ab\u00a0Promotion des produits nationaux, notre opportunit\u00e9 d\u2019exploration\u00a0\u00bb, le Salon a &hellip;\" \/>\n<meta property=\"og:url\" content=\"https:\/\/elmawkie.dz\/fr\/bejaia-forte-participation-des-entreprises-au-salon-regional-des-produits-alimentaires-industriels-et-de-services\/\" \/>\n<meta property=\"og:site_name\" content=\"El Mawkie\" \/>\n<meta property=\"article:publisher\" content=\"https:\/\/www.facebook.com\/profile.php?id=100088407094989&amp;locale=fr_FR\" \/>\n<meta property=\"article:published_time\" content=\"2026-01-18T15:24:50+00:00\" \/>\n<meta property=\"article:modified_time\" content=\"2026-01-18T15:24:51+00:00\" \/>\n<meta property=\"og:image\" content=\"https:\/\/elmawkie.dz\/fr\/wp-content\/uploads\/2026\/01\/IMG_8185.jpeg\" \/>\n\t<meta property=\"og:image:width\" content=\"2048\" \/>\n\t<meta property=\"og:image:height\" content=\"1536\" \/>\n\t<meta property=\"og:image:type\" content=\"image\/jpeg\" \/>\n<meta name=\"author\" content=\"R\u00e9daction\" \/>\n<meta name=\"twitter:card\" content=\"summary_large_image\" \/>\n<meta name=\"twitter:label1\" content=\"Written by\" \/>\n\t<meta name=\"twitter:data1\" content=\"R\u00e9daction\" \/>\n\t<meta name=\"twitter:label2\" content=\"Est. reading time\" \/>\n\t<meta name=\"twitter:data2\" content=\"2 minutes\" \/>\n<script type=\"application\/ld+json\" class=\"yoast-schema-graph\">{\"@context\":\"https:\/\/schema.org\",\"@graph\":[{\"@type\":\"Article\",\"@id\":\"https:\/\/elmawkie.dz\/fr\/bejaia-forte-participation-des-entreprises-au-salon-regional-des-produits-alimentaires-industriels-et-de-services\/#article\",\"isPartOf\":{\"@id\":\"https:\/\/elmawkie.dz\/fr\/bejaia-forte-participation-des-entreprises-au-salon-regional-des-produits-alimentaires-industriels-et-de-services\/\"},\"author\":{\"name\":\"R\u00e9daction\",\"@id\":\"https:\/\/elmawkie.dz\/fr\/#\/schema\/person\/e7bd59d6467874ba5c4723d8a9f0a63c\"},\"headline\":\"Beja\u00efa : forte participation des entreprises au Salon r\u00e9gional des produits alimentaires, industriels et de services\",\"datePublished\":\"2026-01-18T15:24:50+00:00\",\"dateModified\":\"2026-01-18T15:24:51+00:00\",\"mainEntityOfPage\":{\"@id\":\"https:\/\/elmawkie.dz\/fr\/bejaia-forte-participation-des-entreprises-au-salon-regional-des-produits-alimentaires-industriels-et-de-services\/\"},\"wordCount\":328,\"commentCount\":0,\"publisher\":{\"@id\":\"https:\/\/elmawkie.dz\/fr\/#organization\"},\"image\":{\"@id\":\"https:\/\/elmawkie.dz\/fr\/bejaia-forte-participation-des-entreprises-au-salon-regional-des-produits-alimentaires-industriels-et-de-services\/#primaryimage\"},\"thumbnailUrl\":\"https:\/\/elmawkie.dz\/fr\/wp-content\/uploads\/2026\/01\/IMG_8185.jpeg\",\"keywords\":[\"Beja\u00efa\",\"industriels et de services\",\"Produits alimentaires\",\"Salon r\u00e9gional\"],\"articleSection\":[\"R\u00e9gion\"],\"inLanguage\":\"fr-FR\",\"potentialAction\":[{\"@type\":\"CommentAction\",\"name\":\"Comment\",\"target\":[\"https:\/\/elmawkie.dz\/fr\/bejaia-forte-participation-des-entreprises-au-salon-regional-des-produits-alimentaires-industriels-et-de-services\/#respond\"]}]},{\"@type\":\"WebPage\",\"@id\":\"https:\/\/elmawkie.dz\/fr\/bejaia-forte-participation-des-entreprises-au-salon-regional-des-produits-alimentaires-industriels-et-de-services\/\",\"url\":\"https:\/\/elmawkie.dz\/fr\/bejaia-forte-participation-des-entreprises-au-salon-regional-des-produits-alimentaires-industriels-et-de-services\/\",\"name\":\"Beja\u00efa : forte participation des entreprises au Salon r\u00e9gional des produits alimentaires, industriels et de services - El Mawkie\",\"isPartOf\":{\"@id\":\"https:\/\/elmawkie.dz\/fr\/#website\"},\"primaryImageOfPage\":{\"@id\":\"https:\/\/elmawkie.dz\/fr\/bejaia-forte-participation-des-entreprises-au-salon-regional-des-produits-alimentaires-industriels-et-de-services\/#primaryimage\"},\"image\":{\"@id\":\"https:\/\/elmawkie.dz\/fr\/bejaia-forte-participation-des-entreprises-au-salon-regional-des-produits-alimentaires-industriels-et-de-services\/#primaryimage\"},\"thumbnailUrl\":\"https:\/\/elmawkie.dz\/fr\/wp-content\/uploads\/2026\/01\/IMG_8185.jpeg\",\"datePublished\":\"2026-01-18T15:24:50+00:00\",\"dateModified\":\"2026-01-18T15:24:51+00:00\",\"breadcrumb\":{\"@id\":\"https:\/\/elmawkie.dz\/fr\/bejaia-forte-participation-des-entreprises-au-salon-regional-des-produits-alimentaires-industriels-et-de-services\/#breadcrumb\"},\"inLanguage\":\"fr-FR\",\"potentialAction\":[{\"@type\":\"ReadAction\",\"target\":[\"https:\/\/elmawkie.dz\/fr\/bejaia-forte-participation-des-entreprises-au-salon-regional-des-produits-alimentaires-industriels-et-de-services\/\"]}]},{\"@type\":\"ImageObject\",\"inLanguage\":\"fr-FR\",\"@id\":\"https:\/\/elmawkie.dz\/fr\/bejaia-forte-participation-des-entreprises-au-salon-regional-des-produits-alimentaires-industriels-et-de-services\/#primaryimage\",\"url\":\"https:\/\/elmawkie.dz\/fr\/wp-content\/uploads\/2026\/01\/IMG_8185.jpeg\",\"contentUrl\":\"https:\/\/elmawkie.dz\/fr\/wp-content\/uploads\/2026\/01\/IMG_8185.jpeg\",\"width\":2048,\"height\":1536},{\"@type\":\"BreadcrumbList\",\"@id\":\"https:\/\/elmawkie.dz\/fr\/bejaia-forte-participation-des-entreprises-au-salon-regional-des-produits-alimentaires-industriels-et-de-services\/#breadcrumb\",\"itemListElement\":[{\"@type\":\"ListItem\",\"position\":1,\"name\":\"Home\",\"item\":\"https:\/\/elmawkie.dz\/fr\/\"},{\"@type\":\"ListItem\",\"position\":2,\"name\":\"Beja\u00efa : forte participation des entreprises au Salon r\u00e9gional des produits alimentaires, industriels et de services\"}]},{\"@type\":\"WebSite\",\"@id\":\"https:\/\/elmawkie.dz\/fr\/#website\",\"url\":\"https:\/\/elmawkie.dz\/fr\/\",\"name\":\"EL MAWKIE\",\"description\":\"Journal \u00c9lectronique Alg\u00e9rien\",\"publisher\":{\"@id\":\"https:\/\/elmawkie.dz\/fr\/#organization\"},\"potentialAction\":[{\"@type\":\"SearchAction\",\"target\":{\"@type\":\"EntryPoint\",\"urlTemplate\":\"https:\/\/elmawkie.dz\/fr\/?s={search_term_string}\"},\"query-input\":\"required name=search_term_string\"}],\"inLanguage\":\"fr-FR\"},{\"@type\":\"Organization\",\"@id\":\"https:\/\/elmawkie.dz\/fr\/#organization\",\"name\":\"EL MAWKIE\",\"url\":\"https:\/\/elmawkie.dz\/fr\/\",\"logo\":{\"@type\":\"ImageObject\",\"inLanguage\":\"fr-FR\",\"@id\":\"https:\/\/elmawkie.dz\/fr\/#\/schema\/logo\/image\/\",\"url\":\"https:\/\/elmawkie.dz\/fr\/wp-content\/uploads\/2024\/05\/logo1.png\",\"contentUrl\":\"https:\/\/elmawkie.dz\/fr\/wp-content\/uploads\/2024\/05\/logo1.png\",\"width\":1648,\"height\":652,\"caption\":\"EL MAWKIE\"},\"image\":{\"@id\":\"https:\/\/elmawkie.dz\/fr\/#\/schema\/logo\/image\/\"},\"sameAs\":[\"https:\/\/www.facebook.com\/profile.php?id=100088407094989&locale=fr_FR\"]},{\"@type\":\"Person\",\"@id\":\"https:\/\/elmawkie.dz\/fr\/#\/schema\/person\/e7bd59d6467874ba5c4723d8a9f0a63c\",\"name\":\"R\u00e9daction\",\"image\":{\"@type\":\"ImageObject\",\"inLanguage\":\"fr-FR\",\"@id\":\"https:\/\/elmawkie.dz\/fr\/#\/schema\/person\/image\/\",\"url\":\"https:\/\/secure.gravatar.com\/avatar\/f0f773456344da4d2788c054a3d30a0c?s=96&d=mm&r=g\",\"contentUrl\":\"https:\/\/secure.gravatar.com\/avatar\/f0f773456344da4d2788c054a3d30a0c?s=96&d=mm&r=g\",\"caption\":\"R\u00e9daction\"},\"url\":\"https:\/\/elmawkie.dz\/fr\/author\/redaction\/\"}]}<\/script>\n<!-- \/ Yoast SEO Premium plugin. -->","yoast_head_json":{"title":"Beja\u00efa : forte participation des entreprises au Salon r\u00e9gional des produits alimentaires, industriels et de services - El Mawkie","robots":{"index":"index","follow":"follow","max-snippet":"max-snippet:-1","max-image-preview":"max-image-preview:large","max-video-preview":"max-video-preview:-1"},"canonical":"https:\/\/elmawkie.dz\/fr\/bejaia-forte-participation-des-entreprises-au-salon-regional-des-produits-alimentaires-industriels-et-de-services\/","og_locale":"fr_FR","og_type":"article","og_title":"Beja\u00efa : forte participation des entreprises au Salon r\u00e9gional des produits alimentaires, industriels et de services","og_description":"La 1\u00e8re \u00e9dition du Salon r\u00e9gional des produits alimentaires, industriels et de services, ouverte dimanche dans la wilaya de Beja\u00efa, a enregistr\u00e9 la participation de 46 op\u00e9rateurs \u00e9conomiques venus de plusieurs wilayas, ont indiqu\u00e9 les organisateurs. Organis\u00e9 au si\u00e8ge de l\u2019entreprise \u00ab\u00a0COGB-Labelle\u00a0\u00bb, sous le slogan \u00ab\u00a0Promotion des produits nationaux, notre opportunit\u00e9 d\u2019exploration\u00a0\u00bb, le Salon a &hellip;","og_url":"https:\/\/elmawkie.dz\/fr\/bejaia-forte-participation-des-entreprises-au-salon-regional-des-produits-alimentaires-industriels-et-de-services\/","og_site_name":"El Mawkie","article_publisher":"https:\/\/www.facebook.com\/profile.php?id=100088407094989&locale=fr_FR","article_published_time":"2026-01-18T15:24:50+00:00","article_modified_time":"2026-01-18T15:24:51+00:00","og_image":[{"width":2048,"height":1536,"url":"https:\/\/elmawkie.dz\/fr\/wp-content\/uploads\/2026\/01\/IMG_8185.jpeg","type":"image\/jpeg"}],"author":"R\u00e9daction","twitter_card":"summary_large_image","twitter_misc":{"Written by":"R\u00e9daction","Est. reading time":"2 minutes"},"schema":{"@context":"https:\/\/schema.org","@graph":[{"@type":"Article","@id":"https:\/\/elmawkie.dz\/fr\/bejaia-forte-participation-des-entreprises-au-salon-regional-des-produits-alimentaires-industriels-et-de-services\/#article","isPartOf":{"@id":"https:\/\/elmawkie.dz\/fr\/bejaia-forte-participation-des-entreprises-au-salon-regional-des-produits-alimentaires-industriels-et-de-services\/"},"author":{"name":"R\u00e9daction","@id":"https:\/\/elmawkie.dz\/fr\/#\/schema\/person\/e7bd59d6467874ba5c4723d8a9f0a63c"},"headline":"Beja\u00efa : forte participation des entreprises au Salon r\u00e9gional des produits alimentaires, industriels et de services","datePublished":"2026-01-18T15:24:50+00:00","dateModified":"2026-01-18T15:24:51+00:00","mainEntityOfPage":{"@id":"https:\/\/elmawkie.dz\/fr\/bejaia-forte-participation-des-entreprises-au-salon-regional-des-produits-alimentaires-industriels-et-de-services\/"},"wordCount":328,"commentCount":0,"publisher":{"@id":"https:\/\/elmawkie.dz\/fr\/#organization"},"image":{"@id":"https:\/\/elmawkie.dz\/fr\/bejaia-forte-participation-des-entreprises-au-salon-regional-des-produits-alimentaires-industriels-et-de-services\/#primaryimage"},"thumbnailUrl":"https:\/\/elmawkie.dz\/fr\/wp-content\/uploads\/2026\/01\/IMG_8185.jpeg","keywords":["Beja\u00efa","industriels et de services","Produits alimentaires","Salon r\u00e9gional"],"articleSection":["R\u00e9gion"],"inLanguage":"fr-FR","potentialAction":[{"@type":"CommentAction","name":"Comment","target":["https:\/\/elmawkie.dz\/fr\/bejaia-forte-participation-des-entreprises-au-salon-regional-des-produits-alimentaires-industriels-et-de-services\/#respond"]}]},{"@type":"WebPage","@id":"https:\/\/elmawkie.dz\/fr\/bejaia-forte-participation-des-entreprises-au-salon-regional-des-produits-alimentaires-industriels-et-de-services\/","url":"https:\/\/elmawkie.dz\/fr\/bejaia-forte-participation-des-entreprises-au-salon-regional-des-produits-alimentaires-industriels-et-de-services\/","name":"Beja\u00efa : forte participation des entreprises au Salon r\u00e9gional des produits alimentaires, industriels et de services - El Mawkie","isPartOf":{"@id":"https:\/\/elmawkie.dz\/fr\/#website"},"primaryImageOfPage":{"@id":"https:\/\/elmawkie.dz\/fr\/bejaia-forte-participation-des-entreprises-au-salon-regional-des-produits-alimentaires-industriels-et-de-services\/#primaryimage"},"image":{"@id":"https:\/\/elmawkie.dz\/fr\/bejaia-forte-participation-des-entreprises-au-salon-regional-des-produits-alimentaires-industriels-et-de-services\/#primaryimage"},"thumbnailUrl":"https:\/\/elmawkie.dz\/fr\/wp-content\/uploads\/2026\/01\/IMG_8185.jpeg","datePublished":"2026-01-18T15:24:50+00:00","dateModified":"2026-01-18T15:24:51+00:00","breadcrumb":{"@id":"https:\/\/elmawkie.dz\/fr\/bejaia-forte-participation-des-entreprises-au-salon-regional-des-produits-alimentaires-industriels-et-de-services\/#breadcrumb"},"inLanguage":"fr-FR","potentialAction":[{"@type":"ReadAction","target":["https:\/\/elmawkie.dz\/fr\/bejaia-forte-participation-des-entreprises-au-salon-regional-des-produits-alimentaires-industriels-et-de-services\/"]}]},{"@type":"ImageObject","inLanguage":"fr-FR","@id":"https:\/\/elmawkie.dz\/fr\/bejaia-forte-participation-des-entreprises-au-salon-regional-des-produits-alimentaires-industriels-et-de-services\/#primaryimage","url":"https:\/\/elmawkie.dz\/fr\/wp-content\/uploads\/2026\/01\/IMG_8185.jpeg","contentUrl":"https:\/\/elmawkie.dz\/fr\/wp-content\/uploads\/2026\/01\/IMG_8185.jpeg","width":2048,"height":1536},{"@type":"BreadcrumbList","@id":"https:\/\/elmawkie.dz\/fr\/bejaia-forte-participation-des-entreprises-au-salon-regional-des-produits-alimentaires-industriels-et-de-services\/#breadcrumb","itemListElement":[{"@type":"ListItem","position":1,"name":"Home","item":"https:\/\/elmawkie.dz\/fr\/"},{"@type":"ListItem","position":2,"name":"Beja\u00efa : forte participation des entreprises au Salon r\u00e9gional des produits alimentaires, industriels et de services"}]},{"@type":"WebSite","@id":"https:\/\/elmawkie.dz\/fr\/#website","url":"https:\/\/elmawkie.dz\/fr\/","name":"EL MAWKIE","description":"Journal \u00c9lectronique Alg\u00e9rien","publisher":{"@id":"https:\/\/elmawkie.dz\/fr\/#organization"},"potentialAction":[{"@type":"SearchAction","target":{"@type":"EntryPoint","urlTemplate":"https:\/\/elmawkie.dz\/fr\/?s={search_term_string}"},"query-input":"required name=search_term_string"}],"inLanguage":"fr-FR"},{"@type":"Organization","@id":"https:\/\/elmawkie.dz\/fr\/#organization","name":"EL MAWKIE","url":"https:\/\/elmawkie.dz\/fr\/","logo":{"@type":"ImageObject","inLanguage":"fr-FR","@id":"https:\/\/elmawkie.dz\/fr\/#\/schema\/logo\/image\/","url":"https:\/\/elmawkie.dz\/fr\/wp-content\/uploads\/2024\/05\/logo1.png","contentUrl":"https:\/\/elmawkie.dz\/fr\/wp-content\/uploads\/2024\/05\/logo1.png","width":1648,"height":652,"caption":"EL MAWKIE"},"image":{"@id":"https:\/\/elmawkie.dz\/fr\/#\/schema\/logo\/image\/"},"sameAs":["https:\/\/www.facebook.com\/profile.php?id=100088407094989&locale=fr_FR"]},{"@type":"Person","@id":"https:\/\/elmawkie.dz\/fr\/#\/schema\/person\/e7bd59d6467874ba5c4723d8a9f0a63c","name":"R\u00e9daction","image":{"@type":"ImageObject","inLanguage":"fr-FR","@id":"https:\/\/elmawkie.dz\/fr\/#\/schema\/person\/image\/","url":"https:\/\/secure.gravatar.com\/avatar\/f0f773456344da4d2788c054a3d30a0c?s=96&d=mm&r=g","contentUrl":"https:\/\/secure.gravatar.com\/avatar\/f0f773456344da4d2788c054a3d30a0c?s=96&d=mm&r=g","caption":"R\u00e9daction"},"url":"https:\/\/elmawkie.dz\/fr\/author\/redaction\/"}]}},"_links":{"self":[{"href":"https:\/\/elmawkie.dz\/fr\/wp-json\/wp\/v2\/posts\/61439","targetHints":{"allow":["GET"]}}],"collection":[{"href":"https:\/\/elmawkie.dz\/fr\/wp-json\/wp\/v2\/posts"}],"about":[{"href":"https:\/\/elmawkie.dz\/fr\/wp-json\/wp\/v2\/types\/post"}],"author":[{"embeddable":true,"href":"https:\/\/elmawkie.dz\/fr\/wp-json\/wp\/v2\/users\/9"}],"replies":[{"embeddable":true,"href":"https:\/\/elmawkie.dz\/fr\/wp-json\/wp\/v2\/comments?post=61439"}],"version-history":[{"count":1,"href":"https:\/\/elmawkie.dz\/fr\/wp-json\/wp\/v2\/posts\/61439\/revisions"}],"predecessor-version":[{"id":61442,"href":"https:\/\/elmawkie.dz\/fr\/wp-json\/wp\/v2\/posts\/61439\/revisions\/61442"}],"wp:featuredmedia":[{"embeddable":true,"href":"https:\/\/elmawkie.dz\/fr\/wp-json\/wp\/v2\/media\/61441"}],"wp:attachment":[{"href":"https:\/\/elmawkie.dz\/fr\/wp-json\/wp\/v2\/media?parent=61439"}],"wp:term":[{"taxonomy":"category","embeddable":true,"href":"https:\/\/elmawkie.dz\/fr\/wp-json\/wp\/v2\/categories?post=61439"},{"taxonomy":"post_tag","embeddable":true,"href":"https:\/\/elmawkie.dz\/fr\/wp-json\/wp\/v2\/tags?post=61439"}],"curies":[{"name":"wp","href":"https:\/\/api.w.org\/{rel}","templated":true}]}}