{"id":61063,"date":"2026-01-12T00:13:18","date_gmt":"2026-01-11T23:13:18","guid":{"rendered":"https:\/\/elmawkie.dz\/fr\/?p=61063"},"modified":"2026-01-12T00:13:19","modified_gmt":"2026-01-11T23:13:19","slug":"le-guitariste-bob-weir-legende-des-grateful-dead-decede-a-78-ans","status":"publish","type":"post","link":"https:\/\/elmawkie.dz\/fr\/le-guitariste-bob-weir-legende-des-grateful-dead-decede-a-78-ans\/","title":{"rendered":"Le guitariste Bob Weir, l\u00e9gende des Grateful Dead, d\u00e9c\u00e9d\u00e9 \u00e0 78 ans"},"content":{"rendered":"\n<p>Bob Weir, guitariste et fondateur du l\u00e9gendaire groupe de rock am\u00e9ricain Grateful Dead, est d\u00e9c\u00e9d\u00e9 \u00e0 l&rsquo;\u00e2ge de 78 ans, ont rapport\u00e9 des m\u00e9dias.<\/p>\n\n\n\n<p>Les Grateful Dead sont l&rsquo;un des groupes phares de la contre-culture n\u00e9e dans les ann\u00e9es 60.<\/p>\n\n\n\n<p>Guitariste, chanteur, conteur et membre fondateur du groupe Grateful Dead, Bob Weir \u00ab\u00a0restera \u00e0 jamais une figure embl\u00e9matique dont le talent artistique unique a r\u00e9volutionn\u00e9 la musique am\u00e9ricaine\u00a0\u00bb, a dit sa famille.<\/p>\n\n\n\n<p>Peu loquace sur sc\u00e8ne, le groupe de rock psych\u00e9d\u00e9lique, qui int\u00e8gre des \u00e9l\u00e9ments de blues, de country et de jazz, \u00e9tait aussi adul\u00e9 pour ses improvisations.<\/p>\n\n\n\n<p>\u00ab\u00a0Touch of grey\u00a0\u00bb est son seul titre \u00e0 avoir figur\u00e9 parmi les dix premiers du classement am\u00e9ricain.<\/p>\n\n\n\n<p>Les musiciens du groupe encore en vie avaient effectu\u00e9 en 2015 une tourn\u00e9e d&rsquo;adieu avant d&rsquo;annoncer quelques semaines plus tard leur retour sous le nom \u00ab\u00a0Dead and Company\u00a0\u00bb.<\/p>\n","protected":false},"excerpt":{"rendered":"<p>Bob Weir, guitariste et fondateur du l\u00e9gendaire groupe de rock am\u00e9ricain Grateful Dead, est d\u00e9c\u00e9d\u00e9 \u00e0 l&rsquo;\u00e2ge de 78 ans, ont rapport\u00e9 des m\u00e9dias. Les Grateful Dead sont l&rsquo;un des groupes phares de la contre-culture n\u00e9e dans les ann\u00e9es 60. Guitariste, chanteur, conteur et membre fondateur du groupe Grateful Dead, Bob Weir \u00ab\u00a0restera \u00e0 jamais &hellip;<\/p>\n","protected":false},"author":9,"featured_media":61065,"comment_status":"open","ping_status":"open","sticky":false,"template":"","format":"standard","meta":{"footnotes":""},"categories":[51],"tags":[5981,5982,5980],"class_list":["post-61063","post","type-post","status-publish","format-standard","has-post-thumbnail","hentry","category-societe","tag-bob-weir","tag-grateful","tag-le-guitariste"],"yoast_head":"<!-- This site is optimized with the Yoast SEO Premium plugin v22.6 (Yoast SEO v22.6) - https:\/\/yoast.com\/wordpress\/plugins\/seo\/ -->\n<title>Le guitariste Bob Weir, l\u00e9gende des Grateful Dead, d\u00e9c\u00e9d\u00e9 \u00e0 78 ans - El Mawkie<\/title>\n<meta name=\"robots\" content=\"index, follow, max-snippet:-1, max-image-preview:large, max-video-preview:-1\" \/>\n<link rel=\"canonical\" href=\"https:\/\/elmawkie.dz\/fr\/le-guitariste-bob-weir-legende-des-grateful-dead-decede-a-78-ans\/\" \/>\n<meta property=\"og:locale\" content=\"fr_FR\" \/>\n<meta property=\"og:type\" content=\"article\" \/>\n<meta property=\"og:title\" content=\"Le guitariste Bob Weir, l\u00e9gende des Grateful Dead, d\u00e9c\u00e9d\u00e9 \u00e0 78 ans\" \/>\n<meta property=\"og:description\" content=\"Bob Weir, guitariste et fondateur du l\u00e9gendaire groupe de rock am\u00e9ricain Grateful Dead, est d\u00e9c\u00e9d\u00e9 \u00e0 l&rsquo;\u00e2ge de 78 ans, ont rapport\u00e9 des m\u00e9dias. Les Grateful Dead sont l&rsquo;un des groupes phares de la contre-culture n\u00e9e dans les ann\u00e9es 60. Guitariste, chanteur, conteur et membre fondateur du groupe Grateful Dead, Bob Weir \u00ab\u00a0restera \u00e0 jamais &hellip;\" \/>\n<meta property=\"og:url\" content=\"https:\/\/elmawkie.dz\/fr\/le-guitariste-bob-weir-legende-des-grateful-dead-decede-a-78-ans\/\" \/>\n<meta property=\"og:site_name\" content=\"El Mawkie\" \/>\n<meta property=\"article:publisher\" content=\"https:\/\/www.facebook.com\/profile.php?id=100088407094989&amp;locale=fr_FR\" \/>\n<meta property=\"article:published_time\" content=\"2026-01-11T23:13:18+00:00\" \/>\n<meta property=\"article:modified_time\" content=\"2026-01-11T23:13:19+00:00\" \/>\n<meta property=\"og:image\" content=\"https:\/\/elmawkie.dz\/fr\/wp-content\/uploads\/2026\/01\/IMG_7596.jpeg\" \/>\n\t<meta property=\"og:image:width\" content=\"576\" \/>\n\t<meta property=\"og:image:height\" content=\"402\" \/>\n\t<meta property=\"og:image:type\" content=\"image\/jpeg\" \/>\n<meta name=\"author\" content=\"R\u00e9daction\" \/>\n<meta name=\"twitter:card\" content=\"summary_large_image\" \/>\n<meta name=\"twitter:label1\" content=\"Written by\" \/>\n\t<meta name=\"twitter:data1\" content=\"R\u00e9daction\" \/>\n\t<meta name=\"twitter:label2\" content=\"Est. reading time\" \/>\n\t<meta name=\"twitter:data2\" content=\"1 minute\" \/>\n<script type=\"application\/ld+json\" class=\"yoast-schema-graph\">{\"@context\":\"https:\/\/schema.org\",\"@graph\":[{\"@type\":\"Article\",\"@id\":\"https:\/\/elmawkie.dz\/fr\/le-guitariste-bob-weir-legende-des-grateful-dead-decede-a-78-ans\/#article\",\"isPartOf\":{\"@id\":\"https:\/\/elmawkie.dz\/fr\/le-guitariste-bob-weir-legende-des-grateful-dead-decede-a-78-ans\/\"},\"author\":{\"name\":\"R\u00e9daction\",\"@id\":\"https:\/\/elmawkie.dz\/fr\/#\/schema\/person\/e7bd59d6467874ba5c4723d8a9f0a63c\"},\"headline\":\"Le guitariste Bob Weir, l\u00e9gende des Grateful Dead, d\u00e9c\u00e9d\u00e9 \u00e0 78 ans\",\"datePublished\":\"2026-01-11T23:13:18+00:00\",\"dateModified\":\"2026-01-11T23:13:19+00:00\",\"mainEntityOfPage\":{\"@id\":\"https:\/\/elmawkie.dz\/fr\/le-guitariste-bob-weir-legende-des-grateful-dead-decede-a-78-ans\/\"},\"wordCount\":171,\"commentCount\":0,\"publisher\":{\"@id\":\"https:\/\/elmawkie.dz\/fr\/#organization\"},\"image\":{\"@id\":\"https:\/\/elmawkie.dz\/fr\/le-guitariste-bob-weir-legende-des-grateful-dead-decede-a-78-ans\/#primaryimage\"},\"thumbnailUrl\":\"https:\/\/elmawkie.dz\/fr\/wp-content\/uploads\/2026\/01\/IMG_7596.jpeg\",\"keywords\":[\"Bob Weir\",\"Grateful\",\"Le guitariste\"],\"articleSection\":[\"Soci\u00e9t\u00e9\"],\"inLanguage\":\"fr-FR\",\"potentialAction\":[{\"@type\":\"CommentAction\",\"name\":\"Comment\",\"target\":[\"https:\/\/elmawkie.dz\/fr\/le-guitariste-bob-weir-legende-des-grateful-dead-decede-a-78-ans\/#respond\"]}]},{\"@type\":\"WebPage\",\"@id\":\"https:\/\/elmawkie.dz\/fr\/le-guitariste-bob-weir-legende-des-grateful-dead-decede-a-78-ans\/\",\"url\":\"https:\/\/elmawkie.dz\/fr\/le-guitariste-bob-weir-legende-des-grateful-dead-decede-a-78-ans\/\",\"name\":\"Le guitariste Bob Weir, l\u00e9gende des Grateful Dead, d\u00e9c\u00e9d\u00e9 \u00e0 78 ans - El Mawkie\",\"isPartOf\":{\"@id\":\"https:\/\/elmawkie.dz\/fr\/#website\"},\"primaryImageOfPage\":{\"@id\":\"https:\/\/elmawkie.dz\/fr\/le-guitariste-bob-weir-legende-des-grateful-dead-decede-a-78-ans\/#primaryimage\"},\"image\":{\"@id\":\"https:\/\/elmawkie.dz\/fr\/le-guitariste-bob-weir-legende-des-grateful-dead-decede-a-78-ans\/#primaryimage\"},\"thumbnailUrl\":\"https:\/\/elmawkie.dz\/fr\/wp-content\/uploads\/2026\/01\/IMG_7596.jpeg\",\"datePublished\":\"2026-01-11T23:13:18+00:00\",\"dateModified\":\"2026-01-11T23:13:19+00:00\",\"breadcrumb\":{\"@id\":\"https:\/\/elmawkie.dz\/fr\/le-guitariste-bob-weir-legende-des-grateful-dead-decede-a-78-ans\/#breadcrumb\"},\"inLanguage\":\"fr-FR\",\"potentialAction\":[{\"@type\":\"ReadAction\",\"target\":[\"https:\/\/elmawkie.dz\/fr\/le-guitariste-bob-weir-legende-des-grateful-dead-decede-a-78-ans\/\"]}]},{\"@type\":\"ImageObject\",\"inLanguage\":\"fr-FR\",\"@id\":\"https:\/\/elmawkie.dz\/fr\/le-guitariste-bob-weir-legende-des-grateful-dead-decede-a-78-ans\/#primaryimage\",\"url\":\"https:\/\/elmawkie.dz\/fr\/wp-content\/uploads\/2026\/01\/IMG_7596.jpeg\",\"contentUrl\":\"https:\/\/elmawkie.dz\/fr\/wp-content\/uploads\/2026\/01\/IMG_7596.jpeg\",\"width\":576,\"height\":402},{\"@type\":\"BreadcrumbList\",\"@id\":\"https:\/\/elmawkie.dz\/fr\/le-guitariste-bob-weir-legende-des-grateful-dead-decede-a-78-ans\/#breadcrumb\",\"itemListElement\":[{\"@type\":\"ListItem\",\"position\":1,\"name\":\"Home\",\"item\":\"https:\/\/elmawkie.dz\/fr\/\"},{\"@type\":\"ListItem\",\"position\":2,\"name\":\"Le guitariste Bob Weir, l\u00e9gende des Grateful Dead, d\u00e9c\u00e9d\u00e9 \u00e0 78 ans\"}]},{\"@type\":\"WebSite\",\"@id\":\"https:\/\/elmawkie.dz\/fr\/#website\",\"url\":\"https:\/\/elmawkie.dz\/fr\/\",\"name\":\"EL MAWKIE\",\"description\":\"Journal \u00c9lectronique Alg\u00e9rien\",\"publisher\":{\"@id\":\"https:\/\/elmawkie.dz\/fr\/#organization\"},\"potentialAction\":[{\"@type\":\"SearchAction\",\"target\":{\"@type\":\"EntryPoint\",\"urlTemplate\":\"https:\/\/elmawkie.dz\/fr\/?s={search_term_string}\"},\"query-input\":\"required name=search_term_string\"}],\"inLanguage\":\"fr-FR\"},{\"@type\":\"Organization\",\"@id\":\"https:\/\/elmawkie.dz\/fr\/#organization\",\"name\":\"EL MAWKIE\",\"url\":\"https:\/\/elmawkie.dz\/fr\/\",\"logo\":{\"@type\":\"ImageObject\",\"inLanguage\":\"fr-FR\",\"@id\":\"https:\/\/elmawkie.dz\/fr\/#\/schema\/logo\/image\/\",\"url\":\"https:\/\/elmawkie.dz\/fr\/wp-content\/uploads\/2024\/05\/logo1.png\",\"contentUrl\":\"https:\/\/elmawkie.dz\/fr\/wp-content\/uploads\/2024\/05\/logo1.png\",\"width\":1648,\"height\":652,\"caption\":\"EL MAWKIE\"},\"image\":{\"@id\":\"https:\/\/elmawkie.dz\/fr\/#\/schema\/logo\/image\/\"},\"sameAs\":[\"https:\/\/www.facebook.com\/profile.php?id=100088407094989&locale=fr_FR\"]},{\"@type\":\"Person\",\"@id\":\"https:\/\/elmawkie.dz\/fr\/#\/schema\/person\/e7bd59d6467874ba5c4723d8a9f0a63c\",\"name\":\"R\u00e9daction\",\"image\":{\"@type\":\"ImageObject\",\"inLanguage\":\"fr-FR\",\"@id\":\"https:\/\/elmawkie.dz\/fr\/#\/schema\/person\/image\/\",\"url\":\"https:\/\/secure.gravatar.com\/avatar\/f0f773456344da4d2788c054a3d30a0c?s=96&d=mm&r=g\",\"contentUrl\":\"https:\/\/secure.gravatar.com\/avatar\/f0f773456344da4d2788c054a3d30a0c?s=96&d=mm&r=g\",\"caption\":\"R\u00e9daction\"},\"url\":\"https:\/\/elmawkie.dz\/fr\/author\/redaction\/\"}]}<\/script>\n<!-- \/ Yoast SEO Premium plugin. -->","yoast_head_json":{"title":"Le guitariste Bob Weir, l\u00e9gende des Grateful Dead, d\u00e9c\u00e9d\u00e9 \u00e0 78 ans - El Mawkie","robots":{"index":"index","follow":"follow","max-snippet":"max-snippet:-1","max-image-preview":"max-image-preview:large","max-video-preview":"max-video-preview:-1"},"canonical":"https:\/\/elmawkie.dz\/fr\/le-guitariste-bob-weir-legende-des-grateful-dead-decede-a-78-ans\/","og_locale":"fr_FR","og_type":"article","og_title":"Le guitariste Bob Weir, l\u00e9gende des Grateful Dead, d\u00e9c\u00e9d\u00e9 \u00e0 78 ans","og_description":"Bob Weir, guitariste et fondateur du l\u00e9gendaire groupe de rock am\u00e9ricain Grateful Dead, est d\u00e9c\u00e9d\u00e9 \u00e0 l&rsquo;\u00e2ge de 78 ans, ont rapport\u00e9 des m\u00e9dias. Les Grateful Dead sont l&rsquo;un des groupes phares de la contre-culture n\u00e9e dans les ann\u00e9es 60. Guitariste, chanteur, conteur et membre fondateur du groupe Grateful Dead, Bob Weir \u00ab\u00a0restera \u00e0 jamais &hellip;","og_url":"https:\/\/elmawkie.dz\/fr\/le-guitariste-bob-weir-legende-des-grateful-dead-decede-a-78-ans\/","og_site_name":"El Mawkie","article_publisher":"https:\/\/www.facebook.com\/profile.php?id=100088407094989&locale=fr_FR","article_published_time":"2026-01-11T23:13:18+00:00","article_modified_time":"2026-01-11T23:13:19+00:00","og_image":[{"width":576,"height":402,"url":"https:\/\/elmawkie.dz\/fr\/wp-content\/uploads\/2026\/01\/IMG_7596.jpeg","type":"image\/jpeg"}],"author":"R\u00e9daction","twitter_card":"summary_large_image","twitter_misc":{"Written by":"R\u00e9daction","Est. reading time":"1 minute"},"schema":{"@context":"https:\/\/schema.org","@graph":[{"@type":"Article","@id":"https:\/\/elmawkie.dz\/fr\/le-guitariste-bob-weir-legende-des-grateful-dead-decede-a-78-ans\/#article","isPartOf":{"@id":"https:\/\/elmawkie.dz\/fr\/le-guitariste-bob-weir-legende-des-grateful-dead-decede-a-78-ans\/"},"author":{"name":"R\u00e9daction","@id":"https:\/\/elmawkie.dz\/fr\/#\/schema\/person\/e7bd59d6467874ba5c4723d8a9f0a63c"},"headline":"Le guitariste Bob Weir, l\u00e9gende des Grateful Dead, d\u00e9c\u00e9d\u00e9 \u00e0 78 ans","datePublished":"2026-01-11T23:13:18+00:00","dateModified":"2026-01-11T23:13:19+00:00","mainEntityOfPage":{"@id":"https:\/\/elmawkie.dz\/fr\/le-guitariste-bob-weir-legende-des-grateful-dead-decede-a-78-ans\/"},"wordCount":171,"commentCount":0,"publisher":{"@id":"https:\/\/elmawkie.dz\/fr\/#organization"},"image":{"@id":"https:\/\/elmawkie.dz\/fr\/le-guitariste-bob-weir-legende-des-grateful-dead-decede-a-78-ans\/#primaryimage"},"thumbnailUrl":"https:\/\/elmawkie.dz\/fr\/wp-content\/uploads\/2026\/01\/IMG_7596.jpeg","keywords":["Bob Weir","Grateful","Le guitariste"],"articleSection":["Soci\u00e9t\u00e9"],"inLanguage":"fr-FR","potentialAction":[{"@type":"CommentAction","name":"Comment","target":["https:\/\/elmawkie.dz\/fr\/le-guitariste-bob-weir-legende-des-grateful-dead-decede-a-78-ans\/#respond"]}]},{"@type":"WebPage","@id":"https:\/\/elmawkie.dz\/fr\/le-guitariste-bob-weir-legende-des-grateful-dead-decede-a-78-ans\/","url":"https:\/\/elmawkie.dz\/fr\/le-guitariste-bob-weir-legende-des-grateful-dead-decede-a-78-ans\/","name":"Le guitariste Bob Weir, l\u00e9gende des Grateful Dead, d\u00e9c\u00e9d\u00e9 \u00e0 78 ans - El Mawkie","isPartOf":{"@id":"https:\/\/elmawkie.dz\/fr\/#website"},"primaryImageOfPage":{"@id":"https:\/\/elmawkie.dz\/fr\/le-guitariste-bob-weir-legende-des-grateful-dead-decede-a-78-ans\/#primaryimage"},"image":{"@id":"https:\/\/elmawkie.dz\/fr\/le-guitariste-bob-weir-legende-des-grateful-dead-decede-a-78-ans\/#primaryimage"},"thumbnailUrl":"https:\/\/elmawkie.dz\/fr\/wp-content\/uploads\/2026\/01\/IMG_7596.jpeg","datePublished":"2026-01-11T23:13:18+00:00","dateModified":"2026-01-11T23:13:19+00:00","breadcrumb":{"@id":"https:\/\/elmawkie.dz\/fr\/le-guitariste-bob-weir-legende-des-grateful-dead-decede-a-78-ans\/#breadcrumb"},"inLanguage":"fr-FR","potentialAction":[{"@type":"ReadAction","target":["https:\/\/elmawkie.dz\/fr\/le-guitariste-bob-weir-legende-des-grateful-dead-decede-a-78-ans\/"]}]},{"@type":"ImageObject","inLanguage":"fr-FR","@id":"https:\/\/elmawkie.dz\/fr\/le-guitariste-bob-weir-legende-des-grateful-dead-decede-a-78-ans\/#primaryimage","url":"https:\/\/elmawkie.dz\/fr\/wp-content\/uploads\/2026\/01\/IMG_7596.jpeg","contentUrl":"https:\/\/elmawkie.dz\/fr\/wp-content\/uploads\/2026\/01\/IMG_7596.jpeg","width":576,"height":402},{"@type":"BreadcrumbList","@id":"https:\/\/elmawkie.dz\/fr\/le-guitariste-bob-weir-legende-des-grateful-dead-decede-a-78-ans\/#breadcrumb","itemListElement":[{"@type":"ListItem","position":1,"name":"Home","item":"https:\/\/elmawkie.dz\/fr\/"},{"@type":"ListItem","position":2,"name":"Le guitariste Bob Weir, l\u00e9gende des Grateful Dead, d\u00e9c\u00e9d\u00e9 \u00e0 78 ans"}]},{"@type":"WebSite","@id":"https:\/\/elmawkie.dz\/fr\/#website","url":"https:\/\/elmawkie.dz\/fr\/","name":"EL MAWKIE","description":"Journal \u00c9lectronique Alg\u00e9rien","publisher":{"@id":"https:\/\/elmawkie.dz\/fr\/#organization"},"potentialAction":[{"@type":"SearchAction","target":{"@type":"EntryPoint","urlTemplate":"https:\/\/elmawkie.dz\/fr\/?s={search_term_string}"},"query-input":"required name=search_term_string"}],"inLanguage":"fr-FR"},{"@type":"Organization","@id":"https:\/\/elmawkie.dz\/fr\/#organization","name":"EL MAWKIE","url":"https:\/\/elmawkie.dz\/fr\/","logo":{"@type":"ImageObject","inLanguage":"fr-FR","@id":"https:\/\/elmawkie.dz\/fr\/#\/schema\/logo\/image\/","url":"https:\/\/elmawkie.dz\/fr\/wp-content\/uploads\/2024\/05\/logo1.png","contentUrl":"https:\/\/elmawkie.dz\/fr\/wp-content\/uploads\/2024\/05\/logo1.png","width":1648,"height":652,"caption":"EL MAWKIE"},"image":{"@id":"https:\/\/elmawkie.dz\/fr\/#\/schema\/logo\/image\/"},"sameAs":["https:\/\/www.facebook.com\/profile.php?id=100088407094989&locale=fr_FR"]},{"@type":"Person","@id":"https:\/\/elmawkie.dz\/fr\/#\/schema\/person\/e7bd59d6467874ba5c4723d8a9f0a63c","name":"R\u00e9daction","image":{"@type":"ImageObject","inLanguage":"fr-FR","@id":"https:\/\/elmawkie.dz\/fr\/#\/schema\/person\/image\/","url":"https:\/\/secure.gravatar.com\/avatar\/f0f773456344da4d2788c054a3d30a0c?s=96&d=mm&r=g","contentUrl":"https:\/\/secure.gravatar.com\/avatar\/f0f773456344da4d2788c054a3d30a0c?s=96&d=mm&r=g","caption":"R\u00e9daction"},"url":"https:\/\/elmawkie.dz\/fr\/author\/redaction\/"}]}},"_links":{"self":[{"href":"https:\/\/elmawkie.dz\/fr\/wp-json\/wp\/v2\/posts\/61063","targetHints":{"allow":["GET"]}}],"collection":[{"href":"https:\/\/elmawkie.dz\/fr\/wp-json\/wp\/v2\/posts"}],"about":[{"href":"https:\/\/elmawkie.dz\/fr\/wp-json\/wp\/v2\/types\/post"}],"author":[{"embeddable":true,"href":"https:\/\/elmawkie.dz\/fr\/wp-json\/wp\/v2\/users\/9"}],"replies":[{"embeddable":true,"href":"https:\/\/elmawkie.dz\/fr\/wp-json\/wp\/v2\/comments?post=61063"}],"version-history":[{"count":1,"href":"https:\/\/elmawkie.dz\/fr\/wp-json\/wp\/v2\/posts\/61063\/revisions"}],"predecessor-version":[{"id":61066,"href":"https:\/\/elmawkie.dz\/fr\/wp-json\/wp\/v2\/posts\/61063\/revisions\/61066"}],"wp:featuredmedia":[{"embeddable":true,"href":"https:\/\/elmawkie.dz\/fr\/wp-json\/wp\/v2\/media\/61065"}],"wp:attachment":[{"href":"https:\/\/elmawkie.dz\/fr\/wp-json\/wp\/v2\/media?parent=61063"}],"wp:term":[{"taxonomy":"category","embeddable":true,"href":"https:\/\/elmawkie.dz\/fr\/wp-json\/wp\/v2\/categories?post=61063"},{"taxonomy":"post_tag","embeddable":true,"href":"https:\/\/elmawkie.dz\/fr\/wp-json\/wp\/v2\/tags?post=61063"}],"curies":[{"name":"wp","href":"https:\/\/api.w.org\/{rel}","templated":true}]}}