{"id":6099,"date":"2024-10-27T21:02:22","date_gmt":"2024-10-27T20:02:22","guid":{"rendered":"https:\/\/elmawkie.dz\/fr\/?p=6099"},"modified":"2024-10-29T07:20:34","modified_gmt":"2024-10-29T06:20:34","slug":"le-president-du-cndh-recoit-des-militants-suedois-soutenant-la-cause-sahraouie","status":"publish","type":"post","link":"https:\/\/elmawkie.dz\/fr\/le-president-du-cndh-recoit-des-militants-suedois-soutenant-la-cause-sahraouie\/","title":{"rendered":"Le pr\u00e9sident du CNDH re\u00e7oit des militants su\u00e9dois soutenant la cause sahraouie"},"content":{"rendered":"<p><strong><em>Le pr\u00e9sident du Conseil national des droits de l&rsquo;Homme (CNDH), M. Abdelmadjid Zaalani, a re\u00e7u, dimanche \u00e0 Alger, des militants su\u00e9dois solidaires avec le peuple sahraoui et soutenant sa cause juste et sa lutte pour l&rsquo;exercice de son droit \u00e0 l&rsquo;autod\u00e9termination, indique un communiqu\u00e9 du CNDH. \u00ab\u00a0M. Zaalani a re\u00e7u des militants su\u00e9dois solidaires avec le peuple sahraoui et soutenant sa cause juste et sa lutte pour l&rsquo;exercice de son droit \u00e0 l&rsquo;autod\u00e9termination, qui parcourent diff\u00e9rents pays du monde entier pour faire conna\u00eetre cette cause et plaider pour sa justesse\u00a0\u00bb, pr\u00e9cise le communiqu\u00e9. A cette occasion, M. Zaalani a pass\u00e9 en revue \u00ab\u00a0les missions du CNDH et son r\u00f4le dans la promotion et la protection des droits de l&rsquo;homme, sa pr\u00e9sence dans l&rsquo;ensemble du territoire national ainsi que ses interactions avec les m\u00e9canismes des droits de l&rsquo;homme au niveau international\u00a0\u00bb. Ainsi, le pr\u00e9sident du CNDH a soulign\u00e9 que \u00ab\u00a0l&rsquo;attention que l&rsquo;Alg\u00e9rie porte \u00e0 la cause sahraouie d\u00e9coule de ses positions fermes et constantes exprim\u00e9es \u00e0 travers les divers fora internationaux, inspir\u00e9es de sa doctrine novembriste, visant \u00e0 soutenir tous les peuples dans l&rsquo;exercice de leur droit \u00e0 l&rsquo;autod\u00e9termination et au d\u00e9veloppement durable\u00a0\u00bb. L&rsquo;occasion \u00e9tait pour M. Zaalani de \u00ab\u00a0saluer les magistrats int\u00e8gres de la Cour de justice de l&rsquo;Union europ\u00e9enne (CJUE) pour leur haute \u00e9thique et leur objectivit\u00e9, par lesquelles ils se sont distingu\u00e9s lors de leur r\u00e9cente d\u00e9cision finale, riche et aux multiples dimensions, et qui constitue un solide appui pour la d\u00e9fense du droit du peuple sahraoui \u00e0 l&rsquo;autod\u00e9termination\u00a0\u00bb. Lors de cette rencontre, il a \u00e9t\u00e9 question \u00ab\u00a0des moyens d&rsquo;\u00e9largir la sensibilisation \u00e0 la cause sahraouie \u00e0 travers une diplomatie populaire active visant toutes les composantes de l&rsquo;opinion publique dans les diff\u00e9rents pays, notamment les parlements, en tant que porte-voix de la souverainet\u00e9 populaire, \u00e0 travers une action coordonn\u00e9e, large et inclusive\u00a0\u00bb, ajoute le communiqu\u00e9. <\/em><\/strong><\/p>\n","protected":false},"excerpt":{"rendered":"<p>Le pr\u00e9sident du Conseil national des droits de l&rsquo;Homme (CNDH), M. Abdelmadjid Zaalani, a re\u00e7u, dimanche \u00e0 Alger, des militants su\u00e9dois solidaires avec le peuple sahraoui et soutenant sa cause juste et sa lutte pour l&rsquo;exercice de son droit \u00e0 l&rsquo;autod\u00e9termination, indique un communiqu\u00e9 du CNDH. \u00ab\u00a0M. Zaalani a re\u00e7u des militants su\u00e9dois solidaires avec &hellip;<\/p>\n","protected":false},"author":9,"featured_media":6100,"comment_status":"open","ping_status":"open","sticky":false,"template":"","format":"standard","meta":{"footnotes":""},"categories":[47],"tags":[],"class_list":["post-6099","post","type-post","status-publish","format-standard","has-post-thumbnail","hentry","category-national"],"yoast_head":"<!-- This site is optimized with the Yoast SEO Premium plugin v22.6 (Yoast SEO v22.6) - https:\/\/yoast.com\/wordpress\/plugins\/seo\/ -->\n<title>Le pr\u00e9sident du CNDH re\u00e7oit des militants su\u00e9dois soutenant la cause sahraouie - El Mawkie<\/title>\n<meta name=\"robots\" content=\"index, follow, max-snippet:-1, max-image-preview:large, max-video-preview:-1\" \/>\n<link rel=\"canonical\" href=\"https:\/\/elmawkie.dz\/fr\/le-president-du-cndh-recoit-des-militants-suedois-soutenant-la-cause-sahraouie\/\" \/>\n<meta property=\"og:locale\" content=\"fr_FR\" \/>\n<meta property=\"og:type\" content=\"article\" \/>\n<meta property=\"og:title\" content=\"Le pr\u00e9sident du CNDH re\u00e7oit des militants su\u00e9dois soutenant la cause sahraouie\" \/>\n<meta property=\"og:description\" content=\"Le pr\u00e9sident du Conseil national des droits de l&rsquo;Homme (CNDH), M. Abdelmadjid Zaalani, a re\u00e7u, dimanche \u00e0 Alger, des militants su\u00e9dois solidaires avec le peuple sahraoui et soutenant sa cause juste et sa lutte pour l&rsquo;exercice de son droit \u00e0 l&rsquo;autod\u00e9termination, indique un communiqu\u00e9 du CNDH. \u00ab\u00a0M. Zaalani a re\u00e7u des militants su\u00e9dois solidaires avec &hellip;\" \/>\n<meta property=\"og:url\" content=\"https:\/\/elmawkie.dz\/fr\/le-president-du-cndh-recoit-des-militants-suedois-soutenant-la-cause-sahraouie\/\" \/>\n<meta property=\"og:site_name\" content=\"El Mawkie\" \/>\n<meta property=\"article:publisher\" content=\"https:\/\/www.facebook.com\/profile.php?id=100088407094989&amp;locale=fr_FR\" \/>\n<meta property=\"article:published_time\" content=\"2024-10-27T20:02:22+00:00\" \/>\n<meta property=\"article:modified_time\" content=\"2024-10-29T06:20:34+00:00\" \/>\n<meta property=\"og:image\" content=\"https:\/\/elmawkie.dz\/fr\/wp-content\/uploads\/2024\/10\/IMG_3970.jpeg\" \/>\n\t<meta property=\"og:image:width\" content=\"393\" \/>\n\t<meta property=\"og:image:height\" content=\"358\" \/>\n\t<meta property=\"og:image:type\" content=\"image\/jpeg\" \/>\n<meta name=\"author\" content=\"R\u00e9daction\" \/>\n<meta name=\"twitter:card\" content=\"summary_large_image\" \/>\n<meta name=\"twitter:label1\" content=\"Written by\" \/>\n\t<meta name=\"twitter:data1\" content=\"R\u00e9daction\" \/>\n\t<meta name=\"twitter:label2\" content=\"Est. reading time\" \/>\n\t<meta name=\"twitter:data2\" content=\"2 minutes\" \/>\n<script type=\"application\/ld+json\" class=\"yoast-schema-graph\">{\"@context\":\"https:\/\/schema.org\",\"@graph\":[{\"@type\":\"Article\",\"@id\":\"https:\/\/elmawkie.dz\/fr\/le-president-du-cndh-recoit-des-militants-suedois-soutenant-la-cause-sahraouie\/#article\",\"isPartOf\":{\"@id\":\"https:\/\/elmawkie.dz\/fr\/le-president-du-cndh-recoit-des-militants-suedois-soutenant-la-cause-sahraouie\/\"},\"author\":{\"name\":\"R\u00e9daction\",\"@id\":\"https:\/\/elmawkie.dz\/fr\/#\/schema\/person\/e7bd59d6467874ba5c4723d8a9f0a63c\"},\"headline\":\"Le pr\u00e9sident du CNDH re\u00e7oit des militants su\u00e9dois soutenant la cause sahraouie\",\"datePublished\":\"2024-10-27T20:02:22+00:00\",\"dateModified\":\"2024-10-29T06:20:34+00:00\",\"mainEntityOfPage\":{\"@id\":\"https:\/\/elmawkie.dz\/fr\/le-president-du-cndh-recoit-des-militants-suedois-soutenant-la-cause-sahraouie\/\"},\"wordCount\":357,\"commentCount\":0,\"publisher\":{\"@id\":\"https:\/\/elmawkie.dz\/fr\/#organization\"},\"image\":{\"@id\":\"https:\/\/elmawkie.dz\/fr\/le-president-du-cndh-recoit-des-militants-suedois-soutenant-la-cause-sahraouie\/#primaryimage\"},\"thumbnailUrl\":\"https:\/\/elmawkie.dz\/fr\/wp-content\/uploads\/2024\/10\/IMG_3970.jpeg\",\"articleSection\":[\"National\"],\"inLanguage\":\"fr-FR\",\"potentialAction\":[{\"@type\":\"CommentAction\",\"name\":\"Comment\",\"target\":[\"https:\/\/elmawkie.dz\/fr\/le-president-du-cndh-recoit-des-militants-suedois-soutenant-la-cause-sahraouie\/#respond\"]}]},{\"@type\":\"WebPage\",\"@id\":\"https:\/\/elmawkie.dz\/fr\/le-president-du-cndh-recoit-des-militants-suedois-soutenant-la-cause-sahraouie\/\",\"url\":\"https:\/\/elmawkie.dz\/fr\/le-president-du-cndh-recoit-des-militants-suedois-soutenant-la-cause-sahraouie\/\",\"name\":\"Le pr\u00e9sident du CNDH re\u00e7oit des militants su\u00e9dois soutenant la cause sahraouie - El Mawkie\",\"isPartOf\":{\"@id\":\"https:\/\/elmawkie.dz\/fr\/#website\"},\"primaryImageOfPage\":{\"@id\":\"https:\/\/elmawkie.dz\/fr\/le-president-du-cndh-recoit-des-militants-suedois-soutenant-la-cause-sahraouie\/#primaryimage\"},\"image\":{\"@id\":\"https:\/\/elmawkie.dz\/fr\/le-president-du-cndh-recoit-des-militants-suedois-soutenant-la-cause-sahraouie\/#primaryimage\"},\"thumbnailUrl\":\"https:\/\/elmawkie.dz\/fr\/wp-content\/uploads\/2024\/10\/IMG_3970.jpeg\",\"datePublished\":\"2024-10-27T20:02:22+00:00\",\"dateModified\":\"2024-10-29T06:20:34+00:00\",\"breadcrumb\":{\"@id\":\"https:\/\/elmawkie.dz\/fr\/le-president-du-cndh-recoit-des-militants-suedois-soutenant-la-cause-sahraouie\/#breadcrumb\"},\"inLanguage\":\"fr-FR\",\"potentialAction\":[{\"@type\":\"ReadAction\",\"target\":[\"https:\/\/elmawkie.dz\/fr\/le-president-du-cndh-recoit-des-militants-suedois-soutenant-la-cause-sahraouie\/\"]}]},{\"@type\":\"ImageObject\",\"inLanguage\":\"fr-FR\",\"@id\":\"https:\/\/elmawkie.dz\/fr\/le-president-du-cndh-recoit-des-militants-suedois-soutenant-la-cause-sahraouie\/#primaryimage\",\"url\":\"https:\/\/elmawkie.dz\/fr\/wp-content\/uploads\/2024\/10\/IMG_3970.jpeg\",\"contentUrl\":\"https:\/\/elmawkie.dz\/fr\/wp-content\/uploads\/2024\/10\/IMG_3970.jpeg\",\"width\":393,\"height\":358},{\"@type\":\"BreadcrumbList\",\"@id\":\"https:\/\/elmawkie.dz\/fr\/le-president-du-cndh-recoit-des-militants-suedois-soutenant-la-cause-sahraouie\/#breadcrumb\",\"itemListElement\":[{\"@type\":\"ListItem\",\"position\":1,\"name\":\"Home\",\"item\":\"https:\/\/elmawkie.dz\/fr\/\"},{\"@type\":\"ListItem\",\"position\":2,\"name\":\"Le pr\u00e9sident du CNDH re\u00e7oit des militants su\u00e9dois soutenant la cause sahraouie\"}]},{\"@type\":\"WebSite\",\"@id\":\"https:\/\/elmawkie.dz\/fr\/#website\",\"url\":\"https:\/\/elmawkie.dz\/fr\/\",\"name\":\"EL MAWKIE\",\"description\":\"Journal \u00c9lectronique Alg\u00e9rien\",\"publisher\":{\"@id\":\"https:\/\/elmawkie.dz\/fr\/#organization\"},\"potentialAction\":[{\"@type\":\"SearchAction\",\"target\":{\"@type\":\"EntryPoint\",\"urlTemplate\":\"https:\/\/elmawkie.dz\/fr\/?s={search_term_string}\"},\"query-input\":\"required name=search_term_string\"}],\"inLanguage\":\"fr-FR\"},{\"@type\":\"Organization\",\"@id\":\"https:\/\/elmawkie.dz\/fr\/#organization\",\"name\":\"EL MAWKIE\",\"url\":\"https:\/\/elmawkie.dz\/fr\/\",\"logo\":{\"@type\":\"ImageObject\",\"inLanguage\":\"fr-FR\",\"@id\":\"https:\/\/elmawkie.dz\/fr\/#\/schema\/logo\/image\/\",\"url\":\"https:\/\/elmawkie.dz\/fr\/wp-content\/uploads\/2024\/05\/logo1.png\",\"contentUrl\":\"https:\/\/elmawkie.dz\/fr\/wp-content\/uploads\/2024\/05\/logo1.png\",\"width\":1648,\"height\":652,\"caption\":\"EL MAWKIE\"},\"image\":{\"@id\":\"https:\/\/elmawkie.dz\/fr\/#\/schema\/logo\/image\/\"},\"sameAs\":[\"https:\/\/www.facebook.com\/profile.php?id=100088407094989&locale=fr_FR\"]},{\"@type\":\"Person\",\"@id\":\"https:\/\/elmawkie.dz\/fr\/#\/schema\/person\/e7bd59d6467874ba5c4723d8a9f0a63c\",\"name\":\"R\u00e9daction\",\"image\":{\"@type\":\"ImageObject\",\"inLanguage\":\"fr-FR\",\"@id\":\"https:\/\/elmawkie.dz\/fr\/#\/schema\/person\/image\/\",\"url\":\"https:\/\/secure.gravatar.com\/avatar\/f0f773456344da4d2788c054a3d30a0c?s=96&d=mm&r=g\",\"contentUrl\":\"https:\/\/secure.gravatar.com\/avatar\/f0f773456344da4d2788c054a3d30a0c?s=96&d=mm&r=g\",\"caption\":\"R\u00e9daction\"},\"url\":\"https:\/\/elmawkie.dz\/fr\/author\/redaction\/\"}]}<\/script>\n<!-- \/ Yoast SEO Premium plugin. -->","yoast_head_json":{"title":"Le pr\u00e9sident du CNDH re\u00e7oit des militants su\u00e9dois soutenant la cause sahraouie - El Mawkie","robots":{"index":"index","follow":"follow","max-snippet":"max-snippet:-1","max-image-preview":"max-image-preview:large","max-video-preview":"max-video-preview:-1"},"canonical":"https:\/\/elmawkie.dz\/fr\/le-president-du-cndh-recoit-des-militants-suedois-soutenant-la-cause-sahraouie\/","og_locale":"fr_FR","og_type":"article","og_title":"Le pr\u00e9sident du CNDH re\u00e7oit des militants su\u00e9dois soutenant la cause sahraouie","og_description":"Le pr\u00e9sident du Conseil national des droits de l&rsquo;Homme (CNDH), M. Abdelmadjid Zaalani, a re\u00e7u, dimanche \u00e0 Alger, des militants su\u00e9dois solidaires avec le peuple sahraoui et soutenant sa cause juste et sa lutte pour l&rsquo;exercice de son droit \u00e0 l&rsquo;autod\u00e9termination, indique un communiqu\u00e9 du CNDH. \u00ab\u00a0M. Zaalani a re\u00e7u des militants su\u00e9dois solidaires avec &hellip;","og_url":"https:\/\/elmawkie.dz\/fr\/le-president-du-cndh-recoit-des-militants-suedois-soutenant-la-cause-sahraouie\/","og_site_name":"El Mawkie","article_publisher":"https:\/\/www.facebook.com\/profile.php?id=100088407094989&locale=fr_FR","article_published_time":"2024-10-27T20:02:22+00:00","article_modified_time":"2024-10-29T06:20:34+00:00","og_image":[{"width":393,"height":358,"url":"https:\/\/elmawkie.dz\/fr\/wp-content\/uploads\/2024\/10\/IMG_3970.jpeg","type":"image\/jpeg"}],"author":"R\u00e9daction","twitter_card":"summary_large_image","twitter_misc":{"Written by":"R\u00e9daction","Est. reading time":"2 minutes"},"schema":{"@context":"https:\/\/schema.org","@graph":[{"@type":"Article","@id":"https:\/\/elmawkie.dz\/fr\/le-president-du-cndh-recoit-des-militants-suedois-soutenant-la-cause-sahraouie\/#article","isPartOf":{"@id":"https:\/\/elmawkie.dz\/fr\/le-president-du-cndh-recoit-des-militants-suedois-soutenant-la-cause-sahraouie\/"},"author":{"name":"R\u00e9daction","@id":"https:\/\/elmawkie.dz\/fr\/#\/schema\/person\/e7bd59d6467874ba5c4723d8a9f0a63c"},"headline":"Le pr\u00e9sident du CNDH re\u00e7oit des militants su\u00e9dois soutenant la cause sahraouie","datePublished":"2024-10-27T20:02:22+00:00","dateModified":"2024-10-29T06:20:34+00:00","mainEntityOfPage":{"@id":"https:\/\/elmawkie.dz\/fr\/le-president-du-cndh-recoit-des-militants-suedois-soutenant-la-cause-sahraouie\/"},"wordCount":357,"commentCount":0,"publisher":{"@id":"https:\/\/elmawkie.dz\/fr\/#organization"},"image":{"@id":"https:\/\/elmawkie.dz\/fr\/le-president-du-cndh-recoit-des-militants-suedois-soutenant-la-cause-sahraouie\/#primaryimage"},"thumbnailUrl":"https:\/\/elmawkie.dz\/fr\/wp-content\/uploads\/2024\/10\/IMG_3970.jpeg","articleSection":["National"],"inLanguage":"fr-FR","potentialAction":[{"@type":"CommentAction","name":"Comment","target":["https:\/\/elmawkie.dz\/fr\/le-president-du-cndh-recoit-des-militants-suedois-soutenant-la-cause-sahraouie\/#respond"]}]},{"@type":"WebPage","@id":"https:\/\/elmawkie.dz\/fr\/le-president-du-cndh-recoit-des-militants-suedois-soutenant-la-cause-sahraouie\/","url":"https:\/\/elmawkie.dz\/fr\/le-president-du-cndh-recoit-des-militants-suedois-soutenant-la-cause-sahraouie\/","name":"Le pr\u00e9sident du CNDH re\u00e7oit des militants su\u00e9dois soutenant la cause sahraouie - El Mawkie","isPartOf":{"@id":"https:\/\/elmawkie.dz\/fr\/#website"},"primaryImageOfPage":{"@id":"https:\/\/elmawkie.dz\/fr\/le-president-du-cndh-recoit-des-militants-suedois-soutenant-la-cause-sahraouie\/#primaryimage"},"image":{"@id":"https:\/\/elmawkie.dz\/fr\/le-president-du-cndh-recoit-des-militants-suedois-soutenant-la-cause-sahraouie\/#primaryimage"},"thumbnailUrl":"https:\/\/elmawkie.dz\/fr\/wp-content\/uploads\/2024\/10\/IMG_3970.jpeg","datePublished":"2024-10-27T20:02:22+00:00","dateModified":"2024-10-29T06:20:34+00:00","breadcrumb":{"@id":"https:\/\/elmawkie.dz\/fr\/le-president-du-cndh-recoit-des-militants-suedois-soutenant-la-cause-sahraouie\/#breadcrumb"},"inLanguage":"fr-FR","potentialAction":[{"@type":"ReadAction","target":["https:\/\/elmawkie.dz\/fr\/le-president-du-cndh-recoit-des-militants-suedois-soutenant-la-cause-sahraouie\/"]}]},{"@type":"ImageObject","inLanguage":"fr-FR","@id":"https:\/\/elmawkie.dz\/fr\/le-president-du-cndh-recoit-des-militants-suedois-soutenant-la-cause-sahraouie\/#primaryimage","url":"https:\/\/elmawkie.dz\/fr\/wp-content\/uploads\/2024\/10\/IMG_3970.jpeg","contentUrl":"https:\/\/elmawkie.dz\/fr\/wp-content\/uploads\/2024\/10\/IMG_3970.jpeg","width":393,"height":358},{"@type":"BreadcrumbList","@id":"https:\/\/elmawkie.dz\/fr\/le-president-du-cndh-recoit-des-militants-suedois-soutenant-la-cause-sahraouie\/#breadcrumb","itemListElement":[{"@type":"ListItem","position":1,"name":"Home","item":"https:\/\/elmawkie.dz\/fr\/"},{"@type":"ListItem","position":2,"name":"Le pr\u00e9sident du CNDH re\u00e7oit des militants su\u00e9dois soutenant la cause sahraouie"}]},{"@type":"WebSite","@id":"https:\/\/elmawkie.dz\/fr\/#website","url":"https:\/\/elmawkie.dz\/fr\/","name":"EL MAWKIE","description":"Journal \u00c9lectronique Alg\u00e9rien","publisher":{"@id":"https:\/\/elmawkie.dz\/fr\/#organization"},"potentialAction":[{"@type":"SearchAction","target":{"@type":"EntryPoint","urlTemplate":"https:\/\/elmawkie.dz\/fr\/?s={search_term_string}"},"query-input":"required name=search_term_string"}],"inLanguage":"fr-FR"},{"@type":"Organization","@id":"https:\/\/elmawkie.dz\/fr\/#organization","name":"EL MAWKIE","url":"https:\/\/elmawkie.dz\/fr\/","logo":{"@type":"ImageObject","inLanguage":"fr-FR","@id":"https:\/\/elmawkie.dz\/fr\/#\/schema\/logo\/image\/","url":"https:\/\/elmawkie.dz\/fr\/wp-content\/uploads\/2024\/05\/logo1.png","contentUrl":"https:\/\/elmawkie.dz\/fr\/wp-content\/uploads\/2024\/05\/logo1.png","width":1648,"height":652,"caption":"EL MAWKIE"},"image":{"@id":"https:\/\/elmawkie.dz\/fr\/#\/schema\/logo\/image\/"},"sameAs":["https:\/\/www.facebook.com\/profile.php?id=100088407094989&locale=fr_FR"]},{"@type":"Person","@id":"https:\/\/elmawkie.dz\/fr\/#\/schema\/person\/e7bd59d6467874ba5c4723d8a9f0a63c","name":"R\u00e9daction","image":{"@type":"ImageObject","inLanguage":"fr-FR","@id":"https:\/\/elmawkie.dz\/fr\/#\/schema\/person\/image\/","url":"https:\/\/secure.gravatar.com\/avatar\/f0f773456344da4d2788c054a3d30a0c?s=96&d=mm&r=g","contentUrl":"https:\/\/secure.gravatar.com\/avatar\/f0f773456344da4d2788c054a3d30a0c?s=96&d=mm&r=g","caption":"R\u00e9daction"},"url":"https:\/\/elmawkie.dz\/fr\/author\/redaction\/"}]}},"_links":{"self":[{"href":"https:\/\/elmawkie.dz\/fr\/wp-json\/wp\/v2\/posts\/6099","targetHints":{"allow":["GET"]}}],"collection":[{"href":"https:\/\/elmawkie.dz\/fr\/wp-json\/wp\/v2\/posts"}],"about":[{"href":"https:\/\/elmawkie.dz\/fr\/wp-json\/wp\/v2\/types\/post"}],"author":[{"embeddable":true,"href":"https:\/\/elmawkie.dz\/fr\/wp-json\/wp\/v2\/users\/9"}],"replies":[{"embeddable":true,"href":"https:\/\/elmawkie.dz\/fr\/wp-json\/wp\/v2\/comments?post=6099"}],"version-history":[{"count":0,"href":"https:\/\/elmawkie.dz\/fr\/wp-json\/wp\/v2\/posts\/6099\/revisions"}],"wp:featuredmedia":[{"embeddable":true,"href":"https:\/\/elmawkie.dz\/fr\/wp-json\/wp\/v2\/media\/6100"}],"wp:attachment":[{"href":"https:\/\/elmawkie.dz\/fr\/wp-json\/wp\/v2\/media?parent=6099"}],"wp:term":[{"taxonomy":"category","embeddable":true,"href":"https:\/\/elmawkie.dz\/fr\/wp-json\/wp\/v2\/categories?post=6099"},{"taxonomy":"post_tag","embeddable":true,"href":"https:\/\/elmawkie.dz\/fr\/wp-json\/wp\/v2\/tags?post=6099"}],"curies":[{"name":"wp","href":"https:\/\/api.w.org\/{rel}","templated":true}]}}