{"id":60938,"date":"2026-01-07T23:13:09","date_gmt":"2026-01-07T22:13:09","guid":{"rendered":"https:\/\/elmawkie.dz\/fr\/?p=60938"},"modified":"2026-01-07T23:13:10","modified_gmt":"2026-01-07T22:13:10","slug":"loci-condamne-la-visite-dun-responsable-sioniste-a-la-ville-somalienne-de-hargeisa","status":"publish","type":"post","link":"https:\/\/elmawkie.dz\/fr\/loci-condamne-la-visite-dun-responsable-sioniste-a-la-ville-somalienne-de-hargeisa\/","title":{"rendered":"L&rsquo;OCI condamne la visite d&rsquo;un responsable sioniste \u00e0 la ville somalienne de Hargeisa"},"content":{"rendered":"\n<p>Le secr\u00e9taire g\u00e9n\u00e9ral de l&rsquo;Organisation de la coop\u00e9ration islamique (OCI), Hussein Ibrahim Taha, a condamn\u00e9 la visite effectu\u00e9e r\u00e9cemment par un responsable sioniste \u00e0 la ville somalienne de Hargeisa, en Somalie, consid\u00e9rant que cette d\u00e9marche constitue une violation flagrante de la souverainet\u00e9 de la R\u00e9publique f\u00e9d\u00e9rale de Somalie, de son unit\u00e9 et de son int\u00e9grit\u00e9 territoriale.<\/p>\n\n\n\n<p>Le secr\u00e9taire g\u00e9n\u00e9ral de l&rsquo;OCI a soulign\u00e9 dans un communiqu\u00e9, que \u00ab\u00a0toute pr\u00e9sence ou tout contact officiel sur le territoire de la R\u00e9publique f\u00e9d\u00e9rale de Somalie sans l&rsquo;accord ou l&rsquo;autorisation de son gouvernement est ill\u00e9gal, nul et non avenu, et va \u00e0 l&rsquo;encontre des principes et objectifs de la Charte des Nations unies ainsi que des fondements \u00e9tablis r\u00e9gissant les relations entre les Etats, au premier rang desquels figurent le respect de la souverainet\u00e9, la non-ing\u00e9rence dans les affaires int\u00e9rieures et la pr\u00e9servation de l&rsquo;unit\u00e9 et de l&rsquo;int\u00e9grit\u00e9 territoriale\u00a0\u00bb.<\/p>\n\n\n\n<p>Il a r\u00e9affirm\u00e9, \u00e0 cette occasion, \u00ab\u00a0la position constante et de soutien de l&rsquo;OCI en faveur de la R\u00e9publique f\u00e9d\u00e9rale de Somalie dans la pr\u00e9servation de sa souverainet\u00e9, de son unit\u00e9 et de son int\u00e9grit\u00e9 territoriale\u00a0\u00bb, appelant la communaut\u00e9 internationale \u00e0 \u00ab\u00a0agir pour mettre imm\u00e9diatement un terme \u00e0 toutes les pratiques visant \u00e0 saper la souverainet\u00e9 et l&rsquo;unit\u00e9 de la R\u00e9publique f\u00e9d\u00e9rale de Somalie et \u00e0 menacer la s\u00e9curit\u00e9 et la stabilit\u00e9 dans la r\u00e9gion de la Corne de l&rsquo;Afrique\u00a0\u00bb.<\/p>\n\n\n\n<p>Pour rappel, le minist\u00e8re somalien des Affaires \u00e9trang\u00e8res et de la Coop\u00e9ration internationale avait condamn\u00e9 la visite de ce qui est pr\u00e9sent\u00e9 comme le \u00ab\u00a0ministre des Affaires \u00e9trang\u00e8res\u00a0\u00bb de l&rsquo;entit\u00e9 sioniste \u00e0 la ville de Hargeisa, qualifiant cet acte de \u00ab\u00a0violation flagrante\u00a0\u00bb de la souverainet\u00e9, de l&rsquo;unit\u00e9 politique et de l&rsquo;int\u00e9grit\u00e9 territoriale de la Somalie, ainsi que d&rsquo;ing\u00e9rence inacceptable dans les affaires int\u00e9rieures d&rsquo;un Etat membre des Nations unies.<\/p>\n","protected":false},"excerpt":{"rendered":"<p>Le secr\u00e9taire g\u00e9n\u00e9ral de l&rsquo;Organisation de la coop\u00e9ration islamique (OCI), Hussein Ibrahim Taha, a condamn\u00e9 la visite effectu\u00e9e r\u00e9cemment par un responsable sioniste \u00e0 la ville somalienne de Hargeisa, en Somalie, consid\u00e9rant que cette d\u00e9marche constitue une violation flagrante de la souverainet\u00e9 de la R\u00e9publique f\u00e9d\u00e9rale de Somalie, de son unit\u00e9 et de son int\u00e9grit\u00e9 &hellip;<\/p>\n","protected":false},"author":9,"featured_media":60941,"comment_status":"open","ping_status":"open","sticky":false,"template":"","format":"standard","meta":{"footnotes":""},"categories":[44],"tags":[3713],"class_list":["post-60938","post","type-post","status-publish","format-standard","has-post-thumbnail","hentry","category-international","tag-loci"],"yoast_head":"<!-- This site is optimized with the Yoast SEO Premium plugin v22.6 (Yoast SEO v22.6) - https:\/\/yoast.com\/wordpress\/plugins\/seo\/ -->\n<title>L&#039;OCI condamne la visite d&#039;un responsable sioniste \u00e0 la ville somalienne de Hargeisa - El Mawkie<\/title>\n<meta name=\"robots\" content=\"index, follow, max-snippet:-1, max-image-preview:large, max-video-preview:-1\" \/>\n<link rel=\"canonical\" href=\"https:\/\/elmawkie.dz\/fr\/loci-condamne-la-visite-dun-responsable-sioniste-a-la-ville-somalienne-de-hargeisa\/\" \/>\n<meta property=\"og:locale\" content=\"fr_FR\" \/>\n<meta property=\"og:type\" content=\"article\" \/>\n<meta property=\"og:title\" content=\"L&#039;OCI condamne la visite d&#039;un responsable sioniste \u00e0 la ville somalienne de Hargeisa\" \/>\n<meta property=\"og:description\" content=\"Le secr\u00e9taire g\u00e9n\u00e9ral de l&rsquo;Organisation de la coop\u00e9ration islamique (OCI), Hussein Ibrahim Taha, a condamn\u00e9 la visite effectu\u00e9e r\u00e9cemment par un responsable sioniste \u00e0 la ville somalienne de Hargeisa, en Somalie, consid\u00e9rant que cette d\u00e9marche constitue une violation flagrante de la souverainet\u00e9 de la R\u00e9publique f\u00e9d\u00e9rale de Somalie, de son unit\u00e9 et de son int\u00e9grit\u00e9 &hellip;\" \/>\n<meta property=\"og:url\" content=\"https:\/\/elmawkie.dz\/fr\/loci-condamne-la-visite-dun-responsable-sioniste-a-la-ville-somalienne-de-hargeisa\/\" \/>\n<meta property=\"og:site_name\" content=\"El Mawkie\" \/>\n<meta property=\"article:publisher\" content=\"https:\/\/www.facebook.com\/profile.php?id=100088407094989&amp;locale=fr_FR\" \/>\n<meta property=\"article:published_time\" content=\"2026-01-07T22:13:09+00:00\" \/>\n<meta property=\"article:modified_time\" content=\"2026-01-07T22:13:10+00:00\" \/>\n<meta property=\"og:image\" content=\"https:\/\/elmawkie.dz\/fr\/wp-content\/uploads\/2026\/01\/IMG_7166.jpeg\" \/>\n\t<meta property=\"og:image:width\" content=\"856\" \/>\n\t<meta property=\"og:image:height\" content=\"474\" \/>\n\t<meta property=\"og:image:type\" content=\"image\/jpeg\" \/>\n<meta name=\"author\" content=\"R\u00e9daction\" \/>\n<meta name=\"twitter:card\" content=\"summary_large_image\" \/>\n<meta name=\"twitter:label1\" content=\"Written by\" \/>\n\t<meta name=\"twitter:data1\" content=\"R\u00e9daction\" \/>\n\t<meta name=\"twitter:label2\" content=\"Est. reading time\" \/>\n\t<meta name=\"twitter:data2\" content=\"2 minutes\" \/>\n<script type=\"application\/ld+json\" class=\"yoast-schema-graph\">{\"@context\":\"https:\/\/schema.org\",\"@graph\":[{\"@type\":\"Article\",\"@id\":\"https:\/\/elmawkie.dz\/fr\/loci-condamne-la-visite-dun-responsable-sioniste-a-la-ville-somalienne-de-hargeisa\/#article\",\"isPartOf\":{\"@id\":\"https:\/\/elmawkie.dz\/fr\/loci-condamne-la-visite-dun-responsable-sioniste-a-la-ville-somalienne-de-hargeisa\/\"},\"author\":{\"name\":\"R\u00e9daction\",\"@id\":\"https:\/\/elmawkie.dz\/fr\/#\/schema\/person\/e7bd59d6467874ba5c4723d8a9f0a63c\"},\"headline\":\"L&rsquo;OCI condamne la visite d&rsquo;un responsable sioniste \u00e0 la ville somalienne de Hargeisa\",\"datePublished\":\"2026-01-07T22:13:09+00:00\",\"dateModified\":\"2026-01-07T22:13:10+00:00\",\"mainEntityOfPage\":{\"@id\":\"https:\/\/elmawkie.dz\/fr\/loci-condamne-la-visite-dun-responsable-sioniste-a-la-ville-somalienne-de-hargeisa\/\"},\"wordCount\":360,\"commentCount\":0,\"publisher\":{\"@id\":\"https:\/\/elmawkie.dz\/fr\/#organization\"},\"image\":{\"@id\":\"https:\/\/elmawkie.dz\/fr\/loci-condamne-la-visite-dun-responsable-sioniste-a-la-ville-somalienne-de-hargeisa\/#primaryimage\"},\"thumbnailUrl\":\"https:\/\/elmawkie.dz\/fr\/wp-content\/uploads\/2026\/01\/IMG_7166.jpeg\",\"keywords\":[\"l\u2019OCI\"],\"articleSection\":[\"International\"],\"inLanguage\":\"fr-FR\",\"potentialAction\":[{\"@type\":\"CommentAction\",\"name\":\"Comment\",\"target\":[\"https:\/\/elmawkie.dz\/fr\/loci-condamne-la-visite-dun-responsable-sioniste-a-la-ville-somalienne-de-hargeisa\/#respond\"]}]},{\"@type\":\"WebPage\",\"@id\":\"https:\/\/elmawkie.dz\/fr\/loci-condamne-la-visite-dun-responsable-sioniste-a-la-ville-somalienne-de-hargeisa\/\",\"url\":\"https:\/\/elmawkie.dz\/fr\/loci-condamne-la-visite-dun-responsable-sioniste-a-la-ville-somalienne-de-hargeisa\/\",\"name\":\"L'OCI condamne la visite d'un responsable sioniste \u00e0 la ville somalienne de Hargeisa - El Mawkie\",\"isPartOf\":{\"@id\":\"https:\/\/elmawkie.dz\/fr\/#website\"},\"primaryImageOfPage\":{\"@id\":\"https:\/\/elmawkie.dz\/fr\/loci-condamne-la-visite-dun-responsable-sioniste-a-la-ville-somalienne-de-hargeisa\/#primaryimage\"},\"image\":{\"@id\":\"https:\/\/elmawkie.dz\/fr\/loci-condamne-la-visite-dun-responsable-sioniste-a-la-ville-somalienne-de-hargeisa\/#primaryimage\"},\"thumbnailUrl\":\"https:\/\/elmawkie.dz\/fr\/wp-content\/uploads\/2026\/01\/IMG_7166.jpeg\",\"datePublished\":\"2026-01-07T22:13:09+00:00\",\"dateModified\":\"2026-01-07T22:13:10+00:00\",\"breadcrumb\":{\"@id\":\"https:\/\/elmawkie.dz\/fr\/loci-condamne-la-visite-dun-responsable-sioniste-a-la-ville-somalienne-de-hargeisa\/#breadcrumb\"},\"inLanguage\":\"fr-FR\",\"potentialAction\":[{\"@type\":\"ReadAction\",\"target\":[\"https:\/\/elmawkie.dz\/fr\/loci-condamne-la-visite-dun-responsable-sioniste-a-la-ville-somalienne-de-hargeisa\/\"]}]},{\"@type\":\"ImageObject\",\"inLanguage\":\"fr-FR\",\"@id\":\"https:\/\/elmawkie.dz\/fr\/loci-condamne-la-visite-dun-responsable-sioniste-a-la-ville-somalienne-de-hargeisa\/#primaryimage\",\"url\":\"https:\/\/elmawkie.dz\/fr\/wp-content\/uploads\/2026\/01\/IMG_7166.jpeg\",\"contentUrl\":\"https:\/\/elmawkie.dz\/fr\/wp-content\/uploads\/2026\/01\/IMG_7166.jpeg\",\"width\":856,\"height\":474},{\"@type\":\"BreadcrumbList\",\"@id\":\"https:\/\/elmawkie.dz\/fr\/loci-condamne-la-visite-dun-responsable-sioniste-a-la-ville-somalienne-de-hargeisa\/#breadcrumb\",\"itemListElement\":[{\"@type\":\"ListItem\",\"position\":1,\"name\":\"Home\",\"item\":\"https:\/\/elmawkie.dz\/fr\/\"},{\"@type\":\"ListItem\",\"position\":2,\"name\":\"L&rsquo;OCI condamne la visite d&rsquo;un responsable sioniste \u00e0 la ville somalienne de Hargeisa\"}]},{\"@type\":\"WebSite\",\"@id\":\"https:\/\/elmawkie.dz\/fr\/#website\",\"url\":\"https:\/\/elmawkie.dz\/fr\/\",\"name\":\"EL MAWKIE\",\"description\":\"Journal \u00c9lectronique Alg\u00e9rien\",\"publisher\":{\"@id\":\"https:\/\/elmawkie.dz\/fr\/#organization\"},\"potentialAction\":[{\"@type\":\"SearchAction\",\"target\":{\"@type\":\"EntryPoint\",\"urlTemplate\":\"https:\/\/elmawkie.dz\/fr\/?s={search_term_string}\"},\"query-input\":\"required name=search_term_string\"}],\"inLanguage\":\"fr-FR\"},{\"@type\":\"Organization\",\"@id\":\"https:\/\/elmawkie.dz\/fr\/#organization\",\"name\":\"EL MAWKIE\",\"url\":\"https:\/\/elmawkie.dz\/fr\/\",\"logo\":{\"@type\":\"ImageObject\",\"inLanguage\":\"fr-FR\",\"@id\":\"https:\/\/elmawkie.dz\/fr\/#\/schema\/logo\/image\/\",\"url\":\"https:\/\/elmawkie.dz\/fr\/wp-content\/uploads\/2024\/05\/logo1.png\",\"contentUrl\":\"https:\/\/elmawkie.dz\/fr\/wp-content\/uploads\/2024\/05\/logo1.png\",\"width\":1648,\"height\":652,\"caption\":\"EL MAWKIE\"},\"image\":{\"@id\":\"https:\/\/elmawkie.dz\/fr\/#\/schema\/logo\/image\/\"},\"sameAs\":[\"https:\/\/www.facebook.com\/profile.php?id=100088407094989&locale=fr_FR\"]},{\"@type\":\"Person\",\"@id\":\"https:\/\/elmawkie.dz\/fr\/#\/schema\/person\/e7bd59d6467874ba5c4723d8a9f0a63c\",\"name\":\"R\u00e9daction\",\"image\":{\"@type\":\"ImageObject\",\"inLanguage\":\"fr-FR\",\"@id\":\"https:\/\/elmawkie.dz\/fr\/#\/schema\/person\/image\/\",\"url\":\"https:\/\/secure.gravatar.com\/avatar\/f0f773456344da4d2788c054a3d30a0c?s=96&d=mm&r=g\",\"contentUrl\":\"https:\/\/secure.gravatar.com\/avatar\/f0f773456344da4d2788c054a3d30a0c?s=96&d=mm&r=g\",\"caption\":\"R\u00e9daction\"},\"url\":\"https:\/\/elmawkie.dz\/fr\/author\/redaction\/\"}]}<\/script>\n<!-- \/ Yoast SEO Premium plugin. -->","yoast_head_json":{"title":"L'OCI condamne la visite d'un responsable sioniste \u00e0 la ville somalienne de Hargeisa - El Mawkie","robots":{"index":"index","follow":"follow","max-snippet":"max-snippet:-1","max-image-preview":"max-image-preview:large","max-video-preview":"max-video-preview:-1"},"canonical":"https:\/\/elmawkie.dz\/fr\/loci-condamne-la-visite-dun-responsable-sioniste-a-la-ville-somalienne-de-hargeisa\/","og_locale":"fr_FR","og_type":"article","og_title":"L'OCI condamne la visite d'un responsable sioniste \u00e0 la ville somalienne de Hargeisa","og_description":"Le secr\u00e9taire g\u00e9n\u00e9ral de l&rsquo;Organisation de la coop\u00e9ration islamique (OCI), Hussein Ibrahim Taha, a condamn\u00e9 la visite effectu\u00e9e r\u00e9cemment par un responsable sioniste \u00e0 la ville somalienne de Hargeisa, en Somalie, consid\u00e9rant que cette d\u00e9marche constitue une violation flagrante de la souverainet\u00e9 de la R\u00e9publique f\u00e9d\u00e9rale de Somalie, de son unit\u00e9 et de son int\u00e9grit\u00e9 &hellip;","og_url":"https:\/\/elmawkie.dz\/fr\/loci-condamne-la-visite-dun-responsable-sioniste-a-la-ville-somalienne-de-hargeisa\/","og_site_name":"El Mawkie","article_publisher":"https:\/\/www.facebook.com\/profile.php?id=100088407094989&locale=fr_FR","article_published_time":"2026-01-07T22:13:09+00:00","article_modified_time":"2026-01-07T22:13:10+00:00","og_image":[{"width":856,"height":474,"url":"https:\/\/elmawkie.dz\/fr\/wp-content\/uploads\/2026\/01\/IMG_7166.jpeg","type":"image\/jpeg"}],"author":"R\u00e9daction","twitter_card":"summary_large_image","twitter_misc":{"Written by":"R\u00e9daction","Est. reading time":"2 minutes"},"schema":{"@context":"https:\/\/schema.org","@graph":[{"@type":"Article","@id":"https:\/\/elmawkie.dz\/fr\/loci-condamne-la-visite-dun-responsable-sioniste-a-la-ville-somalienne-de-hargeisa\/#article","isPartOf":{"@id":"https:\/\/elmawkie.dz\/fr\/loci-condamne-la-visite-dun-responsable-sioniste-a-la-ville-somalienne-de-hargeisa\/"},"author":{"name":"R\u00e9daction","@id":"https:\/\/elmawkie.dz\/fr\/#\/schema\/person\/e7bd59d6467874ba5c4723d8a9f0a63c"},"headline":"L&rsquo;OCI condamne la visite d&rsquo;un responsable sioniste \u00e0 la ville somalienne de Hargeisa","datePublished":"2026-01-07T22:13:09+00:00","dateModified":"2026-01-07T22:13:10+00:00","mainEntityOfPage":{"@id":"https:\/\/elmawkie.dz\/fr\/loci-condamne-la-visite-dun-responsable-sioniste-a-la-ville-somalienne-de-hargeisa\/"},"wordCount":360,"commentCount":0,"publisher":{"@id":"https:\/\/elmawkie.dz\/fr\/#organization"},"image":{"@id":"https:\/\/elmawkie.dz\/fr\/loci-condamne-la-visite-dun-responsable-sioniste-a-la-ville-somalienne-de-hargeisa\/#primaryimage"},"thumbnailUrl":"https:\/\/elmawkie.dz\/fr\/wp-content\/uploads\/2026\/01\/IMG_7166.jpeg","keywords":["l\u2019OCI"],"articleSection":["International"],"inLanguage":"fr-FR","potentialAction":[{"@type":"CommentAction","name":"Comment","target":["https:\/\/elmawkie.dz\/fr\/loci-condamne-la-visite-dun-responsable-sioniste-a-la-ville-somalienne-de-hargeisa\/#respond"]}]},{"@type":"WebPage","@id":"https:\/\/elmawkie.dz\/fr\/loci-condamne-la-visite-dun-responsable-sioniste-a-la-ville-somalienne-de-hargeisa\/","url":"https:\/\/elmawkie.dz\/fr\/loci-condamne-la-visite-dun-responsable-sioniste-a-la-ville-somalienne-de-hargeisa\/","name":"L'OCI condamne la visite d'un responsable sioniste \u00e0 la ville somalienne de Hargeisa - El Mawkie","isPartOf":{"@id":"https:\/\/elmawkie.dz\/fr\/#website"},"primaryImageOfPage":{"@id":"https:\/\/elmawkie.dz\/fr\/loci-condamne-la-visite-dun-responsable-sioniste-a-la-ville-somalienne-de-hargeisa\/#primaryimage"},"image":{"@id":"https:\/\/elmawkie.dz\/fr\/loci-condamne-la-visite-dun-responsable-sioniste-a-la-ville-somalienne-de-hargeisa\/#primaryimage"},"thumbnailUrl":"https:\/\/elmawkie.dz\/fr\/wp-content\/uploads\/2026\/01\/IMG_7166.jpeg","datePublished":"2026-01-07T22:13:09+00:00","dateModified":"2026-01-07T22:13:10+00:00","breadcrumb":{"@id":"https:\/\/elmawkie.dz\/fr\/loci-condamne-la-visite-dun-responsable-sioniste-a-la-ville-somalienne-de-hargeisa\/#breadcrumb"},"inLanguage":"fr-FR","potentialAction":[{"@type":"ReadAction","target":["https:\/\/elmawkie.dz\/fr\/loci-condamne-la-visite-dun-responsable-sioniste-a-la-ville-somalienne-de-hargeisa\/"]}]},{"@type":"ImageObject","inLanguage":"fr-FR","@id":"https:\/\/elmawkie.dz\/fr\/loci-condamne-la-visite-dun-responsable-sioniste-a-la-ville-somalienne-de-hargeisa\/#primaryimage","url":"https:\/\/elmawkie.dz\/fr\/wp-content\/uploads\/2026\/01\/IMG_7166.jpeg","contentUrl":"https:\/\/elmawkie.dz\/fr\/wp-content\/uploads\/2026\/01\/IMG_7166.jpeg","width":856,"height":474},{"@type":"BreadcrumbList","@id":"https:\/\/elmawkie.dz\/fr\/loci-condamne-la-visite-dun-responsable-sioniste-a-la-ville-somalienne-de-hargeisa\/#breadcrumb","itemListElement":[{"@type":"ListItem","position":1,"name":"Home","item":"https:\/\/elmawkie.dz\/fr\/"},{"@type":"ListItem","position":2,"name":"L&rsquo;OCI condamne la visite d&rsquo;un responsable sioniste \u00e0 la ville somalienne de Hargeisa"}]},{"@type":"WebSite","@id":"https:\/\/elmawkie.dz\/fr\/#website","url":"https:\/\/elmawkie.dz\/fr\/","name":"EL MAWKIE","description":"Journal \u00c9lectronique Alg\u00e9rien","publisher":{"@id":"https:\/\/elmawkie.dz\/fr\/#organization"},"potentialAction":[{"@type":"SearchAction","target":{"@type":"EntryPoint","urlTemplate":"https:\/\/elmawkie.dz\/fr\/?s={search_term_string}"},"query-input":"required name=search_term_string"}],"inLanguage":"fr-FR"},{"@type":"Organization","@id":"https:\/\/elmawkie.dz\/fr\/#organization","name":"EL MAWKIE","url":"https:\/\/elmawkie.dz\/fr\/","logo":{"@type":"ImageObject","inLanguage":"fr-FR","@id":"https:\/\/elmawkie.dz\/fr\/#\/schema\/logo\/image\/","url":"https:\/\/elmawkie.dz\/fr\/wp-content\/uploads\/2024\/05\/logo1.png","contentUrl":"https:\/\/elmawkie.dz\/fr\/wp-content\/uploads\/2024\/05\/logo1.png","width":1648,"height":652,"caption":"EL MAWKIE"},"image":{"@id":"https:\/\/elmawkie.dz\/fr\/#\/schema\/logo\/image\/"},"sameAs":["https:\/\/www.facebook.com\/profile.php?id=100088407094989&locale=fr_FR"]},{"@type":"Person","@id":"https:\/\/elmawkie.dz\/fr\/#\/schema\/person\/e7bd59d6467874ba5c4723d8a9f0a63c","name":"R\u00e9daction","image":{"@type":"ImageObject","inLanguage":"fr-FR","@id":"https:\/\/elmawkie.dz\/fr\/#\/schema\/person\/image\/","url":"https:\/\/secure.gravatar.com\/avatar\/f0f773456344da4d2788c054a3d30a0c?s=96&d=mm&r=g","contentUrl":"https:\/\/secure.gravatar.com\/avatar\/f0f773456344da4d2788c054a3d30a0c?s=96&d=mm&r=g","caption":"R\u00e9daction"},"url":"https:\/\/elmawkie.dz\/fr\/author\/redaction\/"}]}},"_links":{"self":[{"href":"https:\/\/elmawkie.dz\/fr\/wp-json\/wp\/v2\/posts\/60938","targetHints":{"allow":["GET"]}}],"collection":[{"href":"https:\/\/elmawkie.dz\/fr\/wp-json\/wp\/v2\/posts"}],"about":[{"href":"https:\/\/elmawkie.dz\/fr\/wp-json\/wp\/v2\/types\/post"}],"author":[{"embeddable":true,"href":"https:\/\/elmawkie.dz\/fr\/wp-json\/wp\/v2\/users\/9"}],"replies":[{"embeddable":true,"href":"https:\/\/elmawkie.dz\/fr\/wp-json\/wp\/v2\/comments?post=60938"}],"version-history":[{"count":1,"href":"https:\/\/elmawkie.dz\/fr\/wp-json\/wp\/v2\/posts\/60938\/revisions"}],"predecessor-version":[{"id":60942,"href":"https:\/\/elmawkie.dz\/fr\/wp-json\/wp\/v2\/posts\/60938\/revisions\/60942"}],"wp:featuredmedia":[{"embeddable":true,"href":"https:\/\/elmawkie.dz\/fr\/wp-json\/wp\/v2\/media\/60941"}],"wp:attachment":[{"href":"https:\/\/elmawkie.dz\/fr\/wp-json\/wp\/v2\/media?parent=60938"}],"wp:term":[{"taxonomy":"category","embeddable":true,"href":"https:\/\/elmawkie.dz\/fr\/wp-json\/wp\/v2\/categories?post=60938"},{"taxonomy":"post_tag","embeddable":true,"href":"https:\/\/elmawkie.dz\/fr\/wp-json\/wp\/v2\/tags?post=60938"}],"curies":[{"name":"wp","href":"https:\/\/api.w.org\/{rel}","templated":true}]}}