{"id":60893,"date":"2026-01-07T10:51:30","date_gmt":"2026-01-07T09:51:30","guid":{"rendered":"https:\/\/elmawkie.dz\/fr\/?p=60893"},"modified":"2026-01-07T10:51:30","modified_gmt":"2026-01-07T09:51:30","slug":"neige-une-centaine-de-vols-annules-dans-les-aeroports-europeens","status":"publish","type":"post","link":"https:\/\/elmawkie.dz\/fr\/neige-une-centaine-de-vols-annules-dans-les-aeroports-europeens\/","title":{"rendered":"Neige: une centaine de vols annul\u00e9s dans les a\u00e9roports europ\u00e9ens"},"content":{"rendered":"\n<p>Une centaine de vols ont \u00e9t\u00e9 annul\u00e9s ces derniers jours dans les a\u00e9roports europ\u00e9ens en raison de la neige, ont rapport\u00e9 mercredi des m\u00e9dias.<\/p>\n\n\n\n<p>Neige et verglas touchent mercredi le nord et l&rsquo;ouest de l&rsquo;Europe notamment aux Pays-Bas et en France, un ph\u00e9nom\u00e8ne d&rsquo;une \u00ab\u00a0ampleur rare dans le climat actuel\u00a0\u00bb, qui doit entra\u00eener d&rsquo;importantes restrictions sur les routes et dans le transport a\u00e9rien.<\/p>\n\n\n\n<p>L&rsquo;a\u00e9roport d&rsquo;Amsterdam-Schiphol, l&rsquo;un des plus grands d&rsquo;Europe, o\u00f9 de nombreux vols ont d\u00e9j\u00e0 \u00e9t\u00e9 annul\u00e9s ces derniers jours, a annonc\u00e9 la suppression d&rsquo;au moins 800 vols mercredi en raison de la neige et du vent.<\/p>\n\n\n\n<p>Plus d&rsquo;un millier de personnes ont pass\u00e9 la nuit \u00e0 Schiphol, a indiqu\u00e9 la plateforme de l&rsquo;a\u00e9roport dont les autorit\u00e9s ont install\u00e9 des lits de camp et offert le petit-d\u00e9jeuner aux voyageurs ayant \u00e9t\u00e9 contraints d&rsquo;y passer la nuit.<\/p>\n\n\n\n<p>Initialement, quelque 1.100 vols \u00e9taient pr\u00e9vus mercredi \u00e0 Schiphol, qui s&rsquo;attend \u00e0 une augmentation du nombre d&rsquo;annulations dans la journ\u00e9e.<\/p>\n\n\n\n<p>En France, six a\u00e9roports du nord et de l&rsquo;ouest ont \u00e9t\u00e9 contraints de fermer, dont les a\u00e9roports parisiens de Roissy Charles-de-Gaulle et Orly, en raison des fortes chutes de neige.<\/p>\n\n\n\n<p>Ces suppressions de vols avaient \u00e9t\u00e9 anticip\u00e9es la veille, a d\u00e9clar\u00e9 le ministre fran\u00e7ais des Transports, appelant par ailleurs \u00e0 la \u00ab\u00a0vigilance\u00a0\u00bb sur \u00ab\u00a0l&rsquo;ensemble du territoire\u00a0\u00bb. Le trafic ferroviaire est \u00e9galement fortement perturb\u00e9 aux Pays-Bas. La soci\u00e9t\u00e9 de chemin de fer NS conseille aux voyageurs dont le d\u00e9placement n&rsquo;est pas absolument n\u00e9cessaire de reporter leur voyage.<\/p>\n","protected":false},"excerpt":{"rendered":"<p>Une centaine de vols ont \u00e9t\u00e9 annul\u00e9s ces derniers jours dans les a\u00e9roports europ\u00e9ens en raison de la neige, ont rapport\u00e9 mercredi des m\u00e9dias. Neige et verglas touchent mercredi le nord et l&rsquo;ouest de l&rsquo;Europe notamment aux Pays-Bas et en France, un ph\u00e9nom\u00e8ne d&rsquo;une \u00ab\u00a0ampleur rare dans le climat actuel\u00a0\u00bb, qui doit entra\u00eener d&rsquo;importantes restrictions &hellip;<\/p>\n","protected":false},"author":9,"featured_media":60895,"comment_status":"open","ping_status":"open","sticky":false,"template":"","format":"standard","meta":{"footnotes":""},"categories":[44],"tags":[],"class_list":["post-60893","post","type-post","status-publish","format-standard","has-post-thumbnail","hentry","category-international"],"yoast_head":"<!-- This site is optimized with the Yoast SEO Premium plugin v22.6 (Yoast SEO v22.6) - https:\/\/yoast.com\/wordpress\/plugins\/seo\/ -->\n<title>Neige: une centaine de vols annul\u00e9s dans les a\u00e9roports europ\u00e9ens - El Mawkie<\/title>\n<meta name=\"robots\" content=\"index, follow, max-snippet:-1, max-image-preview:large, max-video-preview:-1\" \/>\n<link rel=\"canonical\" href=\"https:\/\/elmawkie.dz\/fr\/neige-une-centaine-de-vols-annules-dans-les-aeroports-europeens\/\" \/>\n<meta property=\"og:locale\" content=\"fr_FR\" \/>\n<meta property=\"og:type\" content=\"article\" \/>\n<meta property=\"og:title\" content=\"Neige: une centaine de vols annul\u00e9s dans les a\u00e9roports europ\u00e9ens\" \/>\n<meta property=\"og:description\" content=\"Une centaine de vols ont \u00e9t\u00e9 annul\u00e9s ces derniers jours dans les a\u00e9roports europ\u00e9ens en raison de la neige, ont rapport\u00e9 mercredi des m\u00e9dias. Neige et verglas touchent mercredi le nord et l&rsquo;ouest de l&rsquo;Europe notamment aux Pays-Bas et en France, un ph\u00e9nom\u00e8ne d&rsquo;une \u00ab\u00a0ampleur rare dans le climat actuel\u00a0\u00bb, qui doit entra\u00eener d&rsquo;importantes restrictions &hellip;\" \/>\n<meta property=\"og:url\" content=\"https:\/\/elmawkie.dz\/fr\/neige-une-centaine-de-vols-annules-dans-les-aeroports-europeens\/\" \/>\n<meta property=\"og:site_name\" content=\"El Mawkie\" \/>\n<meta property=\"article:publisher\" content=\"https:\/\/www.facebook.com\/profile.php?id=100088407094989&amp;locale=fr_FR\" \/>\n<meta property=\"article:published_time\" content=\"2026-01-07T09:51:30+00:00\" \/>\n<meta property=\"og:image\" content=\"https:\/\/elmawkie.dz\/fr\/wp-content\/uploads\/2026\/01\/IMG_7113.jpeg\" \/>\n\t<meta property=\"og:image:width\" content=\"576\" \/>\n\t<meta property=\"og:image:height\" content=\"324\" \/>\n\t<meta property=\"og:image:type\" content=\"image\/jpeg\" \/>\n<meta name=\"author\" content=\"R\u00e9daction\" \/>\n<meta name=\"twitter:card\" content=\"summary_large_image\" \/>\n<meta name=\"twitter:label1\" content=\"Written by\" \/>\n\t<meta name=\"twitter:data1\" content=\"R\u00e9daction\" \/>\n\t<meta name=\"twitter:label2\" content=\"Est. reading time\" \/>\n\t<meta name=\"twitter:data2\" content=\"2 minutes\" \/>\n<script type=\"application\/ld+json\" class=\"yoast-schema-graph\">{\"@context\":\"https:\/\/schema.org\",\"@graph\":[{\"@type\":\"Article\",\"@id\":\"https:\/\/elmawkie.dz\/fr\/neige-une-centaine-de-vols-annules-dans-les-aeroports-europeens\/#article\",\"isPartOf\":{\"@id\":\"https:\/\/elmawkie.dz\/fr\/neige-une-centaine-de-vols-annules-dans-les-aeroports-europeens\/\"},\"author\":{\"name\":\"R\u00e9daction\",\"@id\":\"https:\/\/elmawkie.dz\/fr\/#\/schema\/person\/e7bd59d6467874ba5c4723d8a9f0a63c\"},\"headline\":\"Neige: une centaine de vols annul\u00e9s dans les a\u00e9roports europ\u00e9ens\",\"datePublished\":\"2026-01-07T09:51:30+00:00\",\"dateModified\":\"2026-01-07T09:51:30+00:00\",\"mainEntityOfPage\":{\"@id\":\"https:\/\/elmawkie.dz\/fr\/neige-une-centaine-de-vols-annules-dans-les-aeroports-europeens\/\"},\"wordCount\":291,\"commentCount\":0,\"publisher\":{\"@id\":\"https:\/\/elmawkie.dz\/fr\/#organization\"},\"image\":{\"@id\":\"https:\/\/elmawkie.dz\/fr\/neige-une-centaine-de-vols-annules-dans-les-aeroports-europeens\/#primaryimage\"},\"thumbnailUrl\":\"https:\/\/elmawkie.dz\/fr\/wp-content\/uploads\/2026\/01\/IMG_7113.jpeg\",\"articleSection\":[\"International\"],\"inLanguage\":\"fr-FR\",\"potentialAction\":[{\"@type\":\"CommentAction\",\"name\":\"Comment\",\"target\":[\"https:\/\/elmawkie.dz\/fr\/neige-une-centaine-de-vols-annules-dans-les-aeroports-europeens\/#respond\"]}]},{\"@type\":\"WebPage\",\"@id\":\"https:\/\/elmawkie.dz\/fr\/neige-une-centaine-de-vols-annules-dans-les-aeroports-europeens\/\",\"url\":\"https:\/\/elmawkie.dz\/fr\/neige-une-centaine-de-vols-annules-dans-les-aeroports-europeens\/\",\"name\":\"Neige: une centaine de vols annul\u00e9s dans les a\u00e9roports europ\u00e9ens - El Mawkie\",\"isPartOf\":{\"@id\":\"https:\/\/elmawkie.dz\/fr\/#website\"},\"primaryImageOfPage\":{\"@id\":\"https:\/\/elmawkie.dz\/fr\/neige-une-centaine-de-vols-annules-dans-les-aeroports-europeens\/#primaryimage\"},\"image\":{\"@id\":\"https:\/\/elmawkie.dz\/fr\/neige-une-centaine-de-vols-annules-dans-les-aeroports-europeens\/#primaryimage\"},\"thumbnailUrl\":\"https:\/\/elmawkie.dz\/fr\/wp-content\/uploads\/2026\/01\/IMG_7113.jpeg\",\"datePublished\":\"2026-01-07T09:51:30+00:00\",\"dateModified\":\"2026-01-07T09:51:30+00:00\",\"breadcrumb\":{\"@id\":\"https:\/\/elmawkie.dz\/fr\/neige-une-centaine-de-vols-annules-dans-les-aeroports-europeens\/#breadcrumb\"},\"inLanguage\":\"fr-FR\",\"potentialAction\":[{\"@type\":\"ReadAction\",\"target\":[\"https:\/\/elmawkie.dz\/fr\/neige-une-centaine-de-vols-annules-dans-les-aeroports-europeens\/\"]}]},{\"@type\":\"ImageObject\",\"inLanguage\":\"fr-FR\",\"@id\":\"https:\/\/elmawkie.dz\/fr\/neige-une-centaine-de-vols-annules-dans-les-aeroports-europeens\/#primaryimage\",\"url\":\"https:\/\/elmawkie.dz\/fr\/wp-content\/uploads\/2026\/01\/IMG_7113.jpeg\",\"contentUrl\":\"https:\/\/elmawkie.dz\/fr\/wp-content\/uploads\/2026\/01\/IMG_7113.jpeg\",\"width\":576,\"height\":324},{\"@type\":\"BreadcrumbList\",\"@id\":\"https:\/\/elmawkie.dz\/fr\/neige-une-centaine-de-vols-annules-dans-les-aeroports-europeens\/#breadcrumb\",\"itemListElement\":[{\"@type\":\"ListItem\",\"position\":1,\"name\":\"Home\",\"item\":\"https:\/\/elmawkie.dz\/fr\/\"},{\"@type\":\"ListItem\",\"position\":2,\"name\":\"Neige: une centaine de vols annul\u00e9s dans les a\u00e9roports europ\u00e9ens\"}]},{\"@type\":\"WebSite\",\"@id\":\"https:\/\/elmawkie.dz\/fr\/#website\",\"url\":\"https:\/\/elmawkie.dz\/fr\/\",\"name\":\"EL MAWKIE\",\"description\":\"Journal \u00c9lectronique Alg\u00e9rien\",\"publisher\":{\"@id\":\"https:\/\/elmawkie.dz\/fr\/#organization\"},\"potentialAction\":[{\"@type\":\"SearchAction\",\"target\":{\"@type\":\"EntryPoint\",\"urlTemplate\":\"https:\/\/elmawkie.dz\/fr\/?s={search_term_string}\"},\"query-input\":\"required name=search_term_string\"}],\"inLanguage\":\"fr-FR\"},{\"@type\":\"Organization\",\"@id\":\"https:\/\/elmawkie.dz\/fr\/#organization\",\"name\":\"EL MAWKIE\",\"url\":\"https:\/\/elmawkie.dz\/fr\/\",\"logo\":{\"@type\":\"ImageObject\",\"inLanguage\":\"fr-FR\",\"@id\":\"https:\/\/elmawkie.dz\/fr\/#\/schema\/logo\/image\/\",\"url\":\"https:\/\/elmawkie.dz\/fr\/wp-content\/uploads\/2024\/05\/logo1.png\",\"contentUrl\":\"https:\/\/elmawkie.dz\/fr\/wp-content\/uploads\/2024\/05\/logo1.png\",\"width\":1648,\"height\":652,\"caption\":\"EL MAWKIE\"},\"image\":{\"@id\":\"https:\/\/elmawkie.dz\/fr\/#\/schema\/logo\/image\/\"},\"sameAs\":[\"https:\/\/www.facebook.com\/profile.php?id=100088407094989&locale=fr_FR\"]},{\"@type\":\"Person\",\"@id\":\"https:\/\/elmawkie.dz\/fr\/#\/schema\/person\/e7bd59d6467874ba5c4723d8a9f0a63c\",\"name\":\"R\u00e9daction\",\"image\":{\"@type\":\"ImageObject\",\"inLanguage\":\"fr-FR\",\"@id\":\"https:\/\/elmawkie.dz\/fr\/#\/schema\/person\/image\/\",\"url\":\"https:\/\/secure.gravatar.com\/avatar\/f0f773456344da4d2788c054a3d30a0c?s=96&d=mm&r=g\",\"contentUrl\":\"https:\/\/secure.gravatar.com\/avatar\/f0f773456344da4d2788c054a3d30a0c?s=96&d=mm&r=g\",\"caption\":\"R\u00e9daction\"},\"url\":\"https:\/\/elmawkie.dz\/fr\/author\/redaction\/\"}]}<\/script>\n<!-- \/ Yoast SEO Premium plugin. -->","yoast_head_json":{"title":"Neige: une centaine de vols annul\u00e9s dans les a\u00e9roports europ\u00e9ens - El Mawkie","robots":{"index":"index","follow":"follow","max-snippet":"max-snippet:-1","max-image-preview":"max-image-preview:large","max-video-preview":"max-video-preview:-1"},"canonical":"https:\/\/elmawkie.dz\/fr\/neige-une-centaine-de-vols-annules-dans-les-aeroports-europeens\/","og_locale":"fr_FR","og_type":"article","og_title":"Neige: une centaine de vols annul\u00e9s dans les a\u00e9roports europ\u00e9ens","og_description":"Une centaine de vols ont \u00e9t\u00e9 annul\u00e9s ces derniers jours dans les a\u00e9roports europ\u00e9ens en raison de la neige, ont rapport\u00e9 mercredi des m\u00e9dias. Neige et verglas touchent mercredi le nord et l&rsquo;ouest de l&rsquo;Europe notamment aux Pays-Bas et en France, un ph\u00e9nom\u00e8ne d&rsquo;une \u00ab\u00a0ampleur rare dans le climat actuel\u00a0\u00bb, qui doit entra\u00eener d&rsquo;importantes restrictions &hellip;","og_url":"https:\/\/elmawkie.dz\/fr\/neige-une-centaine-de-vols-annules-dans-les-aeroports-europeens\/","og_site_name":"El Mawkie","article_publisher":"https:\/\/www.facebook.com\/profile.php?id=100088407094989&locale=fr_FR","article_published_time":"2026-01-07T09:51:30+00:00","og_image":[{"width":576,"height":324,"url":"https:\/\/elmawkie.dz\/fr\/wp-content\/uploads\/2026\/01\/IMG_7113.jpeg","type":"image\/jpeg"}],"author":"R\u00e9daction","twitter_card":"summary_large_image","twitter_misc":{"Written by":"R\u00e9daction","Est. reading time":"2 minutes"},"schema":{"@context":"https:\/\/schema.org","@graph":[{"@type":"Article","@id":"https:\/\/elmawkie.dz\/fr\/neige-une-centaine-de-vols-annules-dans-les-aeroports-europeens\/#article","isPartOf":{"@id":"https:\/\/elmawkie.dz\/fr\/neige-une-centaine-de-vols-annules-dans-les-aeroports-europeens\/"},"author":{"name":"R\u00e9daction","@id":"https:\/\/elmawkie.dz\/fr\/#\/schema\/person\/e7bd59d6467874ba5c4723d8a9f0a63c"},"headline":"Neige: une centaine de vols annul\u00e9s dans les a\u00e9roports europ\u00e9ens","datePublished":"2026-01-07T09:51:30+00:00","dateModified":"2026-01-07T09:51:30+00:00","mainEntityOfPage":{"@id":"https:\/\/elmawkie.dz\/fr\/neige-une-centaine-de-vols-annules-dans-les-aeroports-europeens\/"},"wordCount":291,"commentCount":0,"publisher":{"@id":"https:\/\/elmawkie.dz\/fr\/#organization"},"image":{"@id":"https:\/\/elmawkie.dz\/fr\/neige-une-centaine-de-vols-annules-dans-les-aeroports-europeens\/#primaryimage"},"thumbnailUrl":"https:\/\/elmawkie.dz\/fr\/wp-content\/uploads\/2026\/01\/IMG_7113.jpeg","articleSection":["International"],"inLanguage":"fr-FR","potentialAction":[{"@type":"CommentAction","name":"Comment","target":["https:\/\/elmawkie.dz\/fr\/neige-une-centaine-de-vols-annules-dans-les-aeroports-europeens\/#respond"]}]},{"@type":"WebPage","@id":"https:\/\/elmawkie.dz\/fr\/neige-une-centaine-de-vols-annules-dans-les-aeroports-europeens\/","url":"https:\/\/elmawkie.dz\/fr\/neige-une-centaine-de-vols-annules-dans-les-aeroports-europeens\/","name":"Neige: une centaine de vols annul\u00e9s dans les a\u00e9roports europ\u00e9ens - El Mawkie","isPartOf":{"@id":"https:\/\/elmawkie.dz\/fr\/#website"},"primaryImageOfPage":{"@id":"https:\/\/elmawkie.dz\/fr\/neige-une-centaine-de-vols-annules-dans-les-aeroports-europeens\/#primaryimage"},"image":{"@id":"https:\/\/elmawkie.dz\/fr\/neige-une-centaine-de-vols-annules-dans-les-aeroports-europeens\/#primaryimage"},"thumbnailUrl":"https:\/\/elmawkie.dz\/fr\/wp-content\/uploads\/2026\/01\/IMG_7113.jpeg","datePublished":"2026-01-07T09:51:30+00:00","dateModified":"2026-01-07T09:51:30+00:00","breadcrumb":{"@id":"https:\/\/elmawkie.dz\/fr\/neige-une-centaine-de-vols-annules-dans-les-aeroports-europeens\/#breadcrumb"},"inLanguage":"fr-FR","potentialAction":[{"@type":"ReadAction","target":["https:\/\/elmawkie.dz\/fr\/neige-une-centaine-de-vols-annules-dans-les-aeroports-europeens\/"]}]},{"@type":"ImageObject","inLanguage":"fr-FR","@id":"https:\/\/elmawkie.dz\/fr\/neige-une-centaine-de-vols-annules-dans-les-aeroports-europeens\/#primaryimage","url":"https:\/\/elmawkie.dz\/fr\/wp-content\/uploads\/2026\/01\/IMG_7113.jpeg","contentUrl":"https:\/\/elmawkie.dz\/fr\/wp-content\/uploads\/2026\/01\/IMG_7113.jpeg","width":576,"height":324},{"@type":"BreadcrumbList","@id":"https:\/\/elmawkie.dz\/fr\/neige-une-centaine-de-vols-annules-dans-les-aeroports-europeens\/#breadcrumb","itemListElement":[{"@type":"ListItem","position":1,"name":"Home","item":"https:\/\/elmawkie.dz\/fr\/"},{"@type":"ListItem","position":2,"name":"Neige: une centaine de vols annul\u00e9s dans les a\u00e9roports europ\u00e9ens"}]},{"@type":"WebSite","@id":"https:\/\/elmawkie.dz\/fr\/#website","url":"https:\/\/elmawkie.dz\/fr\/","name":"EL MAWKIE","description":"Journal \u00c9lectronique Alg\u00e9rien","publisher":{"@id":"https:\/\/elmawkie.dz\/fr\/#organization"},"potentialAction":[{"@type":"SearchAction","target":{"@type":"EntryPoint","urlTemplate":"https:\/\/elmawkie.dz\/fr\/?s={search_term_string}"},"query-input":"required name=search_term_string"}],"inLanguage":"fr-FR"},{"@type":"Organization","@id":"https:\/\/elmawkie.dz\/fr\/#organization","name":"EL MAWKIE","url":"https:\/\/elmawkie.dz\/fr\/","logo":{"@type":"ImageObject","inLanguage":"fr-FR","@id":"https:\/\/elmawkie.dz\/fr\/#\/schema\/logo\/image\/","url":"https:\/\/elmawkie.dz\/fr\/wp-content\/uploads\/2024\/05\/logo1.png","contentUrl":"https:\/\/elmawkie.dz\/fr\/wp-content\/uploads\/2024\/05\/logo1.png","width":1648,"height":652,"caption":"EL MAWKIE"},"image":{"@id":"https:\/\/elmawkie.dz\/fr\/#\/schema\/logo\/image\/"},"sameAs":["https:\/\/www.facebook.com\/profile.php?id=100088407094989&locale=fr_FR"]},{"@type":"Person","@id":"https:\/\/elmawkie.dz\/fr\/#\/schema\/person\/e7bd59d6467874ba5c4723d8a9f0a63c","name":"R\u00e9daction","image":{"@type":"ImageObject","inLanguage":"fr-FR","@id":"https:\/\/elmawkie.dz\/fr\/#\/schema\/person\/image\/","url":"https:\/\/secure.gravatar.com\/avatar\/f0f773456344da4d2788c054a3d30a0c?s=96&d=mm&r=g","contentUrl":"https:\/\/secure.gravatar.com\/avatar\/f0f773456344da4d2788c054a3d30a0c?s=96&d=mm&r=g","caption":"R\u00e9daction"},"url":"https:\/\/elmawkie.dz\/fr\/author\/redaction\/"}]}},"_links":{"self":[{"href":"https:\/\/elmawkie.dz\/fr\/wp-json\/wp\/v2\/posts\/60893","targetHints":{"allow":["GET"]}}],"collection":[{"href":"https:\/\/elmawkie.dz\/fr\/wp-json\/wp\/v2\/posts"}],"about":[{"href":"https:\/\/elmawkie.dz\/fr\/wp-json\/wp\/v2\/types\/post"}],"author":[{"embeddable":true,"href":"https:\/\/elmawkie.dz\/fr\/wp-json\/wp\/v2\/users\/9"}],"replies":[{"embeddable":true,"href":"https:\/\/elmawkie.dz\/fr\/wp-json\/wp\/v2\/comments?post=60893"}],"version-history":[{"count":1,"href":"https:\/\/elmawkie.dz\/fr\/wp-json\/wp\/v2\/posts\/60893\/revisions"}],"predecessor-version":[{"id":60896,"href":"https:\/\/elmawkie.dz\/fr\/wp-json\/wp\/v2\/posts\/60893\/revisions\/60896"}],"wp:featuredmedia":[{"embeddable":true,"href":"https:\/\/elmawkie.dz\/fr\/wp-json\/wp\/v2\/media\/60895"}],"wp:attachment":[{"href":"https:\/\/elmawkie.dz\/fr\/wp-json\/wp\/v2\/media?parent=60893"}],"wp:term":[{"taxonomy":"category","embeddable":true,"href":"https:\/\/elmawkie.dz\/fr\/wp-json\/wp\/v2\/categories?post=60893"},{"taxonomy":"post_tag","embeddable":true,"href":"https:\/\/elmawkie.dz\/fr\/wp-json\/wp\/v2\/tags?post=60893"}],"curies":[{"name":"wp","href":"https:\/\/api.w.org\/{rel}","templated":true}]}}