{"id":6064,"date":"2024-10-26T22:55:02","date_gmt":"2024-10-26T21:55:02","guid":{"rendered":"https:\/\/elmawkie.dz\/fr\/?p=6064"},"modified":"2024-10-26T22:55:02","modified_gmt":"2024-10-26T21:55:02","slug":"union-des-ecrivains-algeriens-une-rencontre-de-solidarite-avec-le-peuple-palestinien","status":"publish","type":"post","link":"https:\/\/elmawkie.dz\/fr\/union-des-ecrivains-algeriens-une-rencontre-de-solidarite-avec-le-peuple-palestinien\/","title":{"rendered":"Union des \u00e9crivains alg\u00e9riens: une rencontre de solidarit\u00e9 avec le peuple palestinien"},"content":{"rendered":"<p><strong><em>L&rsquo;Union des \u00e9crivains alg\u00e9riens a organis\u00e9, samedi \u00e0 Alger, une rencontre de solidarit\u00e9 avec le peuple palestinien \u00e0 l&rsquo;occasion de l&rsquo;ouverture de la saison litt\u00e9raire 2024\/2025 et de la comm\u00e9moration du 70e anniversaire du d\u00e9clenchement de la glorieuse R\u00e9volution du 1er Novembre 1954. Les travaux d&rsquo;ouverture de la saison litt\u00e9raire et culturelle 2024\/2024 ont \u00e9t\u00e9 organis\u00e9s au si\u00e8ge de l&rsquo;Union en pr\u00e9sence du pr\u00e9sident du Haut Conseil de la langue arabe (HCLA), Salah Bela\u00efd, de repr\u00e9sentants de partis politiques alg\u00e9riens, ainsi que du repr\u00e9sentant de l&rsquo;ambassade de l&rsquo;Etat de Palestine en Alg\u00e9rie, Djihad Hassan, le pr\u00e9sident de la section Alg\u00e9rie de l\u2019Union des \u00e9crivains palestiniens, Hussein Abu Nadja et de nombreux po\u00e8tes, \u00e9crivains et intellectuels. Lors de cette rencontre tenue \u00e0 la veille du 70e anniversaire du d\u00e9clenchement de la R\u00e9volution du 1er Novembre 1954, le pr\u00e9sident de l&rsquo;Union des \u00e9crivains alg\u00e9riens, Youcef Chagra a d\u00e9clar\u00e9 que l&rsquo;Union \u00e9tait \u00ab\u00a0en parfaite harmonie avec les principes de la glorieuse R\u00e9volution du 1er Novembre qui a ancr\u00e9 les valeurs du peuple alg\u00e9rien (&#8230;) solidaire avec peuples r\u00e9sistant pour leur libert\u00e9 et leur ind\u00e9pendance\u00a0\u00bb. L&rsquo;\u00e9crivain et critique Mecheri Benkhelifa, a lu la d\u00e9claration de l&rsquo;Union, dans laquelle cette derni\u00e8re affirme \u00ab\u00a0sa position de r\u00e9sistance, pour la justice\u00a0\u00bb, et d\u00e9nonce \u00ab\u00a0le parti pris du monde pour la loi de la jungle sioniste&#8230;\u00a0\u00bb, ajoutant que l&rsquo;Union \u00ab\u00a0r\u00e9affirme son soutien inconditionnel au peuple palestinien et \u00e0 tous les peuples de la r\u00e9gion, au Liban, en Syrie et en Iraq&#8230;\u00a0\u00bb. La d\u00e9claration s&rsquo;est \u00e9galement f\u00e9licit\u00e9e \u00ab\u00a0des efforts, des exploits et de la position de l&rsquo;Etat alg\u00e9rien en faveur de la Palestine et du Liban (..), et son strict rejet de la normalisation avec l&rsquo;Entit\u00e9 sioniste\u00a0\u00bb, faisant part de son soutien \u00ab\u00a0\u00e0 toutes ses initiatives, ses d\u00e9marches et ses d\u00e9cisions visant \u00e0 consacrer la justice et la souverainet\u00e9 des peuples\u00a0\u00bb. Pour sa part, le pr\u00e9sident du Haut Conseil de la langue arabe a affirm\u00e9 que \u00ab\u00a0face \u00e0 la douleur du peuple palestinien et le nettoyage ethnique qu&rsquo;il subit, le besoin d&rsquo;intellectuels, d&rsquo;\u00e9crivains et d&rsquo;\u00e9lites se fait de plus en plus sentir pour exprimer ce qui se passe en Palestine\u00a0\u00bb. De son c\u00f4t\u00e9, le repr\u00e9sentant de l&rsquo;Ambassade de Palestine en Alg\u00e9rie a rappel\u00e9 l&rsquo;ampleur de la catastrophe humanitaire que subissent les Palestiniens \u00e0 Ghaza, en ce sens qu&rsquo;un an apr\u00e8s le d\u00e9but de l&rsquo;op\u00e9ration \u00ab\u00a0D\u00e9luge d&rsquo;Al-Aqsa\u00a0\u00bb, on compte \u00ab\u00a043.000 martyrs et 23.000 enfants orphelins \u00e0 Ghaza, outre la destruction de 80% de la bande\u00a0\u00bb, ajoutant que \u00ab\u00a0nous avons aujourd&rsquo;hui plus que jamais besoin d&rsquo;une plus grande solidarit\u00e9 avec notre peuple, de la part de tous les pays arabes et de la communaut\u00e9 internationale, notamment pour retrouver notre unit\u00e9 nationale\u00a0\u00bb. Il a \u00e9galement adress\u00e9 ses \u00ab\u00a0remerciements \u00e0 la direction politique en Alg\u00e9rie, \u00e0 sa t\u00eate le pr\u00e9sident de la R\u00e9publique, M. Abdelmadjid Tebboune, ainsi qu&rsquo;\u00e0 sa diplomatie qui se tient aux c\u00f4t\u00e9s de l&rsquo;Etat palestinien dans les fora internationaux, aux Nations Unies, au Conseil de s\u00e9curit\u00e9 et au Conseil des droits de l&rsquo;Homme (CDH)\u00a0\u00bb. <\/em><\/strong><\/p>\n","protected":false},"excerpt":{"rendered":"<p>L&rsquo;Union des \u00e9crivains alg\u00e9riens a organis\u00e9, samedi \u00e0 Alger, une rencontre de solidarit\u00e9 avec le peuple palestinien \u00e0 l&rsquo;occasion de l&rsquo;ouverture de la saison litt\u00e9raire 2024\/2025 et de la comm\u00e9moration du 70e anniversaire du d\u00e9clenchement de la glorieuse R\u00e9volution du 1er Novembre 1954. Les travaux d&rsquo;ouverture de la saison litt\u00e9raire et culturelle 2024\/2024 ont \u00e9t\u00e9 &hellip;<\/p>\n","protected":false},"author":9,"featured_media":6067,"comment_status":"open","ping_status":"open","sticky":false,"template":"","format":"standard","meta":{"footnotes":""},"categories":[3],"tags":[1121,1122],"class_list":["post-6064","post","type-post","status-publish","format-standard","has-post-thumbnail","hentry","category-bs-culture","tag-le-peuple-palestinien","tag-union-des-ecrivains-algeriens"],"yoast_head":"<!-- This site is optimized with the Yoast SEO Premium plugin v22.6 (Yoast SEO v22.6) - https:\/\/yoast.com\/wordpress\/plugins\/seo\/ -->\n<title>Union des \u00e9crivains alg\u00e9riens: une rencontre de solidarit\u00e9 avec le peuple palestinien - El Mawkie<\/title>\n<meta name=\"robots\" content=\"index, follow, max-snippet:-1, max-image-preview:large, max-video-preview:-1\" \/>\n<link rel=\"canonical\" href=\"https:\/\/elmawkie.dz\/fr\/union-des-ecrivains-algeriens-une-rencontre-de-solidarite-avec-le-peuple-palestinien\/\" \/>\n<meta property=\"og:locale\" content=\"fr_FR\" \/>\n<meta property=\"og:type\" content=\"article\" \/>\n<meta property=\"og:title\" content=\"Union des \u00e9crivains alg\u00e9riens: une rencontre de solidarit\u00e9 avec le peuple palestinien\" \/>\n<meta property=\"og:description\" content=\"L&rsquo;Union des \u00e9crivains alg\u00e9riens a organis\u00e9, samedi \u00e0 Alger, une rencontre de solidarit\u00e9 avec le peuple palestinien \u00e0 l&rsquo;occasion de l&rsquo;ouverture de la saison litt\u00e9raire 2024\/2025 et de la comm\u00e9moration du 70e anniversaire du d\u00e9clenchement de la glorieuse R\u00e9volution du 1er Novembre 1954. Les travaux d&rsquo;ouverture de la saison litt\u00e9raire et culturelle 2024\/2024 ont \u00e9t\u00e9 &hellip;\" \/>\n<meta property=\"og:url\" content=\"https:\/\/elmawkie.dz\/fr\/union-des-ecrivains-algeriens-une-rencontre-de-solidarite-avec-le-peuple-palestinien\/\" \/>\n<meta property=\"og:site_name\" content=\"El Mawkie\" \/>\n<meta property=\"article:publisher\" content=\"https:\/\/www.facebook.com\/profile.php?id=100088407094989&amp;locale=fr_FR\" \/>\n<meta property=\"article:published_time\" content=\"2024-10-26T21:55:02+00:00\" \/>\n<meta property=\"og:image\" content=\"https:\/\/elmawkie.dz\/fr\/wp-content\/uploads\/2024\/10\/IMG_3931.jpeg\" \/>\n\t<meta property=\"og:image:width\" content=\"640\" \/>\n\t<meta property=\"og:image:height\" content=\"479\" \/>\n\t<meta property=\"og:image:type\" content=\"image\/jpeg\" \/>\n<meta name=\"author\" content=\"R\u00e9daction\" \/>\n<meta name=\"twitter:card\" content=\"summary_large_image\" \/>\n<meta name=\"twitter:label1\" content=\"Written by\" \/>\n\t<meta name=\"twitter:data1\" content=\"R\u00e9daction\" \/>\n\t<meta name=\"twitter:label2\" content=\"Est. reading time\" \/>\n\t<meta name=\"twitter:data2\" content=\"3 minutes\" \/>\n<script type=\"application\/ld+json\" class=\"yoast-schema-graph\">{\"@context\":\"https:\/\/schema.org\",\"@graph\":[{\"@type\":\"Article\",\"@id\":\"https:\/\/elmawkie.dz\/fr\/union-des-ecrivains-algeriens-une-rencontre-de-solidarite-avec-le-peuple-palestinien\/#article\",\"isPartOf\":{\"@id\":\"https:\/\/elmawkie.dz\/fr\/union-des-ecrivains-algeriens-une-rencontre-de-solidarite-avec-le-peuple-palestinien\/\"},\"author\":{\"name\":\"R\u00e9daction\",\"@id\":\"https:\/\/elmawkie.dz\/fr\/#\/schema\/person\/e7bd59d6467874ba5c4723d8a9f0a63c\"},\"headline\":\"Union des \u00e9crivains alg\u00e9riens: une rencontre de solidarit\u00e9 avec le peuple palestinien\",\"datePublished\":\"2024-10-26T21:55:02+00:00\",\"dateModified\":\"2024-10-26T21:55:02+00:00\",\"mainEntityOfPage\":{\"@id\":\"https:\/\/elmawkie.dz\/fr\/union-des-ecrivains-algeriens-une-rencontre-de-solidarite-avec-le-peuple-palestinien\/\"},\"wordCount\":570,\"commentCount\":0,\"publisher\":{\"@id\":\"https:\/\/elmawkie.dz\/fr\/#organization\"},\"image\":{\"@id\":\"https:\/\/elmawkie.dz\/fr\/union-des-ecrivains-algeriens-une-rencontre-de-solidarite-avec-le-peuple-palestinien\/#primaryimage\"},\"thumbnailUrl\":\"https:\/\/elmawkie.dz\/fr\/wp-content\/uploads\/2024\/10\/IMG_3931.jpeg\",\"keywords\":[\"le peuple palestinien\",\"Union des \u00e9crivains alg\u00e9riens\"],\"articleSection\":[\"Culture\"],\"inLanguage\":\"fr-FR\",\"potentialAction\":[{\"@type\":\"CommentAction\",\"name\":\"Comment\",\"target\":[\"https:\/\/elmawkie.dz\/fr\/union-des-ecrivains-algeriens-une-rencontre-de-solidarite-avec-le-peuple-palestinien\/#respond\"]}]},{\"@type\":\"WebPage\",\"@id\":\"https:\/\/elmawkie.dz\/fr\/union-des-ecrivains-algeriens-une-rencontre-de-solidarite-avec-le-peuple-palestinien\/\",\"url\":\"https:\/\/elmawkie.dz\/fr\/union-des-ecrivains-algeriens-une-rencontre-de-solidarite-avec-le-peuple-palestinien\/\",\"name\":\"Union des \u00e9crivains alg\u00e9riens: une rencontre de solidarit\u00e9 avec le peuple palestinien - El Mawkie\",\"isPartOf\":{\"@id\":\"https:\/\/elmawkie.dz\/fr\/#website\"},\"primaryImageOfPage\":{\"@id\":\"https:\/\/elmawkie.dz\/fr\/union-des-ecrivains-algeriens-une-rencontre-de-solidarite-avec-le-peuple-palestinien\/#primaryimage\"},\"image\":{\"@id\":\"https:\/\/elmawkie.dz\/fr\/union-des-ecrivains-algeriens-une-rencontre-de-solidarite-avec-le-peuple-palestinien\/#primaryimage\"},\"thumbnailUrl\":\"https:\/\/elmawkie.dz\/fr\/wp-content\/uploads\/2024\/10\/IMG_3931.jpeg\",\"datePublished\":\"2024-10-26T21:55:02+00:00\",\"dateModified\":\"2024-10-26T21:55:02+00:00\",\"breadcrumb\":{\"@id\":\"https:\/\/elmawkie.dz\/fr\/union-des-ecrivains-algeriens-une-rencontre-de-solidarite-avec-le-peuple-palestinien\/#breadcrumb\"},\"inLanguage\":\"fr-FR\",\"potentialAction\":[{\"@type\":\"ReadAction\",\"target\":[\"https:\/\/elmawkie.dz\/fr\/union-des-ecrivains-algeriens-une-rencontre-de-solidarite-avec-le-peuple-palestinien\/\"]}]},{\"@type\":\"ImageObject\",\"inLanguage\":\"fr-FR\",\"@id\":\"https:\/\/elmawkie.dz\/fr\/union-des-ecrivains-algeriens-une-rencontre-de-solidarite-avec-le-peuple-palestinien\/#primaryimage\",\"url\":\"https:\/\/elmawkie.dz\/fr\/wp-content\/uploads\/2024\/10\/IMG_3931.jpeg\",\"contentUrl\":\"https:\/\/elmawkie.dz\/fr\/wp-content\/uploads\/2024\/10\/IMG_3931.jpeg\",\"width\":640,\"height\":479},{\"@type\":\"BreadcrumbList\",\"@id\":\"https:\/\/elmawkie.dz\/fr\/union-des-ecrivains-algeriens-une-rencontre-de-solidarite-avec-le-peuple-palestinien\/#breadcrumb\",\"itemListElement\":[{\"@type\":\"ListItem\",\"position\":1,\"name\":\"Home\",\"item\":\"https:\/\/elmawkie.dz\/fr\/\"},{\"@type\":\"ListItem\",\"position\":2,\"name\":\"Union des \u00e9crivains alg\u00e9riens: une rencontre de solidarit\u00e9 avec le peuple palestinien\"}]},{\"@type\":\"WebSite\",\"@id\":\"https:\/\/elmawkie.dz\/fr\/#website\",\"url\":\"https:\/\/elmawkie.dz\/fr\/\",\"name\":\"EL MAWKIE\",\"description\":\"Journal \u00c9lectronique Alg\u00e9rien\",\"publisher\":{\"@id\":\"https:\/\/elmawkie.dz\/fr\/#organization\"},\"potentialAction\":[{\"@type\":\"SearchAction\",\"target\":{\"@type\":\"EntryPoint\",\"urlTemplate\":\"https:\/\/elmawkie.dz\/fr\/?s={search_term_string}\"},\"query-input\":\"required name=search_term_string\"}],\"inLanguage\":\"fr-FR\"},{\"@type\":\"Organization\",\"@id\":\"https:\/\/elmawkie.dz\/fr\/#organization\",\"name\":\"EL MAWKIE\",\"url\":\"https:\/\/elmawkie.dz\/fr\/\",\"logo\":{\"@type\":\"ImageObject\",\"inLanguage\":\"fr-FR\",\"@id\":\"https:\/\/elmawkie.dz\/fr\/#\/schema\/logo\/image\/\",\"url\":\"https:\/\/elmawkie.dz\/fr\/wp-content\/uploads\/2024\/05\/logo1.png\",\"contentUrl\":\"https:\/\/elmawkie.dz\/fr\/wp-content\/uploads\/2024\/05\/logo1.png\",\"width\":1648,\"height\":652,\"caption\":\"EL MAWKIE\"},\"image\":{\"@id\":\"https:\/\/elmawkie.dz\/fr\/#\/schema\/logo\/image\/\"},\"sameAs\":[\"https:\/\/www.facebook.com\/profile.php?id=100088407094989&locale=fr_FR\"]},{\"@type\":\"Person\",\"@id\":\"https:\/\/elmawkie.dz\/fr\/#\/schema\/person\/e7bd59d6467874ba5c4723d8a9f0a63c\",\"name\":\"R\u00e9daction\",\"image\":{\"@type\":\"ImageObject\",\"inLanguage\":\"fr-FR\",\"@id\":\"https:\/\/elmawkie.dz\/fr\/#\/schema\/person\/image\/\",\"url\":\"https:\/\/secure.gravatar.com\/avatar\/f0f773456344da4d2788c054a3d30a0c?s=96&d=mm&r=g\",\"contentUrl\":\"https:\/\/secure.gravatar.com\/avatar\/f0f773456344da4d2788c054a3d30a0c?s=96&d=mm&r=g\",\"caption\":\"R\u00e9daction\"},\"url\":\"https:\/\/elmawkie.dz\/fr\/author\/redaction\/\"}]}<\/script>\n<!-- \/ Yoast SEO Premium plugin. -->","yoast_head_json":{"title":"Union des \u00e9crivains alg\u00e9riens: une rencontre de solidarit\u00e9 avec le peuple palestinien - El Mawkie","robots":{"index":"index","follow":"follow","max-snippet":"max-snippet:-1","max-image-preview":"max-image-preview:large","max-video-preview":"max-video-preview:-1"},"canonical":"https:\/\/elmawkie.dz\/fr\/union-des-ecrivains-algeriens-une-rencontre-de-solidarite-avec-le-peuple-palestinien\/","og_locale":"fr_FR","og_type":"article","og_title":"Union des \u00e9crivains alg\u00e9riens: une rencontre de solidarit\u00e9 avec le peuple palestinien","og_description":"L&rsquo;Union des \u00e9crivains alg\u00e9riens a organis\u00e9, samedi \u00e0 Alger, une rencontre de solidarit\u00e9 avec le peuple palestinien \u00e0 l&rsquo;occasion de l&rsquo;ouverture de la saison litt\u00e9raire 2024\/2025 et de la comm\u00e9moration du 70e anniversaire du d\u00e9clenchement de la glorieuse R\u00e9volution du 1er Novembre 1954. Les travaux d&rsquo;ouverture de la saison litt\u00e9raire et culturelle 2024\/2024 ont \u00e9t\u00e9 &hellip;","og_url":"https:\/\/elmawkie.dz\/fr\/union-des-ecrivains-algeriens-une-rencontre-de-solidarite-avec-le-peuple-palestinien\/","og_site_name":"El Mawkie","article_publisher":"https:\/\/www.facebook.com\/profile.php?id=100088407094989&locale=fr_FR","article_published_time":"2024-10-26T21:55:02+00:00","og_image":[{"width":640,"height":479,"url":"https:\/\/elmawkie.dz\/fr\/wp-content\/uploads\/2024\/10\/IMG_3931.jpeg","type":"image\/jpeg"}],"author":"R\u00e9daction","twitter_card":"summary_large_image","twitter_misc":{"Written by":"R\u00e9daction","Est. reading time":"3 minutes"},"schema":{"@context":"https:\/\/schema.org","@graph":[{"@type":"Article","@id":"https:\/\/elmawkie.dz\/fr\/union-des-ecrivains-algeriens-une-rencontre-de-solidarite-avec-le-peuple-palestinien\/#article","isPartOf":{"@id":"https:\/\/elmawkie.dz\/fr\/union-des-ecrivains-algeriens-une-rencontre-de-solidarite-avec-le-peuple-palestinien\/"},"author":{"name":"R\u00e9daction","@id":"https:\/\/elmawkie.dz\/fr\/#\/schema\/person\/e7bd59d6467874ba5c4723d8a9f0a63c"},"headline":"Union des \u00e9crivains alg\u00e9riens: une rencontre de solidarit\u00e9 avec le peuple palestinien","datePublished":"2024-10-26T21:55:02+00:00","dateModified":"2024-10-26T21:55:02+00:00","mainEntityOfPage":{"@id":"https:\/\/elmawkie.dz\/fr\/union-des-ecrivains-algeriens-une-rencontre-de-solidarite-avec-le-peuple-palestinien\/"},"wordCount":570,"commentCount":0,"publisher":{"@id":"https:\/\/elmawkie.dz\/fr\/#organization"},"image":{"@id":"https:\/\/elmawkie.dz\/fr\/union-des-ecrivains-algeriens-une-rencontre-de-solidarite-avec-le-peuple-palestinien\/#primaryimage"},"thumbnailUrl":"https:\/\/elmawkie.dz\/fr\/wp-content\/uploads\/2024\/10\/IMG_3931.jpeg","keywords":["le peuple palestinien","Union des \u00e9crivains alg\u00e9riens"],"articleSection":["Culture"],"inLanguage":"fr-FR","potentialAction":[{"@type":"CommentAction","name":"Comment","target":["https:\/\/elmawkie.dz\/fr\/union-des-ecrivains-algeriens-une-rencontre-de-solidarite-avec-le-peuple-palestinien\/#respond"]}]},{"@type":"WebPage","@id":"https:\/\/elmawkie.dz\/fr\/union-des-ecrivains-algeriens-une-rencontre-de-solidarite-avec-le-peuple-palestinien\/","url":"https:\/\/elmawkie.dz\/fr\/union-des-ecrivains-algeriens-une-rencontre-de-solidarite-avec-le-peuple-palestinien\/","name":"Union des \u00e9crivains alg\u00e9riens: une rencontre de solidarit\u00e9 avec le peuple palestinien - El Mawkie","isPartOf":{"@id":"https:\/\/elmawkie.dz\/fr\/#website"},"primaryImageOfPage":{"@id":"https:\/\/elmawkie.dz\/fr\/union-des-ecrivains-algeriens-une-rencontre-de-solidarite-avec-le-peuple-palestinien\/#primaryimage"},"image":{"@id":"https:\/\/elmawkie.dz\/fr\/union-des-ecrivains-algeriens-une-rencontre-de-solidarite-avec-le-peuple-palestinien\/#primaryimage"},"thumbnailUrl":"https:\/\/elmawkie.dz\/fr\/wp-content\/uploads\/2024\/10\/IMG_3931.jpeg","datePublished":"2024-10-26T21:55:02+00:00","dateModified":"2024-10-26T21:55:02+00:00","breadcrumb":{"@id":"https:\/\/elmawkie.dz\/fr\/union-des-ecrivains-algeriens-une-rencontre-de-solidarite-avec-le-peuple-palestinien\/#breadcrumb"},"inLanguage":"fr-FR","potentialAction":[{"@type":"ReadAction","target":["https:\/\/elmawkie.dz\/fr\/union-des-ecrivains-algeriens-une-rencontre-de-solidarite-avec-le-peuple-palestinien\/"]}]},{"@type":"ImageObject","inLanguage":"fr-FR","@id":"https:\/\/elmawkie.dz\/fr\/union-des-ecrivains-algeriens-une-rencontre-de-solidarite-avec-le-peuple-palestinien\/#primaryimage","url":"https:\/\/elmawkie.dz\/fr\/wp-content\/uploads\/2024\/10\/IMG_3931.jpeg","contentUrl":"https:\/\/elmawkie.dz\/fr\/wp-content\/uploads\/2024\/10\/IMG_3931.jpeg","width":640,"height":479},{"@type":"BreadcrumbList","@id":"https:\/\/elmawkie.dz\/fr\/union-des-ecrivains-algeriens-une-rencontre-de-solidarite-avec-le-peuple-palestinien\/#breadcrumb","itemListElement":[{"@type":"ListItem","position":1,"name":"Home","item":"https:\/\/elmawkie.dz\/fr\/"},{"@type":"ListItem","position":2,"name":"Union des \u00e9crivains alg\u00e9riens: une rencontre de solidarit\u00e9 avec le peuple palestinien"}]},{"@type":"WebSite","@id":"https:\/\/elmawkie.dz\/fr\/#website","url":"https:\/\/elmawkie.dz\/fr\/","name":"EL MAWKIE","description":"Journal \u00c9lectronique Alg\u00e9rien","publisher":{"@id":"https:\/\/elmawkie.dz\/fr\/#organization"},"potentialAction":[{"@type":"SearchAction","target":{"@type":"EntryPoint","urlTemplate":"https:\/\/elmawkie.dz\/fr\/?s={search_term_string}"},"query-input":"required name=search_term_string"}],"inLanguage":"fr-FR"},{"@type":"Organization","@id":"https:\/\/elmawkie.dz\/fr\/#organization","name":"EL MAWKIE","url":"https:\/\/elmawkie.dz\/fr\/","logo":{"@type":"ImageObject","inLanguage":"fr-FR","@id":"https:\/\/elmawkie.dz\/fr\/#\/schema\/logo\/image\/","url":"https:\/\/elmawkie.dz\/fr\/wp-content\/uploads\/2024\/05\/logo1.png","contentUrl":"https:\/\/elmawkie.dz\/fr\/wp-content\/uploads\/2024\/05\/logo1.png","width":1648,"height":652,"caption":"EL MAWKIE"},"image":{"@id":"https:\/\/elmawkie.dz\/fr\/#\/schema\/logo\/image\/"},"sameAs":["https:\/\/www.facebook.com\/profile.php?id=100088407094989&locale=fr_FR"]},{"@type":"Person","@id":"https:\/\/elmawkie.dz\/fr\/#\/schema\/person\/e7bd59d6467874ba5c4723d8a9f0a63c","name":"R\u00e9daction","image":{"@type":"ImageObject","inLanguage":"fr-FR","@id":"https:\/\/elmawkie.dz\/fr\/#\/schema\/person\/image\/","url":"https:\/\/secure.gravatar.com\/avatar\/f0f773456344da4d2788c054a3d30a0c?s=96&d=mm&r=g","contentUrl":"https:\/\/secure.gravatar.com\/avatar\/f0f773456344da4d2788c054a3d30a0c?s=96&d=mm&r=g","caption":"R\u00e9daction"},"url":"https:\/\/elmawkie.dz\/fr\/author\/redaction\/"}]}},"_links":{"self":[{"href":"https:\/\/elmawkie.dz\/fr\/wp-json\/wp\/v2\/posts\/6064","targetHints":{"allow":["GET"]}}],"collection":[{"href":"https:\/\/elmawkie.dz\/fr\/wp-json\/wp\/v2\/posts"}],"about":[{"href":"https:\/\/elmawkie.dz\/fr\/wp-json\/wp\/v2\/types\/post"}],"author":[{"embeddable":true,"href":"https:\/\/elmawkie.dz\/fr\/wp-json\/wp\/v2\/users\/9"}],"replies":[{"embeddable":true,"href":"https:\/\/elmawkie.dz\/fr\/wp-json\/wp\/v2\/comments?post=6064"}],"version-history":[{"count":0,"href":"https:\/\/elmawkie.dz\/fr\/wp-json\/wp\/v2\/posts\/6064\/revisions"}],"wp:featuredmedia":[{"embeddable":true,"href":"https:\/\/elmawkie.dz\/fr\/wp-json\/wp\/v2\/media\/6067"}],"wp:attachment":[{"href":"https:\/\/elmawkie.dz\/fr\/wp-json\/wp\/v2\/media?parent=6064"}],"wp:term":[{"taxonomy":"category","embeddable":true,"href":"https:\/\/elmawkie.dz\/fr\/wp-json\/wp\/v2\/categories?post=6064"},{"taxonomy":"post_tag","embeddable":true,"href":"https:\/\/elmawkie.dz\/fr\/wp-json\/wp\/v2\/tags?post=6064"}],"curies":[{"name":"wp","href":"https:\/\/api.w.org\/{rel}","templated":true}]}}