{"id":6059,"date":"2024-10-26T22:39:08","date_gmt":"2024-10-26T21:39:08","guid":{"rendered":"https:\/\/elmawkie.dz\/fr\/?p=6059"},"modified":"2024-10-26T22:39:08","modified_gmt":"2024-10-26T21:39:08","slug":"guelma-ouverture-du-11eme-forum-international-sur-la-vie-et-loeuvre-de-kateb-yacine","status":"publish","type":"post","link":"https:\/\/elmawkie.dz\/fr\/guelma-ouverture-du-11eme-forum-international-sur-la-vie-et-loeuvre-de-kateb-yacine\/","title":{"rendered":"Guelma : Ouverture du 11\u00e8me Forum international sur la vie et l\u2019\u0153uvre de Kateb Yacine"},"content":{"rendered":"<p><em><strong>Le 11e Forum international sur la vie et les \u00e9crits de Kateb Yacine, co\u00efncidant avec le 35e anniversaire de sa mort (1929-1989), et qui s\u2019est ouvert samedi \u00e0 Guelma, a mis en avant le fait que les \u0153uvres litt\u00e9raires et th\u00e9\u00e2trales de l&rsquo;\u00e9crivain ont \u00e9man\u00e9 de l&rsquo;environnement g\u00e9ographique et social o\u00f9 il a \u00e9volu\u00e9 pour devenir une pens\u00e9e philosophique de rayonnement mondial. Intervenant lors de l&rsquo;ouverture de cette \u00e9dition du Forum, organis\u00e9e au centre culturel islamique Embarek-Boulouh sous le patronage du minist\u00e8re de la Culture et des Arts, sur le th\u00e8me des \u00ab\u00a0deux phases litt\u00e9raires de Kateb : convergences, diff\u00e9rences et influences\u00a0\u00bb, Hocine Meliani, inspecteur g\u00e9n\u00e9ral de la wilaya de Guelma, a d\u00e9clar\u00e9 que l&rsquo;environnement g\u00e9ographique et social dans lequel Kateb Yacine a v\u00e9cu, a eu \u00ab\u00a0une grande influence sur ses \u0153uvres et a confirm\u00e9 l&rsquo;adage selon lequel l&rsquo;homme est le fils de son environnement\u00a0\u00bb. Il a rappel\u00e9 que la famille de Kateb Yacine est originaire de la r\u00e9gion d&rsquo;Ain Ghrour, dans la commune de Hammam N\u2019bails, connue pour sa r\u00e9sistance au colonisateur fran\u00e7ais et son attachement aux valeurs de l&rsquo;identit\u00e9 alg\u00e9rienne, notamment la langue arabe et l\u2019islam, ajoutant que cette r\u00e9gion \u00ab\u00a0entour\u00e9e de montagnes majestueuses a \u00e9t\u00e9 une source d&rsquo;inspiration pour Kateb Yacine, a aiguis\u00e9 son talent et renforc\u00e9 ses liens \u00e9troits avec ses origines\u00a0\u00bb. Ali Abbassi, pr\u00e9sident de l&rsquo;Association pour la promotion du tourisme et la revitalisation culturelle de la wilaya de Guelma, initiatrice de l&rsquo;\u00e9v\u00e9nement, a indiqu\u00e9 de son c\u00f4t\u00e9, dans son intervention, que la r\u00e9gion d&rsquo;Ain Ghrour dont est originaire Kateb Yacine est \u00ab\u00a0le lieu o\u00f9 il a puis\u00e9 l&rsquo;inspiration pour ses romans et ses pi\u00e8ces de th\u00e9\u00e2tre, et le lieu qui lui a donn\u00e9 la force d&rsquo;exprimer la r\u00e9alit\u00e9 des classes populaires\u00a0\u00bb. Le professeur Mansour Mehenni, professeur de litt\u00e9rature et civilisation fran\u00e7aises \u00e0 l&rsquo;universit\u00e9 de Tunis Manar, et pr\u00e9sident du conseil scientifique du Forum international Kateb Yacine depuis 2015, a soulign\u00e9, quant \u00e0 lui, que la relation \u00e9troite entre les \u0153uvres de Kateb, notamment son chef-d&rsquo;\u0153uvre \u00ab\u00a0Nedjma\u00a0\u00bb et le th\u00e9\u00e2tre populaire, a fait que sa pens\u00e9e s\u2019est int\u00e9gr\u00e9e aux dimensions litt\u00e9raires, philosophiques et sociales universelles. Une pens\u00e9e, a-t-il dit, \u00ab\u00a0marqu\u00e9e par une vision d&rsquo;avenir ouverte au d\u00e9veloppement\u00a0\u00bb. La premi\u00e8re session scientifique de la rencontre a vu la pr\u00e9sentation de plusieurs interventions dont celle de Mme Fouzia Daifallah, professeur au d\u00e9partement de philosophie \u00e0 l&rsquo;universit\u00e9 Tunis Manar, intitul\u00e9e \u00ab\u00a0Etude comparative entre +Le cadavre Encercl\u00e9+ et +L&rsquo;homme aux sandales de caoutchouc+, deux p\u00e9riodes cl\u00e9s du th\u00e9\u00e2tre de Kateb Yacine\u00a0\u00bb, dans laquelle elle a estim\u00e9 que l&rsquo;\u00e9crivain est parti du th\u00e9\u00e2tre tragique et de l&rsquo;id\u00e9e du colonialisme et de la r\u00e9sistance dans \u00ab\u00a0Le cadavre encercl\u00e9\u00a0\u00bb pour se transformer en une incarnation d&rsquo;une ic\u00f4ne mondiale qui d\u00e9fend l&rsquo;humanit\u00e9 et la libert\u00e9 dans le monde et qui affronte l&rsquo;imp\u00e9rialisme et le capitalisme dans \u00ab\u00a0L&rsquo;homme aux sandales de caoutchouc\u00a0\u00bb. Le programme de ce forum international de quatre jours, qui donnera \u00e9galement lieu \u00e0 des visites touristiques aux sites naturels de la wilaya de Guelma, pr\u00e9voit la pr\u00e9sentation de 17 interventions de professeurs de plusieurs universit\u00e9s alg\u00e9riennes ainsi que de chercheurs et sp\u00e9cialistes \u00e9trangers s\u2019int\u00e9ressant fortement \u00e0 la litt\u00e9rature kat\u00e9bienne, venus d&rsquo;institutions universitaires et de centres sp\u00e9cialis\u00e9s de France, de Tunisie et d&rsquo;Italie. <\/strong><\/em><\/p>\n","protected":false},"excerpt":{"rendered":"<p>Le 11e Forum international sur la vie et les \u00e9crits de Kateb Yacine, co\u00efncidant avec le 35e anniversaire de sa mort (1929-1989), et qui s\u2019est ouvert samedi \u00e0 Guelma, a mis en avant le fait que les \u0153uvres litt\u00e9raires et th\u00e9\u00e2trales de l&rsquo;\u00e9crivain ont \u00e9man\u00e9 de l&rsquo;environnement g\u00e9ographique et social o\u00f9 il a \u00e9volu\u00e9 pour &hellip;<\/p>\n","protected":false},"author":9,"featured_media":6060,"comment_status":"open","ping_status":"open","sticky":false,"template":"","format":"standard","meta":{"footnotes":""},"categories":[3],"tags":[1114,1112,1111,1113],"class_list":["post-6059","post","type-post","status-publish","format-standard","has-post-thumbnail","hentry","category-bs-culture","tag-forum-international","tag-guelma","tag-kateb-yacine","tag-la-vie-et-loeuvre"],"yoast_head":"<!-- This site is optimized with the Yoast SEO Premium plugin v22.6 (Yoast SEO v22.6) - https:\/\/yoast.com\/wordpress\/plugins\/seo\/ -->\n<title>Guelma : Ouverture du 11\u00e8me Forum international sur la vie et l\u2019\u0153uvre de Kateb Yacine - El Mawkie<\/title>\n<meta name=\"robots\" content=\"index, follow, max-snippet:-1, max-image-preview:large, max-video-preview:-1\" \/>\n<link rel=\"canonical\" href=\"https:\/\/elmawkie.dz\/fr\/guelma-ouverture-du-11eme-forum-international-sur-la-vie-et-loeuvre-de-kateb-yacine\/\" \/>\n<meta property=\"og:locale\" content=\"fr_FR\" \/>\n<meta property=\"og:type\" content=\"article\" \/>\n<meta property=\"og:title\" content=\"Guelma : Ouverture du 11\u00e8me Forum international sur la vie et l\u2019\u0153uvre de Kateb Yacine\" \/>\n<meta property=\"og:description\" content=\"Le 11e Forum international sur la vie et les \u00e9crits de Kateb Yacine, co\u00efncidant avec le 35e anniversaire de sa mort (1929-1989), et qui s\u2019est ouvert samedi \u00e0 Guelma, a mis en avant le fait que les \u0153uvres litt\u00e9raires et th\u00e9\u00e2trales de l&rsquo;\u00e9crivain ont \u00e9man\u00e9 de l&rsquo;environnement g\u00e9ographique et social o\u00f9 il a \u00e9volu\u00e9 pour &hellip;\" \/>\n<meta property=\"og:url\" content=\"https:\/\/elmawkie.dz\/fr\/guelma-ouverture-du-11eme-forum-international-sur-la-vie-et-loeuvre-de-kateb-yacine\/\" \/>\n<meta property=\"og:site_name\" content=\"El Mawkie\" \/>\n<meta property=\"article:publisher\" content=\"https:\/\/www.facebook.com\/profile.php?id=100088407094989&amp;locale=fr_FR\" \/>\n<meta property=\"article:published_time\" content=\"2024-10-26T21:39:08+00:00\" \/>\n<meta property=\"og:image\" content=\"https:\/\/elmawkie.dz\/fr\/wp-content\/uploads\/2024\/10\/IMG_3930.jpeg\" \/>\n\t<meta property=\"og:image:width\" content=\"2048\" \/>\n\t<meta property=\"og:image:height\" content=\"921\" \/>\n\t<meta property=\"og:image:type\" content=\"image\/jpeg\" \/>\n<meta name=\"author\" content=\"R\u00e9daction\" \/>\n<meta name=\"twitter:card\" content=\"summary_large_image\" \/>\n<meta name=\"twitter:label1\" content=\"Written by\" \/>\n\t<meta name=\"twitter:data1\" content=\"R\u00e9daction\" \/>\n\t<meta name=\"twitter:label2\" content=\"Est. reading time\" \/>\n\t<meta name=\"twitter:data2\" content=\"3 minutes\" \/>\n<script type=\"application\/ld+json\" class=\"yoast-schema-graph\">{\"@context\":\"https:\/\/schema.org\",\"@graph\":[{\"@type\":\"Article\",\"@id\":\"https:\/\/elmawkie.dz\/fr\/guelma-ouverture-du-11eme-forum-international-sur-la-vie-et-loeuvre-de-kateb-yacine\/#article\",\"isPartOf\":{\"@id\":\"https:\/\/elmawkie.dz\/fr\/guelma-ouverture-du-11eme-forum-international-sur-la-vie-et-loeuvre-de-kateb-yacine\/\"},\"author\":{\"name\":\"R\u00e9daction\",\"@id\":\"https:\/\/elmawkie.dz\/fr\/#\/schema\/person\/e7bd59d6467874ba5c4723d8a9f0a63c\"},\"headline\":\"Guelma : Ouverture du 11\u00e8me Forum international sur la vie et l\u2019\u0153uvre de Kateb Yacine\",\"datePublished\":\"2024-10-26T21:39:08+00:00\",\"dateModified\":\"2024-10-26T21:39:08+00:00\",\"mainEntityOfPage\":{\"@id\":\"https:\/\/elmawkie.dz\/fr\/guelma-ouverture-du-11eme-forum-international-sur-la-vie-et-loeuvre-de-kateb-yacine\/\"},\"wordCount\":631,\"commentCount\":0,\"publisher\":{\"@id\":\"https:\/\/elmawkie.dz\/fr\/#organization\"},\"image\":{\"@id\":\"https:\/\/elmawkie.dz\/fr\/guelma-ouverture-du-11eme-forum-international-sur-la-vie-et-loeuvre-de-kateb-yacine\/#primaryimage\"},\"thumbnailUrl\":\"https:\/\/elmawkie.dz\/fr\/wp-content\/uploads\/2024\/10\/IMG_3930.jpeg\",\"keywords\":[\"Forum international\",\"Guelma\",\"Kateb Yacine\",\"la vie et l\u2019\u0153uvre\"],\"articleSection\":[\"Culture\"],\"inLanguage\":\"fr-FR\",\"potentialAction\":[{\"@type\":\"CommentAction\",\"name\":\"Comment\",\"target\":[\"https:\/\/elmawkie.dz\/fr\/guelma-ouverture-du-11eme-forum-international-sur-la-vie-et-loeuvre-de-kateb-yacine\/#respond\"]}]},{\"@type\":\"WebPage\",\"@id\":\"https:\/\/elmawkie.dz\/fr\/guelma-ouverture-du-11eme-forum-international-sur-la-vie-et-loeuvre-de-kateb-yacine\/\",\"url\":\"https:\/\/elmawkie.dz\/fr\/guelma-ouverture-du-11eme-forum-international-sur-la-vie-et-loeuvre-de-kateb-yacine\/\",\"name\":\"Guelma : Ouverture du 11\u00e8me Forum international sur la vie et l\u2019\u0153uvre de Kateb Yacine - El Mawkie\",\"isPartOf\":{\"@id\":\"https:\/\/elmawkie.dz\/fr\/#website\"},\"primaryImageOfPage\":{\"@id\":\"https:\/\/elmawkie.dz\/fr\/guelma-ouverture-du-11eme-forum-international-sur-la-vie-et-loeuvre-de-kateb-yacine\/#primaryimage\"},\"image\":{\"@id\":\"https:\/\/elmawkie.dz\/fr\/guelma-ouverture-du-11eme-forum-international-sur-la-vie-et-loeuvre-de-kateb-yacine\/#primaryimage\"},\"thumbnailUrl\":\"https:\/\/elmawkie.dz\/fr\/wp-content\/uploads\/2024\/10\/IMG_3930.jpeg\",\"datePublished\":\"2024-10-26T21:39:08+00:00\",\"dateModified\":\"2024-10-26T21:39:08+00:00\",\"breadcrumb\":{\"@id\":\"https:\/\/elmawkie.dz\/fr\/guelma-ouverture-du-11eme-forum-international-sur-la-vie-et-loeuvre-de-kateb-yacine\/#breadcrumb\"},\"inLanguage\":\"fr-FR\",\"potentialAction\":[{\"@type\":\"ReadAction\",\"target\":[\"https:\/\/elmawkie.dz\/fr\/guelma-ouverture-du-11eme-forum-international-sur-la-vie-et-loeuvre-de-kateb-yacine\/\"]}]},{\"@type\":\"ImageObject\",\"inLanguage\":\"fr-FR\",\"@id\":\"https:\/\/elmawkie.dz\/fr\/guelma-ouverture-du-11eme-forum-international-sur-la-vie-et-loeuvre-de-kateb-yacine\/#primaryimage\",\"url\":\"https:\/\/elmawkie.dz\/fr\/wp-content\/uploads\/2024\/10\/IMG_3930.jpeg\",\"contentUrl\":\"https:\/\/elmawkie.dz\/fr\/wp-content\/uploads\/2024\/10\/IMG_3930.jpeg\",\"width\":2048,\"height\":921},{\"@type\":\"BreadcrumbList\",\"@id\":\"https:\/\/elmawkie.dz\/fr\/guelma-ouverture-du-11eme-forum-international-sur-la-vie-et-loeuvre-de-kateb-yacine\/#breadcrumb\",\"itemListElement\":[{\"@type\":\"ListItem\",\"position\":1,\"name\":\"Home\",\"item\":\"https:\/\/elmawkie.dz\/fr\/\"},{\"@type\":\"ListItem\",\"position\":2,\"name\":\"Guelma : Ouverture du 11\u00e8me Forum international sur la vie et l\u2019\u0153uvre de Kateb Yacine\"}]},{\"@type\":\"WebSite\",\"@id\":\"https:\/\/elmawkie.dz\/fr\/#website\",\"url\":\"https:\/\/elmawkie.dz\/fr\/\",\"name\":\"EL MAWKIE\",\"description\":\"Journal \u00c9lectronique Alg\u00e9rien\",\"publisher\":{\"@id\":\"https:\/\/elmawkie.dz\/fr\/#organization\"},\"potentialAction\":[{\"@type\":\"SearchAction\",\"target\":{\"@type\":\"EntryPoint\",\"urlTemplate\":\"https:\/\/elmawkie.dz\/fr\/?s={search_term_string}\"},\"query-input\":\"required name=search_term_string\"}],\"inLanguage\":\"fr-FR\"},{\"@type\":\"Organization\",\"@id\":\"https:\/\/elmawkie.dz\/fr\/#organization\",\"name\":\"EL MAWKIE\",\"url\":\"https:\/\/elmawkie.dz\/fr\/\",\"logo\":{\"@type\":\"ImageObject\",\"inLanguage\":\"fr-FR\",\"@id\":\"https:\/\/elmawkie.dz\/fr\/#\/schema\/logo\/image\/\",\"url\":\"https:\/\/elmawkie.dz\/fr\/wp-content\/uploads\/2024\/05\/logo1.png\",\"contentUrl\":\"https:\/\/elmawkie.dz\/fr\/wp-content\/uploads\/2024\/05\/logo1.png\",\"width\":1648,\"height\":652,\"caption\":\"EL MAWKIE\"},\"image\":{\"@id\":\"https:\/\/elmawkie.dz\/fr\/#\/schema\/logo\/image\/\"},\"sameAs\":[\"https:\/\/www.facebook.com\/profile.php?id=100088407094989&locale=fr_FR\"]},{\"@type\":\"Person\",\"@id\":\"https:\/\/elmawkie.dz\/fr\/#\/schema\/person\/e7bd59d6467874ba5c4723d8a9f0a63c\",\"name\":\"R\u00e9daction\",\"image\":{\"@type\":\"ImageObject\",\"inLanguage\":\"fr-FR\",\"@id\":\"https:\/\/elmawkie.dz\/fr\/#\/schema\/person\/image\/\",\"url\":\"https:\/\/secure.gravatar.com\/avatar\/f0f773456344da4d2788c054a3d30a0c?s=96&d=mm&r=g\",\"contentUrl\":\"https:\/\/secure.gravatar.com\/avatar\/f0f773456344da4d2788c054a3d30a0c?s=96&d=mm&r=g\",\"caption\":\"R\u00e9daction\"},\"url\":\"https:\/\/elmawkie.dz\/fr\/author\/redaction\/\"}]}<\/script>\n<!-- \/ Yoast SEO Premium plugin. -->","yoast_head_json":{"title":"Guelma : Ouverture du 11\u00e8me Forum international sur la vie et l\u2019\u0153uvre de Kateb Yacine - El Mawkie","robots":{"index":"index","follow":"follow","max-snippet":"max-snippet:-1","max-image-preview":"max-image-preview:large","max-video-preview":"max-video-preview:-1"},"canonical":"https:\/\/elmawkie.dz\/fr\/guelma-ouverture-du-11eme-forum-international-sur-la-vie-et-loeuvre-de-kateb-yacine\/","og_locale":"fr_FR","og_type":"article","og_title":"Guelma : Ouverture du 11\u00e8me Forum international sur la vie et l\u2019\u0153uvre de Kateb Yacine","og_description":"Le 11e Forum international sur la vie et les \u00e9crits de Kateb Yacine, co\u00efncidant avec le 35e anniversaire de sa mort (1929-1989), et qui s\u2019est ouvert samedi \u00e0 Guelma, a mis en avant le fait que les \u0153uvres litt\u00e9raires et th\u00e9\u00e2trales de l&rsquo;\u00e9crivain ont \u00e9man\u00e9 de l&rsquo;environnement g\u00e9ographique et social o\u00f9 il a \u00e9volu\u00e9 pour &hellip;","og_url":"https:\/\/elmawkie.dz\/fr\/guelma-ouverture-du-11eme-forum-international-sur-la-vie-et-loeuvre-de-kateb-yacine\/","og_site_name":"El Mawkie","article_publisher":"https:\/\/www.facebook.com\/profile.php?id=100088407094989&locale=fr_FR","article_published_time":"2024-10-26T21:39:08+00:00","og_image":[{"width":2048,"height":921,"url":"https:\/\/elmawkie.dz\/fr\/wp-content\/uploads\/2024\/10\/IMG_3930.jpeg","type":"image\/jpeg"}],"author":"R\u00e9daction","twitter_card":"summary_large_image","twitter_misc":{"Written by":"R\u00e9daction","Est. reading time":"3 minutes"},"schema":{"@context":"https:\/\/schema.org","@graph":[{"@type":"Article","@id":"https:\/\/elmawkie.dz\/fr\/guelma-ouverture-du-11eme-forum-international-sur-la-vie-et-loeuvre-de-kateb-yacine\/#article","isPartOf":{"@id":"https:\/\/elmawkie.dz\/fr\/guelma-ouverture-du-11eme-forum-international-sur-la-vie-et-loeuvre-de-kateb-yacine\/"},"author":{"name":"R\u00e9daction","@id":"https:\/\/elmawkie.dz\/fr\/#\/schema\/person\/e7bd59d6467874ba5c4723d8a9f0a63c"},"headline":"Guelma : Ouverture du 11\u00e8me Forum international sur la vie et l\u2019\u0153uvre de Kateb Yacine","datePublished":"2024-10-26T21:39:08+00:00","dateModified":"2024-10-26T21:39:08+00:00","mainEntityOfPage":{"@id":"https:\/\/elmawkie.dz\/fr\/guelma-ouverture-du-11eme-forum-international-sur-la-vie-et-loeuvre-de-kateb-yacine\/"},"wordCount":631,"commentCount":0,"publisher":{"@id":"https:\/\/elmawkie.dz\/fr\/#organization"},"image":{"@id":"https:\/\/elmawkie.dz\/fr\/guelma-ouverture-du-11eme-forum-international-sur-la-vie-et-loeuvre-de-kateb-yacine\/#primaryimage"},"thumbnailUrl":"https:\/\/elmawkie.dz\/fr\/wp-content\/uploads\/2024\/10\/IMG_3930.jpeg","keywords":["Forum international","Guelma","Kateb Yacine","la vie et l\u2019\u0153uvre"],"articleSection":["Culture"],"inLanguage":"fr-FR","potentialAction":[{"@type":"CommentAction","name":"Comment","target":["https:\/\/elmawkie.dz\/fr\/guelma-ouverture-du-11eme-forum-international-sur-la-vie-et-loeuvre-de-kateb-yacine\/#respond"]}]},{"@type":"WebPage","@id":"https:\/\/elmawkie.dz\/fr\/guelma-ouverture-du-11eme-forum-international-sur-la-vie-et-loeuvre-de-kateb-yacine\/","url":"https:\/\/elmawkie.dz\/fr\/guelma-ouverture-du-11eme-forum-international-sur-la-vie-et-loeuvre-de-kateb-yacine\/","name":"Guelma : Ouverture du 11\u00e8me Forum international sur la vie et l\u2019\u0153uvre de Kateb Yacine - El Mawkie","isPartOf":{"@id":"https:\/\/elmawkie.dz\/fr\/#website"},"primaryImageOfPage":{"@id":"https:\/\/elmawkie.dz\/fr\/guelma-ouverture-du-11eme-forum-international-sur-la-vie-et-loeuvre-de-kateb-yacine\/#primaryimage"},"image":{"@id":"https:\/\/elmawkie.dz\/fr\/guelma-ouverture-du-11eme-forum-international-sur-la-vie-et-loeuvre-de-kateb-yacine\/#primaryimage"},"thumbnailUrl":"https:\/\/elmawkie.dz\/fr\/wp-content\/uploads\/2024\/10\/IMG_3930.jpeg","datePublished":"2024-10-26T21:39:08+00:00","dateModified":"2024-10-26T21:39:08+00:00","breadcrumb":{"@id":"https:\/\/elmawkie.dz\/fr\/guelma-ouverture-du-11eme-forum-international-sur-la-vie-et-loeuvre-de-kateb-yacine\/#breadcrumb"},"inLanguage":"fr-FR","potentialAction":[{"@type":"ReadAction","target":["https:\/\/elmawkie.dz\/fr\/guelma-ouverture-du-11eme-forum-international-sur-la-vie-et-loeuvre-de-kateb-yacine\/"]}]},{"@type":"ImageObject","inLanguage":"fr-FR","@id":"https:\/\/elmawkie.dz\/fr\/guelma-ouverture-du-11eme-forum-international-sur-la-vie-et-loeuvre-de-kateb-yacine\/#primaryimage","url":"https:\/\/elmawkie.dz\/fr\/wp-content\/uploads\/2024\/10\/IMG_3930.jpeg","contentUrl":"https:\/\/elmawkie.dz\/fr\/wp-content\/uploads\/2024\/10\/IMG_3930.jpeg","width":2048,"height":921},{"@type":"BreadcrumbList","@id":"https:\/\/elmawkie.dz\/fr\/guelma-ouverture-du-11eme-forum-international-sur-la-vie-et-loeuvre-de-kateb-yacine\/#breadcrumb","itemListElement":[{"@type":"ListItem","position":1,"name":"Home","item":"https:\/\/elmawkie.dz\/fr\/"},{"@type":"ListItem","position":2,"name":"Guelma : Ouverture du 11\u00e8me Forum international sur la vie et l\u2019\u0153uvre de Kateb Yacine"}]},{"@type":"WebSite","@id":"https:\/\/elmawkie.dz\/fr\/#website","url":"https:\/\/elmawkie.dz\/fr\/","name":"EL MAWKIE","description":"Journal \u00c9lectronique Alg\u00e9rien","publisher":{"@id":"https:\/\/elmawkie.dz\/fr\/#organization"},"potentialAction":[{"@type":"SearchAction","target":{"@type":"EntryPoint","urlTemplate":"https:\/\/elmawkie.dz\/fr\/?s={search_term_string}"},"query-input":"required name=search_term_string"}],"inLanguage":"fr-FR"},{"@type":"Organization","@id":"https:\/\/elmawkie.dz\/fr\/#organization","name":"EL MAWKIE","url":"https:\/\/elmawkie.dz\/fr\/","logo":{"@type":"ImageObject","inLanguage":"fr-FR","@id":"https:\/\/elmawkie.dz\/fr\/#\/schema\/logo\/image\/","url":"https:\/\/elmawkie.dz\/fr\/wp-content\/uploads\/2024\/05\/logo1.png","contentUrl":"https:\/\/elmawkie.dz\/fr\/wp-content\/uploads\/2024\/05\/logo1.png","width":1648,"height":652,"caption":"EL MAWKIE"},"image":{"@id":"https:\/\/elmawkie.dz\/fr\/#\/schema\/logo\/image\/"},"sameAs":["https:\/\/www.facebook.com\/profile.php?id=100088407094989&locale=fr_FR"]},{"@type":"Person","@id":"https:\/\/elmawkie.dz\/fr\/#\/schema\/person\/e7bd59d6467874ba5c4723d8a9f0a63c","name":"R\u00e9daction","image":{"@type":"ImageObject","inLanguage":"fr-FR","@id":"https:\/\/elmawkie.dz\/fr\/#\/schema\/person\/image\/","url":"https:\/\/secure.gravatar.com\/avatar\/f0f773456344da4d2788c054a3d30a0c?s=96&d=mm&r=g","contentUrl":"https:\/\/secure.gravatar.com\/avatar\/f0f773456344da4d2788c054a3d30a0c?s=96&d=mm&r=g","caption":"R\u00e9daction"},"url":"https:\/\/elmawkie.dz\/fr\/author\/redaction\/"}]}},"_links":{"self":[{"href":"https:\/\/elmawkie.dz\/fr\/wp-json\/wp\/v2\/posts\/6059","targetHints":{"allow":["GET"]}}],"collection":[{"href":"https:\/\/elmawkie.dz\/fr\/wp-json\/wp\/v2\/posts"}],"about":[{"href":"https:\/\/elmawkie.dz\/fr\/wp-json\/wp\/v2\/types\/post"}],"author":[{"embeddable":true,"href":"https:\/\/elmawkie.dz\/fr\/wp-json\/wp\/v2\/users\/9"}],"replies":[{"embeddable":true,"href":"https:\/\/elmawkie.dz\/fr\/wp-json\/wp\/v2\/comments?post=6059"}],"version-history":[{"count":0,"href":"https:\/\/elmawkie.dz\/fr\/wp-json\/wp\/v2\/posts\/6059\/revisions"}],"wp:featuredmedia":[{"embeddable":true,"href":"https:\/\/elmawkie.dz\/fr\/wp-json\/wp\/v2\/media\/6060"}],"wp:attachment":[{"href":"https:\/\/elmawkie.dz\/fr\/wp-json\/wp\/v2\/media?parent=6059"}],"wp:term":[{"taxonomy":"category","embeddable":true,"href":"https:\/\/elmawkie.dz\/fr\/wp-json\/wp\/v2\/categories?post=6059"},{"taxonomy":"post_tag","embeddable":true,"href":"https:\/\/elmawkie.dz\/fr\/wp-json\/wp\/v2\/tags?post=6059"}],"curies":[{"name":"wp","href":"https:\/\/api.w.org\/{rel}","templated":true}]}}