{"id":60535,"date":"2025-12-28T22:48:36","date_gmt":"2025-12-28T21:48:36","guid":{"rendered":"https:\/\/elmawkie.dz\/fr\/?p=60535"},"modified":"2025-12-28T22:48:37","modified_gmt":"2025-12-28T21:48:37","slug":"can-2025-gr-e-2e-journee-algerie-burkina-faso-1-0-declarations-recueillies-apres-le-match","status":"publish","type":"post","link":"https:\/\/elmawkie.dz\/fr\/can-2025-gr-e-2e-journee-algerie-burkina-faso-1-0-declarations-recueillies-apres-le-match\/","title":{"rendered":"CAN-2025 (Gr.E\/ 2e journ\u00e9e) Alg\u00e9rie-Burkina Faso (1-0) : d\u00e9clarations recueillies apr\u00e8s le match"},"content":{"rendered":"\n<p>D\u00e9clarations des s\u00e9lectionneurs des \u00e9quipes alg\u00e9rienne et burkinab\u00e9, ainsi que celui de l&rsquo;homme du match, recueillies par l&rsquo;APS \u00e0 l\u2019issue de la victoire de l\u2019Alg\u00e9rie (1-0) dimanche soir, pour le compte de la 2e journ\u00e9e (Gr.E) de la Coupe d\u2019Afrique des nations CAN-2025 (21 d\u00e9cembre &#8211; 18 janvier 2026) : <\/p>\n\n\n\n<p>Vladimir Petkovic (s\u00e9lectionneur\/ Alg\u00e9rie) : \u00a0\u00bbC&rsquo;\u00e9tait un match difficile, de haut niveau. Nous nous sommes battus dans chaque centim\u00e8tre du terrain pour le gagner. La rencontre a \u00e9t\u00e9 assez \u00e9quilibr\u00e9e, mais nous avons \u00e9t\u00e9 l\u00e9g\u00e8rement sup\u00e9rieurs \u00e0 notre adversaire. Je f\u00e9licite mon \u00e9quipe pour cette qualification, m\u00eame si nous avons connu quelques difficult\u00e9s. <br>En seconde p\u00e9riode, nous aurions pu faire le break. L\u2019essentiel reste la qualification. A partir de demain (lundi), nous allons nous concentrer sur notre prochain match (face \u00e0 la Guin\u00e9e \u00e9quatoriale, NDLR), avec l\u2019objectif \u00e9vident de le remporter. Je vais op\u00e9rer des changements lors de cette rencontre, afin de faire tourner l\u2019effectif et de permettre \u00e0 certains \u00e9l\u00e9ments de se reposer. Notre objectif est de remporter le sacre et, petit \u00e0 petit, nous allons y parvenir. Le Burkina Faso a mieux jou\u00e9 que ce \u00e0 quoi je m\u2019attendais, donc, il a fallu changer de strat\u00e9gie en seconde p\u00e9riode, car nous \u00e9tions en difficult\u00e9\u00a0\u00bb.<\/p>\n\n\n\n<p>Brama Traor\u00e9 (s\u00e9lectionneur\/ Burkina Faso) : \u00a0\u00bbCe match nous tenait vraiment \u00e0 c\u0153ur et nous l\u2019avons abord\u00e9 avec l\u2019intention de le gagner. Nous avons beaucoup de regrets pour notre peuple et pour nos supporters qui se sont d\u00e9plac\u00e9s pour nous soutenir. Nous avons affront\u00e9 une tr\u00e8s bonne \u00e9quipe alg\u00e9rienne. Nous avons essay\u00e9 de fermer les intervalles et de partir ensuite dans leur dos. Le plan tactique n\u2019\u00e9tait pas mauvais, il a \u00e9t\u00e9 mis en place en fonction de l\u2019adversaire, mais le penalty a chang\u00e9 le cours du match. Nous n\u2019avons pas r\u00e9ussi \u00e0 revenir au score en seconde p\u00e9riode. Un match dure 90 minutes, il faut savoir le g\u00e9rer et le gagner, ce que nous n\u2019avons pas r\u00e9ussi \u00e0 faire. Nous restons ambitieux et nous continuerons \u00e0 nous battre, \u00e0 commencer par ce dernier match face au Soudan, qui constitue la cl\u00e9 de notre qualification pour les huiti\u00e8mes de finale\u00a0\u00bb.<\/p>\n\n\n\n<p>Ibrahim Maza (homme du match) : \u00a0\u00bbCette distinction personnelle a \u00e9t\u00e9 obtenue gr\u00e2ce \u00e0 la contribution de mes co\u00e9quipiers. Nous sommes qualifi\u00e9s pour le prochain tour et nous avons tout fait pour atteindre ce premier objectif. C\u2019\u00e9tait un match tr\u00e8s difficile, mais nous avons tout donn\u00e9 pour remporter, ce qui a \u00e9t\u00e9 fait. Nous avons manqu\u00e9 plusieurs occasions, y compris moi-m\u00eame. Le Burkina Faso s\u2019attendait \u00e9galement \u00e0 valider sa qualification aujourd\u2019hui. Sur le plan personnel, il est difficile de dire si je serai titulaire \u00e0 l\u2019avenir ou non. Je suis surtout heureux d\u2019avoir partag\u00e9 la pelouse avec mon co\u00e9quipier. J\u2019ai \u00e9galement pu retrouver mon partenaire en club, Edmond Tapsoba, mais je ne l\u2019ai pas \u00e9nerv\u00e9 (rires)\u00a0\u00bb.&nbsp;<\/p>\n","protected":false},"excerpt":{"rendered":"<p>D\u00e9clarations des s\u00e9lectionneurs des \u00e9quipes alg\u00e9rienne et burkinab\u00e9, ainsi que celui de l&rsquo;homme du match, recueillies par l&rsquo;APS \u00e0 l\u2019issue de la victoire de l\u2019Alg\u00e9rie (1-0) dimanche soir, pour le compte de la 2e journ\u00e9e (Gr.E) de la Coupe d\u2019Afrique des nations CAN-2025 (21 d\u00e9cembre &#8211; 18 janvier 2026) : Vladimir Petkovic (s\u00e9lectionneur\/ Alg\u00e9rie) : &hellip;<\/p>\n","protected":false},"author":9,"featured_media":60537,"comment_status":"open","ping_status":"open","sticky":false,"template":"","format":"standard","meta":{"footnotes":""},"categories":[57],"tags":[],"class_list":["post-60535","post","type-post","status-publish","format-standard","has-post-thumbnail","hentry","category-sport"],"yoast_head":"<!-- This site is optimized with the Yoast SEO Premium plugin v22.6 (Yoast SEO v22.6) - https:\/\/yoast.com\/wordpress\/plugins\/seo\/ -->\n<title>CAN-2025 (Gr.E\/ 2e journ\u00e9e) Alg\u00e9rie-Burkina Faso (1-0) : d\u00e9clarations recueillies apr\u00e8s le match - El Mawkie<\/title>\n<meta name=\"robots\" content=\"index, follow, max-snippet:-1, max-image-preview:large, max-video-preview:-1\" \/>\n<link rel=\"canonical\" href=\"https:\/\/elmawkie.dz\/fr\/can-2025-gr-e-2e-journee-algerie-burkina-faso-1-0-declarations-recueillies-apres-le-match\/\" \/>\n<meta property=\"og:locale\" content=\"fr_FR\" \/>\n<meta property=\"og:type\" content=\"article\" \/>\n<meta property=\"og:title\" content=\"CAN-2025 (Gr.E\/ 2e journ\u00e9e) Alg\u00e9rie-Burkina Faso (1-0) : d\u00e9clarations recueillies apr\u00e8s le match\" \/>\n<meta property=\"og:description\" content=\"D\u00e9clarations des s\u00e9lectionneurs des \u00e9quipes alg\u00e9rienne et burkinab\u00e9, ainsi que celui de l&rsquo;homme du match, recueillies par l&rsquo;APS \u00e0 l\u2019issue de la victoire de l\u2019Alg\u00e9rie (1-0) dimanche soir, pour le compte de la 2e journ\u00e9e (Gr.E) de la Coupe d\u2019Afrique des nations CAN-2025 (21 d\u00e9cembre &#8211; 18 janvier 2026) : Vladimir Petkovic (s\u00e9lectionneur\/ Alg\u00e9rie) : &hellip;\" \/>\n<meta property=\"og:url\" content=\"https:\/\/elmawkie.dz\/fr\/can-2025-gr-e-2e-journee-algerie-burkina-faso-1-0-declarations-recueillies-apres-le-match\/\" \/>\n<meta property=\"og:site_name\" content=\"El Mawkie\" \/>\n<meta property=\"article:publisher\" content=\"https:\/\/www.facebook.com\/profile.php?id=100088407094989&amp;locale=fr_FR\" \/>\n<meta property=\"article:published_time\" content=\"2025-12-28T21:48:36+00:00\" \/>\n<meta property=\"article:modified_time\" content=\"2025-12-28T21:48:37+00:00\" \/>\n<meta property=\"og:image\" content=\"https:\/\/elmawkie.dz\/fr\/wp-content\/uploads\/2025\/12\/IMG_6238.jpeg\" \/>\n\t<meta property=\"og:image:width\" content=\"2048\" \/>\n\t<meta property=\"og:image:height\" content=\"1364\" \/>\n\t<meta property=\"og:image:type\" content=\"image\/jpeg\" \/>\n<meta name=\"author\" content=\"R\u00e9daction\" \/>\n<meta name=\"twitter:card\" content=\"summary_large_image\" \/>\n<meta name=\"twitter:label1\" content=\"Written by\" \/>\n\t<meta name=\"twitter:data1\" content=\"R\u00e9daction\" \/>\n\t<meta name=\"twitter:label2\" content=\"Est. reading time\" \/>\n\t<meta name=\"twitter:data2\" content=\"3 minutes\" \/>\n<script type=\"application\/ld+json\" class=\"yoast-schema-graph\">{\"@context\":\"https:\/\/schema.org\",\"@graph\":[{\"@type\":\"Article\",\"@id\":\"https:\/\/elmawkie.dz\/fr\/can-2025-gr-e-2e-journee-algerie-burkina-faso-1-0-declarations-recueillies-apres-le-match\/#article\",\"isPartOf\":{\"@id\":\"https:\/\/elmawkie.dz\/fr\/can-2025-gr-e-2e-journee-algerie-burkina-faso-1-0-declarations-recueillies-apres-le-match\/\"},\"author\":{\"name\":\"R\u00e9daction\",\"@id\":\"https:\/\/elmawkie.dz\/fr\/#\/schema\/person\/e7bd59d6467874ba5c4723d8a9f0a63c\"},\"headline\":\"CAN-2025 (Gr.E\/ 2e journ\u00e9e) Alg\u00e9rie-Burkina Faso (1-0) : d\u00e9clarations recueillies apr\u00e8s le match\",\"datePublished\":\"2025-12-28T21:48:36+00:00\",\"dateModified\":\"2025-12-28T21:48:37+00:00\",\"mainEntityOfPage\":{\"@id\":\"https:\/\/elmawkie.dz\/fr\/can-2025-gr-e-2e-journee-algerie-burkina-faso-1-0-declarations-recueillies-apres-le-match\/\"},\"wordCount\":531,\"commentCount\":0,\"publisher\":{\"@id\":\"https:\/\/elmawkie.dz\/fr\/#organization\"},\"image\":{\"@id\":\"https:\/\/elmawkie.dz\/fr\/can-2025-gr-e-2e-journee-algerie-burkina-faso-1-0-declarations-recueillies-apres-le-match\/#primaryimage\"},\"thumbnailUrl\":\"https:\/\/elmawkie.dz\/fr\/wp-content\/uploads\/2025\/12\/IMG_6238.jpeg\",\"articleSection\":[\"Sport\"],\"inLanguage\":\"fr-FR\",\"potentialAction\":[{\"@type\":\"CommentAction\",\"name\":\"Comment\",\"target\":[\"https:\/\/elmawkie.dz\/fr\/can-2025-gr-e-2e-journee-algerie-burkina-faso-1-0-declarations-recueillies-apres-le-match\/#respond\"]}]},{\"@type\":\"WebPage\",\"@id\":\"https:\/\/elmawkie.dz\/fr\/can-2025-gr-e-2e-journee-algerie-burkina-faso-1-0-declarations-recueillies-apres-le-match\/\",\"url\":\"https:\/\/elmawkie.dz\/fr\/can-2025-gr-e-2e-journee-algerie-burkina-faso-1-0-declarations-recueillies-apres-le-match\/\",\"name\":\"CAN-2025 (Gr.E\/ 2e journ\u00e9e) Alg\u00e9rie-Burkina Faso (1-0) : d\u00e9clarations recueillies apr\u00e8s le match - El Mawkie\",\"isPartOf\":{\"@id\":\"https:\/\/elmawkie.dz\/fr\/#website\"},\"primaryImageOfPage\":{\"@id\":\"https:\/\/elmawkie.dz\/fr\/can-2025-gr-e-2e-journee-algerie-burkina-faso-1-0-declarations-recueillies-apres-le-match\/#primaryimage\"},\"image\":{\"@id\":\"https:\/\/elmawkie.dz\/fr\/can-2025-gr-e-2e-journee-algerie-burkina-faso-1-0-declarations-recueillies-apres-le-match\/#primaryimage\"},\"thumbnailUrl\":\"https:\/\/elmawkie.dz\/fr\/wp-content\/uploads\/2025\/12\/IMG_6238.jpeg\",\"datePublished\":\"2025-12-28T21:48:36+00:00\",\"dateModified\":\"2025-12-28T21:48:37+00:00\",\"breadcrumb\":{\"@id\":\"https:\/\/elmawkie.dz\/fr\/can-2025-gr-e-2e-journee-algerie-burkina-faso-1-0-declarations-recueillies-apres-le-match\/#breadcrumb\"},\"inLanguage\":\"fr-FR\",\"potentialAction\":[{\"@type\":\"ReadAction\",\"target\":[\"https:\/\/elmawkie.dz\/fr\/can-2025-gr-e-2e-journee-algerie-burkina-faso-1-0-declarations-recueillies-apres-le-match\/\"]}]},{\"@type\":\"ImageObject\",\"inLanguage\":\"fr-FR\",\"@id\":\"https:\/\/elmawkie.dz\/fr\/can-2025-gr-e-2e-journee-algerie-burkina-faso-1-0-declarations-recueillies-apres-le-match\/#primaryimage\",\"url\":\"https:\/\/elmawkie.dz\/fr\/wp-content\/uploads\/2025\/12\/IMG_6238.jpeg\",\"contentUrl\":\"https:\/\/elmawkie.dz\/fr\/wp-content\/uploads\/2025\/12\/IMG_6238.jpeg\",\"width\":2048,\"height\":1364},{\"@type\":\"BreadcrumbList\",\"@id\":\"https:\/\/elmawkie.dz\/fr\/can-2025-gr-e-2e-journee-algerie-burkina-faso-1-0-declarations-recueillies-apres-le-match\/#breadcrumb\",\"itemListElement\":[{\"@type\":\"ListItem\",\"position\":1,\"name\":\"Home\",\"item\":\"https:\/\/elmawkie.dz\/fr\/\"},{\"@type\":\"ListItem\",\"position\":2,\"name\":\"CAN-2025 (Gr.E\/ 2e journ\u00e9e) Alg\u00e9rie-Burkina Faso (1-0) : d\u00e9clarations recueillies apr\u00e8s le match\"}]},{\"@type\":\"WebSite\",\"@id\":\"https:\/\/elmawkie.dz\/fr\/#website\",\"url\":\"https:\/\/elmawkie.dz\/fr\/\",\"name\":\"EL MAWKIE\",\"description\":\"Journal \u00c9lectronique Alg\u00e9rien\",\"publisher\":{\"@id\":\"https:\/\/elmawkie.dz\/fr\/#organization\"},\"potentialAction\":[{\"@type\":\"SearchAction\",\"target\":{\"@type\":\"EntryPoint\",\"urlTemplate\":\"https:\/\/elmawkie.dz\/fr\/?s={search_term_string}\"},\"query-input\":\"required name=search_term_string\"}],\"inLanguage\":\"fr-FR\"},{\"@type\":\"Organization\",\"@id\":\"https:\/\/elmawkie.dz\/fr\/#organization\",\"name\":\"EL MAWKIE\",\"url\":\"https:\/\/elmawkie.dz\/fr\/\",\"logo\":{\"@type\":\"ImageObject\",\"inLanguage\":\"fr-FR\",\"@id\":\"https:\/\/elmawkie.dz\/fr\/#\/schema\/logo\/image\/\",\"url\":\"https:\/\/elmawkie.dz\/fr\/wp-content\/uploads\/2024\/05\/logo1.png\",\"contentUrl\":\"https:\/\/elmawkie.dz\/fr\/wp-content\/uploads\/2024\/05\/logo1.png\",\"width\":1648,\"height\":652,\"caption\":\"EL MAWKIE\"},\"image\":{\"@id\":\"https:\/\/elmawkie.dz\/fr\/#\/schema\/logo\/image\/\"},\"sameAs\":[\"https:\/\/www.facebook.com\/profile.php?id=100088407094989&locale=fr_FR\"]},{\"@type\":\"Person\",\"@id\":\"https:\/\/elmawkie.dz\/fr\/#\/schema\/person\/e7bd59d6467874ba5c4723d8a9f0a63c\",\"name\":\"R\u00e9daction\",\"image\":{\"@type\":\"ImageObject\",\"inLanguage\":\"fr-FR\",\"@id\":\"https:\/\/elmawkie.dz\/fr\/#\/schema\/person\/image\/\",\"url\":\"https:\/\/secure.gravatar.com\/avatar\/f0f773456344da4d2788c054a3d30a0c?s=96&d=mm&r=g\",\"contentUrl\":\"https:\/\/secure.gravatar.com\/avatar\/f0f773456344da4d2788c054a3d30a0c?s=96&d=mm&r=g\",\"caption\":\"R\u00e9daction\"},\"url\":\"https:\/\/elmawkie.dz\/fr\/author\/redaction\/\"}]}<\/script>\n<!-- \/ Yoast SEO Premium plugin. -->","yoast_head_json":{"title":"CAN-2025 (Gr.E\/ 2e journ\u00e9e) Alg\u00e9rie-Burkina Faso (1-0) : d\u00e9clarations recueillies apr\u00e8s le match - El Mawkie","robots":{"index":"index","follow":"follow","max-snippet":"max-snippet:-1","max-image-preview":"max-image-preview:large","max-video-preview":"max-video-preview:-1"},"canonical":"https:\/\/elmawkie.dz\/fr\/can-2025-gr-e-2e-journee-algerie-burkina-faso-1-0-declarations-recueillies-apres-le-match\/","og_locale":"fr_FR","og_type":"article","og_title":"CAN-2025 (Gr.E\/ 2e journ\u00e9e) Alg\u00e9rie-Burkina Faso (1-0) : d\u00e9clarations recueillies apr\u00e8s le match","og_description":"D\u00e9clarations des s\u00e9lectionneurs des \u00e9quipes alg\u00e9rienne et burkinab\u00e9, ainsi que celui de l&rsquo;homme du match, recueillies par l&rsquo;APS \u00e0 l\u2019issue de la victoire de l\u2019Alg\u00e9rie (1-0) dimanche soir, pour le compte de la 2e journ\u00e9e (Gr.E) de la Coupe d\u2019Afrique des nations CAN-2025 (21 d\u00e9cembre &#8211; 18 janvier 2026) : Vladimir Petkovic (s\u00e9lectionneur\/ Alg\u00e9rie) : &hellip;","og_url":"https:\/\/elmawkie.dz\/fr\/can-2025-gr-e-2e-journee-algerie-burkina-faso-1-0-declarations-recueillies-apres-le-match\/","og_site_name":"El Mawkie","article_publisher":"https:\/\/www.facebook.com\/profile.php?id=100088407094989&locale=fr_FR","article_published_time":"2025-12-28T21:48:36+00:00","article_modified_time":"2025-12-28T21:48:37+00:00","og_image":[{"width":2048,"height":1364,"url":"https:\/\/elmawkie.dz\/fr\/wp-content\/uploads\/2025\/12\/IMG_6238.jpeg","type":"image\/jpeg"}],"author":"R\u00e9daction","twitter_card":"summary_large_image","twitter_misc":{"Written by":"R\u00e9daction","Est. reading time":"3 minutes"},"schema":{"@context":"https:\/\/schema.org","@graph":[{"@type":"Article","@id":"https:\/\/elmawkie.dz\/fr\/can-2025-gr-e-2e-journee-algerie-burkina-faso-1-0-declarations-recueillies-apres-le-match\/#article","isPartOf":{"@id":"https:\/\/elmawkie.dz\/fr\/can-2025-gr-e-2e-journee-algerie-burkina-faso-1-0-declarations-recueillies-apres-le-match\/"},"author":{"name":"R\u00e9daction","@id":"https:\/\/elmawkie.dz\/fr\/#\/schema\/person\/e7bd59d6467874ba5c4723d8a9f0a63c"},"headline":"CAN-2025 (Gr.E\/ 2e journ\u00e9e) Alg\u00e9rie-Burkina Faso (1-0) : d\u00e9clarations recueillies apr\u00e8s le match","datePublished":"2025-12-28T21:48:36+00:00","dateModified":"2025-12-28T21:48:37+00:00","mainEntityOfPage":{"@id":"https:\/\/elmawkie.dz\/fr\/can-2025-gr-e-2e-journee-algerie-burkina-faso-1-0-declarations-recueillies-apres-le-match\/"},"wordCount":531,"commentCount":0,"publisher":{"@id":"https:\/\/elmawkie.dz\/fr\/#organization"},"image":{"@id":"https:\/\/elmawkie.dz\/fr\/can-2025-gr-e-2e-journee-algerie-burkina-faso-1-0-declarations-recueillies-apres-le-match\/#primaryimage"},"thumbnailUrl":"https:\/\/elmawkie.dz\/fr\/wp-content\/uploads\/2025\/12\/IMG_6238.jpeg","articleSection":["Sport"],"inLanguage":"fr-FR","potentialAction":[{"@type":"CommentAction","name":"Comment","target":["https:\/\/elmawkie.dz\/fr\/can-2025-gr-e-2e-journee-algerie-burkina-faso-1-0-declarations-recueillies-apres-le-match\/#respond"]}]},{"@type":"WebPage","@id":"https:\/\/elmawkie.dz\/fr\/can-2025-gr-e-2e-journee-algerie-burkina-faso-1-0-declarations-recueillies-apres-le-match\/","url":"https:\/\/elmawkie.dz\/fr\/can-2025-gr-e-2e-journee-algerie-burkina-faso-1-0-declarations-recueillies-apres-le-match\/","name":"CAN-2025 (Gr.E\/ 2e journ\u00e9e) Alg\u00e9rie-Burkina Faso (1-0) : d\u00e9clarations recueillies apr\u00e8s le match - El Mawkie","isPartOf":{"@id":"https:\/\/elmawkie.dz\/fr\/#website"},"primaryImageOfPage":{"@id":"https:\/\/elmawkie.dz\/fr\/can-2025-gr-e-2e-journee-algerie-burkina-faso-1-0-declarations-recueillies-apres-le-match\/#primaryimage"},"image":{"@id":"https:\/\/elmawkie.dz\/fr\/can-2025-gr-e-2e-journee-algerie-burkina-faso-1-0-declarations-recueillies-apres-le-match\/#primaryimage"},"thumbnailUrl":"https:\/\/elmawkie.dz\/fr\/wp-content\/uploads\/2025\/12\/IMG_6238.jpeg","datePublished":"2025-12-28T21:48:36+00:00","dateModified":"2025-12-28T21:48:37+00:00","breadcrumb":{"@id":"https:\/\/elmawkie.dz\/fr\/can-2025-gr-e-2e-journee-algerie-burkina-faso-1-0-declarations-recueillies-apres-le-match\/#breadcrumb"},"inLanguage":"fr-FR","potentialAction":[{"@type":"ReadAction","target":["https:\/\/elmawkie.dz\/fr\/can-2025-gr-e-2e-journee-algerie-burkina-faso-1-0-declarations-recueillies-apres-le-match\/"]}]},{"@type":"ImageObject","inLanguage":"fr-FR","@id":"https:\/\/elmawkie.dz\/fr\/can-2025-gr-e-2e-journee-algerie-burkina-faso-1-0-declarations-recueillies-apres-le-match\/#primaryimage","url":"https:\/\/elmawkie.dz\/fr\/wp-content\/uploads\/2025\/12\/IMG_6238.jpeg","contentUrl":"https:\/\/elmawkie.dz\/fr\/wp-content\/uploads\/2025\/12\/IMG_6238.jpeg","width":2048,"height":1364},{"@type":"BreadcrumbList","@id":"https:\/\/elmawkie.dz\/fr\/can-2025-gr-e-2e-journee-algerie-burkina-faso-1-0-declarations-recueillies-apres-le-match\/#breadcrumb","itemListElement":[{"@type":"ListItem","position":1,"name":"Home","item":"https:\/\/elmawkie.dz\/fr\/"},{"@type":"ListItem","position":2,"name":"CAN-2025 (Gr.E\/ 2e journ\u00e9e) Alg\u00e9rie-Burkina Faso (1-0) : d\u00e9clarations recueillies apr\u00e8s le match"}]},{"@type":"WebSite","@id":"https:\/\/elmawkie.dz\/fr\/#website","url":"https:\/\/elmawkie.dz\/fr\/","name":"EL MAWKIE","description":"Journal \u00c9lectronique Alg\u00e9rien","publisher":{"@id":"https:\/\/elmawkie.dz\/fr\/#organization"},"potentialAction":[{"@type":"SearchAction","target":{"@type":"EntryPoint","urlTemplate":"https:\/\/elmawkie.dz\/fr\/?s={search_term_string}"},"query-input":"required name=search_term_string"}],"inLanguage":"fr-FR"},{"@type":"Organization","@id":"https:\/\/elmawkie.dz\/fr\/#organization","name":"EL MAWKIE","url":"https:\/\/elmawkie.dz\/fr\/","logo":{"@type":"ImageObject","inLanguage":"fr-FR","@id":"https:\/\/elmawkie.dz\/fr\/#\/schema\/logo\/image\/","url":"https:\/\/elmawkie.dz\/fr\/wp-content\/uploads\/2024\/05\/logo1.png","contentUrl":"https:\/\/elmawkie.dz\/fr\/wp-content\/uploads\/2024\/05\/logo1.png","width":1648,"height":652,"caption":"EL MAWKIE"},"image":{"@id":"https:\/\/elmawkie.dz\/fr\/#\/schema\/logo\/image\/"},"sameAs":["https:\/\/www.facebook.com\/profile.php?id=100088407094989&locale=fr_FR"]},{"@type":"Person","@id":"https:\/\/elmawkie.dz\/fr\/#\/schema\/person\/e7bd59d6467874ba5c4723d8a9f0a63c","name":"R\u00e9daction","image":{"@type":"ImageObject","inLanguage":"fr-FR","@id":"https:\/\/elmawkie.dz\/fr\/#\/schema\/person\/image\/","url":"https:\/\/secure.gravatar.com\/avatar\/f0f773456344da4d2788c054a3d30a0c?s=96&d=mm&r=g","contentUrl":"https:\/\/secure.gravatar.com\/avatar\/f0f773456344da4d2788c054a3d30a0c?s=96&d=mm&r=g","caption":"R\u00e9daction"},"url":"https:\/\/elmawkie.dz\/fr\/author\/redaction\/"}]}},"_links":{"self":[{"href":"https:\/\/elmawkie.dz\/fr\/wp-json\/wp\/v2\/posts\/60535","targetHints":{"allow":["GET"]}}],"collection":[{"href":"https:\/\/elmawkie.dz\/fr\/wp-json\/wp\/v2\/posts"}],"about":[{"href":"https:\/\/elmawkie.dz\/fr\/wp-json\/wp\/v2\/types\/post"}],"author":[{"embeddable":true,"href":"https:\/\/elmawkie.dz\/fr\/wp-json\/wp\/v2\/users\/9"}],"replies":[{"embeddable":true,"href":"https:\/\/elmawkie.dz\/fr\/wp-json\/wp\/v2\/comments?post=60535"}],"version-history":[{"count":1,"href":"https:\/\/elmawkie.dz\/fr\/wp-json\/wp\/v2\/posts\/60535\/revisions"}],"predecessor-version":[{"id":60538,"href":"https:\/\/elmawkie.dz\/fr\/wp-json\/wp\/v2\/posts\/60535\/revisions\/60538"}],"wp:featuredmedia":[{"embeddable":true,"href":"https:\/\/elmawkie.dz\/fr\/wp-json\/wp\/v2\/media\/60537"}],"wp:attachment":[{"href":"https:\/\/elmawkie.dz\/fr\/wp-json\/wp\/v2\/media?parent=60535"}],"wp:term":[{"taxonomy":"category","embeddable":true,"href":"https:\/\/elmawkie.dz\/fr\/wp-json\/wp\/v2\/categories?post=60535"},{"taxonomy":"post_tag","embeddable":true,"href":"https:\/\/elmawkie.dz\/fr\/wp-json\/wp\/v2\/tags?post=60535"}],"curies":[{"name":"wp","href":"https:\/\/api.w.org\/{rel}","templated":true}]}}