{"id":60491,"date":"2025-12-28T17:47:11","date_gmt":"2025-12-28T16:47:11","guid":{"rendered":"https:\/\/elmawkie.dz\/fr\/?p=60491"},"modified":"2025-12-28T17:47:12","modified_gmt":"2025-12-28T16:47:12","slug":"alger-lancement-dune-session-de-formation-sur-les-droits-de-lenfant","status":"publish","type":"post","link":"https:\/\/elmawkie.dz\/fr\/alger-lancement-dune-session-de-formation-sur-les-droits-de-lenfant\/","title":{"rendered":"Alger : lancement d\u2019une session de formation sur les droits de l\u2019enfant"},"content":{"rendered":"\n<p>La D\u00e9l\u00e9gu\u00e9e nationale \u00e0 la protection de l&rsquo;enfance, Mme Meriem Cherfi, a donn\u00e9, dimanche \u00e0 Alger, le coup d&rsquo;envoi d&rsquo;une session de formation sur les droits de l&rsquo;enfant et les aptitudes de communication avec cette cat\u00e9gorie, au profit d&rsquo;artistes intervenant aupr\u00e8s du jeune public.<\/p>\n\n\n\n<p>Supervisant le lancement de cette formation, organis\u00e9e par la F\u00e9d\u00e9ration nationale de la promotion des droits de l&rsquo;enfant au profit d&rsquo;artistes intervenant aupr\u00e8s du jeune public, notamment dans le th\u00e9\u00e2tre et la litt\u00e9rature, Mme Cherfi a mis en avant les efforts de l&rsquo;Etat en mati\u00e8re de protection et de promotion de l&rsquo;enfance, rappelant l&rsquo;arsenal juridique et les acquis r\u00e9alis\u00e9s dans ce domaine.<\/p>\n\n\n\n<p>Cette session, ax\u00e9e sur \u00ab\u00a0les bonnes pratiques pour l&rsquo;acquisition des aptitudes d&rsquo;interaction et de communication avec les enfants\u00a0\u00bb, s&rsquo;inscrit dans le cadre d&rsquo;une s\u00e9rie de formations organis\u00e9es en coordination avec les acteurs et intervenants dans le domaine de l&rsquo;enfance, a-t-elle pr\u00e9cis\u00e9.<\/p>\n\n\n\n<p>De son c\u00f4t\u00e9, le pr\u00e9sident de la F\u00e9d\u00e9ration nationale de la promotion des droits de l&rsquo;enfant, Bey Omar Hocine Ghazi, a relev\u00e9 l&rsquo;importance de ce type de formation dans le renforcement des connaissances en mati\u00e8re de droits de l&rsquo;enfant et dans la mise en lumi\u00e8re des m\u00e9canismes de protection et de promotion de cette frange de la soci\u00e9t\u00e9.<\/p>\n\n\n\n<p>Cette session de deux jours, anim\u00e9e par des enseignants, des experts en droits de l&rsquo;enfant et des psychologues, porte sur plusieurs axes, notamment \u00ab\u00a0la loi relative aux droits de l&rsquo;enfant\u00a0\u00bb, \u00ab\u00a0les m\u00e9canismes de signalement et l&rsquo;exp\u00e9rience de la cellule mise en place \u00e0 cet effet\u00a0\u00bb, \u00ab\u00a0les aptitudes de communication avec les enfants\u00a0\u00bb, \u00ab\u00a0les techniques d&rsquo;animation et l&rsquo;art de la prise de parole\u00a0\u00bb et \u00ab\u00a0les missions de l&rsquo;Organe national de la protection et de la promotion de l&rsquo;enfance (ONPPE)\u00a0\u00bb.&nbsp;<\/p>\n","protected":false},"excerpt":{"rendered":"<p>La D\u00e9l\u00e9gu\u00e9e nationale \u00e0 la protection de l&rsquo;enfance, Mme Meriem Cherfi, a donn\u00e9, dimanche \u00e0 Alger, le coup d&rsquo;envoi d&rsquo;une session de formation sur les droits de l&rsquo;enfant et les aptitudes de communication avec cette cat\u00e9gorie, au profit d&rsquo;artistes intervenant aupr\u00e8s du jeune public. Supervisant le lancement de cette formation, organis\u00e9e par la F\u00e9d\u00e9ration nationale &hellip;<\/p>\n","protected":false},"author":9,"featured_media":60493,"comment_status":"open","ping_status":"open","sticky":false,"template":"","format":"standard","meta":{"footnotes":""},"categories":[47],"tags":[3952,5913],"class_list":["post-60491","post","type-post","status-publish","format-standard","has-post-thumbnail","hentry","category-national","tag-les-droits-de-lenfant","tag-meriem-cherfi"],"yoast_head":"<!-- This site is optimized with the Yoast SEO Premium plugin v22.6 (Yoast SEO v22.6) - https:\/\/yoast.com\/wordpress\/plugins\/seo\/ -->\n<title>Alger : lancement d\u2019une session de formation sur les droits de l\u2019enfant - El Mawkie<\/title>\n<meta name=\"robots\" content=\"index, follow, max-snippet:-1, max-image-preview:large, max-video-preview:-1\" \/>\n<link rel=\"canonical\" href=\"https:\/\/elmawkie.dz\/fr\/alger-lancement-dune-session-de-formation-sur-les-droits-de-lenfant\/\" \/>\n<meta property=\"og:locale\" content=\"fr_FR\" \/>\n<meta property=\"og:type\" content=\"article\" \/>\n<meta property=\"og:title\" content=\"Alger : lancement d\u2019une session de formation sur les droits de l\u2019enfant\" \/>\n<meta property=\"og:description\" content=\"La D\u00e9l\u00e9gu\u00e9e nationale \u00e0 la protection de l&rsquo;enfance, Mme Meriem Cherfi, a donn\u00e9, dimanche \u00e0 Alger, le coup d&rsquo;envoi d&rsquo;une session de formation sur les droits de l&rsquo;enfant et les aptitudes de communication avec cette cat\u00e9gorie, au profit d&rsquo;artistes intervenant aupr\u00e8s du jeune public. Supervisant le lancement de cette formation, organis\u00e9e par la F\u00e9d\u00e9ration nationale &hellip;\" \/>\n<meta property=\"og:url\" content=\"https:\/\/elmawkie.dz\/fr\/alger-lancement-dune-session-de-formation-sur-les-droits-de-lenfant\/\" \/>\n<meta property=\"og:site_name\" content=\"El Mawkie\" \/>\n<meta property=\"article:publisher\" content=\"https:\/\/www.facebook.com\/profile.php?id=100088407094989&amp;locale=fr_FR\" \/>\n<meta property=\"article:published_time\" content=\"2025-12-28T16:47:11+00:00\" \/>\n<meta property=\"article:modified_time\" content=\"2025-12-28T16:47:12+00:00\" \/>\n<meta property=\"og:image\" content=\"https:\/\/elmawkie.dz\/fr\/wp-content\/uploads\/2025\/12\/IMG_6179.jpeg\" \/>\n\t<meta property=\"og:image:width\" content=\"580\" \/>\n\t<meta property=\"og:image:height\" content=\"350\" \/>\n\t<meta property=\"og:image:type\" content=\"image\/jpeg\" \/>\n<meta name=\"author\" content=\"R\u00e9daction\" \/>\n<meta name=\"twitter:card\" content=\"summary_large_image\" \/>\n<meta name=\"twitter:label1\" content=\"Written by\" \/>\n\t<meta name=\"twitter:data1\" content=\"R\u00e9daction\" \/>\n\t<meta name=\"twitter:label2\" content=\"Est. reading time\" \/>\n\t<meta name=\"twitter:data2\" content=\"2 minutes\" \/>\n<script type=\"application\/ld+json\" class=\"yoast-schema-graph\">{\"@context\":\"https:\/\/schema.org\",\"@graph\":[{\"@type\":\"Article\",\"@id\":\"https:\/\/elmawkie.dz\/fr\/alger-lancement-dune-session-de-formation-sur-les-droits-de-lenfant\/#article\",\"isPartOf\":{\"@id\":\"https:\/\/elmawkie.dz\/fr\/alger-lancement-dune-session-de-formation-sur-les-droits-de-lenfant\/\"},\"author\":{\"name\":\"R\u00e9daction\",\"@id\":\"https:\/\/elmawkie.dz\/fr\/#\/schema\/person\/e7bd59d6467874ba5c4723d8a9f0a63c\"},\"headline\":\"Alger : lancement d\u2019une session de formation sur les droits de l\u2019enfant\",\"datePublished\":\"2025-12-28T16:47:11+00:00\",\"dateModified\":\"2025-12-28T16:47:12+00:00\",\"mainEntityOfPage\":{\"@id\":\"https:\/\/elmawkie.dz\/fr\/alger-lancement-dune-session-de-formation-sur-les-droits-de-lenfant\/\"},\"wordCount\":348,\"commentCount\":0,\"publisher\":{\"@id\":\"https:\/\/elmawkie.dz\/fr\/#organization\"},\"image\":{\"@id\":\"https:\/\/elmawkie.dz\/fr\/alger-lancement-dune-session-de-formation-sur-les-droits-de-lenfant\/#primaryimage\"},\"thumbnailUrl\":\"https:\/\/elmawkie.dz\/fr\/wp-content\/uploads\/2025\/12\/IMG_6179.jpeg\",\"keywords\":[\"Les droits de l\u2019enfant\",\"Meriem cherfi\"],\"articleSection\":[\"National\"],\"inLanguage\":\"fr-FR\",\"potentialAction\":[{\"@type\":\"CommentAction\",\"name\":\"Comment\",\"target\":[\"https:\/\/elmawkie.dz\/fr\/alger-lancement-dune-session-de-formation-sur-les-droits-de-lenfant\/#respond\"]}]},{\"@type\":\"WebPage\",\"@id\":\"https:\/\/elmawkie.dz\/fr\/alger-lancement-dune-session-de-formation-sur-les-droits-de-lenfant\/\",\"url\":\"https:\/\/elmawkie.dz\/fr\/alger-lancement-dune-session-de-formation-sur-les-droits-de-lenfant\/\",\"name\":\"Alger : lancement d\u2019une session de formation sur les droits de l\u2019enfant - El Mawkie\",\"isPartOf\":{\"@id\":\"https:\/\/elmawkie.dz\/fr\/#website\"},\"primaryImageOfPage\":{\"@id\":\"https:\/\/elmawkie.dz\/fr\/alger-lancement-dune-session-de-formation-sur-les-droits-de-lenfant\/#primaryimage\"},\"image\":{\"@id\":\"https:\/\/elmawkie.dz\/fr\/alger-lancement-dune-session-de-formation-sur-les-droits-de-lenfant\/#primaryimage\"},\"thumbnailUrl\":\"https:\/\/elmawkie.dz\/fr\/wp-content\/uploads\/2025\/12\/IMG_6179.jpeg\",\"datePublished\":\"2025-12-28T16:47:11+00:00\",\"dateModified\":\"2025-12-28T16:47:12+00:00\",\"breadcrumb\":{\"@id\":\"https:\/\/elmawkie.dz\/fr\/alger-lancement-dune-session-de-formation-sur-les-droits-de-lenfant\/#breadcrumb\"},\"inLanguage\":\"fr-FR\",\"potentialAction\":[{\"@type\":\"ReadAction\",\"target\":[\"https:\/\/elmawkie.dz\/fr\/alger-lancement-dune-session-de-formation-sur-les-droits-de-lenfant\/\"]}]},{\"@type\":\"ImageObject\",\"inLanguage\":\"fr-FR\",\"@id\":\"https:\/\/elmawkie.dz\/fr\/alger-lancement-dune-session-de-formation-sur-les-droits-de-lenfant\/#primaryimage\",\"url\":\"https:\/\/elmawkie.dz\/fr\/wp-content\/uploads\/2025\/12\/IMG_6179.jpeg\",\"contentUrl\":\"https:\/\/elmawkie.dz\/fr\/wp-content\/uploads\/2025\/12\/IMG_6179.jpeg\",\"width\":580,\"height\":350},{\"@type\":\"BreadcrumbList\",\"@id\":\"https:\/\/elmawkie.dz\/fr\/alger-lancement-dune-session-de-formation-sur-les-droits-de-lenfant\/#breadcrumb\",\"itemListElement\":[{\"@type\":\"ListItem\",\"position\":1,\"name\":\"Home\",\"item\":\"https:\/\/elmawkie.dz\/fr\/\"},{\"@type\":\"ListItem\",\"position\":2,\"name\":\"Alger : lancement d\u2019une session de formation sur les droits de l\u2019enfant\"}]},{\"@type\":\"WebSite\",\"@id\":\"https:\/\/elmawkie.dz\/fr\/#website\",\"url\":\"https:\/\/elmawkie.dz\/fr\/\",\"name\":\"EL MAWKIE\",\"description\":\"Journal \u00c9lectronique Alg\u00e9rien\",\"publisher\":{\"@id\":\"https:\/\/elmawkie.dz\/fr\/#organization\"},\"potentialAction\":[{\"@type\":\"SearchAction\",\"target\":{\"@type\":\"EntryPoint\",\"urlTemplate\":\"https:\/\/elmawkie.dz\/fr\/?s={search_term_string}\"},\"query-input\":\"required name=search_term_string\"}],\"inLanguage\":\"fr-FR\"},{\"@type\":\"Organization\",\"@id\":\"https:\/\/elmawkie.dz\/fr\/#organization\",\"name\":\"EL MAWKIE\",\"url\":\"https:\/\/elmawkie.dz\/fr\/\",\"logo\":{\"@type\":\"ImageObject\",\"inLanguage\":\"fr-FR\",\"@id\":\"https:\/\/elmawkie.dz\/fr\/#\/schema\/logo\/image\/\",\"url\":\"https:\/\/elmawkie.dz\/fr\/wp-content\/uploads\/2024\/05\/logo1.png\",\"contentUrl\":\"https:\/\/elmawkie.dz\/fr\/wp-content\/uploads\/2024\/05\/logo1.png\",\"width\":1648,\"height\":652,\"caption\":\"EL MAWKIE\"},\"image\":{\"@id\":\"https:\/\/elmawkie.dz\/fr\/#\/schema\/logo\/image\/\"},\"sameAs\":[\"https:\/\/www.facebook.com\/profile.php?id=100088407094989&locale=fr_FR\"]},{\"@type\":\"Person\",\"@id\":\"https:\/\/elmawkie.dz\/fr\/#\/schema\/person\/e7bd59d6467874ba5c4723d8a9f0a63c\",\"name\":\"R\u00e9daction\",\"image\":{\"@type\":\"ImageObject\",\"inLanguage\":\"fr-FR\",\"@id\":\"https:\/\/elmawkie.dz\/fr\/#\/schema\/person\/image\/\",\"url\":\"https:\/\/secure.gravatar.com\/avatar\/f0f773456344da4d2788c054a3d30a0c?s=96&d=mm&r=g\",\"contentUrl\":\"https:\/\/secure.gravatar.com\/avatar\/f0f773456344da4d2788c054a3d30a0c?s=96&d=mm&r=g\",\"caption\":\"R\u00e9daction\"},\"url\":\"https:\/\/elmawkie.dz\/fr\/author\/redaction\/\"}]}<\/script>\n<!-- \/ Yoast SEO Premium plugin. -->","yoast_head_json":{"title":"Alger : lancement d\u2019une session de formation sur les droits de l\u2019enfant - El Mawkie","robots":{"index":"index","follow":"follow","max-snippet":"max-snippet:-1","max-image-preview":"max-image-preview:large","max-video-preview":"max-video-preview:-1"},"canonical":"https:\/\/elmawkie.dz\/fr\/alger-lancement-dune-session-de-formation-sur-les-droits-de-lenfant\/","og_locale":"fr_FR","og_type":"article","og_title":"Alger : lancement d\u2019une session de formation sur les droits de l\u2019enfant","og_description":"La D\u00e9l\u00e9gu\u00e9e nationale \u00e0 la protection de l&rsquo;enfance, Mme Meriem Cherfi, a donn\u00e9, dimanche \u00e0 Alger, le coup d&rsquo;envoi d&rsquo;une session de formation sur les droits de l&rsquo;enfant et les aptitudes de communication avec cette cat\u00e9gorie, au profit d&rsquo;artistes intervenant aupr\u00e8s du jeune public. Supervisant le lancement de cette formation, organis\u00e9e par la F\u00e9d\u00e9ration nationale &hellip;","og_url":"https:\/\/elmawkie.dz\/fr\/alger-lancement-dune-session-de-formation-sur-les-droits-de-lenfant\/","og_site_name":"El Mawkie","article_publisher":"https:\/\/www.facebook.com\/profile.php?id=100088407094989&locale=fr_FR","article_published_time":"2025-12-28T16:47:11+00:00","article_modified_time":"2025-12-28T16:47:12+00:00","og_image":[{"width":580,"height":350,"url":"https:\/\/elmawkie.dz\/fr\/wp-content\/uploads\/2025\/12\/IMG_6179.jpeg","type":"image\/jpeg"}],"author":"R\u00e9daction","twitter_card":"summary_large_image","twitter_misc":{"Written by":"R\u00e9daction","Est. reading time":"2 minutes"},"schema":{"@context":"https:\/\/schema.org","@graph":[{"@type":"Article","@id":"https:\/\/elmawkie.dz\/fr\/alger-lancement-dune-session-de-formation-sur-les-droits-de-lenfant\/#article","isPartOf":{"@id":"https:\/\/elmawkie.dz\/fr\/alger-lancement-dune-session-de-formation-sur-les-droits-de-lenfant\/"},"author":{"name":"R\u00e9daction","@id":"https:\/\/elmawkie.dz\/fr\/#\/schema\/person\/e7bd59d6467874ba5c4723d8a9f0a63c"},"headline":"Alger : lancement d\u2019une session de formation sur les droits de l\u2019enfant","datePublished":"2025-12-28T16:47:11+00:00","dateModified":"2025-12-28T16:47:12+00:00","mainEntityOfPage":{"@id":"https:\/\/elmawkie.dz\/fr\/alger-lancement-dune-session-de-formation-sur-les-droits-de-lenfant\/"},"wordCount":348,"commentCount":0,"publisher":{"@id":"https:\/\/elmawkie.dz\/fr\/#organization"},"image":{"@id":"https:\/\/elmawkie.dz\/fr\/alger-lancement-dune-session-de-formation-sur-les-droits-de-lenfant\/#primaryimage"},"thumbnailUrl":"https:\/\/elmawkie.dz\/fr\/wp-content\/uploads\/2025\/12\/IMG_6179.jpeg","keywords":["Les droits de l\u2019enfant","Meriem cherfi"],"articleSection":["National"],"inLanguage":"fr-FR","potentialAction":[{"@type":"CommentAction","name":"Comment","target":["https:\/\/elmawkie.dz\/fr\/alger-lancement-dune-session-de-formation-sur-les-droits-de-lenfant\/#respond"]}]},{"@type":"WebPage","@id":"https:\/\/elmawkie.dz\/fr\/alger-lancement-dune-session-de-formation-sur-les-droits-de-lenfant\/","url":"https:\/\/elmawkie.dz\/fr\/alger-lancement-dune-session-de-formation-sur-les-droits-de-lenfant\/","name":"Alger : lancement d\u2019une session de formation sur les droits de l\u2019enfant - El Mawkie","isPartOf":{"@id":"https:\/\/elmawkie.dz\/fr\/#website"},"primaryImageOfPage":{"@id":"https:\/\/elmawkie.dz\/fr\/alger-lancement-dune-session-de-formation-sur-les-droits-de-lenfant\/#primaryimage"},"image":{"@id":"https:\/\/elmawkie.dz\/fr\/alger-lancement-dune-session-de-formation-sur-les-droits-de-lenfant\/#primaryimage"},"thumbnailUrl":"https:\/\/elmawkie.dz\/fr\/wp-content\/uploads\/2025\/12\/IMG_6179.jpeg","datePublished":"2025-12-28T16:47:11+00:00","dateModified":"2025-12-28T16:47:12+00:00","breadcrumb":{"@id":"https:\/\/elmawkie.dz\/fr\/alger-lancement-dune-session-de-formation-sur-les-droits-de-lenfant\/#breadcrumb"},"inLanguage":"fr-FR","potentialAction":[{"@type":"ReadAction","target":["https:\/\/elmawkie.dz\/fr\/alger-lancement-dune-session-de-formation-sur-les-droits-de-lenfant\/"]}]},{"@type":"ImageObject","inLanguage":"fr-FR","@id":"https:\/\/elmawkie.dz\/fr\/alger-lancement-dune-session-de-formation-sur-les-droits-de-lenfant\/#primaryimage","url":"https:\/\/elmawkie.dz\/fr\/wp-content\/uploads\/2025\/12\/IMG_6179.jpeg","contentUrl":"https:\/\/elmawkie.dz\/fr\/wp-content\/uploads\/2025\/12\/IMG_6179.jpeg","width":580,"height":350},{"@type":"BreadcrumbList","@id":"https:\/\/elmawkie.dz\/fr\/alger-lancement-dune-session-de-formation-sur-les-droits-de-lenfant\/#breadcrumb","itemListElement":[{"@type":"ListItem","position":1,"name":"Home","item":"https:\/\/elmawkie.dz\/fr\/"},{"@type":"ListItem","position":2,"name":"Alger : lancement d\u2019une session de formation sur les droits de l\u2019enfant"}]},{"@type":"WebSite","@id":"https:\/\/elmawkie.dz\/fr\/#website","url":"https:\/\/elmawkie.dz\/fr\/","name":"EL MAWKIE","description":"Journal \u00c9lectronique Alg\u00e9rien","publisher":{"@id":"https:\/\/elmawkie.dz\/fr\/#organization"},"potentialAction":[{"@type":"SearchAction","target":{"@type":"EntryPoint","urlTemplate":"https:\/\/elmawkie.dz\/fr\/?s={search_term_string}"},"query-input":"required name=search_term_string"}],"inLanguage":"fr-FR"},{"@type":"Organization","@id":"https:\/\/elmawkie.dz\/fr\/#organization","name":"EL MAWKIE","url":"https:\/\/elmawkie.dz\/fr\/","logo":{"@type":"ImageObject","inLanguage":"fr-FR","@id":"https:\/\/elmawkie.dz\/fr\/#\/schema\/logo\/image\/","url":"https:\/\/elmawkie.dz\/fr\/wp-content\/uploads\/2024\/05\/logo1.png","contentUrl":"https:\/\/elmawkie.dz\/fr\/wp-content\/uploads\/2024\/05\/logo1.png","width":1648,"height":652,"caption":"EL MAWKIE"},"image":{"@id":"https:\/\/elmawkie.dz\/fr\/#\/schema\/logo\/image\/"},"sameAs":["https:\/\/www.facebook.com\/profile.php?id=100088407094989&locale=fr_FR"]},{"@type":"Person","@id":"https:\/\/elmawkie.dz\/fr\/#\/schema\/person\/e7bd59d6467874ba5c4723d8a9f0a63c","name":"R\u00e9daction","image":{"@type":"ImageObject","inLanguage":"fr-FR","@id":"https:\/\/elmawkie.dz\/fr\/#\/schema\/person\/image\/","url":"https:\/\/secure.gravatar.com\/avatar\/f0f773456344da4d2788c054a3d30a0c?s=96&d=mm&r=g","contentUrl":"https:\/\/secure.gravatar.com\/avatar\/f0f773456344da4d2788c054a3d30a0c?s=96&d=mm&r=g","caption":"R\u00e9daction"},"url":"https:\/\/elmawkie.dz\/fr\/author\/redaction\/"}]}},"_links":{"self":[{"href":"https:\/\/elmawkie.dz\/fr\/wp-json\/wp\/v2\/posts\/60491","targetHints":{"allow":["GET"]}}],"collection":[{"href":"https:\/\/elmawkie.dz\/fr\/wp-json\/wp\/v2\/posts"}],"about":[{"href":"https:\/\/elmawkie.dz\/fr\/wp-json\/wp\/v2\/types\/post"}],"author":[{"embeddable":true,"href":"https:\/\/elmawkie.dz\/fr\/wp-json\/wp\/v2\/users\/9"}],"replies":[{"embeddable":true,"href":"https:\/\/elmawkie.dz\/fr\/wp-json\/wp\/v2\/comments?post=60491"}],"version-history":[{"count":1,"href":"https:\/\/elmawkie.dz\/fr\/wp-json\/wp\/v2\/posts\/60491\/revisions"}],"predecessor-version":[{"id":60494,"href":"https:\/\/elmawkie.dz\/fr\/wp-json\/wp\/v2\/posts\/60491\/revisions\/60494"}],"wp:featuredmedia":[{"embeddable":true,"href":"https:\/\/elmawkie.dz\/fr\/wp-json\/wp\/v2\/media\/60493"}],"wp:attachment":[{"href":"https:\/\/elmawkie.dz\/fr\/wp-json\/wp\/v2\/media?parent=60491"}],"wp:term":[{"taxonomy":"category","embeddable":true,"href":"https:\/\/elmawkie.dz\/fr\/wp-json\/wp\/v2\/categories?post=60491"},{"taxonomy":"post_tag","embeddable":true,"href":"https:\/\/elmawkie.dz\/fr\/wp-json\/wp\/v2\/tags?post=60491"}],"curies":[{"name":"wp","href":"https:\/\/api.w.org\/{rel}","templated":true}]}}