{"id":60450,"date":"2025-12-28T14:50:40","date_gmt":"2025-12-28T13:50:40","guid":{"rendered":"https:\/\/elmawkie.dz\/fr\/?p=60450"},"modified":"2025-12-28T14:50:42","modified_gmt":"2025-12-28T13:50:42","slug":"saida-1-900-familles-relogees-durant-le-quinquennat-2020-2025","status":"publish","type":"post","link":"https:\/\/elmawkie.dz\/fr\/saida-1-900-familles-relogees-durant-le-quinquennat-2020-2025\/","title":{"rendered":"Sa\u00efda : 1 900 familles relog\u00e9es durant le quinquennat 2020-2025"},"content":{"rendered":"\n<p>Quelque 1.900 familles r\u00e9sidant dans plusieurs zones de la wilaya de Sa\u00efda ont \u00e9t\u00e9 relog\u00e9es dans de nouveaux logements durant la p\u00e9riode allant de 2020 \u00e0 2025, dans le cadre du programme de l\u2019Etat visant \u00e0 l\u2019\u00e9radication de l\u2019habitat pr\u00e9caire et \u00e0 l\u2019am\u00e9lioration du cadre de vie des citoyens, ont indiqu\u00e9, dimanche, les services de la wilaya.<\/p>\n\n\n\n<p>Cette op\u00e9ration a concern\u00e9 plusieurs sites situ\u00e9s dans les communes de Sa\u00efda, Ouled Khaled, Ouled Brahim, Sidi Boubekeur, A\u00efn El Hadjar et Hassasna.<\/p>\n\n\n\n<p>La m\u00eame source a pr\u00e9cis\u00e9 que, durant cette p\u00e9riode, toutes les habitations anarchiques ont \u00e9t\u00e9 d\u00e9molies au niveau des communes directement concern\u00e9es, imm\u00e9diatement apr\u00e8s les op\u00e9rations de relogement, avec la r\u00e9cup\u00e9ration des assiettes fonci\u00e8res afin de les exploiter pour la r\u00e9alisation d\u2019\u00e9quipements publics.<\/p>\n\n\n\n<p>Toutes les ressources mat\u00e9rielles et humaines ont \u00e9galement \u00e9t\u00e9 mobilis\u00e9es pour assurer la r\u00e9ussite des op\u00e9rations de relogement, dans le cadre du programme national visant l\u2019\u00e9radication de l\u2019habitat pr\u00e9caire, selon la m\u00eame source.<\/p>\n\n\n\n<p>Cette op\u00e9ration a pour objectif d\u2019am\u00e9liorer le cadre de vie des familles concern\u00e9es, de renforcer la stabilit\u00e9 sociale et d\u2019assurer leur meilleure int\u00e9gration dans un environnement urbain organis\u00e9, a-t-on soulign\u00e9.<\/p>\n\n\n\n<p>A noter que la wilaya de Sa\u00efda enregistre un programme de logements publics locatifs (LPL) estim\u00e9 \u00e0 21.036 unit\u00e9s, dont 15.236 ont d\u00e9j\u00e0 \u00e9t\u00e9 r\u00e9ceptionn\u00e9es, tandis que les travaux de r\u00e9alisation des unit\u00e9s restantes se poursuivent.&nbsp;<\/p>\n","protected":false},"excerpt":{"rendered":"<p>Quelque 1.900 familles r\u00e9sidant dans plusieurs zones de la wilaya de Sa\u00efda ont \u00e9t\u00e9 relog\u00e9es dans de nouveaux logements durant la p\u00e9riode allant de 2020 \u00e0 2025, dans le cadre du programme de l\u2019Etat visant \u00e0 l\u2019\u00e9radication de l\u2019habitat pr\u00e9caire et \u00e0 l\u2019am\u00e9lioration du cadre de vie des citoyens, ont indiqu\u00e9, dimanche, les services de &hellip;<\/p>\n","protected":false},"author":9,"featured_media":60452,"comment_status":"open","ping_status":"open","sticky":false,"template":"","format":"standard","meta":{"footnotes":""},"categories":[50],"tags":[1360,2550],"class_list":["post-60450","post","type-post","status-publish","format-standard","has-post-thumbnail","hentry","category-region","tag-relogement","tag-saida"],"yoast_head":"<!-- This site is optimized with the Yoast SEO Premium plugin v22.6 (Yoast SEO v22.6) - https:\/\/yoast.com\/wordpress\/plugins\/seo\/ -->\n<title>Sa\u00efda : 1 900 familles relog\u00e9es durant le quinquennat 2020-2025 - El Mawkie<\/title>\n<meta name=\"robots\" content=\"index, follow, max-snippet:-1, max-image-preview:large, max-video-preview:-1\" \/>\n<link rel=\"canonical\" href=\"https:\/\/elmawkie.dz\/fr\/saida-1-900-familles-relogees-durant-le-quinquennat-2020-2025\/\" \/>\n<meta property=\"og:locale\" content=\"fr_FR\" \/>\n<meta property=\"og:type\" content=\"article\" \/>\n<meta property=\"og:title\" content=\"Sa\u00efda : 1 900 familles relog\u00e9es durant le quinquennat 2020-2025\" \/>\n<meta property=\"og:description\" content=\"Quelque 1.900 familles r\u00e9sidant dans plusieurs zones de la wilaya de Sa\u00efda ont \u00e9t\u00e9 relog\u00e9es dans de nouveaux logements durant la p\u00e9riode allant de 2020 \u00e0 2025, dans le cadre du programme de l\u2019Etat visant \u00e0 l\u2019\u00e9radication de l\u2019habitat pr\u00e9caire et \u00e0 l\u2019am\u00e9lioration du cadre de vie des citoyens, ont indiqu\u00e9, dimanche, les services de &hellip;\" \/>\n<meta property=\"og:url\" content=\"https:\/\/elmawkie.dz\/fr\/saida-1-900-familles-relogees-durant-le-quinquennat-2020-2025\/\" \/>\n<meta property=\"og:site_name\" content=\"El Mawkie\" \/>\n<meta property=\"article:publisher\" content=\"https:\/\/www.facebook.com\/profile.php?id=100088407094989&amp;locale=fr_FR\" \/>\n<meta property=\"article:published_time\" content=\"2025-12-28T13:50:40+00:00\" \/>\n<meta property=\"article:modified_time\" content=\"2025-12-28T13:50:42+00:00\" \/>\n<meta property=\"og:image\" content=\"https:\/\/elmawkie.dz\/fr\/wp-content\/uploads\/2025\/12\/IMG_6151.jpeg\" \/>\n\t<meta property=\"og:image:width\" content=\"576\" \/>\n\t<meta property=\"og:image:height\" content=\"384\" \/>\n\t<meta property=\"og:image:type\" content=\"image\/jpeg\" \/>\n<meta name=\"author\" content=\"R\u00e9daction\" \/>\n<meta name=\"twitter:card\" content=\"summary_large_image\" \/>\n<meta name=\"twitter:label1\" content=\"Written by\" \/>\n\t<meta name=\"twitter:data1\" content=\"R\u00e9daction\" \/>\n\t<meta name=\"twitter:label2\" content=\"Est. reading time\" \/>\n\t<meta name=\"twitter:data2\" content=\"2 minutes\" \/>\n<script type=\"application\/ld+json\" class=\"yoast-schema-graph\">{\"@context\":\"https:\/\/schema.org\",\"@graph\":[{\"@type\":\"Article\",\"@id\":\"https:\/\/elmawkie.dz\/fr\/saida-1-900-familles-relogees-durant-le-quinquennat-2020-2025\/#article\",\"isPartOf\":{\"@id\":\"https:\/\/elmawkie.dz\/fr\/saida-1-900-familles-relogees-durant-le-quinquennat-2020-2025\/\"},\"author\":{\"name\":\"R\u00e9daction\",\"@id\":\"https:\/\/elmawkie.dz\/fr\/#\/schema\/person\/e7bd59d6467874ba5c4723d8a9f0a63c\"},\"headline\":\"Sa\u00efda : 1 900 familles relog\u00e9es durant le quinquennat 2020-2025\",\"datePublished\":\"2025-12-28T13:50:40+00:00\",\"dateModified\":\"2025-12-28T13:50:42+00:00\",\"mainEntityOfPage\":{\"@id\":\"https:\/\/elmawkie.dz\/fr\/saida-1-900-familles-relogees-durant-le-quinquennat-2020-2025\/\"},\"wordCount\":271,\"commentCount\":0,\"publisher\":{\"@id\":\"https:\/\/elmawkie.dz\/fr\/#organization\"},\"image\":{\"@id\":\"https:\/\/elmawkie.dz\/fr\/saida-1-900-familles-relogees-durant-le-quinquennat-2020-2025\/#primaryimage\"},\"thumbnailUrl\":\"https:\/\/elmawkie.dz\/fr\/wp-content\/uploads\/2025\/12\/IMG_6151.jpeg\",\"keywords\":[\"Relogement\",\"Sa\u00efda\"],\"articleSection\":[\"R\u00e9gion\"],\"inLanguage\":\"fr-FR\",\"potentialAction\":[{\"@type\":\"CommentAction\",\"name\":\"Comment\",\"target\":[\"https:\/\/elmawkie.dz\/fr\/saida-1-900-familles-relogees-durant-le-quinquennat-2020-2025\/#respond\"]}]},{\"@type\":\"WebPage\",\"@id\":\"https:\/\/elmawkie.dz\/fr\/saida-1-900-familles-relogees-durant-le-quinquennat-2020-2025\/\",\"url\":\"https:\/\/elmawkie.dz\/fr\/saida-1-900-familles-relogees-durant-le-quinquennat-2020-2025\/\",\"name\":\"Sa\u00efda : 1 900 familles relog\u00e9es durant le quinquennat 2020-2025 - El Mawkie\",\"isPartOf\":{\"@id\":\"https:\/\/elmawkie.dz\/fr\/#website\"},\"primaryImageOfPage\":{\"@id\":\"https:\/\/elmawkie.dz\/fr\/saida-1-900-familles-relogees-durant-le-quinquennat-2020-2025\/#primaryimage\"},\"image\":{\"@id\":\"https:\/\/elmawkie.dz\/fr\/saida-1-900-familles-relogees-durant-le-quinquennat-2020-2025\/#primaryimage\"},\"thumbnailUrl\":\"https:\/\/elmawkie.dz\/fr\/wp-content\/uploads\/2025\/12\/IMG_6151.jpeg\",\"datePublished\":\"2025-12-28T13:50:40+00:00\",\"dateModified\":\"2025-12-28T13:50:42+00:00\",\"breadcrumb\":{\"@id\":\"https:\/\/elmawkie.dz\/fr\/saida-1-900-familles-relogees-durant-le-quinquennat-2020-2025\/#breadcrumb\"},\"inLanguage\":\"fr-FR\",\"potentialAction\":[{\"@type\":\"ReadAction\",\"target\":[\"https:\/\/elmawkie.dz\/fr\/saida-1-900-familles-relogees-durant-le-quinquennat-2020-2025\/\"]}]},{\"@type\":\"ImageObject\",\"inLanguage\":\"fr-FR\",\"@id\":\"https:\/\/elmawkie.dz\/fr\/saida-1-900-familles-relogees-durant-le-quinquennat-2020-2025\/#primaryimage\",\"url\":\"https:\/\/elmawkie.dz\/fr\/wp-content\/uploads\/2025\/12\/IMG_6151.jpeg\",\"contentUrl\":\"https:\/\/elmawkie.dz\/fr\/wp-content\/uploads\/2025\/12\/IMG_6151.jpeg\",\"width\":576,\"height\":384},{\"@type\":\"BreadcrumbList\",\"@id\":\"https:\/\/elmawkie.dz\/fr\/saida-1-900-familles-relogees-durant-le-quinquennat-2020-2025\/#breadcrumb\",\"itemListElement\":[{\"@type\":\"ListItem\",\"position\":1,\"name\":\"Home\",\"item\":\"https:\/\/elmawkie.dz\/fr\/\"},{\"@type\":\"ListItem\",\"position\":2,\"name\":\"Sa\u00efda : 1 900 familles relog\u00e9es durant le quinquennat 2020-2025\"}]},{\"@type\":\"WebSite\",\"@id\":\"https:\/\/elmawkie.dz\/fr\/#website\",\"url\":\"https:\/\/elmawkie.dz\/fr\/\",\"name\":\"EL MAWKIE\",\"description\":\"Journal \u00c9lectronique Alg\u00e9rien\",\"publisher\":{\"@id\":\"https:\/\/elmawkie.dz\/fr\/#organization\"},\"potentialAction\":[{\"@type\":\"SearchAction\",\"target\":{\"@type\":\"EntryPoint\",\"urlTemplate\":\"https:\/\/elmawkie.dz\/fr\/?s={search_term_string}\"},\"query-input\":\"required name=search_term_string\"}],\"inLanguage\":\"fr-FR\"},{\"@type\":\"Organization\",\"@id\":\"https:\/\/elmawkie.dz\/fr\/#organization\",\"name\":\"EL MAWKIE\",\"url\":\"https:\/\/elmawkie.dz\/fr\/\",\"logo\":{\"@type\":\"ImageObject\",\"inLanguage\":\"fr-FR\",\"@id\":\"https:\/\/elmawkie.dz\/fr\/#\/schema\/logo\/image\/\",\"url\":\"https:\/\/elmawkie.dz\/fr\/wp-content\/uploads\/2024\/05\/logo1.png\",\"contentUrl\":\"https:\/\/elmawkie.dz\/fr\/wp-content\/uploads\/2024\/05\/logo1.png\",\"width\":1648,\"height\":652,\"caption\":\"EL MAWKIE\"},\"image\":{\"@id\":\"https:\/\/elmawkie.dz\/fr\/#\/schema\/logo\/image\/\"},\"sameAs\":[\"https:\/\/www.facebook.com\/profile.php?id=100088407094989&locale=fr_FR\"]},{\"@type\":\"Person\",\"@id\":\"https:\/\/elmawkie.dz\/fr\/#\/schema\/person\/e7bd59d6467874ba5c4723d8a9f0a63c\",\"name\":\"R\u00e9daction\",\"image\":{\"@type\":\"ImageObject\",\"inLanguage\":\"fr-FR\",\"@id\":\"https:\/\/elmawkie.dz\/fr\/#\/schema\/person\/image\/\",\"url\":\"https:\/\/secure.gravatar.com\/avatar\/f0f773456344da4d2788c054a3d30a0c?s=96&d=mm&r=g\",\"contentUrl\":\"https:\/\/secure.gravatar.com\/avatar\/f0f773456344da4d2788c054a3d30a0c?s=96&d=mm&r=g\",\"caption\":\"R\u00e9daction\"},\"url\":\"https:\/\/elmawkie.dz\/fr\/author\/redaction\/\"}]}<\/script>\n<!-- \/ Yoast SEO Premium plugin. -->","yoast_head_json":{"title":"Sa\u00efda : 1 900 familles relog\u00e9es durant le quinquennat 2020-2025 - El Mawkie","robots":{"index":"index","follow":"follow","max-snippet":"max-snippet:-1","max-image-preview":"max-image-preview:large","max-video-preview":"max-video-preview:-1"},"canonical":"https:\/\/elmawkie.dz\/fr\/saida-1-900-familles-relogees-durant-le-quinquennat-2020-2025\/","og_locale":"fr_FR","og_type":"article","og_title":"Sa\u00efda : 1 900 familles relog\u00e9es durant le quinquennat 2020-2025","og_description":"Quelque 1.900 familles r\u00e9sidant dans plusieurs zones de la wilaya de Sa\u00efda ont \u00e9t\u00e9 relog\u00e9es dans de nouveaux logements durant la p\u00e9riode allant de 2020 \u00e0 2025, dans le cadre du programme de l\u2019Etat visant \u00e0 l\u2019\u00e9radication de l\u2019habitat pr\u00e9caire et \u00e0 l\u2019am\u00e9lioration du cadre de vie des citoyens, ont indiqu\u00e9, dimanche, les services de &hellip;","og_url":"https:\/\/elmawkie.dz\/fr\/saida-1-900-familles-relogees-durant-le-quinquennat-2020-2025\/","og_site_name":"El Mawkie","article_publisher":"https:\/\/www.facebook.com\/profile.php?id=100088407094989&locale=fr_FR","article_published_time":"2025-12-28T13:50:40+00:00","article_modified_time":"2025-12-28T13:50:42+00:00","og_image":[{"width":576,"height":384,"url":"https:\/\/elmawkie.dz\/fr\/wp-content\/uploads\/2025\/12\/IMG_6151.jpeg","type":"image\/jpeg"}],"author":"R\u00e9daction","twitter_card":"summary_large_image","twitter_misc":{"Written by":"R\u00e9daction","Est. reading time":"2 minutes"},"schema":{"@context":"https:\/\/schema.org","@graph":[{"@type":"Article","@id":"https:\/\/elmawkie.dz\/fr\/saida-1-900-familles-relogees-durant-le-quinquennat-2020-2025\/#article","isPartOf":{"@id":"https:\/\/elmawkie.dz\/fr\/saida-1-900-familles-relogees-durant-le-quinquennat-2020-2025\/"},"author":{"name":"R\u00e9daction","@id":"https:\/\/elmawkie.dz\/fr\/#\/schema\/person\/e7bd59d6467874ba5c4723d8a9f0a63c"},"headline":"Sa\u00efda : 1 900 familles relog\u00e9es durant le quinquennat 2020-2025","datePublished":"2025-12-28T13:50:40+00:00","dateModified":"2025-12-28T13:50:42+00:00","mainEntityOfPage":{"@id":"https:\/\/elmawkie.dz\/fr\/saida-1-900-familles-relogees-durant-le-quinquennat-2020-2025\/"},"wordCount":271,"commentCount":0,"publisher":{"@id":"https:\/\/elmawkie.dz\/fr\/#organization"},"image":{"@id":"https:\/\/elmawkie.dz\/fr\/saida-1-900-familles-relogees-durant-le-quinquennat-2020-2025\/#primaryimage"},"thumbnailUrl":"https:\/\/elmawkie.dz\/fr\/wp-content\/uploads\/2025\/12\/IMG_6151.jpeg","keywords":["Relogement","Sa\u00efda"],"articleSection":["R\u00e9gion"],"inLanguage":"fr-FR","potentialAction":[{"@type":"CommentAction","name":"Comment","target":["https:\/\/elmawkie.dz\/fr\/saida-1-900-familles-relogees-durant-le-quinquennat-2020-2025\/#respond"]}]},{"@type":"WebPage","@id":"https:\/\/elmawkie.dz\/fr\/saida-1-900-familles-relogees-durant-le-quinquennat-2020-2025\/","url":"https:\/\/elmawkie.dz\/fr\/saida-1-900-familles-relogees-durant-le-quinquennat-2020-2025\/","name":"Sa\u00efda : 1 900 familles relog\u00e9es durant le quinquennat 2020-2025 - El Mawkie","isPartOf":{"@id":"https:\/\/elmawkie.dz\/fr\/#website"},"primaryImageOfPage":{"@id":"https:\/\/elmawkie.dz\/fr\/saida-1-900-familles-relogees-durant-le-quinquennat-2020-2025\/#primaryimage"},"image":{"@id":"https:\/\/elmawkie.dz\/fr\/saida-1-900-familles-relogees-durant-le-quinquennat-2020-2025\/#primaryimage"},"thumbnailUrl":"https:\/\/elmawkie.dz\/fr\/wp-content\/uploads\/2025\/12\/IMG_6151.jpeg","datePublished":"2025-12-28T13:50:40+00:00","dateModified":"2025-12-28T13:50:42+00:00","breadcrumb":{"@id":"https:\/\/elmawkie.dz\/fr\/saida-1-900-familles-relogees-durant-le-quinquennat-2020-2025\/#breadcrumb"},"inLanguage":"fr-FR","potentialAction":[{"@type":"ReadAction","target":["https:\/\/elmawkie.dz\/fr\/saida-1-900-familles-relogees-durant-le-quinquennat-2020-2025\/"]}]},{"@type":"ImageObject","inLanguage":"fr-FR","@id":"https:\/\/elmawkie.dz\/fr\/saida-1-900-familles-relogees-durant-le-quinquennat-2020-2025\/#primaryimage","url":"https:\/\/elmawkie.dz\/fr\/wp-content\/uploads\/2025\/12\/IMG_6151.jpeg","contentUrl":"https:\/\/elmawkie.dz\/fr\/wp-content\/uploads\/2025\/12\/IMG_6151.jpeg","width":576,"height":384},{"@type":"BreadcrumbList","@id":"https:\/\/elmawkie.dz\/fr\/saida-1-900-familles-relogees-durant-le-quinquennat-2020-2025\/#breadcrumb","itemListElement":[{"@type":"ListItem","position":1,"name":"Home","item":"https:\/\/elmawkie.dz\/fr\/"},{"@type":"ListItem","position":2,"name":"Sa\u00efda : 1 900 familles relog\u00e9es durant le quinquennat 2020-2025"}]},{"@type":"WebSite","@id":"https:\/\/elmawkie.dz\/fr\/#website","url":"https:\/\/elmawkie.dz\/fr\/","name":"EL MAWKIE","description":"Journal \u00c9lectronique Alg\u00e9rien","publisher":{"@id":"https:\/\/elmawkie.dz\/fr\/#organization"},"potentialAction":[{"@type":"SearchAction","target":{"@type":"EntryPoint","urlTemplate":"https:\/\/elmawkie.dz\/fr\/?s={search_term_string}"},"query-input":"required name=search_term_string"}],"inLanguage":"fr-FR"},{"@type":"Organization","@id":"https:\/\/elmawkie.dz\/fr\/#organization","name":"EL MAWKIE","url":"https:\/\/elmawkie.dz\/fr\/","logo":{"@type":"ImageObject","inLanguage":"fr-FR","@id":"https:\/\/elmawkie.dz\/fr\/#\/schema\/logo\/image\/","url":"https:\/\/elmawkie.dz\/fr\/wp-content\/uploads\/2024\/05\/logo1.png","contentUrl":"https:\/\/elmawkie.dz\/fr\/wp-content\/uploads\/2024\/05\/logo1.png","width":1648,"height":652,"caption":"EL MAWKIE"},"image":{"@id":"https:\/\/elmawkie.dz\/fr\/#\/schema\/logo\/image\/"},"sameAs":["https:\/\/www.facebook.com\/profile.php?id=100088407094989&locale=fr_FR"]},{"@type":"Person","@id":"https:\/\/elmawkie.dz\/fr\/#\/schema\/person\/e7bd59d6467874ba5c4723d8a9f0a63c","name":"R\u00e9daction","image":{"@type":"ImageObject","inLanguage":"fr-FR","@id":"https:\/\/elmawkie.dz\/fr\/#\/schema\/person\/image\/","url":"https:\/\/secure.gravatar.com\/avatar\/f0f773456344da4d2788c054a3d30a0c?s=96&d=mm&r=g","contentUrl":"https:\/\/secure.gravatar.com\/avatar\/f0f773456344da4d2788c054a3d30a0c?s=96&d=mm&r=g","caption":"R\u00e9daction"},"url":"https:\/\/elmawkie.dz\/fr\/author\/redaction\/"}]}},"_links":{"self":[{"href":"https:\/\/elmawkie.dz\/fr\/wp-json\/wp\/v2\/posts\/60450","targetHints":{"allow":["GET"]}}],"collection":[{"href":"https:\/\/elmawkie.dz\/fr\/wp-json\/wp\/v2\/posts"}],"about":[{"href":"https:\/\/elmawkie.dz\/fr\/wp-json\/wp\/v2\/types\/post"}],"author":[{"embeddable":true,"href":"https:\/\/elmawkie.dz\/fr\/wp-json\/wp\/v2\/users\/9"}],"replies":[{"embeddable":true,"href":"https:\/\/elmawkie.dz\/fr\/wp-json\/wp\/v2\/comments?post=60450"}],"version-history":[{"count":1,"href":"https:\/\/elmawkie.dz\/fr\/wp-json\/wp\/v2\/posts\/60450\/revisions"}],"predecessor-version":[{"id":60453,"href":"https:\/\/elmawkie.dz\/fr\/wp-json\/wp\/v2\/posts\/60450\/revisions\/60453"}],"wp:featuredmedia":[{"embeddable":true,"href":"https:\/\/elmawkie.dz\/fr\/wp-json\/wp\/v2\/media\/60452"}],"wp:attachment":[{"href":"https:\/\/elmawkie.dz\/fr\/wp-json\/wp\/v2\/media?parent=60450"}],"wp:term":[{"taxonomy":"category","embeddable":true,"href":"https:\/\/elmawkie.dz\/fr\/wp-json\/wp\/v2\/categories?post=60450"},{"taxonomy":"post_tag","embeddable":true,"href":"https:\/\/elmawkie.dz\/fr\/wp-json\/wp\/v2\/tags?post=60450"}],"curies":[{"name":"wp","href":"https:\/\/api.w.org\/{rel}","templated":true}]}}