{"id":60370,"date":"2025-12-26T16:16:00","date_gmt":"2025-12-26T15:16:00","guid":{"rendered":"https:\/\/elmawkie.dz\/fr\/?p=60370"},"modified":"2025-12-26T16:16:01","modified_gmt":"2025-12-26T15:16:01","slug":"le-nouveau-projet-de-loi-sur-le-foncier-agricole-prochainement-soumis-au-gouvernement","status":"publish","type":"post","link":"https:\/\/elmawkie.dz\/fr\/le-nouveau-projet-de-loi-sur-le-foncier-agricole-prochainement-soumis-au-gouvernement\/","title":{"rendered":"Le nouveau projet de loi sur le foncier agricole prochainement soumis au Gouvernement\u00a0"},"content":{"rendered":"\n<p>&nbsp;Le ministre de l&rsquo;Agriculture, du D\u00e9veloppement rural et de la P\u00eache, M. Yacine El-Mahdi Oualid, a indiqu\u00e9, jeudi \u00e0 Alger, que le nouveau projet de loi organisant le foncier agricole sera prochainement soumis au Gouvernement, pr\u00e9cisant que ce texte vise \u00e0 unifier les proc\u00e9dures et \u00e0 lever les entraves rencontr\u00e9es par les agriculteurs et les investisseurs.<\/p>\n\n\n\n<p>Au cours d&rsquo;une s\u00e9ance pl\u00e9ni\u00e8re de questions orales au Conseil de la nation, pr\u00e9sid\u00e9e par le pr\u00e9sident de l&rsquo;institution, M. Azouz Nasri, en pr\u00e9sence de membres du Gouvernement, le ministre a pr\u00e9cis\u00e9 que le projet de loi organisant le foncier agricole, \u00e9labor\u00e9 par une commission nationale pour \u00ab\u00a0r\u00e9soudre tous les probl\u00e8mes li\u00e9s au foncier agricole et unifier les proc\u00e9dures\u00a0\u00bb, sera soumis au Gouvernement \u00ab\u00a0dans les prochains jours\u00a0\u00bb.<\/p>\n\n\n\n<p>En r\u00e9ponse \u00e0 la question d&rsquo;un s\u00e9nateur sur certaines pratiques au niveau de la Direction des services agricoles de la wilaya d&rsquo;Ouled Djellal, le ministre a indiqu\u00e9 qu&rsquo;une commission sera d\u00e9p\u00each\u00e9e pour enqu\u00eater et prendre les mesures n\u00e9cessaires si les faits \u00e9taient av\u00e9r\u00e9s, soulignant que \u00ab\u00a0le r\u00f4le de l&rsquo;administration est d&rsquo;accueillir les agriculteurs et de faciliter leurs d\u00e9marches, et non l&rsquo;inverse\u00a0\u00bb.<\/p>\n\n\n\n<p>Dans le m\u00eame contexte, M. Oualid a rappel\u00e9 les mesures prises au profit des agriculteurs dans diff\u00e9rentes fili\u00e8res, en particulier les facilit\u00e9s pr\u00e9vues pour l&rsquo;acquisition de semences.<\/p>\n\n\n\n<p>Evoquant les mesures prises pour d\u00e9velopper et pr\u00e9server le cheptel, le ministre a fait savoir que ses services ont entam\u00e9 l&rsquo;\u00e9laboration d&rsquo;un projet de texte l\u00e9gislatif visant \u00e0 organiser la fili\u00e8re de l&rsquo;\u00e9levage, qui permettra de lancer une op\u00e9ration d&rsquo;identification num\u00e9rique du cheptel \u00e0 l&rsquo;\u00e9chelle nationale et de criminaliser l&rsquo;abattage d&rsquo;agnelles.<\/p>\n\n\n\n<p>Il a \u00e9galement affirm\u00e9 que les services centraux et locaux du secteur accordent une importance majeure aux programmes de couverture v\u00e9t\u00e9rinaire, notamment \u00e0 travers la fourniture de vaccins \u00e0 titre gracieux.<\/p>\n\n\n\n<p>Cette ann\u00e9e, a-t-il pr\u00e9cis\u00e9, plus de 14.917.000 t\u00eates, dont 12.882.000 ovins, ont \u00e9t\u00e9 vaccin\u00e9es contre la peste des petits ruminants \u00e0 l&rsquo;\u00e9chelle nationale.<\/p>\n\n\n\n<p>De plus, le secteur s&#8217;emploie \u00e0 approvisionner les \u00e9leveurs en orge fourrag\u00e8re, a-t-il poursuivi, faisant \u00e9tat de l&rsquo;attribution de plus de 1.615.000 quintaux en 2024, distribu\u00e9s \u00e0 plus de 97.000 \u00e9leveurs \u00e0 l&rsquo;\u00e9chelle nationale.<\/p>\n\n\n\n<p>Cette ann\u00e9e jusqu&rsquo;au 23 d\u00e9cembre, plus de 1.972.000 quintaux d&rsquo;orge fourrag\u00e8re ont \u00e9t\u00e9 distribu\u00e9s \u00e0 plus de 110.000 \u00e9leveurs \u00e0 travers le pays, a ajout\u00e9 le ministre.<\/p>\n","protected":false},"excerpt":{"rendered":"<p>&nbsp;Le ministre de l&rsquo;Agriculture, du D\u00e9veloppement rural et de la P\u00eache, M. Yacine El-Mahdi Oualid, a indiqu\u00e9, jeudi \u00e0 Alger, que le nouveau projet de loi organisant le foncier agricole sera prochainement soumis au Gouvernement, pr\u00e9cisant que ce texte vise \u00e0 unifier les proc\u00e9dures et \u00e0 lever les entraves rencontr\u00e9es par les agriculteurs et les &hellip;<\/p>\n","protected":false},"author":9,"featured_media":60372,"comment_status":"open","ping_status":"open","sticky":false,"template":"","format":"standard","meta":{"footnotes":""},"categories":[47],"tags":[],"class_list":["post-60370","post","type-post","status-publish","format-standard","has-post-thumbnail","hentry","category-national"],"yoast_head":"<!-- This site is optimized with the Yoast SEO Premium plugin v22.6 (Yoast SEO v22.6) - https:\/\/yoast.com\/wordpress\/plugins\/seo\/ -->\n<title>Le nouveau projet de loi sur le foncier agricole prochainement soumis au Gouvernement\u00a0 - El Mawkie<\/title>\n<meta name=\"robots\" content=\"index, follow, max-snippet:-1, max-image-preview:large, max-video-preview:-1\" \/>\n<link rel=\"canonical\" href=\"https:\/\/elmawkie.dz\/fr\/le-nouveau-projet-de-loi-sur-le-foncier-agricole-prochainement-soumis-au-gouvernement\/\" \/>\n<meta property=\"og:locale\" content=\"fr_FR\" \/>\n<meta property=\"og:type\" content=\"article\" \/>\n<meta property=\"og:title\" content=\"Le nouveau projet de loi sur le foncier agricole prochainement soumis au Gouvernement\u00a0\" \/>\n<meta property=\"og:description\" content=\"&nbsp;Le ministre de l&rsquo;Agriculture, du D\u00e9veloppement rural et de la P\u00eache, M. Yacine El-Mahdi Oualid, a indiqu\u00e9, jeudi \u00e0 Alger, que le nouveau projet de loi organisant le foncier agricole sera prochainement soumis au Gouvernement, pr\u00e9cisant que ce texte vise \u00e0 unifier les proc\u00e9dures et \u00e0 lever les entraves rencontr\u00e9es par les agriculteurs et les &hellip;\" \/>\n<meta property=\"og:url\" content=\"https:\/\/elmawkie.dz\/fr\/le-nouveau-projet-de-loi-sur-le-foncier-agricole-prochainement-soumis-au-gouvernement\/\" \/>\n<meta property=\"og:site_name\" content=\"El Mawkie\" \/>\n<meta property=\"article:publisher\" content=\"https:\/\/www.facebook.com\/profile.php?id=100088407094989&amp;locale=fr_FR\" \/>\n<meta property=\"article:published_time\" content=\"2025-12-26T15:16:00+00:00\" \/>\n<meta property=\"article:modified_time\" content=\"2025-12-26T15:16:01+00:00\" \/>\n<meta property=\"og:image\" content=\"https:\/\/elmawkie.dz\/fr\/wp-content\/uploads\/2025\/12\/IMG_5972.jpeg\" \/>\n\t<meta property=\"og:image:width\" content=\"2048\" \/>\n\t<meta property=\"og:image:height\" content=\"1365\" \/>\n\t<meta property=\"og:image:type\" content=\"image\/jpeg\" \/>\n<meta name=\"author\" content=\"R\u00e9daction\" \/>\n<meta name=\"twitter:card\" content=\"summary_large_image\" \/>\n<meta name=\"twitter:label1\" content=\"Written by\" \/>\n\t<meta name=\"twitter:data1\" content=\"R\u00e9daction\" \/>\n\t<meta name=\"twitter:label2\" content=\"Est. reading time\" \/>\n\t<meta name=\"twitter:data2\" content=\"3 minutes\" \/>\n<script type=\"application\/ld+json\" class=\"yoast-schema-graph\">{\"@context\":\"https:\/\/schema.org\",\"@graph\":[{\"@type\":\"Article\",\"@id\":\"https:\/\/elmawkie.dz\/fr\/le-nouveau-projet-de-loi-sur-le-foncier-agricole-prochainement-soumis-au-gouvernement\/#article\",\"isPartOf\":{\"@id\":\"https:\/\/elmawkie.dz\/fr\/le-nouveau-projet-de-loi-sur-le-foncier-agricole-prochainement-soumis-au-gouvernement\/\"},\"author\":{\"name\":\"R\u00e9daction\",\"@id\":\"https:\/\/elmawkie.dz\/fr\/#\/schema\/person\/e7bd59d6467874ba5c4723d8a9f0a63c\"},\"headline\":\"Le nouveau projet de loi sur le foncier agricole prochainement soumis au Gouvernement\u00a0\",\"datePublished\":\"2025-12-26T15:16:00+00:00\",\"dateModified\":\"2025-12-26T15:16:01+00:00\",\"mainEntityOfPage\":{\"@id\":\"https:\/\/elmawkie.dz\/fr\/le-nouveau-projet-de-loi-sur-le-foncier-agricole-prochainement-soumis-au-gouvernement\/\"},\"wordCount\":443,\"commentCount\":0,\"publisher\":{\"@id\":\"https:\/\/elmawkie.dz\/fr\/#organization\"},\"image\":{\"@id\":\"https:\/\/elmawkie.dz\/fr\/le-nouveau-projet-de-loi-sur-le-foncier-agricole-prochainement-soumis-au-gouvernement\/#primaryimage\"},\"thumbnailUrl\":\"https:\/\/elmawkie.dz\/fr\/wp-content\/uploads\/2025\/12\/IMG_5972.jpeg\",\"articleSection\":[\"National\"],\"inLanguage\":\"fr-FR\",\"potentialAction\":[{\"@type\":\"CommentAction\",\"name\":\"Comment\",\"target\":[\"https:\/\/elmawkie.dz\/fr\/le-nouveau-projet-de-loi-sur-le-foncier-agricole-prochainement-soumis-au-gouvernement\/#respond\"]}]},{\"@type\":\"WebPage\",\"@id\":\"https:\/\/elmawkie.dz\/fr\/le-nouveau-projet-de-loi-sur-le-foncier-agricole-prochainement-soumis-au-gouvernement\/\",\"url\":\"https:\/\/elmawkie.dz\/fr\/le-nouveau-projet-de-loi-sur-le-foncier-agricole-prochainement-soumis-au-gouvernement\/\",\"name\":\"Le nouveau projet de loi sur le foncier agricole prochainement soumis au Gouvernement\u00a0 - El Mawkie\",\"isPartOf\":{\"@id\":\"https:\/\/elmawkie.dz\/fr\/#website\"},\"primaryImageOfPage\":{\"@id\":\"https:\/\/elmawkie.dz\/fr\/le-nouveau-projet-de-loi-sur-le-foncier-agricole-prochainement-soumis-au-gouvernement\/#primaryimage\"},\"image\":{\"@id\":\"https:\/\/elmawkie.dz\/fr\/le-nouveau-projet-de-loi-sur-le-foncier-agricole-prochainement-soumis-au-gouvernement\/#primaryimage\"},\"thumbnailUrl\":\"https:\/\/elmawkie.dz\/fr\/wp-content\/uploads\/2025\/12\/IMG_5972.jpeg\",\"datePublished\":\"2025-12-26T15:16:00+00:00\",\"dateModified\":\"2025-12-26T15:16:01+00:00\",\"breadcrumb\":{\"@id\":\"https:\/\/elmawkie.dz\/fr\/le-nouveau-projet-de-loi-sur-le-foncier-agricole-prochainement-soumis-au-gouvernement\/#breadcrumb\"},\"inLanguage\":\"fr-FR\",\"potentialAction\":[{\"@type\":\"ReadAction\",\"target\":[\"https:\/\/elmawkie.dz\/fr\/le-nouveau-projet-de-loi-sur-le-foncier-agricole-prochainement-soumis-au-gouvernement\/\"]}]},{\"@type\":\"ImageObject\",\"inLanguage\":\"fr-FR\",\"@id\":\"https:\/\/elmawkie.dz\/fr\/le-nouveau-projet-de-loi-sur-le-foncier-agricole-prochainement-soumis-au-gouvernement\/#primaryimage\",\"url\":\"https:\/\/elmawkie.dz\/fr\/wp-content\/uploads\/2025\/12\/IMG_5972.jpeg\",\"contentUrl\":\"https:\/\/elmawkie.dz\/fr\/wp-content\/uploads\/2025\/12\/IMG_5972.jpeg\",\"width\":2048,\"height\":1365},{\"@type\":\"BreadcrumbList\",\"@id\":\"https:\/\/elmawkie.dz\/fr\/le-nouveau-projet-de-loi-sur-le-foncier-agricole-prochainement-soumis-au-gouvernement\/#breadcrumb\",\"itemListElement\":[{\"@type\":\"ListItem\",\"position\":1,\"name\":\"Home\",\"item\":\"https:\/\/elmawkie.dz\/fr\/\"},{\"@type\":\"ListItem\",\"position\":2,\"name\":\"Le nouveau projet de loi sur le foncier agricole prochainement soumis au Gouvernement\u00a0\"}]},{\"@type\":\"WebSite\",\"@id\":\"https:\/\/elmawkie.dz\/fr\/#website\",\"url\":\"https:\/\/elmawkie.dz\/fr\/\",\"name\":\"EL MAWKIE\",\"description\":\"Journal \u00c9lectronique Alg\u00e9rien\",\"publisher\":{\"@id\":\"https:\/\/elmawkie.dz\/fr\/#organization\"},\"potentialAction\":[{\"@type\":\"SearchAction\",\"target\":{\"@type\":\"EntryPoint\",\"urlTemplate\":\"https:\/\/elmawkie.dz\/fr\/?s={search_term_string}\"},\"query-input\":\"required name=search_term_string\"}],\"inLanguage\":\"fr-FR\"},{\"@type\":\"Organization\",\"@id\":\"https:\/\/elmawkie.dz\/fr\/#organization\",\"name\":\"EL MAWKIE\",\"url\":\"https:\/\/elmawkie.dz\/fr\/\",\"logo\":{\"@type\":\"ImageObject\",\"inLanguage\":\"fr-FR\",\"@id\":\"https:\/\/elmawkie.dz\/fr\/#\/schema\/logo\/image\/\",\"url\":\"https:\/\/elmawkie.dz\/fr\/wp-content\/uploads\/2024\/05\/logo1.png\",\"contentUrl\":\"https:\/\/elmawkie.dz\/fr\/wp-content\/uploads\/2024\/05\/logo1.png\",\"width\":1648,\"height\":652,\"caption\":\"EL MAWKIE\"},\"image\":{\"@id\":\"https:\/\/elmawkie.dz\/fr\/#\/schema\/logo\/image\/\"},\"sameAs\":[\"https:\/\/www.facebook.com\/profile.php?id=100088407094989&locale=fr_FR\"]},{\"@type\":\"Person\",\"@id\":\"https:\/\/elmawkie.dz\/fr\/#\/schema\/person\/e7bd59d6467874ba5c4723d8a9f0a63c\",\"name\":\"R\u00e9daction\",\"image\":{\"@type\":\"ImageObject\",\"inLanguage\":\"fr-FR\",\"@id\":\"https:\/\/elmawkie.dz\/fr\/#\/schema\/person\/image\/\",\"url\":\"https:\/\/secure.gravatar.com\/avatar\/f0f773456344da4d2788c054a3d30a0c?s=96&d=mm&r=g\",\"contentUrl\":\"https:\/\/secure.gravatar.com\/avatar\/f0f773456344da4d2788c054a3d30a0c?s=96&d=mm&r=g\",\"caption\":\"R\u00e9daction\"},\"url\":\"https:\/\/elmawkie.dz\/fr\/author\/redaction\/\"}]}<\/script>\n<!-- \/ Yoast SEO Premium plugin. -->","yoast_head_json":{"title":"Le nouveau projet de loi sur le foncier agricole prochainement soumis au Gouvernement\u00a0 - El Mawkie","robots":{"index":"index","follow":"follow","max-snippet":"max-snippet:-1","max-image-preview":"max-image-preview:large","max-video-preview":"max-video-preview:-1"},"canonical":"https:\/\/elmawkie.dz\/fr\/le-nouveau-projet-de-loi-sur-le-foncier-agricole-prochainement-soumis-au-gouvernement\/","og_locale":"fr_FR","og_type":"article","og_title":"Le nouveau projet de loi sur le foncier agricole prochainement soumis au Gouvernement\u00a0","og_description":"&nbsp;Le ministre de l&rsquo;Agriculture, du D\u00e9veloppement rural et de la P\u00eache, M. Yacine El-Mahdi Oualid, a indiqu\u00e9, jeudi \u00e0 Alger, que le nouveau projet de loi organisant le foncier agricole sera prochainement soumis au Gouvernement, pr\u00e9cisant que ce texte vise \u00e0 unifier les proc\u00e9dures et \u00e0 lever les entraves rencontr\u00e9es par les agriculteurs et les &hellip;","og_url":"https:\/\/elmawkie.dz\/fr\/le-nouveau-projet-de-loi-sur-le-foncier-agricole-prochainement-soumis-au-gouvernement\/","og_site_name":"El Mawkie","article_publisher":"https:\/\/www.facebook.com\/profile.php?id=100088407094989&locale=fr_FR","article_published_time":"2025-12-26T15:16:00+00:00","article_modified_time":"2025-12-26T15:16:01+00:00","og_image":[{"width":2048,"height":1365,"url":"https:\/\/elmawkie.dz\/fr\/wp-content\/uploads\/2025\/12\/IMG_5972.jpeg","type":"image\/jpeg"}],"author":"R\u00e9daction","twitter_card":"summary_large_image","twitter_misc":{"Written by":"R\u00e9daction","Est. reading time":"3 minutes"},"schema":{"@context":"https:\/\/schema.org","@graph":[{"@type":"Article","@id":"https:\/\/elmawkie.dz\/fr\/le-nouveau-projet-de-loi-sur-le-foncier-agricole-prochainement-soumis-au-gouvernement\/#article","isPartOf":{"@id":"https:\/\/elmawkie.dz\/fr\/le-nouveau-projet-de-loi-sur-le-foncier-agricole-prochainement-soumis-au-gouvernement\/"},"author":{"name":"R\u00e9daction","@id":"https:\/\/elmawkie.dz\/fr\/#\/schema\/person\/e7bd59d6467874ba5c4723d8a9f0a63c"},"headline":"Le nouveau projet de loi sur le foncier agricole prochainement soumis au Gouvernement\u00a0","datePublished":"2025-12-26T15:16:00+00:00","dateModified":"2025-12-26T15:16:01+00:00","mainEntityOfPage":{"@id":"https:\/\/elmawkie.dz\/fr\/le-nouveau-projet-de-loi-sur-le-foncier-agricole-prochainement-soumis-au-gouvernement\/"},"wordCount":443,"commentCount":0,"publisher":{"@id":"https:\/\/elmawkie.dz\/fr\/#organization"},"image":{"@id":"https:\/\/elmawkie.dz\/fr\/le-nouveau-projet-de-loi-sur-le-foncier-agricole-prochainement-soumis-au-gouvernement\/#primaryimage"},"thumbnailUrl":"https:\/\/elmawkie.dz\/fr\/wp-content\/uploads\/2025\/12\/IMG_5972.jpeg","articleSection":["National"],"inLanguage":"fr-FR","potentialAction":[{"@type":"CommentAction","name":"Comment","target":["https:\/\/elmawkie.dz\/fr\/le-nouveau-projet-de-loi-sur-le-foncier-agricole-prochainement-soumis-au-gouvernement\/#respond"]}]},{"@type":"WebPage","@id":"https:\/\/elmawkie.dz\/fr\/le-nouveau-projet-de-loi-sur-le-foncier-agricole-prochainement-soumis-au-gouvernement\/","url":"https:\/\/elmawkie.dz\/fr\/le-nouveau-projet-de-loi-sur-le-foncier-agricole-prochainement-soumis-au-gouvernement\/","name":"Le nouveau projet de loi sur le foncier agricole prochainement soumis au Gouvernement\u00a0 - El Mawkie","isPartOf":{"@id":"https:\/\/elmawkie.dz\/fr\/#website"},"primaryImageOfPage":{"@id":"https:\/\/elmawkie.dz\/fr\/le-nouveau-projet-de-loi-sur-le-foncier-agricole-prochainement-soumis-au-gouvernement\/#primaryimage"},"image":{"@id":"https:\/\/elmawkie.dz\/fr\/le-nouveau-projet-de-loi-sur-le-foncier-agricole-prochainement-soumis-au-gouvernement\/#primaryimage"},"thumbnailUrl":"https:\/\/elmawkie.dz\/fr\/wp-content\/uploads\/2025\/12\/IMG_5972.jpeg","datePublished":"2025-12-26T15:16:00+00:00","dateModified":"2025-12-26T15:16:01+00:00","breadcrumb":{"@id":"https:\/\/elmawkie.dz\/fr\/le-nouveau-projet-de-loi-sur-le-foncier-agricole-prochainement-soumis-au-gouvernement\/#breadcrumb"},"inLanguage":"fr-FR","potentialAction":[{"@type":"ReadAction","target":["https:\/\/elmawkie.dz\/fr\/le-nouveau-projet-de-loi-sur-le-foncier-agricole-prochainement-soumis-au-gouvernement\/"]}]},{"@type":"ImageObject","inLanguage":"fr-FR","@id":"https:\/\/elmawkie.dz\/fr\/le-nouveau-projet-de-loi-sur-le-foncier-agricole-prochainement-soumis-au-gouvernement\/#primaryimage","url":"https:\/\/elmawkie.dz\/fr\/wp-content\/uploads\/2025\/12\/IMG_5972.jpeg","contentUrl":"https:\/\/elmawkie.dz\/fr\/wp-content\/uploads\/2025\/12\/IMG_5972.jpeg","width":2048,"height":1365},{"@type":"BreadcrumbList","@id":"https:\/\/elmawkie.dz\/fr\/le-nouveau-projet-de-loi-sur-le-foncier-agricole-prochainement-soumis-au-gouvernement\/#breadcrumb","itemListElement":[{"@type":"ListItem","position":1,"name":"Home","item":"https:\/\/elmawkie.dz\/fr\/"},{"@type":"ListItem","position":2,"name":"Le nouveau projet de loi sur le foncier agricole prochainement soumis au Gouvernement\u00a0"}]},{"@type":"WebSite","@id":"https:\/\/elmawkie.dz\/fr\/#website","url":"https:\/\/elmawkie.dz\/fr\/","name":"EL MAWKIE","description":"Journal \u00c9lectronique Alg\u00e9rien","publisher":{"@id":"https:\/\/elmawkie.dz\/fr\/#organization"},"potentialAction":[{"@type":"SearchAction","target":{"@type":"EntryPoint","urlTemplate":"https:\/\/elmawkie.dz\/fr\/?s={search_term_string}"},"query-input":"required name=search_term_string"}],"inLanguage":"fr-FR"},{"@type":"Organization","@id":"https:\/\/elmawkie.dz\/fr\/#organization","name":"EL MAWKIE","url":"https:\/\/elmawkie.dz\/fr\/","logo":{"@type":"ImageObject","inLanguage":"fr-FR","@id":"https:\/\/elmawkie.dz\/fr\/#\/schema\/logo\/image\/","url":"https:\/\/elmawkie.dz\/fr\/wp-content\/uploads\/2024\/05\/logo1.png","contentUrl":"https:\/\/elmawkie.dz\/fr\/wp-content\/uploads\/2024\/05\/logo1.png","width":1648,"height":652,"caption":"EL MAWKIE"},"image":{"@id":"https:\/\/elmawkie.dz\/fr\/#\/schema\/logo\/image\/"},"sameAs":["https:\/\/www.facebook.com\/profile.php?id=100088407094989&locale=fr_FR"]},{"@type":"Person","@id":"https:\/\/elmawkie.dz\/fr\/#\/schema\/person\/e7bd59d6467874ba5c4723d8a9f0a63c","name":"R\u00e9daction","image":{"@type":"ImageObject","inLanguage":"fr-FR","@id":"https:\/\/elmawkie.dz\/fr\/#\/schema\/person\/image\/","url":"https:\/\/secure.gravatar.com\/avatar\/f0f773456344da4d2788c054a3d30a0c?s=96&d=mm&r=g","contentUrl":"https:\/\/secure.gravatar.com\/avatar\/f0f773456344da4d2788c054a3d30a0c?s=96&d=mm&r=g","caption":"R\u00e9daction"},"url":"https:\/\/elmawkie.dz\/fr\/author\/redaction\/"}]}},"_links":{"self":[{"href":"https:\/\/elmawkie.dz\/fr\/wp-json\/wp\/v2\/posts\/60370","targetHints":{"allow":["GET"]}}],"collection":[{"href":"https:\/\/elmawkie.dz\/fr\/wp-json\/wp\/v2\/posts"}],"about":[{"href":"https:\/\/elmawkie.dz\/fr\/wp-json\/wp\/v2\/types\/post"}],"author":[{"embeddable":true,"href":"https:\/\/elmawkie.dz\/fr\/wp-json\/wp\/v2\/users\/9"}],"replies":[{"embeddable":true,"href":"https:\/\/elmawkie.dz\/fr\/wp-json\/wp\/v2\/comments?post=60370"}],"version-history":[{"count":1,"href":"https:\/\/elmawkie.dz\/fr\/wp-json\/wp\/v2\/posts\/60370\/revisions"}],"predecessor-version":[{"id":60373,"href":"https:\/\/elmawkie.dz\/fr\/wp-json\/wp\/v2\/posts\/60370\/revisions\/60373"}],"wp:featuredmedia":[{"embeddable":true,"href":"https:\/\/elmawkie.dz\/fr\/wp-json\/wp\/v2\/media\/60372"}],"wp:attachment":[{"href":"https:\/\/elmawkie.dz\/fr\/wp-json\/wp\/v2\/media?parent=60370"}],"wp:term":[{"taxonomy":"category","embeddable":true,"href":"https:\/\/elmawkie.dz\/fr\/wp-json\/wp\/v2\/categories?post=60370"},{"taxonomy":"post_tag","embeddable":true,"href":"https:\/\/elmawkie.dz\/fr\/wp-json\/wp\/v2\/tags?post=60370"}],"curies":[{"name":"wp","href":"https:\/\/api.w.org\/{rel}","templated":true}]}}