{"id":60232,"date":"2025-12-23T18:15:00","date_gmt":"2025-12-23T17:15:00","guid":{"rendered":"https:\/\/elmawkie.dz\/fr\/?p=60232"},"modified":"2025-12-23T18:15:01","modified_gmt":"2025-12-23T17:15:01","slug":"reunion-du-gouvernement-examen-de-projets-relatifs-a-plusieurs-secteurs","status":"publish","type":"post","link":"https:\/\/elmawkie.dz\/fr\/reunion-du-gouvernement-examen-de-projets-relatifs-a-plusieurs-secteurs\/","title":{"rendered":"R\u00e9union du Gouvernement: examen de projets relatifs \u00e0 plusieurs secteurs"},"content":{"rendered":"\n<p>Le Premier ministre, M. Sifi Ghrieb, a pr\u00e9sid\u00e9, mardi, une r\u00e9union du Gouvernement consacr\u00e9e \u00e0 l&rsquo;examen d&rsquo;un avant-projet de loi relatif au domaine du num\u00e9rique, ainsi qu&rsquo;un projet de d\u00e9cret ex\u00e9cutif relatif aux \u00e9tablissements priv\u00e9s d\u2019\u00e9ducation et d\u2019enseignement sp\u00e9cialis\u00e9s pour enfants atteints d\u2019un handicap mental, indique un communiqu\u00e9 des services du Premier ministre, dont voici le texte int\u00e9gral : \u00ab\u00a0Le Premier ministre, Monsieur Sifi Ghrieb, a pr\u00e9sid\u00e9, ce mardi 23 d\u00e9cembre 2025, une r\u00e9union du Gouvernement consacr\u00e9e aux points ci-apr\u00e8s : Le Gouvernement a entam\u00e9 l\u2019examen d\u2019un avant-projet de loi fixant les r\u00e8gles g\u00e9n\u00e9rales relatives au domaine du num\u00e9rique.<\/p>\n\n\n\n<p>Il s\u2019agit d\u2019une \u00e9tape cl\u00e9 dans la cr\u00e9ation d\u2019un \u00e9cosyst\u00e8me num\u00e9rique national efficace, s\u00e9curis\u00e9 et coh\u00e9rent, notamment \u00e0 travers la mise en place d\u2019un mod\u00e8le de gouvernance moderne fond\u00e9 sur la num\u00e9risation globale comme socle de la performance administrative en mati\u00e8re de gestion des affaires publiques.<\/p>\n\n\n\n<p>Ainsi, cet avant-projet de loi vise \u00e0 \u00e9tablir un cadre juridique solide accompagnant la transformation num\u00e9rique, garantissant sa durabilit\u00e9 et son efficacit\u00e9, en permettant \u00e0 notre pays de s\u2019engager pleinement dans l\u2019\u00e8re num\u00e9rique.<\/p>\n\n\n\n<p>Le Gouvernement a \u00e9galement examin\u00e9 un projet de d\u00e9cret ex\u00e9cutif fixant les conditions de cr\u00e9ation, d\u2019organisation, de fonctionnement et de contr\u00f4le des \u00e9tablissements priv\u00e9s d\u2019\u00e9ducation et d\u2019enseignement sp\u00e9cialis\u00e9s pour enfants ayant des besoins sp\u00e9cifiques atteints d\u2019un handicap mental.<\/p>\n\n\n\n<p>Ce projet de texte vise \u00e0 soutenir la cr\u00e9ation des \u00e9tablissements priv\u00e9s et d\u2019am\u00e9liorer leur organisation et leur fonctionnement, de prendre en charge les \u00e9volutions pr\u00e9vues par la loi n 25-01 du 20 f\u00e9vrier 2025, relative \u00e0 la protection et \u00e0 la promotion des personnes ayant des besoins sp\u00e9cifiques, pour une meilleure prise en charge, tout en contribuant au renforcement des efforts d\u00e9ploy\u00e9s par l\u2019Etat pour la g\u00e9n\u00e9ralisation des structures d\u2019accueil au profit des enfants atteints d\u2019un handicap mental, \u00e0 travers tout le territoire national\u00a0\u00bb.&nbsp;<\/p>\n","protected":false},"excerpt":{"rendered":"<p>Le Premier ministre, M. Sifi Ghrieb, a pr\u00e9sid\u00e9, mardi, une r\u00e9union du Gouvernement consacr\u00e9e \u00e0 l&rsquo;examen d&rsquo;un avant-projet de loi relatif au domaine du num\u00e9rique, ainsi qu&rsquo;un projet de d\u00e9cret ex\u00e9cutif relatif aux \u00e9tablissements priv\u00e9s d\u2019\u00e9ducation et d\u2019enseignement sp\u00e9cialis\u00e9s pour enfants atteints d\u2019un handicap mental, indique un communiqu\u00e9 des services du Premier ministre, dont voici &hellip;<\/p>\n","protected":false},"author":9,"featured_media":60234,"comment_status":"open","ping_status":"open","sticky":false,"template":"","format":"standard","meta":{"footnotes":""},"categories":[47],"tags":[435],"class_list":["post-60232","post","type-post","status-publish","format-standard","has-post-thumbnail","hentry","category-national","tag-reunion-du-gouvernement"],"yoast_head":"<!-- This site is optimized with the Yoast SEO Premium plugin v22.6 (Yoast SEO v22.6) - https:\/\/yoast.com\/wordpress\/plugins\/seo\/ -->\n<title>R\u00e9union du Gouvernement: examen de projets relatifs \u00e0 plusieurs secteurs - El Mawkie<\/title>\n<meta name=\"robots\" content=\"index, follow, max-snippet:-1, max-image-preview:large, max-video-preview:-1\" \/>\n<link rel=\"canonical\" href=\"https:\/\/elmawkie.dz\/fr\/reunion-du-gouvernement-examen-de-projets-relatifs-a-plusieurs-secteurs\/\" \/>\n<meta property=\"og:locale\" content=\"fr_FR\" \/>\n<meta property=\"og:type\" content=\"article\" \/>\n<meta property=\"og:title\" content=\"R\u00e9union du Gouvernement: examen de projets relatifs \u00e0 plusieurs secteurs\" \/>\n<meta property=\"og:description\" content=\"Le Premier ministre, M. Sifi Ghrieb, a pr\u00e9sid\u00e9, mardi, une r\u00e9union du Gouvernement consacr\u00e9e \u00e0 l&rsquo;examen d&rsquo;un avant-projet de loi relatif au domaine du num\u00e9rique, ainsi qu&rsquo;un projet de d\u00e9cret ex\u00e9cutif relatif aux \u00e9tablissements priv\u00e9s d\u2019\u00e9ducation et d\u2019enseignement sp\u00e9cialis\u00e9s pour enfants atteints d\u2019un handicap mental, indique un communiqu\u00e9 des services du Premier ministre, dont voici &hellip;\" \/>\n<meta property=\"og:url\" content=\"https:\/\/elmawkie.dz\/fr\/reunion-du-gouvernement-examen-de-projets-relatifs-a-plusieurs-secteurs\/\" \/>\n<meta property=\"og:site_name\" content=\"El Mawkie\" \/>\n<meta property=\"article:publisher\" content=\"https:\/\/www.facebook.com\/profile.php?id=100088407094989&amp;locale=fr_FR\" \/>\n<meta property=\"article:published_time\" content=\"2025-12-23T17:15:00+00:00\" \/>\n<meta property=\"article:modified_time\" content=\"2025-12-23T17:15:01+00:00\" \/>\n<meta property=\"og:image\" content=\"https:\/\/elmawkie.dz\/fr\/wp-content\/uploads\/2025\/12\/IMG_5646.jpeg\" \/>\n\t<meta property=\"og:image:width\" content=\"552\" \/>\n\t<meta property=\"og:image:height\" content=\"362\" \/>\n\t<meta property=\"og:image:type\" content=\"image\/jpeg\" \/>\n<meta name=\"author\" content=\"R\u00e9daction\" \/>\n<meta name=\"twitter:card\" content=\"summary_large_image\" \/>\n<meta name=\"twitter:label1\" content=\"Written by\" \/>\n\t<meta name=\"twitter:data1\" content=\"R\u00e9daction\" \/>\n\t<meta name=\"twitter:label2\" content=\"Est. reading time\" \/>\n\t<meta name=\"twitter:data2\" content=\"2 minutes\" \/>\n<script type=\"application\/ld+json\" class=\"yoast-schema-graph\">{\"@context\":\"https:\/\/schema.org\",\"@graph\":[{\"@type\":\"Article\",\"@id\":\"https:\/\/elmawkie.dz\/fr\/reunion-du-gouvernement-examen-de-projets-relatifs-a-plusieurs-secteurs\/#article\",\"isPartOf\":{\"@id\":\"https:\/\/elmawkie.dz\/fr\/reunion-du-gouvernement-examen-de-projets-relatifs-a-plusieurs-secteurs\/\"},\"author\":{\"name\":\"R\u00e9daction\",\"@id\":\"https:\/\/elmawkie.dz\/fr\/#\/schema\/person\/e7bd59d6467874ba5c4723d8a9f0a63c\"},\"headline\":\"R\u00e9union du Gouvernement: examen de projets relatifs \u00e0 plusieurs secteurs\",\"datePublished\":\"2025-12-23T17:15:00+00:00\",\"dateModified\":\"2025-12-23T17:15:01+00:00\",\"mainEntityOfPage\":{\"@id\":\"https:\/\/elmawkie.dz\/fr\/reunion-du-gouvernement-examen-de-projets-relatifs-a-plusieurs-secteurs\/\"},\"wordCount\":367,\"commentCount\":0,\"publisher\":{\"@id\":\"https:\/\/elmawkie.dz\/fr\/#organization\"},\"image\":{\"@id\":\"https:\/\/elmawkie.dz\/fr\/reunion-du-gouvernement-examen-de-projets-relatifs-a-plusieurs-secteurs\/#primaryimage\"},\"thumbnailUrl\":\"https:\/\/elmawkie.dz\/fr\/wp-content\/uploads\/2025\/12\/IMG_5646.jpeg\",\"keywords\":[\"R\u00e9union du gouvernement\"],\"articleSection\":[\"National\"],\"inLanguage\":\"fr-FR\",\"potentialAction\":[{\"@type\":\"CommentAction\",\"name\":\"Comment\",\"target\":[\"https:\/\/elmawkie.dz\/fr\/reunion-du-gouvernement-examen-de-projets-relatifs-a-plusieurs-secteurs\/#respond\"]}]},{\"@type\":\"WebPage\",\"@id\":\"https:\/\/elmawkie.dz\/fr\/reunion-du-gouvernement-examen-de-projets-relatifs-a-plusieurs-secteurs\/\",\"url\":\"https:\/\/elmawkie.dz\/fr\/reunion-du-gouvernement-examen-de-projets-relatifs-a-plusieurs-secteurs\/\",\"name\":\"R\u00e9union du Gouvernement: examen de projets relatifs \u00e0 plusieurs secteurs - El Mawkie\",\"isPartOf\":{\"@id\":\"https:\/\/elmawkie.dz\/fr\/#website\"},\"primaryImageOfPage\":{\"@id\":\"https:\/\/elmawkie.dz\/fr\/reunion-du-gouvernement-examen-de-projets-relatifs-a-plusieurs-secteurs\/#primaryimage\"},\"image\":{\"@id\":\"https:\/\/elmawkie.dz\/fr\/reunion-du-gouvernement-examen-de-projets-relatifs-a-plusieurs-secteurs\/#primaryimage\"},\"thumbnailUrl\":\"https:\/\/elmawkie.dz\/fr\/wp-content\/uploads\/2025\/12\/IMG_5646.jpeg\",\"datePublished\":\"2025-12-23T17:15:00+00:00\",\"dateModified\":\"2025-12-23T17:15:01+00:00\",\"breadcrumb\":{\"@id\":\"https:\/\/elmawkie.dz\/fr\/reunion-du-gouvernement-examen-de-projets-relatifs-a-plusieurs-secteurs\/#breadcrumb\"},\"inLanguage\":\"fr-FR\",\"potentialAction\":[{\"@type\":\"ReadAction\",\"target\":[\"https:\/\/elmawkie.dz\/fr\/reunion-du-gouvernement-examen-de-projets-relatifs-a-plusieurs-secteurs\/\"]}]},{\"@type\":\"ImageObject\",\"inLanguage\":\"fr-FR\",\"@id\":\"https:\/\/elmawkie.dz\/fr\/reunion-du-gouvernement-examen-de-projets-relatifs-a-plusieurs-secteurs\/#primaryimage\",\"url\":\"https:\/\/elmawkie.dz\/fr\/wp-content\/uploads\/2025\/12\/IMG_5646.jpeg\",\"contentUrl\":\"https:\/\/elmawkie.dz\/fr\/wp-content\/uploads\/2025\/12\/IMG_5646.jpeg\",\"width\":552,\"height\":362},{\"@type\":\"BreadcrumbList\",\"@id\":\"https:\/\/elmawkie.dz\/fr\/reunion-du-gouvernement-examen-de-projets-relatifs-a-plusieurs-secteurs\/#breadcrumb\",\"itemListElement\":[{\"@type\":\"ListItem\",\"position\":1,\"name\":\"Home\",\"item\":\"https:\/\/elmawkie.dz\/fr\/\"},{\"@type\":\"ListItem\",\"position\":2,\"name\":\"R\u00e9union du Gouvernement: examen de projets relatifs \u00e0 plusieurs secteurs\"}]},{\"@type\":\"WebSite\",\"@id\":\"https:\/\/elmawkie.dz\/fr\/#website\",\"url\":\"https:\/\/elmawkie.dz\/fr\/\",\"name\":\"EL MAWKIE\",\"description\":\"Journal \u00c9lectronique Alg\u00e9rien\",\"publisher\":{\"@id\":\"https:\/\/elmawkie.dz\/fr\/#organization\"},\"potentialAction\":[{\"@type\":\"SearchAction\",\"target\":{\"@type\":\"EntryPoint\",\"urlTemplate\":\"https:\/\/elmawkie.dz\/fr\/?s={search_term_string}\"},\"query-input\":\"required name=search_term_string\"}],\"inLanguage\":\"fr-FR\"},{\"@type\":\"Organization\",\"@id\":\"https:\/\/elmawkie.dz\/fr\/#organization\",\"name\":\"EL MAWKIE\",\"url\":\"https:\/\/elmawkie.dz\/fr\/\",\"logo\":{\"@type\":\"ImageObject\",\"inLanguage\":\"fr-FR\",\"@id\":\"https:\/\/elmawkie.dz\/fr\/#\/schema\/logo\/image\/\",\"url\":\"https:\/\/elmawkie.dz\/fr\/wp-content\/uploads\/2024\/05\/logo1.png\",\"contentUrl\":\"https:\/\/elmawkie.dz\/fr\/wp-content\/uploads\/2024\/05\/logo1.png\",\"width\":1648,\"height\":652,\"caption\":\"EL MAWKIE\"},\"image\":{\"@id\":\"https:\/\/elmawkie.dz\/fr\/#\/schema\/logo\/image\/\"},\"sameAs\":[\"https:\/\/www.facebook.com\/profile.php?id=100088407094989&locale=fr_FR\"]},{\"@type\":\"Person\",\"@id\":\"https:\/\/elmawkie.dz\/fr\/#\/schema\/person\/e7bd59d6467874ba5c4723d8a9f0a63c\",\"name\":\"R\u00e9daction\",\"image\":{\"@type\":\"ImageObject\",\"inLanguage\":\"fr-FR\",\"@id\":\"https:\/\/elmawkie.dz\/fr\/#\/schema\/person\/image\/\",\"url\":\"https:\/\/secure.gravatar.com\/avatar\/f0f773456344da4d2788c054a3d30a0c?s=96&d=mm&r=g\",\"contentUrl\":\"https:\/\/secure.gravatar.com\/avatar\/f0f773456344da4d2788c054a3d30a0c?s=96&d=mm&r=g\",\"caption\":\"R\u00e9daction\"},\"url\":\"https:\/\/elmawkie.dz\/fr\/author\/redaction\/\"}]}<\/script>\n<!-- \/ Yoast SEO Premium plugin. -->","yoast_head_json":{"title":"R\u00e9union du Gouvernement: examen de projets relatifs \u00e0 plusieurs secteurs - El Mawkie","robots":{"index":"index","follow":"follow","max-snippet":"max-snippet:-1","max-image-preview":"max-image-preview:large","max-video-preview":"max-video-preview:-1"},"canonical":"https:\/\/elmawkie.dz\/fr\/reunion-du-gouvernement-examen-de-projets-relatifs-a-plusieurs-secteurs\/","og_locale":"fr_FR","og_type":"article","og_title":"R\u00e9union du Gouvernement: examen de projets relatifs \u00e0 plusieurs secteurs","og_description":"Le Premier ministre, M. Sifi Ghrieb, a pr\u00e9sid\u00e9, mardi, une r\u00e9union du Gouvernement consacr\u00e9e \u00e0 l&rsquo;examen d&rsquo;un avant-projet de loi relatif au domaine du num\u00e9rique, ainsi qu&rsquo;un projet de d\u00e9cret ex\u00e9cutif relatif aux \u00e9tablissements priv\u00e9s d\u2019\u00e9ducation et d\u2019enseignement sp\u00e9cialis\u00e9s pour enfants atteints d\u2019un handicap mental, indique un communiqu\u00e9 des services du Premier ministre, dont voici &hellip;","og_url":"https:\/\/elmawkie.dz\/fr\/reunion-du-gouvernement-examen-de-projets-relatifs-a-plusieurs-secteurs\/","og_site_name":"El Mawkie","article_publisher":"https:\/\/www.facebook.com\/profile.php?id=100088407094989&locale=fr_FR","article_published_time":"2025-12-23T17:15:00+00:00","article_modified_time":"2025-12-23T17:15:01+00:00","og_image":[{"width":552,"height":362,"url":"https:\/\/elmawkie.dz\/fr\/wp-content\/uploads\/2025\/12\/IMG_5646.jpeg","type":"image\/jpeg"}],"author":"R\u00e9daction","twitter_card":"summary_large_image","twitter_misc":{"Written by":"R\u00e9daction","Est. reading time":"2 minutes"},"schema":{"@context":"https:\/\/schema.org","@graph":[{"@type":"Article","@id":"https:\/\/elmawkie.dz\/fr\/reunion-du-gouvernement-examen-de-projets-relatifs-a-plusieurs-secteurs\/#article","isPartOf":{"@id":"https:\/\/elmawkie.dz\/fr\/reunion-du-gouvernement-examen-de-projets-relatifs-a-plusieurs-secteurs\/"},"author":{"name":"R\u00e9daction","@id":"https:\/\/elmawkie.dz\/fr\/#\/schema\/person\/e7bd59d6467874ba5c4723d8a9f0a63c"},"headline":"R\u00e9union du Gouvernement: examen de projets relatifs \u00e0 plusieurs secteurs","datePublished":"2025-12-23T17:15:00+00:00","dateModified":"2025-12-23T17:15:01+00:00","mainEntityOfPage":{"@id":"https:\/\/elmawkie.dz\/fr\/reunion-du-gouvernement-examen-de-projets-relatifs-a-plusieurs-secteurs\/"},"wordCount":367,"commentCount":0,"publisher":{"@id":"https:\/\/elmawkie.dz\/fr\/#organization"},"image":{"@id":"https:\/\/elmawkie.dz\/fr\/reunion-du-gouvernement-examen-de-projets-relatifs-a-plusieurs-secteurs\/#primaryimage"},"thumbnailUrl":"https:\/\/elmawkie.dz\/fr\/wp-content\/uploads\/2025\/12\/IMG_5646.jpeg","keywords":["R\u00e9union du gouvernement"],"articleSection":["National"],"inLanguage":"fr-FR","potentialAction":[{"@type":"CommentAction","name":"Comment","target":["https:\/\/elmawkie.dz\/fr\/reunion-du-gouvernement-examen-de-projets-relatifs-a-plusieurs-secteurs\/#respond"]}]},{"@type":"WebPage","@id":"https:\/\/elmawkie.dz\/fr\/reunion-du-gouvernement-examen-de-projets-relatifs-a-plusieurs-secteurs\/","url":"https:\/\/elmawkie.dz\/fr\/reunion-du-gouvernement-examen-de-projets-relatifs-a-plusieurs-secteurs\/","name":"R\u00e9union du Gouvernement: examen de projets relatifs \u00e0 plusieurs secteurs - El Mawkie","isPartOf":{"@id":"https:\/\/elmawkie.dz\/fr\/#website"},"primaryImageOfPage":{"@id":"https:\/\/elmawkie.dz\/fr\/reunion-du-gouvernement-examen-de-projets-relatifs-a-plusieurs-secteurs\/#primaryimage"},"image":{"@id":"https:\/\/elmawkie.dz\/fr\/reunion-du-gouvernement-examen-de-projets-relatifs-a-plusieurs-secteurs\/#primaryimage"},"thumbnailUrl":"https:\/\/elmawkie.dz\/fr\/wp-content\/uploads\/2025\/12\/IMG_5646.jpeg","datePublished":"2025-12-23T17:15:00+00:00","dateModified":"2025-12-23T17:15:01+00:00","breadcrumb":{"@id":"https:\/\/elmawkie.dz\/fr\/reunion-du-gouvernement-examen-de-projets-relatifs-a-plusieurs-secteurs\/#breadcrumb"},"inLanguage":"fr-FR","potentialAction":[{"@type":"ReadAction","target":["https:\/\/elmawkie.dz\/fr\/reunion-du-gouvernement-examen-de-projets-relatifs-a-plusieurs-secteurs\/"]}]},{"@type":"ImageObject","inLanguage":"fr-FR","@id":"https:\/\/elmawkie.dz\/fr\/reunion-du-gouvernement-examen-de-projets-relatifs-a-plusieurs-secteurs\/#primaryimage","url":"https:\/\/elmawkie.dz\/fr\/wp-content\/uploads\/2025\/12\/IMG_5646.jpeg","contentUrl":"https:\/\/elmawkie.dz\/fr\/wp-content\/uploads\/2025\/12\/IMG_5646.jpeg","width":552,"height":362},{"@type":"BreadcrumbList","@id":"https:\/\/elmawkie.dz\/fr\/reunion-du-gouvernement-examen-de-projets-relatifs-a-plusieurs-secteurs\/#breadcrumb","itemListElement":[{"@type":"ListItem","position":1,"name":"Home","item":"https:\/\/elmawkie.dz\/fr\/"},{"@type":"ListItem","position":2,"name":"R\u00e9union du Gouvernement: examen de projets relatifs \u00e0 plusieurs secteurs"}]},{"@type":"WebSite","@id":"https:\/\/elmawkie.dz\/fr\/#website","url":"https:\/\/elmawkie.dz\/fr\/","name":"EL MAWKIE","description":"Journal \u00c9lectronique Alg\u00e9rien","publisher":{"@id":"https:\/\/elmawkie.dz\/fr\/#organization"},"potentialAction":[{"@type":"SearchAction","target":{"@type":"EntryPoint","urlTemplate":"https:\/\/elmawkie.dz\/fr\/?s={search_term_string}"},"query-input":"required name=search_term_string"}],"inLanguage":"fr-FR"},{"@type":"Organization","@id":"https:\/\/elmawkie.dz\/fr\/#organization","name":"EL MAWKIE","url":"https:\/\/elmawkie.dz\/fr\/","logo":{"@type":"ImageObject","inLanguage":"fr-FR","@id":"https:\/\/elmawkie.dz\/fr\/#\/schema\/logo\/image\/","url":"https:\/\/elmawkie.dz\/fr\/wp-content\/uploads\/2024\/05\/logo1.png","contentUrl":"https:\/\/elmawkie.dz\/fr\/wp-content\/uploads\/2024\/05\/logo1.png","width":1648,"height":652,"caption":"EL MAWKIE"},"image":{"@id":"https:\/\/elmawkie.dz\/fr\/#\/schema\/logo\/image\/"},"sameAs":["https:\/\/www.facebook.com\/profile.php?id=100088407094989&locale=fr_FR"]},{"@type":"Person","@id":"https:\/\/elmawkie.dz\/fr\/#\/schema\/person\/e7bd59d6467874ba5c4723d8a9f0a63c","name":"R\u00e9daction","image":{"@type":"ImageObject","inLanguage":"fr-FR","@id":"https:\/\/elmawkie.dz\/fr\/#\/schema\/person\/image\/","url":"https:\/\/secure.gravatar.com\/avatar\/f0f773456344da4d2788c054a3d30a0c?s=96&d=mm&r=g","contentUrl":"https:\/\/secure.gravatar.com\/avatar\/f0f773456344da4d2788c054a3d30a0c?s=96&d=mm&r=g","caption":"R\u00e9daction"},"url":"https:\/\/elmawkie.dz\/fr\/author\/redaction\/"}]}},"_links":{"self":[{"href":"https:\/\/elmawkie.dz\/fr\/wp-json\/wp\/v2\/posts\/60232","targetHints":{"allow":["GET"]}}],"collection":[{"href":"https:\/\/elmawkie.dz\/fr\/wp-json\/wp\/v2\/posts"}],"about":[{"href":"https:\/\/elmawkie.dz\/fr\/wp-json\/wp\/v2\/types\/post"}],"author":[{"embeddable":true,"href":"https:\/\/elmawkie.dz\/fr\/wp-json\/wp\/v2\/users\/9"}],"replies":[{"embeddable":true,"href":"https:\/\/elmawkie.dz\/fr\/wp-json\/wp\/v2\/comments?post=60232"}],"version-history":[{"count":1,"href":"https:\/\/elmawkie.dz\/fr\/wp-json\/wp\/v2\/posts\/60232\/revisions"}],"predecessor-version":[{"id":60235,"href":"https:\/\/elmawkie.dz\/fr\/wp-json\/wp\/v2\/posts\/60232\/revisions\/60235"}],"wp:featuredmedia":[{"embeddable":true,"href":"https:\/\/elmawkie.dz\/fr\/wp-json\/wp\/v2\/media\/60234"}],"wp:attachment":[{"href":"https:\/\/elmawkie.dz\/fr\/wp-json\/wp\/v2\/media?parent=60232"}],"wp:term":[{"taxonomy":"category","embeddable":true,"href":"https:\/\/elmawkie.dz\/fr\/wp-json\/wp\/v2\/categories?post=60232"},{"taxonomy":"post_tag","embeddable":true,"href":"https:\/\/elmawkie.dz\/fr\/wp-json\/wp\/v2\/tags?post=60232"}],"curies":[{"name":"wp","href":"https:\/\/api.w.org\/{rel}","templated":true}]}}