{"id":5982,"date":"2024-10-23T16:11:43","date_gmt":"2024-10-23T15:11:43","guid":{"rendered":"https:\/\/elmawkie.dz\/fr\/?p=5982"},"modified":"2024-10-23T16:11:43","modified_gmt":"2024-10-23T15:11:43","slug":"lalgerie-negocie-un-partenariat-economique-plus-equilibre-avec-lue","status":"publish","type":"post","link":"https:\/\/elmawkie.dz\/fr\/lalgerie-negocie-un-partenariat-economique-plus-equilibre-avec-lue\/","title":{"rendered":"L&rsquo;Alg\u00e9rie n\u00e9gocie un partenariat \u00e9conomique plus \u00e9quilibr\u00e9 avec l&rsquo;UE"},"content":{"rendered":"<p><strong><em>L&rsquo;accord d&rsquo;association entre l&rsquo;Alg\u00e9rie et l&rsquo;Union europ\u00e9enne, sign\u00e9 en 2005, n&rsquo;a pas permis de r\u00e9\u00e9quilibrer les relations commerciales entre les deux parties. Ce partenariat, cens\u00e9 stimuler les exportations alg\u00e9riennes et encourager les investissements europ\u00e9ens, s&rsquo;est r\u00e9v\u00e9l\u00e9 insuffisant pour r\u00e9pondre aux attentes du pays.<\/em><\/strong><\/p>\n<p><strong><em>En effet, lors de son passage sur les ondes de la radio nationale, Samir Derradji, Directeur g\u00e9n\u00e9ral par int\u00e9rim du commerce ext\u00e9rieur au minist\u00e8re du Commerce et de la Promotion des exportations a d\u00e9clar\u00e9 que \u00ab\u00a0l\u2019accord de 2005 n\u2019a pas permis \u00e0 l\u2019Alg\u00e9rie de tirer profit de ses \u00e9changes avec l\u2019UE, notamment en ce qui concerne les exportations hors hydrocarbures\u00a0\u00bb tout en expliquant que sur les dix premi\u00e8res ann\u00e9es, les exportations alg\u00e9riennes hors hydrocarbures n\u2019ont m\u00eame pas atteint 14 milliards de dollars, tandis que les importations alg\u00e9riennes en provenance d\u2019Europe ont atteint environ 220 milliards de dollars. Ce d\u00e9s\u00e9quilibre a pouss\u00e9 les autorit\u00e9s alg\u00e9riennes \u00e0 envisager une r\u00e9vision compl\u00e8te de l\u2019accord.<\/em><\/strong><\/p>\n<p><strong><em>Ainsi, plusieurs groupes de travail ont \u00e9t\u00e9 mobilis\u00e9s pour cette r\u00e9vision, a pr\u00e9cis\u00e9 Samir Derradji. \u00ab Il y a des groupes qui travaillent sur ce dossier et chaque groupe se charge d\u2019une question donn\u00e9e \u00bb, a-t-il expliqu\u00e9. La r\u00e9vision implique non seulement le minist\u00e8re du Commerce, mais aussi d\u2019autres d\u00e9partements minist\u00e9riels. M. Derradji a ajout\u00e9 que le dialogue avec l\u2019Union europ\u00e9enne est \u00ab maintenu, sans rupture \u00bb.<\/em><\/strong><\/p>\n<p><strong><em>La r\u00e9\u00e9valuation de 2022, initi\u00e9e \u00e0 la demande du pr\u00e9sident de la R\u00e9publique, a permis de poser les bases d\u2019une ren\u00e9gociation \u00ab clause par clause \u00bb de l\u2019accord. En d\u00e9pit des \u00e9checs pass\u00e9s, M. Derradji a assur\u00e9 que l&rsquo;UE est pr\u00eate \u00e0 revoir les termes de l\u2019accord. \u00ab L\u2019UE n\u2019est pas pr\u00eate \u00e0 perdre l\u2019Alg\u00e9rie en tant que client potentiel \u00bb, a-t-il affirm\u00e9.<\/em><\/strong><\/p>\n<p><strong><em>Les autorit\u00e9s alg\u00e9riennes abordent cette r\u00e9vision avec une nouvelle strat\u00e9gie. \u00ab Nous allons jouer dans ces n\u00e9gociations sur les atouts de l\u2019Alg\u00e9rie \u00bb, a d\u00e9clar\u00e9 M. Derradji. Avec ses dotations naturelles, ses avantages comparatifs et sa jeunesse, l\u2019Alg\u00e9rie se trouve \u00ab en position de force \u00bb pour ren\u00e9gocier un partenariat plus favorable.<\/em><\/strong><\/p>\n<p><strong><em>L&rsquo;objectif est clair : corriger les erreurs du pass\u00e9 et pr\u00e9parer l&rsquo;Alg\u00e9rie \u00e0 devenir un acteur \u00e9conomique majeur. \u00ab Nous sommes en phase de pr\u00e9paration \u00bb, a soulign\u00e9 M. Derradji, tout en \u00e9voquant \u00ab l\u2019affaire d\u2019El Mordjane \u00bb, qui a permis de souligner l\u2019importance des enjeux \u00e0 venir.<\/em><\/strong><\/p>\n","protected":false},"excerpt":{"rendered":"<p>L&rsquo;accord d&rsquo;association entre l&rsquo;Alg\u00e9rie et l&rsquo;Union europ\u00e9enne, sign\u00e9 en 2005, n&rsquo;a pas permis de r\u00e9\u00e9quilibrer les relations commerciales entre les deux parties. Ce partenariat, cens\u00e9 stimuler les exportations alg\u00e9riennes et encourager les investissements europ\u00e9ens, s&rsquo;est r\u00e9v\u00e9l\u00e9 insuffisant pour r\u00e9pondre aux attentes du pays. En effet, lors de son passage sur les ondes de la radio &hellip;<\/p>\n","protected":false},"author":8,"featured_media":5989,"comment_status":"open","ping_status":"open","sticky":false,"template":"","format":"standard","meta":{"footnotes":""},"categories":[47],"tags":[1073,88,349,1074,1075,1072],"class_list":["post-5982","post","type-post","status-publish","format-standard","has-post-thumbnail","hentry","category-national","tag-accord-dassociation","tag-algerie","tag-commerce","tag-revision","tag-samir-derradji","tag-ue"],"yoast_head":"<!-- This site is optimized with the Yoast SEO Premium plugin v22.6 (Yoast SEO v22.6) - https:\/\/yoast.com\/wordpress\/plugins\/seo\/ -->\n<title>L&#039;Alg\u00e9rie n\u00e9gocie un partenariat \u00e9conomique plus \u00e9quilibr\u00e9 avec l&#039;UE - El Mawkie<\/title>\n<meta name=\"robots\" content=\"index, follow, max-snippet:-1, max-image-preview:large, max-video-preview:-1\" \/>\n<link rel=\"canonical\" href=\"https:\/\/elmawkie.dz\/fr\/lalgerie-negocie-un-partenariat-economique-plus-equilibre-avec-lue\/\" \/>\n<meta property=\"og:locale\" content=\"fr_FR\" \/>\n<meta property=\"og:type\" content=\"article\" \/>\n<meta property=\"og:title\" content=\"L&#039;Alg\u00e9rie n\u00e9gocie un partenariat \u00e9conomique plus \u00e9quilibr\u00e9 avec l&#039;UE\" \/>\n<meta property=\"og:description\" content=\"L&rsquo;accord d&rsquo;association entre l&rsquo;Alg\u00e9rie et l&rsquo;Union europ\u00e9enne, sign\u00e9 en 2005, n&rsquo;a pas permis de r\u00e9\u00e9quilibrer les relations commerciales entre les deux parties. Ce partenariat, cens\u00e9 stimuler les exportations alg\u00e9riennes et encourager les investissements europ\u00e9ens, s&rsquo;est r\u00e9v\u00e9l\u00e9 insuffisant pour r\u00e9pondre aux attentes du pays. En effet, lors de son passage sur les ondes de la radio &hellip;\" \/>\n<meta property=\"og:url\" content=\"https:\/\/elmawkie.dz\/fr\/lalgerie-negocie-un-partenariat-economique-plus-equilibre-avec-lue\/\" \/>\n<meta property=\"og:site_name\" content=\"El Mawkie\" \/>\n<meta property=\"article:publisher\" content=\"https:\/\/www.facebook.com\/profile.php?id=100088407094989&amp;locale=fr_FR\" \/>\n<meta property=\"article:published_time\" content=\"2024-10-23T15:11:43+00:00\" \/>\n<meta property=\"og:image\" content=\"https:\/\/elmawkie.dz\/fr\/wp-content\/uploads\/2024\/10\/fa52918b-167c-435e-be4d-a74867095cc7.jpeg\" \/>\n\t<meta property=\"og:image:width\" content=\"768\" \/>\n\t<meta property=\"og:image:height\" content=\"371\" \/>\n\t<meta property=\"og:image:type\" content=\"image\/jpeg\" \/>\n<meta name=\"author\" content=\"khayro\" \/>\n<meta name=\"twitter:card\" content=\"summary_large_image\" \/>\n<meta name=\"twitter:label1\" content=\"Written by\" \/>\n\t<meta name=\"twitter:data1\" content=\"khayro\" \/>\n\t<meta name=\"twitter:label2\" content=\"Est. reading time\" \/>\n\t<meta name=\"twitter:data2\" content=\"2 minutes\" \/>\n<script type=\"application\/ld+json\" class=\"yoast-schema-graph\">{\"@context\":\"https:\/\/schema.org\",\"@graph\":[{\"@type\":\"Article\",\"@id\":\"https:\/\/elmawkie.dz\/fr\/lalgerie-negocie-un-partenariat-economique-plus-equilibre-avec-lue\/#article\",\"isPartOf\":{\"@id\":\"https:\/\/elmawkie.dz\/fr\/lalgerie-negocie-un-partenariat-economique-plus-equilibre-avec-lue\/\"},\"author\":{\"name\":\"khayro\",\"@id\":\"https:\/\/elmawkie.dz\/fr\/#\/schema\/person\/15cb7eba76e08e2d2d0ad4b4c4fbb6cb\"},\"headline\":\"L&rsquo;Alg\u00e9rie n\u00e9gocie un partenariat \u00e9conomique plus \u00e9quilibr\u00e9 avec l&rsquo;UE\",\"datePublished\":\"2024-10-23T15:11:43+00:00\",\"dateModified\":\"2024-10-23T15:11:43+00:00\",\"mainEntityOfPage\":{\"@id\":\"https:\/\/elmawkie.dz\/fr\/lalgerie-negocie-un-partenariat-economique-plus-equilibre-avec-lue\/\"},\"wordCount\":455,\"commentCount\":0,\"publisher\":{\"@id\":\"https:\/\/elmawkie.dz\/fr\/#organization\"},\"image\":{\"@id\":\"https:\/\/elmawkie.dz\/fr\/lalgerie-negocie-un-partenariat-economique-plus-equilibre-avec-lue\/#primaryimage\"},\"thumbnailUrl\":\"https:\/\/elmawkie.dz\/fr\/wp-content\/uploads\/2024\/10\/fa52918b-167c-435e-be4d-a74867095cc7.jpeg\",\"keywords\":[\"Accord d'association\",\"Alg\u00e9rie\",\"commerce\",\"r\u00e9vision\",\"Samir Derradji\",\"UE\"],\"articleSection\":[\"National\"],\"inLanguage\":\"fr-FR\",\"potentialAction\":[{\"@type\":\"CommentAction\",\"name\":\"Comment\",\"target\":[\"https:\/\/elmawkie.dz\/fr\/lalgerie-negocie-un-partenariat-economique-plus-equilibre-avec-lue\/#respond\"]}]},{\"@type\":\"WebPage\",\"@id\":\"https:\/\/elmawkie.dz\/fr\/lalgerie-negocie-un-partenariat-economique-plus-equilibre-avec-lue\/\",\"url\":\"https:\/\/elmawkie.dz\/fr\/lalgerie-negocie-un-partenariat-economique-plus-equilibre-avec-lue\/\",\"name\":\"L'Alg\u00e9rie n\u00e9gocie un partenariat \u00e9conomique plus \u00e9quilibr\u00e9 avec l'UE - El Mawkie\",\"isPartOf\":{\"@id\":\"https:\/\/elmawkie.dz\/fr\/#website\"},\"primaryImageOfPage\":{\"@id\":\"https:\/\/elmawkie.dz\/fr\/lalgerie-negocie-un-partenariat-economique-plus-equilibre-avec-lue\/#primaryimage\"},\"image\":{\"@id\":\"https:\/\/elmawkie.dz\/fr\/lalgerie-negocie-un-partenariat-economique-plus-equilibre-avec-lue\/#primaryimage\"},\"thumbnailUrl\":\"https:\/\/elmawkie.dz\/fr\/wp-content\/uploads\/2024\/10\/fa52918b-167c-435e-be4d-a74867095cc7.jpeg\",\"datePublished\":\"2024-10-23T15:11:43+00:00\",\"dateModified\":\"2024-10-23T15:11:43+00:00\",\"breadcrumb\":{\"@id\":\"https:\/\/elmawkie.dz\/fr\/lalgerie-negocie-un-partenariat-economique-plus-equilibre-avec-lue\/#breadcrumb\"},\"inLanguage\":\"fr-FR\",\"potentialAction\":[{\"@type\":\"ReadAction\",\"target\":[\"https:\/\/elmawkie.dz\/fr\/lalgerie-negocie-un-partenariat-economique-plus-equilibre-avec-lue\/\"]}]},{\"@type\":\"ImageObject\",\"inLanguage\":\"fr-FR\",\"@id\":\"https:\/\/elmawkie.dz\/fr\/lalgerie-negocie-un-partenariat-economique-plus-equilibre-avec-lue\/#primaryimage\",\"url\":\"https:\/\/elmawkie.dz\/fr\/wp-content\/uploads\/2024\/10\/fa52918b-167c-435e-be4d-a74867095cc7.jpeg\",\"contentUrl\":\"https:\/\/elmawkie.dz\/fr\/wp-content\/uploads\/2024\/10\/fa52918b-167c-435e-be4d-a74867095cc7.jpeg\",\"width\":768,\"height\":371},{\"@type\":\"BreadcrumbList\",\"@id\":\"https:\/\/elmawkie.dz\/fr\/lalgerie-negocie-un-partenariat-economique-plus-equilibre-avec-lue\/#breadcrumb\",\"itemListElement\":[{\"@type\":\"ListItem\",\"position\":1,\"name\":\"Home\",\"item\":\"https:\/\/elmawkie.dz\/fr\/\"},{\"@type\":\"ListItem\",\"position\":2,\"name\":\"L&rsquo;Alg\u00e9rie n\u00e9gocie un partenariat \u00e9conomique plus \u00e9quilibr\u00e9 avec l&rsquo;UE\"}]},{\"@type\":\"WebSite\",\"@id\":\"https:\/\/elmawkie.dz\/fr\/#website\",\"url\":\"https:\/\/elmawkie.dz\/fr\/\",\"name\":\"EL MAWKIE\",\"description\":\"Journal \u00c9lectronique Alg\u00e9rien\",\"publisher\":{\"@id\":\"https:\/\/elmawkie.dz\/fr\/#organization\"},\"potentialAction\":[{\"@type\":\"SearchAction\",\"target\":{\"@type\":\"EntryPoint\",\"urlTemplate\":\"https:\/\/elmawkie.dz\/fr\/?s={search_term_string}\"},\"query-input\":\"required name=search_term_string\"}],\"inLanguage\":\"fr-FR\"},{\"@type\":\"Organization\",\"@id\":\"https:\/\/elmawkie.dz\/fr\/#organization\",\"name\":\"EL MAWKIE\",\"url\":\"https:\/\/elmawkie.dz\/fr\/\",\"logo\":{\"@type\":\"ImageObject\",\"inLanguage\":\"fr-FR\",\"@id\":\"https:\/\/elmawkie.dz\/fr\/#\/schema\/logo\/image\/\",\"url\":\"https:\/\/elmawkie.dz\/fr\/wp-content\/uploads\/2024\/05\/logo1.png\",\"contentUrl\":\"https:\/\/elmawkie.dz\/fr\/wp-content\/uploads\/2024\/05\/logo1.png\",\"width\":1648,\"height\":652,\"caption\":\"EL MAWKIE\"},\"image\":{\"@id\":\"https:\/\/elmawkie.dz\/fr\/#\/schema\/logo\/image\/\"},\"sameAs\":[\"https:\/\/www.facebook.com\/profile.php?id=100088407094989&locale=fr_FR\"]},{\"@type\":\"Person\",\"@id\":\"https:\/\/elmawkie.dz\/fr\/#\/schema\/person\/15cb7eba76e08e2d2d0ad4b4c4fbb6cb\",\"name\":\"khayro\",\"image\":{\"@type\":\"ImageObject\",\"inLanguage\":\"fr-FR\",\"@id\":\"https:\/\/elmawkie.dz\/fr\/#\/schema\/person\/image\/\",\"url\":\"https:\/\/secure.gravatar.com\/avatar\/5d609f726f02f77f0ff2a1483fc81992?s=96&d=mm&r=g\",\"contentUrl\":\"https:\/\/secure.gravatar.com\/avatar\/5d609f726f02f77f0ff2a1483fc81992?s=96&d=mm&r=g\",\"caption\":\"khayro\"},\"url\":\"https:\/\/elmawkie.dz\/fr\/author\/khayro\/\"}]}<\/script>\n<!-- \/ Yoast SEO Premium plugin. -->","yoast_head_json":{"title":"L'Alg\u00e9rie n\u00e9gocie un partenariat \u00e9conomique plus \u00e9quilibr\u00e9 avec l'UE - El Mawkie","robots":{"index":"index","follow":"follow","max-snippet":"max-snippet:-1","max-image-preview":"max-image-preview:large","max-video-preview":"max-video-preview:-1"},"canonical":"https:\/\/elmawkie.dz\/fr\/lalgerie-negocie-un-partenariat-economique-plus-equilibre-avec-lue\/","og_locale":"fr_FR","og_type":"article","og_title":"L'Alg\u00e9rie n\u00e9gocie un partenariat \u00e9conomique plus \u00e9quilibr\u00e9 avec l'UE","og_description":"L&rsquo;accord d&rsquo;association entre l&rsquo;Alg\u00e9rie et l&rsquo;Union europ\u00e9enne, sign\u00e9 en 2005, n&rsquo;a pas permis de r\u00e9\u00e9quilibrer les relations commerciales entre les deux parties. Ce partenariat, cens\u00e9 stimuler les exportations alg\u00e9riennes et encourager les investissements europ\u00e9ens, s&rsquo;est r\u00e9v\u00e9l\u00e9 insuffisant pour r\u00e9pondre aux attentes du pays. En effet, lors de son passage sur les ondes de la radio &hellip;","og_url":"https:\/\/elmawkie.dz\/fr\/lalgerie-negocie-un-partenariat-economique-plus-equilibre-avec-lue\/","og_site_name":"El Mawkie","article_publisher":"https:\/\/www.facebook.com\/profile.php?id=100088407094989&locale=fr_FR","article_published_time":"2024-10-23T15:11:43+00:00","og_image":[{"width":768,"height":371,"url":"https:\/\/elmawkie.dz\/fr\/wp-content\/uploads\/2024\/10\/fa52918b-167c-435e-be4d-a74867095cc7.jpeg","type":"image\/jpeg"}],"author":"khayro","twitter_card":"summary_large_image","twitter_misc":{"Written by":"khayro","Est. reading time":"2 minutes"},"schema":{"@context":"https:\/\/schema.org","@graph":[{"@type":"Article","@id":"https:\/\/elmawkie.dz\/fr\/lalgerie-negocie-un-partenariat-economique-plus-equilibre-avec-lue\/#article","isPartOf":{"@id":"https:\/\/elmawkie.dz\/fr\/lalgerie-negocie-un-partenariat-economique-plus-equilibre-avec-lue\/"},"author":{"name":"khayro","@id":"https:\/\/elmawkie.dz\/fr\/#\/schema\/person\/15cb7eba76e08e2d2d0ad4b4c4fbb6cb"},"headline":"L&rsquo;Alg\u00e9rie n\u00e9gocie un partenariat \u00e9conomique plus \u00e9quilibr\u00e9 avec l&rsquo;UE","datePublished":"2024-10-23T15:11:43+00:00","dateModified":"2024-10-23T15:11:43+00:00","mainEntityOfPage":{"@id":"https:\/\/elmawkie.dz\/fr\/lalgerie-negocie-un-partenariat-economique-plus-equilibre-avec-lue\/"},"wordCount":455,"commentCount":0,"publisher":{"@id":"https:\/\/elmawkie.dz\/fr\/#organization"},"image":{"@id":"https:\/\/elmawkie.dz\/fr\/lalgerie-negocie-un-partenariat-economique-plus-equilibre-avec-lue\/#primaryimage"},"thumbnailUrl":"https:\/\/elmawkie.dz\/fr\/wp-content\/uploads\/2024\/10\/fa52918b-167c-435e-be4d-a74867095cc7.jpeg","keywords":["Accord d'association","Alg\u00e9rie","commerce","r\u00e9vision","Samir Derradji","UE"],"articleSection":["National"],"inLanguage":"fr-FR","potentialAction":[{"@type":"CommentAction","name":"Comment","target":["https:\/\/elmawkie.dz\/fr\/lalgerie-negocie-un-partenariat-economique-plus-equilibre-avec-lue\/#respond"]}]},{"@type":"WebPage","@id":"https:\/\/elmawkie.dz\/fr\/lalgerie-negocie-un-partenariat-economique-plus-equilibre-avec-lue\/","url":"https:\/\/elmawkie.dz\/fr\/lalgerie-negocie-un-partenariat-economique-plus-equilibre-avec-lue\/","name":"L'Alg\u00e9rie n\u00e9gocie un partenariat \u00e9conomique plus \u00e9quilibr\u00e9 avec l'UE - El Mawkie","isPartOf":{"@id":"https:\/\/elmawkie.dz\/fr\/#website"},"primaryImageOfPage":{"@id":"https:\/\/elmawkie.dz\/fr\/lalgerie-negocie-un-partenariat-economique-plus-equilibre-avec-lue\/#primaryimage"},"image":{"@id":"https:\/\/elmawkie.dz\/fr\/lalgerie-negocie-un-partenariat-economique-plus-equilibre-avec-lue\/#primaryimage"},"thumbnailUrl":"https:\/\/elmawkie.dz\/fr\/wp-content\/uploads\/2024\/10\/fa52918b-167c-435e-be4d-a74867095cc7.jpeg","datePublished":"2024-10-23T15:11:43+00:00","dateModified":"2024-10-23T15:11:43+00:00","breadcrumb":{"@id":"https:\/\/elmawkie.dz\/fr\/lalgerie-negocie-un-partenariat-economique-plus-equilibre-avec-lue\/#breadcrumb"},"inLanguage":"fr-FR","potentialAction":[{"@type":"ReadAction","target":["https:\/\/elmawkie.dz\/fr\/lalgerie-negocie-un-partenariat-economique-plus-equilibre-avec-lue\/"]}]},{"@type":"ImageObject","inLanguage":"fr-FR","@id":"https:\/\/elmawkie.dz\/fr\/lalgerie-negocie-un-partenariat-economique-plus-equilibre-avec-lue\/#primaryimage","url":"https:\/\/elmawkie.dz\/fr\/wp-content\/uploads\/2024\/10\/fa52918b-167c-435e-be4d-a74867095cc7.jpeg","contentUrl":"https:\/\/elmawkie.dz\/fr\/wp-content\/uploads\/2024\/10\/fa52918b-167c-435e-be4d-a74867095cc7.jpeg","width":768,"height":371},{"@type":"BreadcrumbList","@id":"https:\/\/elmawkie.dz\/fr\/lalgerie-negocie-un-partenariat-economique-plus-equilibre-avec-lue\/#breadcrumb","itemListElement":[{"@type":"ListItem","position":1,"name":"Home","item":"https:\/\/elmawkie.dz\/fr\/"},{"@type":"ListItem","position":2,"name":"L&rsquo;Alg\u00e9rie n\u00e9gocie un partenariat \u00e9conomique plus \u00e9quilibr\u00e9 avec l&rsquo;UE"}]},{"@type":"WebSite","@id":"https:\/\/elmawkie.dz\/fr\/#website","url":"https:\/\/elmawkie.dz\/fr\/","name":"EL MAWKIE","description":"Journal \u00c9lectronique Alg\u00e9rien","publisher":{"@id":"https:\/\/elmawkie.dz\/fr\/#organization"},"potentialAction":[{"@type":"SearchAction","target":{"@type":"EntryPoint","urlTemplate":"https:\/\/elmawkie.dz\/fr\/?s={search_term_string}"},"query-input":"required name=search_term_string"}],"inLanguage":"fr-FR"},{"@type":"Organization","@id":"https:\/\/elmawkie.dz\/fr\/#organization","name":"EL MAWKIE","url":"https:\/\/elmawkie.dz\/fr\/","logo":{"@type":"ImageObject","inLanguage":"fr-FR","@id":"https:\/\/elmawkie.dz\/fr\/#\/schema\/logo\/image\/","url":"https:\/\/elmawkie.dz\/fr\/wp-content\/uploads\/2024\/05\/logo1.png","contentUrl":"https:\/\/elmawkie.dz\/fr\/wp-content\/uploads\/2024\/05\/logo1.png","width":1648,"height":652,"caption":"EL MAWKIE"},"image":{"@id":"https:\/\/elmawkie.dz\/fr\/#\/schema\/logo\/image\/"},"sameAs":["https:\/\/www.facebook.com\/profile.php?id=100088407094989&locale=fr_FR"]},{"@type":"Person","@id":"https:\/\/elmawkie.dz\/fr\/#\/schema\/person\/15cb7eba76e08e2d2d0ad4b4c4fbb6cb","name":"khayro","image":{"@type":"ImageObject","inLanguage":"fr-FR","@id":"https:\/\/elmawkie.dz\/fr\/#\/schema\/person\/image\/","url":"https:\/\/secure.gravatar.com\/avatar\/5d609f726f02f77f0ff2a1483fc81992?s=96&d=mm&r=g","contentUrl":"https:\/\/secure.gravatar.com\/avatar\/5d609f726f02f77f0ff2a1483fc81992?s=96&d=mm&r=g","caption":"khayro"},"url":"https:\/\/elmawkie.dz\/fr\/author\/khayro\/"}]}},"_links":{"self":[{"href":"https:\/\/elmawkie.dz\/fr\/wp-json\/wp\/v2\/posts\/5982","targetHints":{"allow":["GET"]}}],"collection":[{"href":"https:\/\/elmawkie.dz\/fr\/wp-json\/wp\/v2\/posts"}],"about":[{"href":"https:\/\/elmawkie.dz\/fr\/wp-json\/wp\/v2\/types\/post"}],"author":[{"embeddable":true,"href":"https:\/\/elmawkie.dz\/fr\/wp-json\/wp\/v2\/users\/8"}],"replies":[{"embeddable":true,"href":"https:\/\/elmawkie.dz\/fr\/wp-json\/wp\/v2\/comments?post=5982"}],"version-history":[{"count":0,"href":"https:\/\/elmawkie.dz\/fr\/wp-json\/wp\/v2\/posts\/5982\/revisions"}],"wp:featuredmedia":[{"embeddable":true,"href":"https:\/\/elmawkie.dz\/fr\/wp-json\/wp\/v2\/media\/5989"}],"wp:attachment":[{"href":"https:\/\/elmawkie.dz\/fr\/wp-json\/wp\/v2\/media?parent=5982"}],"wp:term":[{"taxonomy":"category","embeddable":true,"href":"https:\/\/elmawkie.dz\/fr\/wp-json\/wp\/v2\/categories?post=5982"},{"taxonomy":"post_tag","embeddable":true,"href":"https:\/\/elmawkie.dz\/fr\/wp-json\/wp\/v2\/tags?post=5982"}],"curies":[{"name":"wp","href":"https:\/\/api.w.org\/{rel}","templated":true}]}}