{"id":59813,"date":"2025-12-14T17:57:00","date_gmt":"2025-12-14T16:57:00","guid":{"rendered":"https:\/\/elmawkie.dz\/fr\/?p=59813"},"modified":"2025-12-14T17:57:01","modified_gmt":"2025-12-14T16:57:01","slug":"tennis-la-federation-algerienne-distinguee-par-litf","status":"publish","type":"post","link":"https:\/\/elmawkie.dz\/fr\/tennis-la-federation-algerienne-distinguee-par-litf\/","title":{"rendered":"Tennis : la F\u00e9d\u00e9ration alg\u00e9rienne distingu\u00e9e par l&rsquo;ITF"},"content":{"rendered":"\n<p>La F\u00e9d\u00e9ration alg\u00e9rienne de tennis (FAT) a \u00e9t\u00e9 distingu\u00e9e du troph\u00e9e \u00a0\u00bbExcellence in Tennis Development Award 2025\u00a0\u00bb de la Zone 1- Afrique du Nord, qui lui a \u00e9t\u00e9 remis par la F\u00e9d\u00e9ration internationale de tennis (ITF), a appris l&rsquo;APS aupr\u00e8s de l&rsquo;instance f\u00e9d\u00e9rale.<\/p>\n\n\n\n<p>Cette distinction a \u00e9t\u00e9 attribu\u00e9e \u00e0 la FAT, vendredi, en marge de l&rsquo;Assembl\u00e9e g\u00e9n\u00e9rale (AGO) de la Conf\u00e9d\u00e9ration africaine de tennis (CAT), tenue par visioconf\u00e9rence.<\/p>\n\n\n\n<p>\u00a0\u00bbA cette occasion, la FAT exprime ses sinc\u00e8res remerciements \u00e0 l&rsquo;ITF ainsi qu&rsquo;\u00e0 la CAT pour la confiance accord\u00e9e, l&rsquo;accompagnement permanent et le soutien constant en faveur du d\u00e9veloppement du tennis en Alg\u00e9rie\u00a0\u00bb, a pr\u00e9cis\u00e9 la FAT.<\/p>\n\n\n\n<p>La F\u00e9d\u00e9ration alg\u00e9rienne de tennis a, par ailleurs, r\u00e9affirm\u00e9 sa d\u00e9termination \u00e0 poursuivre et \u00e0 renforcer cette dynamique positive, en continuant \u00e0 investir dans les programmes de formation, d\u00e9veloppement de la base, am\u00e9lioration des structures et la promotion de la discipline \u00e0 travers l&rsquo;ensemble du territoire national.<\/p>\n","protected":false},"excerpt":{"rendered":"<p>La F\u00e9d\u00e9ration alg\u00e9rienne de tennis (FAT) a \u00e9t\u00e9 distingu\u00e9e du troph\u00e9e \u00a0\u00bbExcellence in Tennis Development Award 2025\u00a0\u00bb de la Zone 1- Afrique du Nord, qui lui a \u00e9t\u00e9 remis par la F\u00e9d\u00e9ration internationale de tennis (ITF), a appris l&rsquo;APS aupr\u00e8s de l&rsquo;instance f\u00e9d\u00e9rale. Cette distinction a \u00e9t\u00e9 attribu\u00e9e \u00e0 la FAT, vendredi, en marge de &hellip;<\/p>\n","protected":false},"author":9,"featured_media":59815,"comment_status":"open","ping_status":"open","sticky":false,"template":"","format":"standard","meta":{"footnotes":""},"categories":[57],"tags":[5807,2263],"class_list":["post-59813","post","type-post","status-publish","format-standard","has-post-thumbnail","hentry","category-sport","tag-la-federation-algerienne","tag-tennis"],"yoast_head":"<!-- This site is optimized with the Yoast SEO Premium plugin v22.6 (Yoast SEO v22.6) - https:\/\/yoast.com\/wordpress\/plugins\/seo\/ -->\n<title>Tennis : la F\u00e9d\u00e9ration alg\u00e9rienne distingu\u00e9e par l&#039;ITF - El Mawkie<\/title>\n<meta name=\"robots\" content=\"index, follow, max-snippet:-1, max-image-preview:large, max-video-preview:-1\" \/>\n<link rel=\"canonical\" href=\"https:\/\/elmawkie.dz\/fr\/tennis-la-federation-algerienne-distinguee-par-litf\/\" \/>\n<meta property=\"og:locale\" content=\"fr_FR\" \/>\n<meta property=\"og:type\" content=\"article\" \/>\n<meta property=\"og:title\" content=\"Tennis : la F\u00e9d\u00e9ration alg\u00e9rienne distingu\u00e9e par l&#039;ITF\" \/>\n<meta property=\"og:description\" content=\"La F\u00e9d\u00e9ration alg\u00e9rienne de tennis (FAT) a \u00e9t\u00e9 distingu\u00e9e du troph\u00e9e \u00a0\u00bbExcellence in Tennis Development Award 2025\u00a0\u00bb de la Zone 1- Afrique du Nord, qui lui a \u00e9t\u00e9 remis par la F\u00e9d\u00e9ration internationale de tennis (ITF), a appris l&rsquo;APS aupr\u00e8s de l&rsquo;instance f\u00e9d\u00e9rale. Cette distinction a \u00e9t\u00e9 attribu\u00e9e \u00e0 la FAT, vendredi, en marge de &hellip;\" \/>\n<meta property=\"og:url\" content=\"https:\/\/elmawkie.dz\/fr\/tennis-la-federation-algerienne-distinguee-par-litf\/\" \/>\n<meta property=\"og:site_name\" content=\"El Mawkie\" \/>\n<meta property=\"article:publisher\" content=\"https:\/\/www.facebook.com\/profile.php?id=100088407094989&amp;locale=fr_FR\" \/>\n<meta property=\"article:published_time\" content=\"2025-12-14T16:57:00+00:00\" \/>\n<meta property=\"article:modified_time\" content=\"2025-12-14T16:57:01+00:00\" \/>\n<meta property=\"og:image\" content=\"https:\/\/elmawkie.dz\/fr\/wp-content\/uploads\/2025\/12\/IMG_4694.jpeg\" \/>\n\t<meta property=\"og:image:width\" content=\"576\" \/>\n\t<meta property=\"og:image:height\" content=\"357\" \/>\n\t<meta property=\"og:image:type\" content=\"image\/jpeg\" \/>\n<meta name=\"author\" content=\"R\u00e9daction\" \/>\n<meta name=\"twitter:card\" content=\"summary_large_image\" \/>\n<meta name=\"twitter:label1\" content=\"Written by\" \/>\n\t<meta name=\"twitter:data1\" content=\"R\u00e9daction\" \/>\n\t<meta name=\"twitter:label2\" content=\"Est. reading time\" \/>\n\t<meta name=\"twitter:data2\" content=\"1 minute\" \/>\n<script type=\"application\/ld+json\" class=\"yoast-schema-graph\">{\"@context\":\"https:\/\/schema.org\",\"@graph\":[{\"@type\":\"Article\",\"@id\":\"https:\/\/elmawkie.dz\/fr\/tennis-la-federation-algerienne-distinguee-par-litf\/#article\",\"isPartOf\":{\"@id\":\"https:\/\/elmawkie.dz\/fr\/tennis-la-federation-algerienne-distinguee-par-litf\/\"},\"author\":{\"name\":\"R\u00e9daction\",\"@id\":\"https:\/\/elmawkie.dz\/fr\/#\/schema\/person\/e7bd59d6467874ba5c4723d8a9f0a63c\"},\"headline\":\"Tennis : la F\u00e9d\u00e9ration alg\u00e9rienne distingu\u00e9e par l&rsquo;ITF\",\"datePublished\":\"2025-12-14T16:57:00+00:00\",\"dateModified\":\"2025-12-14T16:57:01+00:00\",\"mainEntityOfPage\":{\"@id\":\"https:\/\/elmawkie.dz\/fr\/tennis-la-federation-algerienne-distinguee-par-litf\/\"},\"wordCount\":192,\"commentCount\":0,\"publisher\":{\"@id\":\"https:\/\/elmawkie.dz\/fr\/#organization\"},\"image\":{\"@id\":\"https:\/\/elmawkie.dz\/fr\/tennis-la-federation-algerienne-distinguee-par-litf\/#primaryimage\"},\"thumbnailUrl\":\"https:\/\/elmawkie.dz\/fr\/wp-content\/uploads\/2025\/12\/IMG_4694.jpeg\",\"keywords\":[\"la federation alg\u00e9rienne\",\"Tennis\"],\"articleSection\":[\"Sport\"],\"inLanguage\":\"fr-FR\",\"potentialAction\":[{\"@type\":\"CommentAction\",\"name\":\"Comment\",\"target\":[\"https:\/\/elmawkie.dz\/fr\/tennis-la-federation-algerienne-distinguee-par-litf\/#respond\"]}]},{\"@type\":\"WebPage\",\"@id\":\"https:\/\/elmawkie.dz\/fr\/tennis-la-federation-algerienne-distinguee-par-litf\/\",\"url\":\"https:\/\/elmawkie.dz\/fr\/tennis-la-federation-algerienne-distinguee-par-litf\/\",\"name\":\"Tennis : la F\u00e9d\u00e9ration alg\u00e9rienne distingu\u00e9e par l'ITF - El Mawkie\",\"isPartOf\":{\"@id\":\"https:\/\/elmawkie.dz\/fr\/#website\"},\"primaryImageOfPage\":{\"@id\":\"https:\/\/elmawkie.dz\/fr\/tennis-la-federation-algerienne-distinguee-par-litf\/#primaryimage\"},\"image\":{\"@id\":\"https:\/\/elmawkie.dz\/fr\/tennis-la-federation-algerienne-distinguee-par-litf\/#primaryimage\"},\"thumbnailUrl\":\"https:\/\/elmawkie.dz\/fr\/wp-content\/uploads\/2025\/12\/IMG_4694.jpeg\",\"datePublished\":\"2025-12-14T16:57:00+00:00\",\"dateModified\":\"2025-12-14T16:57:01+00:00\",\"breadcrumb\":{\"@id\":\"https:\/\/elmawkie.dz\/fr\/tennis-la-federation-algerienne-distinguee-par-litf\/#breadcrumb\"},\"inLanguage\":\"fr-FR\",\"potentialAction\":[{\"@type\":\"ReadAction\",\"target\":[\"https:\/\/elmawkie.dz\/fr\/tennis-la-federation-algerienne-distinguee-par-litf\/\"]}]},{\"@type\":\"ImageObject\",\"inLanguage\":\"fr-FR\",\"@id\":\"https:\/\/elmawkie.dz\/fr\/tennis-la-federation-algerienne-distinguee-par-litf\/#primaryimage\",\"url\":\"https:\/\/elmawkie.dz\/fr\/wp-content\/uploads\/2025\/12\/IMG_4694.jpeg\",\"contentUrl\":\"https:\/\/elmawkie.dz\/fr\/wp-content\/uploads\/2025\/12\/IMG_4694.jpeg\",\"width\":576,\"height\":357},{\"@type\":\"BreadcrumbList\",\"@id\":\"https:\/\/elmawkie.dz\/fr\/tennis-la-federation-algerienne-distinguee-par-litf\/#breadcrumb\",\"itemListElement\":[{\"@type\":\"ListItem\",\"position\":1,\"name\":\"Home\",\"item\":\"https:\/\/elmawkie.dz\/fr\/\"},{\"@type\":\"ListItem\",\"position\":2,\"name\":\"Tennis : la F\u00e9d\u00e9ration alg\u00e9rienne distingu\u00e9e par l&rsquo;ITF\"}]},{\"@type\":\"WebSite\",\"@id\":\"https:\/\/elmawkie.dz\/fr\/#website\",\"url\":\"https:\/\/elmawkie.dz\/fr\/\",\"name\":\"EL MAWKIE\",\"description\":\"Journal \u00c9lectronique Alg\u00e9rien\",\"publisher\":{\"@id\":\"https:\/\/elmawkie.dz\/fr\/#organization\"},\"potentialAction\":[{\"@type\":\"SearchAction\",\"target\":{\"@type\":\"EntryPoint\",\"urlTemplate\":\"https:\/\/elmawkie.dz\/fr\/?s={search_term_string}\"},\"query-input\":\"required name=search_term_string\"}],\"inLanguage\":\"fr-FR\"},{\"@type\":\"Organization\",\"@id\":\"https:\/\/elmawkie.dz\/fr\/#organization\",\"name\":\"EL MAWKIE\",\"url\":\"https:\/\/elmawkie.dz\/fr\/\",\"logo\":{\"@type\":\"ImageObject\",\"inLanguage\":\"fr-FR\",\"@id\":\"https:\/\/elmawkie.dz\/fr\/#\/schema\/logo\/image\/\",\"url\":\"https:\/\/elmawkie.dz\/fr\/wp-content\/uploads\/2024\/05\/logo1.png\",\"contentUrl\":\"https:\/\/elmawkie.dz\/fr\/wp-content\/uploads\/2024\/05\/logo1.png\",\"width\":1648,\"height\":652,\"caption\":\"EL MAWKIE\"},\"image\":{\"@id\":\"https:\/\/elmawkie.dz\/fr\/#\/schema\/logo\/image\/\"},\"sameAs\":[\"https:\/\/www.facebook.com\/profile.php?id=100088407094989&locale=fr_FR\"]},{\"@type\":\"Person\",\"@id\":\"https:\/\/elmawkie.dz\/fr\/#\/schema\/person\/e7bd59d6467874ba5c4723d8a9f0a63c\",\"name\":\"R\u00e9daction\",\"image\":{\"@type\":\"ImageObject\",\"inLanguage\":\"fr-FR\",\"@id\":\"https:\/\/elmawkie.dz\/fr\/#\/schema\/person\/image\/\",\"url\":\"https:\/\/secure.gravatar.com\/avatar\/f0f773456344da4d2788c054a3d30a0c?s=96&d=mm&r=g\",\"contentUrl\":\"https:\/\/secure.gravatar.com\/avatar\/f0f773456344da4d2788c054a3d30a0c?s=96&d=mm&r=g\",\"caption\":\"R\u00e9daction\"},\"url\":\"https:\/\/elmawkie.dz\/fr\/author\/redaction\/\"}]}<\/script>\n<!-- \/ Yoast SEO Premium plugin. -->","yoast_head_json":{"title":"Tennis : la F\u00e9d\u00e9ration alg\u00e9rienne distingu\u00e9e par l'ITF - El Mawkie","robots":{"index":"index","follow":"follow","max-snippet":"max-snippet:-1","max-image-preview":"max-image-preview:large","max-video-preview":"max-video-preview:-1"},"canonical":"https:\/\/elmawkie.dz\/fr\/tennis-la-federation-algerienne-distinguee-par-litf\/","og_locale":"fr_FR","og_type":"article","og_title":"Tennis : la F\u00e9d\u00e9ration alg\u00e9rienne distingu\u00e9e par l'ITF","og_description":"La F\u00e9d\u00e9ration alg\u00e9rienne de tennis (FAT) a \u00e9t\u00e9 distingu\u00e9e du troph\u00e9e \u00a0\u00bbExcellence in Tennis Development Award 2025\u00a0\u00bb de la Zone 1- Afrique du Nord, qui lui a \u00e9t\u00e9 remis par la F\u00e9d\u00e9ration internationale de tennis (ITF), a appris l&rsquo;APS aupr\u00e8s de l&rsquo;instance f\u00e9d\u00e9rale. Cette distinction a \u00e9t\u00e9 attribu\u00e9e \u00e0 la FAT, vendredi, en marge de &hellip;","og_url":"https:\/\/elmawkie.dz\/fr\/tennis-la-federation-algerienne-distinguee-par-litf\/","og_site_name":"El Mawkie","article_publisher":"https:\/\/www.facebook.com\/profile.php?id=100088407094989&locale=fr_FR","article_published_time":"2025-12-14T16:57:00+00:00","article_modified_time":"2025-12-14T16:57:01+00:00","og_image":[{"width":576,"height":357,"url":"https:\/\/elmawkie.dz\/fr\/wp-content\/uploads\/2025\/12\/IMG_4694.jpeg","type":"image\/jpeg"}],"author":"R\u00e9daction","twitter_card":"summary_large_image","twitter_misc":{"Written by":"R\u00e9daction","Est. reading time":"1 minute"},"schema":{"@context":"https:\/\/schema.org","@graph":[{"@type":"Article","@id":"https:\/\/elmawkie.dz\/fr\/tennis-la-federation-algerienne-distinguee-par-litf\/#article","isPartOf":{"@id":"https:\/\/elmawkie.dz\/fr\/tennis-la-federation-algerienne-distinguee-par-litf\/"},"author":{"name":"R\u00e9daction","@id":"https:\/\/elmawkie.dz\/fr\/#\/schema\/person\/e7bd59d6467874ba5c4723d8a9f0a63c"},"headline":"Tennis : la F\u00e9d\u00e9ration alg\u00e9rienne distingu\u00e9e par l&rsquo;ITF","datePublished":"2025-12-14T16:57:00+00:00","dateModified":"2025-12-14T16:57:01+00:00","mainEntityOfPage":{"@id":"https:\/\/elmawkie.dz\/fr\/tennis-la-federation-algerienne-distinguee-par-litf\/"},"wordCount":192,"commentCount":0,"publisher":{"@id":"https:\/\/elmawkie.dz\/fr\/#organization"},"image":{"@id":"https:\/\/elmawkie.dz\/fr\/tennis-la-federation-algerienne-distinguee-par-litf\/#primaryimage"},"thumbnailUrl":"https:\/\/elmawkie.dz\/fr\/wp-content\/uploads\/2025\/12\/IMG_4694.jpeg","keywords":["la federation alg\u00e9rienne","Tennis"],"articleSection":["Sport"],"inLanguage":"fr-FR","potentialAction":[{"@type":"CommentAction","name":"Comment","target":["https:\/\/elmawkie.dz\/fr\/tennis-la-federation-algerienne-distinguee-par-litf\/#respond"]}]},{"@type":"WebPage","@id":"https:\/\/elmawkie.dz\/fr\/tennis-la-federation-algerienne-distinguee-par-litf\/","url":"https:\/\/elmawkie.dz\/fr\/tennis-la-federation-algerienne-distinguee-par-litf\/","name":"Tennis : la F\u00e9d\u00e9ration alg\u00e9rienne distingu\u00e9e par l'ITF - El Mawkie","isPartOf":{"@id":"https:\/\/elmawkie.dz\/fr\/#website"},"primaryImageOfPage":{"@id":"https:\/\/elmawkie.dz\/fr\/tennis-la-federation-algerienne-distinguee-par-litf\/#primaryimage"},"image":{"@id":"https:\/\/elmawkie.dz\/fr\/tennis-la-federation-algerienne-distinguee-par-litf\/#primaryimage"},"thumbnailUrl":"https:\/\/elmawkie.dz\/fr\/wp-content\/uploads\/2025\/12\/IMG_4694.jpeg","datePublished":"2025-12-14T16:57:00+00:00","dateModified":"2025-12-14T16:57:01+00:00","breadcrumb":{"@id":"https:\/\/elmawkie.dz\/fr\/tennis-la-federation-algerienne-distinguee-par-litf\/#breadcrumb"},"inLanguage":"fr-FR","potentialAction":[{"@type":"ReadAction","target":["https:\/\/elmawkie.dz\/fr\/tennis-la-federation-algerienne-distinguee-par-litf\/"]}]},{"@type":"ImageObject","inLanguage":"fr-FR","@id":"https:\/\/elmawkie.dz\/fr\/tennis-la-federation-algerienne-distinguee-par-litf\/#primaryimage","url":"https:\/\/elmawkie.dz\/fr\/wp-content\/uploads\/2025\/12\/IMG_4694.jpeg","contentUrl":"https:\/\/elmawkie.dz\/fr\/wp-content\/uploads\/2025\/12\/IMG_4694.jpeg","width":576,"height":357},{"@type":"BreadcrumbList","@id":"https:\/\/elmawkie.dz\/fr\/tennis-la-federation-algerienne-distinguee-par-litf\/#breadcrumb","itemListElement":[{"@type":"ListItem","position":1,"name":"Home","item":"https:\/\/elmawkie.dz\/fr\/"},{"@type":"ListItem","position":2,"name":"Tennis : la F\u00e9d\u00e9ration alg\u00e9rienne distingu\u00e9e par l&rsquo;ITF"}]},{"@type":"WebSite","@id":"https:\/\/elmawkie.dz\/fr\/#website","url":"https:\/\/elmawkie.dz\/fr\/","name":"EL MAWKIE","description":"Journal \u00c9lectronique Alg\u00e9rien","publisher":{"@id":"https:\/\/elmawkie.dz\/fr\/#organization"},"potentialAction":[{"@type":"SearchAction","target":{"@type":"EntryPoint","urlTemplate":"https:\/\/elmawkie.dz\/fr\/?s={search_term_string}"},"query-input":"required name=search_term_string"}],"inLanguage":"fr-FR"},{"@type":"Organization","@id":"https:\/\/elmawkie.dz\/fr\/#organization","name":"EL MAWKIE","url":"https:\/\/elmawkie.dz\/fr\/","logo":{"@type":"ImageObject","inLanguage":"fr-FR","@id":"https:\/\/elmawkie.dz\/fr\/#\/schema\/logo\/image\/","url":"https:\/\/elmawkie.dz\/fr\/wp-content\/uploads\/2024\/05\/logo1.png","contentUrl":"https:\/\/elmawkie.dz\/fr\/wp-content\/uploads\/2024\/05\/logo1.png","width":1648,"height":652,"caption":"EL MAWKIE"},"image":{"@id":"https:\/\/elmawkie.dz\/fr\/#\/schema\/logo\/image\/"},"sameAs":["https:\/\/www.facebook.com\/profile.php?id=100088407094989&locale=fr_FR"]},{"@type":"Person","@id":"https:\/\/elmawkie.dz\/fr\/#\/schema\/person\/e7bd59d6467874ba5c4723d8a9f0a63c","name":"R\u00e9daction","image":{"@type":"ImageObject","inLanguage":"fr-FR","@id":"https:\/\/elmawkie.dz\/fr\/#\/schema\/person\/image\/","url":"https:\/\/secure.gravatar.com\/avatar\/f0f773456344da4d2788c054a3d30a0c?s=96&d=mm&r=g","contentUrl":"https:\/\/secure.gravatar.com\/avatar\/f0f773456344da4d2788c054a3d30a0c?s=96&d=mm&r=g","caption":"R\u00e9daction"},"url":"https:\/\/elmawkie.dz\/fr\/author\/redaction\/"}]}},"_links":{"self":[{"href":"https:\/\/elmawkie.dz\/fr\/wp-json\/wp\/v2\/posts\/59813","targetHints":{"allow":["GET"]}}],"collection":[{"href":"https:\/\/elmawkie.dz\/fr\/wp-json\/wp\/v2\/posts"}],"about":[{"href":"https:\/\/elmawkie.dz\/fr\/wp-json\/wp\/v2\/types\/post"}],"author":[{"embeddable":true,"href":"https:\/\/elmawkie.dz\/fr\/wp-json\/wp\/v2\/users\/9"}],"replies":[{"embeddable":true,"href":"https:\/\/elmawkie.dz\/fr\/wp-json\/wp\/v2\/comments?post=59813"}],"version-history":[{"count":1,"href":"https:\/\/elmawkie.dz\/fr\/wp-json\/wp\/v2\/posts\/59813\/revisions"}],"predecessor-version":[{"id":59816,"href":"https:\/\/elmawkie.dz\/fr\/wp-json\/wp\/v2\/posts\/59813\/revisions\/59816"}],"wp:featuredmedia":[{"embeddable":true,"href":"https:\/\/elmawkie.dz\/fr\/wp-json\/wp\/v2\/media\/59815"}],"wp:attachment":[{"href":"https:\/\/elmawkie.dz\/fr\/wp-json\/wp\/v2\/media?parent=59813"}],"wp:term":[{"taxonomy":"category","embeddable":true,"href":"https:\/\/elmawkie.dz\/fr\/wp-json\/wp\/v2\/categories?post=59813"},{"taxonomy":"post_tag","embeddable":true,"href":"https:\/\/elmawkie.dz\/fr\/wp-json\/wp\/v2\/tags?post=59813"}],"curies":[{"name":"wp","href":"https:\/\/api.w.org\/{rel}","templated":true}]}}