{"id":59809,"date":"2025-12-14T17:55:27","date_gmt":"2025-12-14T16:55:27","guid":{"rendered":"https:\/\/elmawkie.dz\/fr\/?p=59809"},"modified":"2025-12-14T17:55:28","modified_gmt":"2025-12-14T16:55:28","slug":"el-abiodh-sidi-cheikh-lancement-de-plusieurs-projets-de-developpement","status":"publish","type":"post","link":"https:\/\/elmawkie.dz\/fr\/el-abiodh-sidi-cheikh-lancement-de-plusieurs-projets-de-developpement\/","title":{"rendered":"El-Abiodh Sidi Cheikh : lancement de plusieurs projets de d\u00e9veloppement"},"content":{"rendered":"\n<p>Les communes de la wilaya d\u2019El-Abiodh Sidi Cheikh ont b\u00e9n\u00e9fici\u00e9 de plusieurs projets de d\u00e9veloppement importants, qui ont fait l\u2019objet, dimanche, d\u2019une visite d\u2019inspection des autorit\u00e9s locales.<\/p>\n\n\n\n<p>A cet effet, le wali d\u2019El Bayadh, M. Noureddine Belaribi, a proc\u00e9d\u00e9 \u00e0 la mise en service du projet de raccordement du groupement d\u2019habitat rural \u00ab\u00a0El Khodr\u00a0\u00bb dans la commune d\u2019El-Mehara au r\u00e9seau de gaz naturel.<\/p>\n\n\n\n<p>L\u2019op\u00e9ration a concern\u00e9 130 logements, avec la r\u00e9alisation d\u2019un r\u00e9seau de transport d\u00e9passant 16 km, tandis que le r\u00e9seau de distribution a exc\u00e9d\u00e9 5 km, pour une enveloppe financi\u00e8re estim\u00e9e \u00e0 plus de 706 millions de dinars alg\u00e9riens, indique-t-on.<\/p>\n\n\n\n<p>A cette occasion, le wali a insist\u00e9 sur la n\u00e9cessit\u00e9 de poursuivre les efforts de raccordement au r\u00e9seau de gaz naturel et aux autres r\u00e9seaux de base \u00e0 travers l\u2019ensemble des agglom\u00e9rations de la wilaya.<\/p>\n\n\n\n<p>Dans la m\u00eame commune, il a \u00e9galement inspect\u00e9 le projet de r\u00e9alisation et d\u2019\u00e9quipement de la station de pompage destin\u00e9e \u00e0 l\u2019alimentation en eau potable des villages de Deghima et Digham, en plus de la r\u00e9ception et de la distribution des quotas d\u2019aliments pour b\u00e9tail (orge subventionn\u00e9e) au centre de proximit\u00e9 de stockage des c\u00e9r\u00e9ales, au profit des \u00e9leveurs de la r\u00e9gion.<\/p>\n\n\n\n<p>Dans la commune de Chellala, le wali s\u2019est enquis du taux d\u2019avancement des travaux du projet de r\u00e9alisation d\u2019un ouvrage d\u2019art au niveau de la route nationale N 47 (RN47) reliant la r\u00e9gion de Digham \u00e0 la commune de Chellala, et a donn\u00e9 le coup d\u2019envoi d\u2019un autre projet de r\u00e9alisation d\u2019un ouvrage d\u2019art \u00e0 Chellala El-Gueblia, sur le m\u00eame tron\u00e7on routier.<\/p>\n\n\n\n<p>Les d\u00e9lais de r\u00e9alisation de cet ouvrage d\u2019art ont \u00e9t\u00e9 fix\u00e9s \u00e0 huit mois, pour une enveloppe budg\u00e9taire d\u00e9passant 112 millions de dinars, souligne-t-on.<\/p>\n\n\n\n<p>Dans la m\u00eame collectivit\u00e9 locale, il a \u00e9galement inspect\u00e9 le projet de r\u00e9alisation d\u2019une micro-zone d\u2019activit\u00e9s dans le cadre du soutien \u00e0 l\u2019investissement priv\u00e9, ainsi que les projets de r\u00e9alisation de 20 et 40 logements publics locatifs (LPL), d\u2019un ouvrage d\u2019art au niveau du chemin de wilaya N 4 (CW4), et a visit\u00e9 une \u00e9cole coranique de la r\u00e9gion.<\/p>\n\n\n\n<p>Dans la commune de Boussemghoune, le premier responsable de l\u2019Ex\u00e9cutif de la wilaya d\u2019El-Byadh a proc\u00e9d\u00e9 \u00e0 l\u2019inspection des travaux de r\u00e9alisation de 20 logements LPL, du lyc\u00e9e \u00ab\u00a0Sidi-Ahmed Tidjani\u00a0\u00bb, ainsi que des travaux d\u2019am\u00e9nagement d\u2019une place publique et d\u2019une \u00e9cole coranique.<\/p>\n","protected":false},"excerpt":{"rendered":"<p>Les communes de la wilaya d\u2019El-Abiodh Sidi Cheikh ont b\u00e9n\u00e9fici\u00e9 de plusieurs projets de d\u00e9veloppement importants, qui ont fait l\u2019objet, dimanche, d\u2019une visite d\u2019inspection des autorit\u00e9s locales. A cet effet, le wali d\u2019El Bayadh, M. Noureddine Belaribi, a proc\u00e9d\u00e9 \u00e0 la mise en service du projet de raccordement du groupement d\u2019habitat rural \u00ab\u00a0El Khodr\u00a0\u00bb dans &hellip;<\/p>\n","protected":false},"author":9,"featured_media":59811,"comment_status":"open","ping_status":"open","sticky":false,"template":"","format":"standard","meta":{"footnotes":""},"categories":[50],"tags":[5806],"class_list":["post-59809","post","type-post","status-publish","format-standard","has-post-thumbnail","hentry","category-region","tag-el-abiodh-sidi-cheikh"],"yoast_head":"<!-- This site is optimized with the Yoast SEO Premium plugin v22.6 (Yoast SEO v22.6) - https:\/\/yoast.com\/wordpress\/plugins\/seo\/ -->\n<title>El-Abiodh Sidi Cheikh : lancement de plusieurs projets de d\u00e9veloppement - El Mawkie<\/title>\n<meta name=\"robots\" content=\"index, follow, max-snippet:-1, max-image-preview:large, max-video-preview:-1\" \/>\n<link rel=\"canonical\" href=\"https:\/\/elmawkie.dz\/fr\/el-abiodh-sidi-cheikh-lancement-de-plusieurs-projets-de-developpement\/\" \/>\n<meta property=\"og:locale\" content=\"fr_FR\" \/>\n<meta property=\"og:type\" content=\"article\" \/>\n<meta property=\"og:title\" content=\"El-Abiodh Sidi Cheikh : lancement de plusieurs projets de d\u00e9veloppement\" \/>\n<meta property=\"og:description\" content=\"Les communes de la wilaya d\u2019El-Abiodh Sidi Cheikh ont b\u00e9n\u00e9fici\u00e9 de plusieurs projets de d\u00e9veloppement importants, qui ont fait l\u2019objet, dimanche, d\u2019une visite d\u2019inspection des autorit\u00e9s locales. A cet effet, le wali d\u2019El Bayadh, M. Noureddine Belaribi, a proc\u00e9d\u00e9 \u00e0 la mise en service du projet de raccordement du groupement d\u2019habitat rural \u00ab\u00a0El Khodr\u00a0\u00bb dans &hellip;\" \/>\n<meta property=\"og:url\" content=\"https:\/\/elmawkie.dz\/fr\/el-abiodh-sidi-cheikh-lancement-de-plusieurs-projets-de-developpement\/\" \/>\n<meta property=\"og:site_name\" content=\"El Mawkie\" \/>\n<meta property=\"article:publisher\" content=\"https:\/\/www.facebook.com\/profile.php?id=100088407094989&amp;locale=fr_FR\" \/>\n<meta property=\"article:published_time\" content=\"2025-12-14T16:55:27+00:00\" \/>\n<meta property=\"article:modified_time\" content=\"2025-12-14T16:55:28+00:00\" \/>\n<meta property=\"og:image\" content=\"https:\/\/elmawkie.dz\/fr\/wp-content\/uploads\/2025\/12\/IMG_4693.jpeg\" \/>\n\t<meta property=\"og:image:width\" content=\"576\" \/>\n\t<meta property=\"og:image:height\" content=\"360\" \/>\n\t<meta property=\"og:image:type\" content=\"image\/jpeg\" \/>\n<meta name=\"author\" content=\"R\u00e9daction\" \/>\n<meta name=\"twitter:card\" content=\"summary_large_image\" \/>\n<meta name=\"twitter:label1\" content=\"Written by\" \/>\n\t<meta name=\"twitter:data1\" content=\"R\u00e9daction\" \/>\n\t<meta name=\"twitter:label2\" content=\"Est. reading time\" \/>\n\t<meta name=\"twitter:data2\" content=\"3 minutes\" \/>\n<script type=\"application\/ld+json\" class=\"yoast-schema-graph\">{\"@context\":\"https:\/\/schema.org\",\"@graph\":[{\"@type\":\"Article\",\"@id\":\"https:\/\/elmawkie.dz\/fr\/el-abiodh-sidi-cheikh-lancement-de-plusieurs-projets-de-developpement\/#article\",\"isPartOf\":{\"@id\":\"https:\/\/elmawkie.dz\/fr\/el-abiodh-sidi-cheikh-lancement-de-plusieurs-projets-de-developpement\/\"},\"author\":{\"name\":\"R\u00e9daction\",\"@id\":\"https:\/\/elmawkie.dz\/fr\/#\/schema\/person\/e7bd59d6467874ba5c4723d8a9f0a63c\"},\"headline\":\"El-Abiodh Sidi Cheikh : lancement de plusieurs projets de d\u00e9veloppement\",\"datePublished\":\"2025-12-14T16:55:27+00:00\",\"dateModified\":\"2025-12-14T16:55:28+00:00\",\"mainEntityOfPage\":{\"@id\":\"https:\/\/elmawkie.dz\/fr\/el-abiodh-sidi-cheikh-lancement-de-plusieurs-projets-de-developpement\/\"},\"wordCount\":458,\"commentCount\":0,\"publisher\":{\"@id\":\"https:\/\/elmawkie.dz\/fr\/#organization\"},\"image\":{\"@id\":\"https:\/\/elmawkie.dz\/fr\/el-abiodh-sidi-cheikh-lancement-de-plusieurs-projets-de-developpement\/#primaryimage\"},\"thumbnailUrl\":\"https:\/\/elmawkie.dz\/fr\/wp-content\/uploads\/2025\/12\/IMG_4693.jpeg\",\"keywords\":[\"El-Abiodh Sidi cheikh\"],\"articleSection\":[\"R\u00e9gion\"],\"inLanguage\":\"fr-FR\",\"potentialAction\":[{\"@type\":\"CommentAction\",\"name\":\"Comment\",\"target\":[\"https:\/\/elmawkie.dz\/fr\/el-abiodh-sidi-cheikh-lancement-de-plusieurs-projets-de-developpement\/#respond\"]}]},{\"@type\":\"WebPage\",\"@id\":\"https:\/\/elmawkie.dz\/fr\/el-abiodh-sidi-cheikh-lancement-de-plusieurs-projets-de-developpement\/\",\"url\":\"https:\/\/elmawkie.dz\/fr\/el-abiodh-sidi-cheikh-lancement-de-plusieurs-projets-de-developpement\/\",\"name\":\"El-Abiodh Sidi Cheikh : lancement de plusieurs projets de d\u00e9veloppement - El Mawkie\",\"isPartOf\":{\"@id\":\"https:\/\/elmawkie.dz\/fr\/#website\"},\"primaryImageOfPage\":{\"@id\":\"https:\/\/elmawkie.dz\/fr\/el-abiodh-sidi-cheikh-lancement-de-plusieurs-projets-de-developpement\/#primaryimage\"},\"image\":{\"@id\":\"https:\/\/elmawkie.dz\/fr\/el-abiodh-sidi-cheikh-lancement-de-plusieurs-projets-de-developpement\/#primaryimage\"},\"thumbnailUrl\":\"https:\/\/elmawkie.dz\/fr\/wp-content\/uploads\/2025\/12\/IMG_4693.jpeg\",\"datePublished\":\"2025-12-14T16:55:27+00:00\",\"dateModified\":\"2025-12-14T16:55:28+00:00\",\"breadcrumb\":{\"@id\":\"https:\/\/elmawkie.dz\/fr\/el-abiodh-sidi-cheikh-lancement-de-plusieurs-projets-de-developpement\/#breadcrumb\"},\"inLanguage\":\"fr-FR\",\"potentialAction\":[{\"@type\":\"ReadAction\",\"target\":[\"https:\/\/elmawkie.dz\/fr\/el-abiodh-sidi-cheikh-lancement-de-plusieurs-projets-de-developpement\/\"]}]},{\"@type\":\"ImageObject\",\"inLanguage\":\"fr-FR\",\"@id\":\"https:\/\/elmawkie.dz\/fr\/el-abiodh-sidi-cheikh-lancement-de-plusieurs-projets-de-developpement\/#primaryimage\",\"url\":\"https:\/\/elmawkie.dz\/fr\/wp-content\/uploads\/2025\/12\/IMG_4693.jpeg\",\"contentUrl\":\"https:\/\/elmawkie.dz\/fr\/wp-content\/uploads\/2025\/12\/IMG_4693.jpeg\",\"width\":576,\"height\":360},{\"@type\":\"BreadcrumbList\",\"@id\":\"https:\/\/elmawkie.dz\/fr\/el-abiodh-sidi-cheikh-lancement-de-plusieurs-projets-de-developpement\/#breadcrumb\",\"itemListElement\":[{\"@type\":\"ListItem\",\"position\":1,\"name\":\"Home\",\"item\":\"https:\/\/elmawkie.dz\/fr\/\"},{\"@type\":\"ListItem\",\"position\":2,\"name\":\"El-Abiodh Sidi Cheikh : lancement de plusieurs projets de d\u00e9veloppement\"}]},{\"@type\":\"WebSite\",\"@id\":\"https:\/\/elmawkie.dz\/fr\/#website\",\"url\":\"https:\/\/elmawkie.dz\/fr\/\",\"name\":\"EL MAWKIE\",\"description\":\"Journal \u00c9lectronique Alg\u00e9rien\",\"publisher\":{\"@id\":\"https:\/\/elmawkie.dz\/fr\/#organization\"},\"potentialAction\":[{\"@type\":\"SearchAction\",\"target\":{\"@type\":\"EntryPoint\",\"urlTemplate\":\"https:\/\/elmawkie.dz\/fr\/?s={search_term_string}\"},\"query-input\":\"required name=search_term_string\"}],\"inLanguage\":\"fr-FR\"},{\"@type\":\"Organization\",\"@id\":\"https:\/\/elmawkie.dz\/fr\/#organization\",\"name\":\"EL MAWKIE\",\"url\":\"https:\/\/elmawkie.dz\/fr\/\",\"logo\":{\"@type\":\"ImageObject\",\"inLanguage\":\"fr-FR\",\"@id\":\"https:\/\/elmawkie.dz\/fr\/#\/schema\/logo\/image\/\",\"url\":\"https:\/\/elmawkie.dz\/fr\/wp-content\/uploads\/2024\/05\/logo1.png\",\"contentUrl\":\"https:\/\/elmawkie.dz\/fr\/wp-content\/uploads\/2024\/05\/logo1.png\",\"width\":1648,\"height\":652,\"caption\":\"EL MAWKIE\"},\"image\":{\"@id\":\"https:\/\/elmawkie.dz\/fr\/#\/schema\/logo\/image\/\"},\"sameAs\":[\"https:\/\/www.facebook.com\/profile.php?id=100088407094989&locale=fr_FR\"]},{\"@type\":\"Person\",\"@id\":\"https:\/\/elmawkie.dz\/fr\/#\/schema\/person\/e7bd59d6467874ba5c4723d8a9f0a63c\",\"name\":\"R\u00e9daction\",\"image\":{\"@type\":\"ImageObject\",\"inLanguage\":\"fr-FR\",\"@id\":\"https:\/\/elmawkie.dz\/fr\/#\/schema\/person\/image\/\",\"url\":\"https:\/\/secure.gravatar.com\/avatar\/f0f773456344da4d2788c054a3d30a0c?s=96&d=mm&r=g\",\"contentUrl\":\"https:\/\/secure.gravatar.com\/avatar\/f0f773456344da4d2788c054a3d30a0c?s=96&d=mm&r=g\",\"caption\":\"R\u00e9daction\"},\"url\":\"https:\/\/elmawkie.dz\/fr\/author\/redaction\/\"}]}<\/script>\n<!-- \/ Yoast SEO Premium plugin. -->","yoast_head_json":{"title":"El-Abiodh Sidi Cheikh : lancement de plusieurs projets de d\u00e9veloppement - El Mawkie","robots":{"index":"index","follow":"follow","max-snippet":"max-snippet:-1","max-image-preview":"max-image-preview:large","max-video-preview":"max-video-preview:-1"},"canonical":"https:\/\/elmawkie.dz\/fr\/el-abiodh-sidi-cheikh-lancement-de-plusieurs-projets-de-developpement\/","og_locale":"fr_FR","og_type":"article","og_title":"El-Abiodh Sidi Cheikh : lancement de plusieurs projets de d\u00e9veloppement","og_description":"Les communes de la wilaya d\u2019El-Abiodh Sidi Cheikh ont b\u00e9n\u00e9fici\u00e9 de plusieurs projets de d\u00e9veloppement importants, qui ont fait l\u2019objet, dimanche, d\u2019une visite d\u2019inspection des autorit\u00e9s locales. A cet effet, le wali d\u2019El Bayadh, M. Noureddine Belaribi, a proc\u00e9d\u00e9 \u00e0 la mise en service du projet de raccordement du groupement d\u2019habitat rural \u00ab\u00a0El Khodr\u00a0\u00bb dans &hellip;","og_url":"https:\/\/elmawkie.dz\/fr\/el-abiodh-sidi-cheikh-lancement-de-plusieurs-projets-de-developpement\/","og_site_name":"El Mawkie","article_publisher":"https:\/\/www.facebook.com\/profile.php?id=100088407094989&locale=fr_FR","article_published_time":"2025-12-14T16:55:27+00:00","article_modified_time":"2025-12-14T16:55:28+00:00","og_image":[{"width":576,"height":360,"url":"https:\/\/elmawkie.dz\/fr\/wp-content\/uploads\/2025\/12\/IMG_4693.jpeg","type":"image\/jpeg"}],"author":"R\u00e9daction","twitter_card":"summary_large_image","twitter_misc":{"Written by":"R\u00e9daction","Est. reading time":"3 minutes"},"schema":{"@context":"https:\/\/schema.org","@graph":[{"@type":"Article","@id":"https:\/\/elmawkie.dz\/fr\/el-abiodh-sidi-cheikh-lancement-de-plusieurs-projets-de-developpement\/#article","isPartOf":{"@id":"https:\/\/elmawkie.dz\/fr\/el-abiodh-sidi-cheikh-lancement-de-plusieurs-projets-de-developpement\/"},"author":{"name":"R\u00e9daction","@id":"https:\/\/elmawkie.dz\/fr\/#\/schema\/person\/e7bd59d6467874ba5c4723d8a9f0a63c"},"headline":"El-Abiodh Sidi Cheikh : lancement de plusieurs projets de d\u00e9veloppement","datePublished":"2025-12-14T16:55:27+00:00","dateModified":"2025-12-14T16:55:28+00:00","mainEntityOfPage":{"@id":"https:\/\/elmawkie.dz\/fr\/el-abiodh-sidi-cheikh-lancement-de-plusieurs-projets-de-developpement\/"},"wordCount":458,"commentCount":0,"publisher":{"@id":"https:\/\/elmawkie.dz\/fr\/#organization"},"image":{"@id":"https:\/\/elmawkie.dz\/fr\/el-abiodh-sidi-cheikh-lancement-de-plusieurs-projets-de-developpement\/#primaryimage"},"thumbnailUrl":"https:\/\/elmawkie.dz\/fr\/wp-content\/uploads\/2025\/12\/IMG_4693.jpeg","keywords":["El-Abiodh Sidi cheikh"],"articleSection":["R\u00e9gion"],"inLanguage":"fr-FR","potentialAction":[{"@type":"CommentAction","name":"Comment","target":["https:\/\/elmawkie.dz\/fr\/el-abiodh-sidi-cheikh-lancement-de-plusieurs-projets-de-developpement\/#respond"]}]},{"@type":"WebPage","@id":"https:\/\/elmawkie.dz\/fr\/el-abiodh-sidi-cheikh-lancement-de-plusieurs-projets-de-developpement\/","url":"https:\/\/elmawkie.dz\/fr\/el-abiodh-sidi-cheikh-lancement-de-plusieurs-projets-de-developpement\/","name":"El-Abiodh Sidi Cheikh : lancement de plusieurs projets de d\u00e9veloppement - El Mawkie","isPartOf":{"@id":"https:\/\/elmawkie.dz\/fr\/#website"},"primaryImageOfPage":{"@id":"https:\/\/elmawkie.dz\/fr\/el-abiodh-sidi-cheikh-lancement-de-plusieurs-projets-de-developpement\/#primaryimage"},"image":{"@id":"https:\/\/elmawkie.dz\/fr\/el-abiodh-sidi-cheikh-lancement-de-plusieurs-projets-de-developpement\/#primaryimage"},"thumbnailUrl":"https:\/\/elmawkie.dz\/fr\/wp-content\/uploads\/2025\/12\/IMG_4693.jpeg","datePublished":"2025-12-14T16:55:27+00:00","dateModified":"2025-12-14T16:55:28+00:00","breadcrumb":{"@id":"https:\/\/elmawkie.dz\/fr\/el-abiodh-sidi-cheikh-lancement-de-plusieurs-projets-de-developpement\/#breadcrumb"},"inLanguage":"fr-FR","potentialAction":[{"@type":"ReadAction","target":["https:\/\/elmawkie.dz\/fr\/el-abiodh-sidi-cheikh-lancement-de-plusieurs-projets-de-developpement\/"]}]},{"@type":"ImageObject","inLanguage":"fr-FR","@id":"https:\/\/elmawkie.dz\/fr\/el-abiodh-sidi-cheikh-lancement-de-plusieurs-projets-de-developpement\/#primaryimage","url":"https:\/\/elmawkie.dz\/fr\/wp-content\/uploads\/2025\/12\/IMG_4693.jpeg","contentUrl":"https:\/\/elmawkie.dz\/fr\/wp-content\/uploads\/2025\/12\/IMG_4693.jpeg","width":576,"height":360},{"@type":"BreadcrumbList","@id":"https:\/\/elmawkie.dz\/fr\/el-abiodh-sidi-cheikh-lancement-de-plusieurs-projets-de-developpement\/#breadcrumb","itemListElement":[{"@type":"ListItem","position":1,"name":"Home","item":"https:\/\/elmawkie.dz\/fr\/"},{"@type":"ListItem","position":2,"name":"El-Abiodh Sidi Cheikh : lancement de plusieurs projets de d\u00e9veloppement"}]},{"@type":"WebSite","@id":"https:\/\/elmawkie.dz\/fr\/#website","url":"https:\/\/elmawkie.dz\/fr\/","name":"EL MAWKIE","description":"Journal \u00c9lectronique Alg\u00e9rien","publisher":{"@id":"https:\/\/elmawkie.dz\/fr\/#organization"},"potentialAction":[{"@type":"SearchAction","target":{"@type":"EntryPoint","urlTemplate":"https:\/\/elmawkie.dz\/fr\/?s={search_term_string}"},"query-input":"required name=search_term_string"}],"inLanguage":"fr-FR"},{"@type":"Organization","@id":"https:\/\/elmawkie.dz\/fr\/#organization","name":"EL MAWKIE","url":"https:\/\/elmawkie.dz\/fr\/","logo":{"@type":"ImageObject","inLanguage":"fr-FR","@id":"https:\/\/elmawkie.dz\/fr\/#\/schema\/logo\/image\/","url":"https:\/\/elmawkie.dz\/fr\/wp-content\/uploads\/2024\/05\/logo1.png","contentUrl":"https:\/\/elmawkie.dz\/fr\/wp-content\/uploads\/2024\/05\/logo1.png","width":1648,"height":652,"caption":"EL MAWKIE"},"image":{"@id":"https:\/\/elmawkie.dz\/fr\/#\/schema\/logo\/image\/"},"sameAs":["https:\/\/www.facebook.com\/profile.php?id=100088407094989&locale=fr_FR"]},{"@type":"Person","@id":"https:\/\/elmawkie.dz\/fr\/#\/schema\/person\/e7bd59d6467874ba5c4723d8a9f0a63c","name":"R\u00e9daction","image":{"@type":"ImageObject","inLanguage":"fr-FR","@id":"https:\/\/elmawkie.dz\/fr\/#\/schema\/person\/image\/","url":"https:\/\/secure.gravatar.com\/avatar\/f0f773456344da4d2788c054a3d30a0c?s=96&d=mm&r=g","contentUrl":"https:\/\/secure.gravatar.com\/avatar\/f0f773456344da4d2788c054a3d30a0c?s=96&d=mm&r=g","caption":"R\u00e9daction"},"url":"https:\/\/elmawkie.dz\/fr\/author\/redaction\/"}]}},"_links":{"self":[{"href":"https:\/\/elmawkie.dz\/fr\/wp-json\/wp\/v2\/posts\/59809","targetHints":{"allow":["GET"]}}],"collection":[{"href":"https:\/\/elmawkie.dz\/fr\/wp-json\/wp\/v2\/posts"}],"about":[{"href":"https:\/\/elmawkie.dz\/fr\/wp-json\/wp\/v2\/types\/post"}],"author":[{"embeddable":true,"href":"https:\/\/elmawkie.dz\/fr\/wp-json\/wp\/v2\/users\/9"}],"replies":[{"embeddable":true,"href":"https:\/\/elmawkie.dz\/fr\/wp-json\/wp\/v2\/comments?post=59809"}],"version-history":[{"count":1,"href":"https:\/\/elmawkie.dz\/fr\/wp-json\/wp\/v2\/posts\/59809\/revisions"}],"predecessor-version":[{"id":59812,"href":"https:\/\/elmawkie.dz\/fr\/wp-json\/wp\/v2\/posts\/59809\/revisions\/59812"}],"wp:featuredmedia":[{"embeddable":true,"href":"https:\/\/elmawkie.dz\/fr\/wp-json\/wp\/v2\/media\/59811"}],"wp:attachment":[{"href":"https:\/\/elmawkie.dz\/fr\/wp-json\/wp\/v2\/media?parent=59809"}],"wp:term":[{"taxonomy":"category","embeddable":true,"href":"https:\/\/elmawkie.dz\/fr\/wp-json\/wp\/v2\/categories?post=59809"},{"taxonomy":"post_tag","embeddable":true,"href":"https:\/\/elmawkie.dz\/fr\/wp-json\/wp\/v2\/tags?post=59809"}],"curies":[{"name":"wp","href":"https:\/\/api.w.org\/{rel}","templated":true}]}}