{"id":5964,"date":"2024-10-21T14:30:23","date_gmt":"2024-10-21T13:30:23","guid":{"rendered":"https:\/\/elmawkie.dz\/fr\/?p=5964"},"modified":"2024-10-24T13:07:32","modified_gmt":"2024-10-24T12:07:32","slug":"tunisie-le-president-kais-saied-prete-serment","status":"publish","type":"post","link":"https:\/\/elmawkie.dz\/fr\/tunisie-le-president-kais-saied-prete-serment\/","title":{"rendered":"Tunisie: le pr\u00e9sident Ka\u00efs Sa\u00efed pr\u00eate serment"},"content":{"rendered":"<p><strong><em>Le pr\u00e9sident de la R\u00e9publique tunisienne, Ka\u00efs Sa\u00efed, a pr\u00eat\u00e9 serment lundi \u00e0 l&rsquo;Assembl\u00e9e des repr\u00e9sentants du peuple (ARP, Parlement tunisien), a rapport\u00e9 l&rsquo;agence de presse tunisienne TAP.<br \/>\nle pr\u00e9sident tunisien \u00a0a pr\u00eat\u00e9 serment face au pr\u00e9sident de l&rsquo;ARP, Brahim Bouderbala, lors d&rsquo;une c\u00e9r\u00e9monie officielle en pr\u00e9sence des d\u00e9put\u00e9s des deux chambres parlementaires, des membres du gouvernement ainsi que des composantes de la sc\u00e8ne politique tunisienne. \u00ab\u00a0Nous sommes d\u00e9termin\u00e9s \u00e0 relever tous les d\u00e9fis et \u00e0 surmonter tous les obstacles. Nous serons au rendez-vous de l&rsquo;Histoire pour r\u00e9pondre aux attentes l\u00e9gitimes du peuple tunisien\u00a0\u00bb, a d\u00e9clar\u00e9 Ka\u00efs Sa\u00efed \u00e0 l&rsquo;adresse des pr\u00e9sidents des deux chambres parlementaires.<br \/>\nLe pr\u00e9sident de la R\u00e9publique a prononc\u00e9 un discours adress\u00e9 au peuple tunisien, indiquant \u00a0\u00bb Le devoir exige de saluer tous ceux qui se sont sacrifi\u00e9s pour l&rsquo;ind\u00e9pendance du pays, mais aussi ceux qui ont lib\u00e9r\u00e9 le pays des tra\u00eetres, des voleurs, des tyrans et ceux qui esp\u00e9raient de faire imploser le pays et le disloquer. Le peuple souverain a dit son dernier mot en toute libert\u00e9 le 6 octobre 2024 \u00a0\u00bb .<br \/>\n<\/em><\/strong><\/p>\n","protected":false},"excerpt":{"rendered":"<p>Le pr\u00e9sident de la R\u00e9publique tunisienne, Ka\u00efs Sa\u00efed, a pr\u00eat\u00e9 serment lundi \u00e0 l&rsquo;Assembl\u00e9e des repr\u00e9sentants du peuple (ARP, Parlement tunisien), a rapport\u00e9 l&rsquo;agence de presse tunisienne TAP. le pr\u00e9sident tunisien \u00a0a pr\u00eat\u00e9 serment face au pr\u00e9sident de l&rsquo;ARP, Brahim Bouderbala, lors d&rsquo;une c\u00e9r\u00e9monie officielle en pr\u00e9sence des d\u00e9put\u00e9s des deux chambres parlementaires, des membres &hellip;<\/p>\n","protected":false},"author":9,"featured_media":6022,"comment_status":"open","ping_status":"open","sticky":false,"template":"","format":"standard","meta":{"footnotes":""},"categories":[44],"tags":[1066,900,1065],"class_list":["post-5964","post","type-post","status-publish","format-standard","has-post-thumbnail","hentry","category-international","tag-kais-saied","tag-le-president-tunisien","tag-prete-serment"],"yoast_head":"<!-- This site is optimized with the Yoast SEO Premium plugin v22.6 (Yoast SEO v22.6) - https:\/\/yoast.com\/wordpress\/plugins\/seo\/ -->\n<title>Tunisie: le pr\u00e9sident Ka\u00efs Sa\u00efed pr\u00eate serment - El Mawkie<\/title>\n<meta name=\"robots\" content=\"index, follow, max-snippet:-1, max-image-preview:large, max-video-preview:-1\" \/>\n<link rel=\"canonical\" href=\"https:\/\/elmawkie.dz\/fr\/tunisie-le-president-kais-saied-prete-serment\/\" \/>\n<meta property=\"og:locale\" content=\"fr_FR\" \/>\n<meta property=\"og:type\" content=\"article\" \/>\n<meta property=\"og:title\" content=\"Tunisie: le pr\u00e9sident Ka\u00efs Sa\u00efed pr\u00eate serment\" \/>\n<meta property=\"og:description\" content=\"Le pr\u00e9sident de la R\u00e9publique tunisienne, Ka\u00efs Sa\u00efed, a pr\u00eat\u00e9 serment lundi \u00e0 l&rsquo;Assembl\u00e9e des repr\u00e9sentants du peuple (ARP, Parlement tunisien), a rapport\u00e9 l&rsquo;agence de presse tunisienne TAP. le pr\u00e9sident tunisien \u00a0a pr\u00eat\u00e9 serment face au pr\u00e9sident de l&rsquo;ARP, Brahim Bouderbala, lors d&rsquo;une c\u00e9r\u00e9monie officielle en pr\u00e9sence des d\u00e9put\u00e9s des deux chambres parlementaires, des membres &hellip;\" \/>\n<meta property=\"og:url\" content=\"https:\/\/elmawkie.dz\/fr\/tunisie-le-president-kais-saied-prete-serment\/\" \/>\n<meta property=\"og:site_name\" content=\"El Mawkie\" \/>\n<meta property=\"article:publisher\" content=\"https:\/\/www.facebook.com\/profile.php?id=100088407094989&amp;locale=fr_FR\" \/>\n<meta property=\"article:published_time\" content=\"2024-10-21T13:30:23+00:00\" \/>\n<meta property=\"article:modified_time\" content=\"2024-10-24T12:07:32+00:00\" \/>\n<meta property=\"og:image\" content=\"https:\/\/elmawkie.dz\/fr\/wp-content\/uploads\/2024\/10\/IMG_3667.jpeg\" \/>\n\t<meta property=\"og:image:width\" content=\"255\" \/>\n\t<meta property=\"og:image:height\" content=\"198\" \/>\n\t<meta property=\"og:image:type\" content=\"image\/jpeg\" \/>\n<meta name=\"author\" content=\"R\u00e9daction\" \/>\n<meta name=\"twitter:card\" content=\"summary_large_image\" \/>\n<meta name=\"twitter:label1\" content=\"Written by\" \/>\n\t<meta name=\"twitter:data1\" content=\"R\u00e9daction\" \/>\n\t<meta name=\"twitter:label2\" content=\"Est. reading time\" \/>\n\t<meta name=\"twitter:data2\" content=\"1 minute\" \/>\n<script type=\"application\/ld+json\" class=\"yoast-schema-graph\">{\"@context\":\"https:\/\/schema.org\",\"@graph\":[{\"@type\":\"Article\",\"@id\":\"https:\/\/elmawkie.dz\/fr\/tunisie-le-president-kais-saied-prete-serment\/#article\",\"isPartOf\":{\"@id\":\"https:\/\/elmawkie.dz\/fr\/tunisie-le-president-kais-saied-prete-serment\/\"},\"author\":{\"name\":\"R\u00e9daction\",\"@id\":\"https:\/\/elmawkie.dz\/fr\/#\/schema\/person\/e7bd59d6467874ba5c4723d8a9f0a63c\"},\"headline\":\"Tunisie: le pr\u00e9sident Ka\u00efs Sa\u00efed pr\u00eate serment\",\"datePublished\":\"2024-10-21T13:30:23+00:00\",\"dateModified\":\"2024-10-24T12:07:32+00:00\",\"mainEntityOfPage\":{\"@id\":\"https:\/\/elmawkie.dz\/fr\/tunisie-le-president-kais-saied-prete-serment\/\"},\"wordCount\":220,\"commentCount\":0,\"publisher\":{\"@id\":\"https:\/\/elmawkie.dz\/fr\/#organization\"},\"image\":{\"@id\":\"https:\/\/elmawkie.dz\/fr\/tunisie-le-president-kais-saied-prete-serment\/#primaryimage\"},\"thumbnailUrl\":\"https:\/\/elmawkie.dz\/fr\/wp-content\/uploads\/2024\/10\/IMG_3667.jpeg\",\"keywords\":[\"Ka\u00efs Sa\u00efed\",\"le pr\u00e9sident tunisien\",\"pr\u00eate serment\"],\"articleSection\":[\"International\"],\"inLanguage\":\"fr-FR\",\"potentialAction\":[{\"@type\":\"CommentAction\",\"name\":\"Comment\",\"target\":[\"https:\/\/elmawkie.dz\/fr\/tunisie-le-president-kais-saied-prete-serment\/#respond\"]}]},{\"@type\":\"WebPage\",\"@id\":\"https:\/\/elmawkie.dz\/fr\/tunisie-le-president-kais-saied-prete-serment\/\",\"url\":\"https:\/\/elmawkie.dz\/fr\/tunisie-le-president-kais-saied-prete-serment\/\",\"name\":\"Tunisie: le pr\u00e9sident Ka\u00efs Sa\u00efed pr\u00eate serment - El Mawkie\",\"isPartOf\":{\"@id\":\"https:\/\/elmawkie.dz\/fr\/#website\"},\"primaryImageOfPage\":{\"@id\":\"https:\/\/elmawkie.dz\/fr\/tunisie-le-president-kais-saied-prete-serment\/#primaryimage\"},\"image\":{\"@id\":\"https:\/\/elmawkie.dz\/fr\/tunisie-le-president-kais-saied-prete-serment\/#primaryimage\"},\"thumbnailUrl\":\"https:\/\/elmawkie.dz\/fr\/wp-content\/uploads\/2024\/10\/IMG_3667.jpeg\",\"datePublished\":\"2024-10-21T13:30:23+00:00\",\"dateModified\":\"2024-10-24T12:07:32+00:00\",\"breadcrumb\":{\"@id\":\"https:\/\/elmawkie.dz\/fr\/tunisie-le-president-kais-saied-prete-serment\/#breadcrumb\"},\"inLanguage\":\"fr-FR\",\"potentialAction\":[{\"@type\":\"ReadAction\",\"target\":[\"https:\/\/elmawkie.dz\/fr\/tunisie-le-president-kais-saied-prete-serment\/\"]}]},{\"@type\":\"ImageObject\",\"inLanguage\":\"fr-FR\",\"@id\":\"https:\/\/elmawkie.dz\/fr\/tunisie-le-president-kais-saied-prete-serment\/#primaryimage\",\"url\":\"https:\/\/elmawkie.dz\/fr\/wp-content\/uploads\/2024\/10\/IMG_3667.jpeg\",\"contentUrl\":\"https:\/\/elmawkie.dz\/fr\/wp-content\/uploads\/2024\/10\/IMG_3667.jpeg\",\"width\":255,\"height\":198},{\"@type\":\"BreadcrumbList\",\"@id\":\"https:\/\/elmawkie.dz\/fr\/tunisie-le-president-kais-saied-prete-serment\/#breadcrumb\",\"itemListElement\":[{\"@type\":\"ListItem\",\"position\":1,\"name\":\"Home\",\"item\":\"https:\/\/elmawkie.dz\/fr\/\"},{\"@type\":\"ListItem\",\"position\":2,\"name\":\"Tunisie: le pr\u00e9sident Ka\u00efs Sa\u00efed pr\u00eate serment\"}]},{\"@type\":\"WebSite\",\"@id\":\"https:\/\/elmawkie.dz\/fr\/#website\",\"url\":\"https:\/\/elmawkie.dz\/fr\/\",\"name\":\"EL MAWKIE\",\"description\":\"Journal \u00c9lectronique Alg\u00e9rien\",\"publisher\":{\"@id\":\"https:\/\/elmawkie.dz\/fr\/#organization\"},\"potentialAction\":[{\"@type\":\"SearchAction\",\"target\":{\"@type\":\"EntryPoint\",\"urlTemplate\":\"https:\/\/elmawkie.dz\/fr\/?s={search_term_string}\"},\"query-input\":\"required name=search_term_string\"}],\"inLanguage\":\"fr-FR\"},{\"@type\":\"Organization\",\"@id\":\"https:\/\/elmawkie.dz\/fr\/#organization\",\"name\":\"EL MAWKIE\",\"url\":\"https:\/\/elmawkie.dz\/fr\/\",\"logo\":{\"@type\":\"ImageObject\",\"inLanguage\":\"fr-FR\",\"@id\":\"https:\/\/elmawkie.dz\/fr\/#\/schema\/logo\/image\/\",\"url\":\"https:\/\/elmawkie.dz\/fr\/wp-content\/uploads\/2024\/05\/logo1.png\",\"contentUrl\":\"https:\/\/elmawkie.dz\/fr\/wp-content\/uploads\/2024\/05\/logo1.png\",\"width\":1648,\"height\":652,\"caption\":\"EL MAWKIE\"},\"image\":{\"@id\":\"https:\/\/elmawkie.dz\/fr\/#\/schema\/logo\/image\/\"},\"sameAs\":[\"https:\/\/www.facebook.com\/profile.php?id=100088407094989&locale=fr_FR\"]},{\"@type\":\"Person\",\"@id\":\"https:\/\/elmawkie.dz\/fr\/#\/schema\/person\/e7bd59d6467874ba5c4723d8a9f0a63c\",\"name\":\"R\u00e9daction\",\"image\":{\"@type\":\"ImageObject\",\"inLanguage\":\"fr-FR\",\"@id\":\"https:\/\/elmawkie.dz\/fr\/#\/schema\/person\/image\/\",\"url\":\"https:\/\/secure.gravatar.com\/avatar\/f0f773456344da4d2788c054a3d30a0c?s=96&d=mm&r=g\",\"contentUrl\":\"https:\/\/secure.gravatar.com\/avatar\/f0f773456344da4d2788c054a3d30a0c?s=96&d=mm&r=g\",\"caption\":\"R\u00e9daction\"},\"url\":\"https:\/\/elmawkie.dz\/fr\/author\/redaction\/\"}]}<\/script>\n<!-- \/ Yoast SEO Premium plugin. -->","yoast_head_json":{"title":"Tunisie: le pr\u00e9sident Ka\u00efs Sa\u00efed pr\u00eate serment - El Mawkie","robots":{"index":"index","follow":"follow","max-snippet":"max-snippet:-1","max-image-preview":"max-image-preview:large","max-video-preview":"max-video-preview:-1"},"canonical":"https:\/\/elmawkie.dz\/fr\/tunisie-le-president-kais-saied-prete-serment\/","og_locale":"fr_FR","og_type":"article","og_title":"Tunisie: le pr\u00e9sident Ka\u00efs Sa\u00efed pr\u00eate serment","og_description":"Le pr\u00e9sident de la R\u00e9publique tunisienne, Ka\u00efs Sa\u00efed, a pr\u00eat\u00e9 serment lundi \u00e0 l&rsquo;Assembl\u00e9e des repr\u00e9sentants du peuple (ARP, Parlement tunisien), a rapport\u00e9 l&rsquo;agence de presse tunisienne TAP. le pr\u00e9sident tunisien \u00a0a pr\u00eat\u00e9 serment face au pr\u00e9sident de l&rsquo;ARP, Brahim Bouderbala, lors d&rsquo;une c\u00e9r\u00e9monie officielle en pr\u00e9sence des d\u00e9put\u00e9s des deux chambres parlementaires, des membres &hellip;","og_url":"https:\/\/elmawkie.dz\/fr\/tunisie-le-president-kais-saied-prete-serment\/","og_site_name":"El Mawkie","article_publisher":"https:\/\/www.facebook.com\/profile.php?id=100088407094989&locale=fr_FR","article_published_time":"2024-10-21T13:30:23+00:00","article_modified_time":"2024-10-24T12:07:32+00:00","og_image":[{"width":255,"height":198,"url":"https:\/\/elmawkie.dz\/fr\/wp-content\/uploads\/2024\/10\/IMG_3667.jpeg","type":"image\/jpeg"}],"author":"R\u00e9daction","twitter_card":"summary_large_image","twitter_misc":{"Written by":"R\u00e9daction","Est. reading time":"1 minute"},"schema":{"@context":"https:\/\/schema.org","@graph":[{"@type":"Article","@id":"https:\/\/elmawkie.dz\/fr\/tunisie-le-president-kais-saied-prete-serment\/#article","isPartOf":{"@id":"https:\/\/elmawkie.dz\/fr\/tunisie-le-president-kais-saied-prete-serment\/"},"author":{"name":"R\u00e9daction","@id":"https:\/\/elmawkie.dz\/fr\/#\/schema\/person\/e7bd59d6467874ba5c4723d8a9f0a63c"},"headline":"Tunisie: le pr\u00e9sident Ka\u00efs Sa\u00efed pr\u00eate serment","datePublished":"2024-10-21T13:30:23+00:00","dateModified":"2024-10-24T12:07:32+00:00","mainEntityOfPage":{"@id":"https:\/\/elmawkie.dz\/fr\/tunisie-le-president-kais-saied-prete-serment\/"},"wordCount":220,"commentCount":0,"publisher":{"@id":"https:\/\/elmawkie.dz\/fr\/#organization"},"image":{"@id":"https:\/\/elmawkie.dz\/fr\/tunisie-le-president-kais-saied-prete-serment\/#primaryimage"},"thumbnailUrl":"https:\/\/elmawkie.dz\/fr\/wp-content\/uploads\/2024\/10\/IMG_3667.jpeg","keywords":["Ka\u00efs Sa\u00efed","le pr\u00e9sident tunisien","pr\u00eate serment"],"articleSection":["International"],"inLanguage":"fr-FR","potentialAction":[{"@type":"CommentAction","name":"Comment","target":["https:\/\/elmawkie.dz\/fr\/tunisie-le-president-kais-saied-prete-serment\/#respond"]}]},{"@type":"WebPage","@id":"https:\/\/elmawkie.dz\/fr\/tunisie-le-president-kais-saied-prete-serment\/","url":"https:\/\/elmawkie.dz\/fr\/tunisie-le-president-kais-saied-prete-serment\/","name":"Tunisie: le pr\u00e9sident Ka\u00efs Sa\u00efed pr\u00eate serment - El Mawkie","isPartOf":{"@id":"https:\/\/elmawkie.dz\/fr\/#website"},"primaryImageOfPage":{"@id":"https:\/\/elmawkie.dz\/fr\/tunisie-le-president-kais-saied-prete-serment\/#primaryimage"},"image":{"@id":"https:\/\/elmawkie.dz\/fr\/tunisie-le-president-kais-saied-prete-serment\/#primaryimage"},"thumbnailUrl":"https:\/\/elmawkie.dz\/fr\/wp-content\/uploads\/2024\/10\/IMG_3667.jpeg","datePublished":"2024-10-21T13:30:23+00:00","dateModified":"2024-10-24T12:07:32+00:00","breadcrumb":{"@id":"https:\/\/elmawkie.dz\/fr\/tunisie-le-president-kais-saied-prete-serment\/#breadcrumb"},"inLanguage":"fr-FR","potentialAction":[{"@type":"ReadAction","target":["https:\/\/elmawkie.dz\/fr\/tunisie-le-president-kais-saied-prete-serment\/"]}]},{"@type":"ImageObject","inLanguage":"fr-FR","@id":"https:\/\/elmawkie.dz\/fr\/tunisie-le-president-kais-saied-prete-serment\/#primaryimage","url":"https:\/\/elmawkie.dz\/fr\/wp-content\/uploads\/2024\/10\/IMG_3667.jpeg","contentUrl":"https:\/\/elmawkie.dz\/fr\/wp-content\/uploads\/2024\/10\/IMG_3667.jpeg","width":255,"height":198},{"@type":"BreadcrumbList","@id":"https:\/\/elmawkie.dz\/fr\/tunisie-le-president-kais-saied-prete-serment\/#breadcrumb","itemListElement":[{"@type":"ListItem","position":1,"name":"Home","item":"https:\/\/elmawkie.dz\/fr\/"},{"@type":"ListItem","position":2,"name":"Tunisie: le pr\u00e9sident Ka\u00efs Sa\u00efed pr\u00eate serment"}]},{"@type":"WebSite","@id":"https:\/\/elmawkie.dz\/fr\/#website","url":"https:\/\/elmawkie.dz\/fr\/","name":"EL MAWKIE","description":"Journal \u00c9lectronique Alg\u00e9rien","publisher":{"@id":"https:\/\/elmawkie.dz\/fr\/#organization"},"potentialAction":[{"@type":"SearchAction","target":{"@type":"EntryPoint","urlTemplate":"https:\/\/elmawkie.dz\/fr\/?s={search_term_string}"},"query-input":"required name=search_term_string"}],"inLanguage":"fr-FR"},{"@type":"Organization","@id":"https:\/\/elmawkie.dz\/fr\/#organization","name":"EL MAWKIE","url":"https:\/\/elmawkie.dz\/fr\/","logo":{"@type":"ImageObject","inLanguage":"fr-FR","@id":"https:\/\/elmawkie.dz\/fr\/#\/schema\/logo\/image\/","url":"https:\/\/elmawkie.dz\/fr\/wp-content\/uploads\/2024\/05\/logo1.png","contentUrl":"https:\/\/elmawkie.dz\/fr\/wp-content\/uploads\/2024\/05\/logo1.png","width":1648,"height":652,"caption":"EL MAWKIE"},"image":{"@id":"https:\/\/elmawkie.dz\/fr\/#\/schema\/logo\/image\/"},"sameAs":["https:\/\/www.facebook.com\/profile.php?id=100088407094989&locale=fr_FR"]},{"@type":"Person","@id":"https:\/\/elmawkie.dz\/fr\/#\/schema\/person\/e7bd59d6467874ba5c4723d8a9f0a63c","name":"R\u00e9daction","image":{"@type":"ImageObject","inLanguage":"fr-FR","@id":"https:\/\/elmawkie.dz\/fr\/#\/schema\/person\/image\/","url":"https:\/\/secure.gravatar.com\/avatar\/f0f773456344da4d2788c054a3d30a0c?s=96&d=mm&r=g","contentUrl":"https:\/\/secure.gravatar.com\/avatar\/f0f773456344da4d2788c054a3d30a0c?s=96&d=mm&r=g","caption":"R\u00e9daction"},"url":"https:\/\/elmawkie.dz\/fr\/author\/redaction\/"}]}},"_links":{"self":[{"href":"https:\/\/elmawkie.dz\/fr\/wp-json\/wp\/v2\/posts\/5964","targetHints":{"allow":["GET"]}}],"collection":[{"href":"https:\/\/elmawkie.dz\/fr\/wp-json\/wp\/v2\/posts"}],"about":[{"href":"https:\/\/elmawkie.dz\/fr\/wp-json\/wp\/v2\/types\/post"}],"author":[{"embeddable":true,"href":"https:\/\/elmawkie.dz\/fr\/wp-json\/wp\/v2\/users\/9"}],"replies":[{"embeddable":true,"href":"https:\/\/elmawkie.dz\/fr\/wp-json\/wp\/v2\/comments?post=5964"}],"version-history":[{"count":0,"href":"https:\/\/elmawkie.dz\/fr\/wp-json\/wp\/v2\/posts\/5964\/revisions"}],"wp:featuredmedia":[{"embeddable":true,"href":"https:\/\/elmawkie.dz\/fr\/wp-json\/wp\/v2\/media\/6022"}],"wp:attachment":[{"href":"https:\/\/elmawkie.dz\/fr\/wp-json\/wp\/v2\/media?parent=5964"}],"wp:term":[{"taxonomy":"category","embeddable":true,"href":"https:\/\/elmawkie.dz\/fr\/wp-json\/wp\/v2\/categories?post=5964"},{"taxonomy":"post_tag","embeddable":true,"href":"https:\/\/elmawkie.dz\/fr\/wp-json\/wp\/v2\/tags?post=5964"}],"curies":[{"name":"wp","href":"https:\/\/api.w.org\/{rel}","templated":true}]}}