{"id":5947,"date":"2024-10-21T11:05:05","date_gmt":"2024-10-21T10:05:05","guid":{"rendered":"https:\/\/elmawkie.dz\/fr\/?p=5947"},"modified":"2024-10-21T11:05:05","modified_gmt":"2024-10-21T10:05:05","slug":"oran-vers-la-realisation-de-deux-piscines-au-village-mediterraneen","status":"publish","type":"post","link":"https:\/\/elmawkie.dz\/fr\/oran-vers-la-realisation-de-deux-piscines-au-village-mediterraneen\/","title":{"rendered":"Oran : Vers la r\u00e9alisation de deux piscines au village m\u00e9diterran\u00e9en"},"content":{"rendered":"<p><strong><em>Un projet de r\u00e9alisation de deux piscines sera bient\u00f4t lanc\u00e9 au niveau du village m\u00e9diterran\u00e9en d&rsquo;Oran, dans le cadre de l&rsquo;extension des activit\u00e9s de cette structure touristique et sportive, ont indiqu\u00e9 lundi les services de la wilaya. Il s&rsquo;agit d&rsquo;une piscine ext\u00e9rieure et une autre semi-olympique, qui sera r\u00e9alis\u00e9e au niveau de l&rsquo;une des cinq salles omni-activit\u00e9s que comprend le village, pr\u00e9cise-t-on de m\u00eame source. Cette d\u00e9cision a \u00e9t\u00e9 prise lors de la r\u00e9union tenue, la veille, par le conseil d&rsquo;administration de l&rsquo;entreprise publique de wilaya charg\u00e9e de la gestion du village, pr\u00e9cise-t-on de m\u00eame source. Lors de cette r\u00e9union, pr\u00e9sid\u00e9e par le wali Sa\u00efd Sayoud, un \u00e9tat des lieux a \u00e9t\u00e9 expos\u00e9 par le responsable de l&rsquo;entreprise concern\u00e9e, ainsi que les projets \u00e0 r\u00e9aliser dans ce site, inaugur\u00e9 en juin 2022 par le pr\u00e9sident de la R\u00e9publique, M. Abdelmadjid Tebboune, \u00e0 l&rsquo;occasion de la 19e \u00e9dition des jeux m\u00e9diterran\u00e9ens tenus dans la capitale de l&rsquo;Ouest du pays, a indiqu\u00e9 la cellule de communication de la wilaya. Apr\u00e8s la pr\u00e9sentation du bilan de la saison estivale, qui a vu l&rsquo;ouverture au public des \u00e9quipements d&rsquo;h\u00e9bergement du village, il a \u00e9t\u00e9 d\u00e9cid\u00e9 de reproduire la m\u00eame exp\u00e9rience \u00e0 l&rsquo;occasion de la saison hivernale au prix de 1.000 DA pour la chambre individuelle. D&rsquo;autres projets sont envisag\u00e9s par les responsables du village, comme l&rsquo;ouverture de magasins et autres actions et services visant \u00e0 attirer davantage de visiteurs, apr\u00e8s que la saison estivale ait connu un franc succ\u00e8s dans ce registre, gr\u00e2ce aux tarifs attractifs propos\u00e9s aux estivants, informe-t-on. Quelque 3.400 lits, sur un total de 4.200 lits dont dispose cette infrastructure, ont \u00e9t\u00e9 d\u00e9di\u00e9s aux visiteurs du village m\u00e9diterran\u00e9en, lors de la saison estivale, rappelle-t-on. Ce site, qui s&rsquo;\u00e9tend sur une superficie globale avoisinant les 40 hectares, comprend 5 restaurants, un centre sanitaire, trois terrains de football, des salles de sports et un espace d&rsquo;activit\u00e9s culturelles et de distraction.<\/em><\/strong><\/p>\n","protected":false},"excerpt":{"rendered":"<p>Un projet de r\u00e9alisation de deux piscines sera bient\u00f4t lanc\u00e9 au niveau du village m\u00e9diterran\u00e9en d&rsquo;Oran, dans le cadre de l&rsquo;extension des activit\u00e9s de cette structure touristique et sportive, ont indiqu\u00e9 lundi les services de la wilaya. Il s&rsquo;agit d&rsquo;une piscine ext\u00e9rieure et une autre semi-olympique, qui sera r\u00e9alis\u00e9e au niveau de l&rsquo;une des cinq &hellip;<\/p>\n","protected":false},"author":9,"featured_media":5948,"comment_status":"open","ping_status":"open","sticky":false,"template":"","format":"standard","meta":{"footnotes":""},"categories":[50],"tags":[75,1062],"class_list":["post-5947","post","type-post","status-publish","format-standard","has-post-thumbnail","hentry","category-region","tag-oran","tag-village-mediterraneen"],"yoast_head":"<!-- This site is optimized with the Yoast SEO Premium plugin v22.6 (Yoast SEO v22.6) - https:\/\/yoast.com\/wordpress\/plugins\/seo\/ -->\n<title>Oran : Vers la r\u00e9alisation de deux piscines au village m\u00e9diterran\u00e9en - El Mawkie<\/title>\n<meta name=\"robots\" content=\"index, follow, max-snippet:-1, max-image-preview:large, max-video-preview:-1\" \/>\n<link rel=\"canonical\" href=\"https:\/\/elmawkie.dz\/fr\/oran-vers-la-realisation-de-deux-piscines-au-village-mediterraneen\/\" \/>\n<meta property=\"og:locale\" content=\"fr_FR\" \/>\n<meta property=\"og:type\" content=\"article\" \/>\n<meta property=\"og:title\" content=\"Oran : Vers la r\u00e9alisation de deux piscines au village m\u00e9diterran\u00e9en\" \/>\n<meta property=\"og:description\" content=\"Un projet de r\u00e9alisation de deux piscines sera bient\u00f4t lanc\u00e9 au niveau du village m\u00e9diterran\u00e9en d&rsquo;Oran, dans le cadre de l&rsquo;extension des activit\u00e9s de cette structure touristique et sportive, ont indiqu\u00e9 lundi les services de la wilaya. Il s&rsquo;agit d&rsquo;une piscine ext\u00e9rieure et une autre semi-olympique, qui sera r\u00e9alis\u00e9e au niveau de l&rsquo;une des cinq &hellip;\" \/>\n<meta property=\"og:url\" content=\"https:\/\/elmawkie.dz\/fr\/oran-vers-la-realisation-de-deux-piscines-au-village-mediterraneen\/\" \/>\n<meta property=\"og:site_name\" content=\"El Mawkie\" \/>\n<meta property=\"article:publisher\" content=\"https:\/\/www.facebook.com\/profile.php?id=100088407094989&amp;locale=fr_FR\" \/>\n<meta property=\"article:published_time\" content=\"2024-10-21T10:05:05+00:00\" \/>\n<meta property=\"og:image\" content=\"https:\/\/elmawkie.dz\/fr\/wp-content\/uploads\/2024\/10\/IMG_3651.jpeg\" \/>\n\t<meta property=\"og:image:width\" content=\"720\" \/>\n\t<meta property=\"og:image:height\" content=\"406\" \/>\n\t<meta property=\"og:image:type\" content=\"image\/jpeg\" \/>\n<meta name=\"author\" content=\"R\u00e9daction\" \/>\n<meta name=\"twitter:card\" content=\"summary_large_image\" \/>\n<meta name=\"twitter:label1\" content=\"Written by\" \/>\n\t<meta name=\"twitter:data1\" content=\"R\u00e9daction\" \/>\n\t<meta name=\"twitter:label2\" content=\"Est. reading time\" \/>\n\t<meta name=\"twitter:data2\" content=\"2 minutes\" \/>\n<script type=\"application\/ld+json\" class=\"yoast-schema-graph\">{\"@context\":\"https:\/\/schema.org\",\"@graph\":[{\"@type\":\"Article\",\"@id\":\"https:\/\/elmawkie.dz\/fr\/oran-vers-la-realisation-de-deux-piscines-au-village-mediterraneen\/#article\",\"isPartOf\":{\"@id\":\"https:\/\/elmawkie.dz\/fr\/oran-vers-la-realisation-de-deux-piscines-au-village-mediterraneen\/\"},\"author\":{\"name\":\"R\u00e9daction\",\"@id\":\"https:\/\/elmawkie.dz\/fr\/#\/schema\/person\/e7bd59d6467874ba5c4723d8a9f0a63c\"},\"headline\":\"Oran : Vers la r\u00e9alisation de deux piscines au village m\u00e9diterran\u00e9en\",\"datePublished\":\"2024-10-21T10:05:05+00:00\",\"dateModified\":\"2024-10-21T10:05:05+00:00\",\"mainEntityOfPage\":{\"@id\":\"https:\/\/elmawkie.dz\/fr\/oran-vers-la-realisation-de-deux-piscines-au-village-mediterraneen\/\"},\"wordCount\":379,\"commentCount\":0,\"publisher\":{\"@id\":\"https:\/\/elmawkie.dz\/fr\/#organization\"},\"image\":{\"@id\":\"https:\/\/elmawkie.dz\/fr\/oran-vers-la-realisation-de-deux-piscines-au-village-mediterraneen\/#primaryimage\"},\"thumbnailUrl\":\"https:\/\/elmawkie.dz\/fr\/wp-content\/uploads\/2024\/10\/IMG_3651.jpeg\",\"keywords\":[\"Oran\",\"village m\u00e9diterran\u00e9en\"],\"articleSection\":[\"R\u00e9gion\"],\"inLanguage\":\"fr-FR\",\"potentialAction\":[{\"@type\":\"CommentAction\",\"name\":\"Comment\",\"target\":[\"https:\/\/elmawkie.dz\/fr\/oran-vers-la-realisation-de-deux-piscines-au-village-mediterraneen\/#respond\"]}]},{\"@type\":\"WebPage\",\"@id\":\"https:\/\/elmawkie.dz\/fr\/oran-vers-la-realisation-de-deux-piscines-au-village-mediterraneen\/\",\"url\":\"https:\/\/elmawkie.dz\/fr\/oran-vers-la-realisation-de-deux-piscines-au-village-mediterraneen\/\",\"name\":\"Oran : Vers la r\u00e9alisation de deux piscines au village m\u00e9diterran\u00e9en - El Mawkie\",\"isPartOf\":{\"@id\":\"https:\/\/elmawkie.dz\/fr\/#website\"},\"primaryImageOfPage\":{\"@id\":\"https:\/\/elmawkie.dz\/fr\/oran-vers-la-realisation-de-deux-piscines-au-village-mediterraneen\/#primaryimage\"},\"image\":{\"@id\":\"https:\/\/elmawkie.dz\/fr\/oran-vers-la-realisation-de-deux-piscines-au-village-mediterraneen\/#primaryimage\"},\"thumbnailUrl\":\"https:\/\/elmawkie.dz\/fr\/wp-content\/uploads\/2024\/10\/IMG_3651.jpeg\",\"datePublished\":\"2024-10-21T10:05:05+00:00\",\"dateModified\":\"2024-10-21T10:05:05+00:00\",\"breadcrumb\":{\"@id\":\"https:\/\/elmawkie.dz\/fr\/oran-vers-la-realisation-de-deux-piscines-au-village-mediterraneen\/#breadcrumb\"},\"inLanguage\":\"fr-FR\",\"potentialAction\":[{\"@type\":\"ReadAction\",\"target\":[\"https:\/\/elmawkie.dz\/fr\/oran-vers-la-realisation-de-deux-piscines-au-village-mediterraneen\/\"]}]},{\"@type\":\"ImageObject\",\"inLanguage\":\"fr-FR\",\"@id\":\"https:\/\/elmawkie.dz\/fr\/oran-vers-la-realisation-de-deux-piscines-au-village-mediterraneen\/#primaryimage\",\"url\":\"https:\/\/elmawkie.dz\/fr\/wp-content\/uploads\/2024\/10\/IMG_3651.jpeg\",\"contentUrl\":\"https:\/\/elmawkie.dz\/fr\/wp-content\/uploads\/2024\/10\/IMG_3651.jpeg\",\"width\":720,\"height\":406},{\"@type\":\"BreadcrumbList\",\"@id\":\"https:\/\/elmawkie.dz\/fr\/oran-vers-la-realisation-de-deux-piscines-au-village-mediterraneen\/#breadcrumb\",\"itemListElement\":[{\"@type\":\"ListItem\",\"position\":1,\"name\":\"Home\",\"item\":\"https:\/\/elmawkie.dz\/fr\/\"},{\"@type\":\"ListItem\",\"position\":2,\"name\":\"Oran : Vers la r\u00e9alisation de deux piscines au village m\u00e9diterran\u00e9en\"}]},{\"@type\":\"WebSite\",\"@id\":\"https:\/\/elmawkie.dz\/fr\/#website\",\"url\":\"https:\/\/elmawkie.dz\/fr\/\",\"name\":\"EL MAWKIE\",\"description\":\"Journal \u00c9lectronique Alg\u00e9rien\",\"publisher\":{\"@id\":\"https:\/\/elmawkie.dz\/fr\/#organization\"},\"potentialAction\":[{\"@type\":\"SearchAction\",\"target\":{\"@type\":\"EntryPoint\",\"urlTemplate\":\"https:\/\/elmawkie.dz\/fr\/?s={search_term_string}\"},\"query-input\":\"required name=search_term_string\"}],\"inLanguage\":\"fr-FR\"},{\"@type\":\"Organization\",\"@id\":\"https:\/\/elmawkie.dz\/fr\/#organization\",\"name\":\"EL MAWKIE\",\"url\":\"https:\/\/elmawkie.dz\/fr\/\",\"logo\":{\"@type\":\"ImageObject\",\"inLanguage\":\"fr-FR\",\"@id\":\"https:\/\/elmawkie.dz\/fr\/#\/schema\/logo\/image\/\",\"url\":\"https:\/\/elmawkie.dz\/fr\/wp-content\/uploads\/2024\/05\/logo1.png\",\"contentUrl\":\"https:\/\/elmawkie.dz\/fr\/wp-content\/uploads\/2024\/05\/logo1.png\",\"width\":1648,\"height\":652,\"caption\":\"EL MAWKIE\"},\"image\":{\"@id\":\"https:\/\/elmawkie.dz\/fr\/#\/schema\/logo\/image\/\"},\"sameAs\":[\"https:\/\/www.facebook.com\/profile.php?id=100088407094989&locale=fr_FR\"]},{\"@type\":\"Person\",\"@id\":\"https:\/\/elmawkie.dz\/fr\/#\/schema\/person\/e7bd59d6467874ba5c4723d8a9f0a63c\",\"name\":\"R\u00e9daction\",\"image\":{\"@type\":\"ImageObject\",\"inLanguage\":\"fr-FR\",\"@id\":\"https:\/\/elmawkie.dz\/fr\/#\/schema\/person\/image\/\",\"url\":\"https:\/\/secure.gravatar.com\/avatar\/f0f773456344da4d2788c054a3d30a0c?s=96&d=mm&r=g\",\"contentUrl\":\"https:\/\/secure.gravatar.com\/avatar\/f0f773456344da4d2788c054a3d30a0c?s=96&d=mm&r=g\",\"caption\":\"R\u00e9daction\"},\"url\":\"https:\/\/elmawkie.dz\/fr\/author\/redaction\/\"}]}<\/script>\n<!-- \/ Yoast SEO Premium plugin. -->","yoast_head_json":{"title":"Oran : Vers la r\u00e9alisation de deux piscines au village m\u00e9diterran\u00e9en - El Mawkie","robots":{"index":"index","follow":"follow","max-snippet":"max-snippet:-1","max-image-preview":"max-image-preview:large","max-video-preview":"max-video-preview:-1"},"canonical":"https:\/\/elmawkie.dz\/fr\/oran-vers-la-realisation-de-deux-piscines-au-village-mediterraneen\/","og_locale":"fr_FR","og_type":"article","og_title":"Oran : Vers la r\u00e9alisation de deux piscines au village m\u00e9diterran\u00e9en","og_description":"Un projet de r\u00e9alisation de deux piscines sera bient\u00f4t lanc\u00e9 au niveau du village m\u00e9diterran\u00e9en d&rsquo;Oran, dans le cadre de l&rsquo;extension des activit\u00e9s de cette structure touristique et sportive, ont indiqu\u00e9 lundi les services de la wilaya. Il s&rsquo;agit d&rsquo;une piscine ext\u00e9rieure et une autre semi-olympique, qui sera r\u00e9alis\u00e9e au niveau de l&rsquo;une des cinq &hellip;","og_url":"https:\/\/elmawkie.dz\/fr\/oran-vers-la-realisation-de-deux-piscines-au-village-mediterraneen\/","og_site_name":"El Mawkie","article_publisher":"https:\/\/www.facebook.com\/profile.php?id=100088407094989&locale=fr_FR","article_published_time":"2024-10-21T10:05:05+00:00","og_image":[{"width":720,"height":406,"url":"https:\/\/elmawkie.dz\/fr\/wp-content\/uploads\/2024\/10\/IMG_3651.jpeg","type":"image\/jpeg"}],"author":"R\u00e9daction","twitter_card":"summary_large_image","twitter_misc":{"Written by":"R\u00e9daction","Est. reading time":"2 minutes"},"schema":{"@context":"https:\/\/schema.org","@graph":[{"@type":"Article","@id":"https:\/\/elmawkie.dz\/fr\/oran-vers-la-realisation-de-deux-piscines-au-village-mediterraneen\/#article","isPartOf":{"@id":"https:\/\/elmawkie.dz\/fr\/oran-vers-la-realisation-de-deux-piscines-au-village-mediterraneen\/"},"author":{"name":"R\u00e9daction","@id":"https:\/\/elmawkie.dz\/fr\/#\/schema\/person\/e7bd59d6467874ba5c4723d8a9f0a63c"},"headline":"Oran : Vers la r\u00e9alisation de deux piscines au village m\u00e9diterran\u00e9en","datePublished":"2024-10-21T10:05:05+00:00","dateModified":"2024-10-21T10:05:05+00:00","mainEntityOfPage":{"@id":"https:\/\/elmawkie.dz\/fr\/oran-vers-la-realisation-de-deux-piscines-au-village-mediterraneen\/"},"wordCount":379,"commentCount":0,"publisher":{"@id":"https:\/\/elmawkie.dz\/fr\/#organization"},"image":{"@id":"https:\/\/elmawkie.dz\/fr\/oran-vers-la-realisation-de-deux-piscines-au-village-mediterraneen\/#primaryimage"},"thumbnailUrl":"https:\/\/elmawkie.dz\/fr\/wp-content\/uploads\/2024\/10\/IMG_3651.jpeg","keywords":["Oran","village m\u00e9diterran\u00e9en"],"articleSection":["R\u00e9gion"],"inLanguage":"fr-FR","potentialAction":[{"@type":"CommentAction","name":"Comment","target":["https:\/\/elmawkie.dz\/fr\/oran-vers-la-realisation-de-deux-piscines-au-village-mediterraneen\/#respond"]}]},{"@type":"WebPage","@id":"https:\/\/elmawkie.dz\/fr\/oran-vers-la-realisation-de-deux-piscines-au-village-mediterraneen\/","url":"https:\/\/elmawkie.dz\/fr\/oran-vers-la-realisation-de-deux-piscines-au-village-mediterraneen\/","name":"Oran : Vers la r\u00e9alisation de deux piscines au village m\u00e9diterran\u00e9en - El Mawkie","isPartOf":{"@id":"https:\/\/elmawkie.dz\/fr\/#website"},"primaryImageOfPage":{"@id":"https:\/\/elmawkie.dz\/fr\/oran-vers-la-realisation-de-deux-piscines-au-village-mediterraneen\/#primaryimage"},"image":{"@id":"https:\/\/elmawkie.dz\/fr\/oran-vers-la-realisation-de-deux-piscines-au-village-mediterraneen\/#primaryimage"},"thumbnailUrl":"https:\/\/elmawkie.dz\/fr\/wp-content\/uploads\/2024\/10\/IMG_3651.jpeg","datePublished":"2024-10-21T10:05:05+00:00","dateModified":"2024-10-21T10:05:05+00:00","breadcrumb":{"@id":"https:\/\/elmawkie.dz\/fr\/oran-vers-la-realisation-de-deux-piscines-au-village-mediterraneen\/#breadcrumb"},"inLanguage":"fr-FR","potentialAction":[{"@type":"ReadAction","target":["https:\/\/elmawkie.dz\/fr\/oran-vers-la-realisation-de-deux-piscines-au-village-mediterraneen\/"]}]},{"@type":"ImageObject","inLanguage":"fr-FR","@id":"https:\/\/elmawkie.dz\/fr\/oran-vers-la-realisation-de-deux-piscines-au-village-mediterraneen\/#primaryimage","url":"https:\/\/elmawkie.dz\/fr\/wp-content\/uploads\/2024\/10\/IMG_3651.jpeg","contentUrl":"https:\/\/elmawkie.dz\/fr\/wp-content\/uploads\/2024\/10\/IMG_3651.jpeg","width":720,"height":406},{"@type":"BreadcrumbList","@id":"https:\/\/elmawkie.dz\/fr\/oran-vers-la-realisation-de-deux-piscines-au-village-mediterraneen\/#breadcrumb","itemListElement":[{"@type":"ListItem","position":1,"name":"Home","item":"https:\/\/elmawkie.dz\/fr\/"},{"@type":"ListItem","position":2,"name":"Oran : Vers la r\u00e9alisation de deux piscines au village m\u00e9diterran\u00e9en"}]},{"@type":"WebSite","@id":"https:\/\/elmawkie.dz\/fr\/#website","url":"https:\/\/elmawkie.dz\/fr\/","name":"EL MAWKIE","description":"Journal \u00c9lectronique Alg\u00e9rien","publisher":{"@id":"https:\/\/elmawkie.dz\/fr\/#organization"},"potentialAction":[{"@type":"SearchAction","target":{"@type":"EntryPoint","urlTemplate":"https:\/\/elmawkie.dz\/fr\/?s={search_term_string}"},"query-input":"required name=search_term_string"}],"inLanguage":"fr-FR"},{"@type":"Organization","@id":"https:\/\/elmawkie.dz\/fr\/#organization","name":"EL MAWKIE","url":"https:\/\/elmawkie.dz\/fr\/","logo":{"@type":"ImageObject","inLanguage":"fr-FR","@id":"https:\/\/elmawkie.dz\/fr\/#\/schema\/logo\/image\/","url":"https:\/\/elmawkie.dz\/fr\/wp-content\/uploads\/2024\/05\/logo1.png","contentUrl":"https:\/\/elmawkie.dz\/fr\/wp-content\/uploads\/2024\/05\/logo1.png","width":1648,"height":652,"caption":"EL MAWKIE"},"image":{"@id":"https:\/\/elmawkie.dz\/fr\/#\/schema\/logo\/image\/"},"sameAs":["https:\/\/www.facebook.com\/profile.php?id=100088407094989&locale=fr_FR"]},{"@type":"Person","@id":"https:\/\/elmawkie.dz\/fr\/#\/schema\/person\/e7bd59d6467874ba5c4723d8a9f0a63c","name":"R\u00e9daction","image":{"@type":"ImageObject","inLanguage":"fr-FR","@id":"https:\/\/elmawkie.dz\/fr\/#\/schema\/person\/image\/","url":"https:\/\/secure.gravatar.com\/avatar\/f0f773456344da4d2788c054a3d30a0c?s=96&d=mm&r=g","contentUrl":"https:\/\/secure.gravatar.com\/avatar\/f0f773456344da4d2788c054a3d30a0c?s=96&d=mm&r=g","caption":"R\u00e9daction"},"url":"https:\/\/elmawkie.dz\/fr\/author\/redaction\/"}]}},"_links":{"self":[{"href":"https:\/\/elmawkie.dz\/fr\/wp-json\/wp\/v2\/posts\/5947","targetHints":{"allow":["GET"]}}],"collection":[{"href":"https:\/\/elmawkie.dz\/fr\/wp-json\/wp\/v2\/posts"}],"about":[{"href":"https:\/\/elmawkie.dz\/fr\/wp-json\/wp\/v2\/types\/post"}],"author":[{"embeddable":true,"href":"https:\/\/elmawkie.dz\/fr\/wp-json\/wp\/v2\/users\/9"}],"replies":[{"embeddable":true,"href":"https:\/\/elmawkie.dz\/fr\/wp-json\/wp\/v2\/comments?post=5947"}],"version-history":[{"count":0,"href":"https:\/\/elmawkie.dz\/fr\/wp-json\/wp\/v2\/posts\/5947\/revisions"}],"wp:featuredmedia":[{"embeddable":true,"href":"https:\/\/elmawkie.dz\/fr\/wp-json\/wp\/v2\/media\/5948"}],"wp:attachment":[{"href":"https:\/\/elmawkie.dz\/fr\/wp-json\/wp\/v2\/media?parent=5947"}],"wp:term":[{"taxonomy":"category","embeddable":true,"href":"https:\/\/elmawkie.dz\/fr\/wp-json\/wp\/v2\/categories?post=5947"},{"taxonomy":"post_tag","embeddable":true,"href":"https:\/\/elmawkie.dz\/fr\/wp-json\/wp\/v2\/tags?post=5947"}],"curies":[{"name":"wp","href":"https:\/\/api.w.org\/{rel}","templated":true}]}}