{"id":5943,"date":"2024-10-21T12:10:39","date_gmt":"2024-10-21T11:10:39","guid":{"rendered":"https:\/\/elmawkie.dz\/fr\/?p=5943"},"modified":"2024-10-21T12:10:39","modified_gmt":"2024-10-21T11:10:39","slug":"13-621-vehicules-de-moins-de-3-ans-importes-en-9-mois","status":"publish","type":"post","link":"https:\/\/elmawkie.dz\/fr\/13-621-vehicules-de-moins-de-3-ans-importes-en-9-mois\/","title":{"rendered":"13.621 v\u00e9hicules de moins de 3 ans import\u00e9s en 9 mois"},"content":{"rendered":"<p><strong><em>Lors d&rsquo;une conf\u00e9rence de presse tenue ce dimanche, M. Abdelkader Chibane, chef d&rsquo;inspection divisionnaire aux r\u00e9gimes particuliers, a pr\u00e9sent\u00e9 les r\u00e9alisations de la Direction r\u00e9gionale des douanes d&rsquo;Alger-Port pour les neuf premiers mois de l\u2019ann\u00e9e 2024.<\/em><\/strong><\/p>\n<p><strong><em>En effet, un des points saillants concerne l&rsquo;importation de 13.621 v\u00e9hicules de moins de trois ans, un chiffre qui contraste fortement avec les 5122 v\u00e9hicules import\u00e9s sur la m\u00eame p\u00e9riode en 2023, traduisant ainsi une augmentation impressionnante de 166 %. Selon le responsable, les droits de douane per\u00e7us sur ces v\u00e9hicules ont atteint plus de 6,4 milliards de dinars, illustrant l\u2019essor des importations automobiles en Alg\u00e9rie.<\/em><\/strong><\/p>\n<p><strong><em>Le secteur du transport maritime des passagers a \u00e9galement montr\u00e9 des r\u00e9sultats significatifs. Entre janvier et septembre 2024, 196 bateaux transportant des voyageurs ont \u00e9t\u00e9 trait\u00e9s au port d\u2019Alger, avec un total de 232 868 passagers enregistr\u00e9s. Durant cette m\u00eame p\u00e9riode, les services des douanes ont g\u00e9r\u00e9 85 235 v\u00e9hicules de touristes. Dans le cadre de l&rsquo;am\u00e9lioration des proc\u00e9dures, une nouvelle plateforme num\u00e9rique, baptis\u00e9e ALSASS, sera bient\u00f4t d\u00e9ploy\u00e9e pour l&rsquo;\u00e9mission \u00e9lectronique des carnets de passage en douane. Cette innovation vise \u00e0 simplifier les d\u00e9marches administratives et \u00e0 r\u00e9duire les temps d&rsquo;attente, am\u00e9liorant ainsi l&rsquo;efficacit\u00e9 des services douaniers.<\/em><\/strong><\/p>\n<p><strong><em>L\u2019\u00e9t\u00e9 2024 a vu un renforcement des \u00e9quipes douani\u00e8res afin de faire face \u00e0 l&rsquo;afflux de passagers, et le port d&rsquo;Alger continue de s\u2019affirmer comme le principal point de transit national pour les voyageurs. En parall\u00e8le, la lutte contre la contrebande reste au c\u0153ur des priorit\u00e9s des douanes alg\u00e9riennes. Plus de 1 124 op\u00e9rations de saisie ont \u00e9t\u00e9 effectu\u00e9es entre janvier et septembre, repr\u00e9sentant une valeur totale de plus de 80 millions de dinars. Parmi les op\u00e9rations les plus marquantes figurent la confiscation de 1 001 billets de banque contrefaits, 9 120 comprim\u00e9s de psychotropes et 32 grammes de drogue. De plus, 102 actions ont permis la saisie de 2 171 cartouches de cigarettes, \u00e9valu\u00e9es \u00e0 8 millions de dinars. Les pi\u00e8ces d\u00e9tach\u00e9es, les produits alimentaires, les articles cosm\u00e9tiques, ainsi que des t\u00e9l\u00e9phones portables ont \u00e9galement \u00e9t\u00e9 saisis dans le cadre de ces op\u00e9rations.<\/em><\/strong><\/p>\n","protected":false},"excerpt":{"rendered":"<p>Lors d&rsquo;une conf\u00e9rence de presse tenue ce dimanche, M. Abdelkader Chibane, chef d&rsquo;inspection divisionnaire aux r\u00e9gimes particuliers, a pr\u00e9sent\u00e9 les r\u00e9alisations de la Direction r\u00e9gionale des douanes d&rsquo;Alger-Port pour les neuf premiers mois de l\u2019ann\u00e9e 2024. En effet, un des points saillants concerne l&rsquo;importation de 13.621 v\u00e9hicules de moins de trois ans, un chiffre qui &hellip;<\/p>\n","protected":false},"author":8,"featured_media":5954,"comment_status":"open","ping_status":"open","sticky":false,"template":"","format":"standard","meta":{"footnotes":""},"categories":[47],"tags":[1056,1055,1057,429,818,427],"class_list":["post-5943","post","type-post","status-publish","format-standard","has-post-thumbnail","hentry","category-national","tag-3-ans","tag-abdelkader-chibane","tag-chiffres","tag-douanes","tag-moins-de-3-ans","tag-vehicules"],"yoast_head":"<!-- This site is optimized with the Yoast SEO Premium plugin v22.6 (Yoast SEO v22.6) - https:\/\/yoast.com\/wordpress\/plugins\/seo\/ -->\n<title>13.621 v\u00e9hicules de moins de 3 ans import\u00e9s en 9 mois - El Mawkie<\/title>\n<meta name=\"robots\" content=\"index, follow, max-snippet:-1, max-image-preview:large, max-video-preview:-1\" \/>\n<link rel=\"canonical\" href=\"https:\/\/elmawkie.dz\/fr\/13-621-vehicules-de-moins-de-3-ans-importes-en-9-mois\/\" \/>\n<meta property=\"og:locale\" content=\"fr_FR\" \/>\n<meta property=\"og:type\" content=\"article\" \/>\n<meta property=\"og:title\" content=\"13.621 v\u00e9hicules de moins de 3 ans import\u00e9s en 9 mois\" \/>\n<meta property=\"og:description\" content=\"Lors d&rsquo;une conf\u00e9rence de presse tenue ce dimanche, M. Abdelkader Chibane, chef d&rsquo;inspection divisionnaire aux r\u00e9gimes particuliers, a pr\u00e9sent\u00e9 les r\u00e9alisations de la Direction r\u00e9gionale des douanes d&rsquo;Alger-Port pour les neuf premiers mois de l\u2019ann\u00e9e 2024. En effet, un des points saillants concerne l&rsquo;importation de 13.621 v\u00e9hicules de moins de trois ans, un chiffre qui &hellip;\" \/>\n<meta property=\"og:url\" content=\"https:\/\/elmawkie.dz\/fr\/13-621-vehicules-de-moins-de-3-ans-importes-en-9-mois\/\" \/>\n<meta property=\"og:site_name\" content=\"El Mawkie\" \/>\n<meta property=\"article:publisher\" content=\"https:\/\/www.facebook.com\/profile.php?id=100088407094989&amp;locale=fr_FR\" \/>\n<meta property=\"article:published_time\" content=\"2024-10-21T11:10:39+00:00\" \/>\n<meta property=\"og:image\" content=\"https:\/\/elmawkie.dz\/fr\/wp-content\/uploads\/2024\/10\/e3b30787-286e-473f-bd64-ae22e0727535.jpeg\" \/>\n\t<meta property=\"og:image:width\" content=\"1080\" \/>\n\t<meta property=\"og:image:height\" content=\"610\" \/>\n\t<meta property=\"og:image:type\" content=\"image\/jpeg\" \/>\n<meta name=\"author\" content=\"khayro\" \/>\n<meta name=\"twitter:card\" content=\"summary_large_image\" \/>\n<meta name=\"twitter:label1\" content=\"Written by\" \/>\n\t<meta name=\"twitter:data1\" content=\"khayro\" \/>\n\t<meta name=\"twitter:label2\" content=\"Est. reading time\" \/>\n\t<meta name=\"twitter:data2\" content=\"2 minutes\" \/>\n<script type=\"application\/ld+json\" class=\"yoast-schema-graph\">{\"@context\":\"https:\/\/schema.org\",\"@graph\":[{\"@type\":\"Article\",\"@id\":\"https:\/\/elmawkie.dz\/fr\/13-621-vehicules-de-moins-de-3-ans-importes-en-9-mois\/#article\",\"isPartOf\":{\"@id\":\"https:\/\/elmawkie.dz\/fr\/13-621-vehicules-de-moins-de-3-ans-importes-en-9-mois\/\"},\"author\":{\"name\":\"khayro\",\"@id\":\"https:\/\/elmawkie.dz\/fr\/#\/schema\/person\/15cb7eba76e08e2d2d0ad4b4c4fbb6cb\"},\"headline\":\"13.621 v\u00e9hicules de moins de 3 ans import\u00e9s en 9 mois\",\"datePublished\":\"2024-10-21T11:10:39+00:00\",\"dateModified\":\"2024-10-21T11:10:39+00:00\",\"mainEntityOfPage\":{\"@id\":\"https:\/\/elmawkie.dz\/fr\/13-621-vehicules-de-moins-de-3-ans-importes-en-9-mois\/\"},\"wordCount\":387,\"commentCount\":0,\"publisher\":{\"@id\":\"https:\/\/elmawkie.dz\/fr\/#organization\"},\"image\":{\"@id\":\"https:\/\/elmawkie.dz\/fr\/13-621-vehicules-de-moins-de-3-ans-importes-en-9-mois\/#primaryimage\"},\"thumbnailUrl\":\"https:\/\/elmawkie.dz\/fr\/wp-content\/uploads\/2024\/10\/e3b30787-286e-473f-bd64-ae22e0727535.jpeg\",\"keywords\":[\"- 3 ans\",\"Abdelkader Chibane\",\"chiffres\",\"douanes\",\"moins de 3 ans\",\"v\u00e9hicules\"],\"articleSection\":[\"National\"],\"inLanguage\":\"fr-FR\",\"potentialAction\":[{\"@type\":\"CommentAction\",\"name\":\"Comment\",\"target\":[\"https:\/\/elmawkie.dz\/fr\/13-621-vehicules-de-moins-de-3-ans-importes-en-9-mois\/#respond\"]}]},{\"@type\":\"WebPage\",\"@id\":\"https:\/\/elmawkie.dz\/fr\/13-621-vehicules-de-moins-de-3-ans-importes-en-9-mois\/\",\"url\":\"https:\/\/elmawkie.dz\/fr\/13-621-vehicules-de-moins-de-3-ans-importes-en-9-mois\/\",\"name\":\"13.621 v\u00e9hicules de moins de 3 ans import\u00e9s en 9 mois - El Mawkie\",\"isPartOf\":{\"@id\":\"https:\/\/elmawkie.dz\/fr\/#website\"},\"primaryImageOfPage\":{\"@id\":\"https:\/\/elmawkie.dz\/fr\/13-621-vehicules-de-moins-de-3-ans-importes-en-9-mois\/#primaryimage\"},\"image\":{\"@id\":\"https:\/\/elmawkie.dz\/fr\/13-621-vehicules-de-moins-de-3-ans-importes-en-9-mois\/#primaryimage\"},\"thumbnailUrl\":\"https:\/\/elmawkie.dz\/fr\/wp-content\/uploads\/2024\/10\/e3b30787-286e-473f-bd64-ae22e0727535.jpeg\",\"datePublished\":\"2024-10-21T11:10:39+00:00\",\"dateModified\":\"2024-10-21T11:10:39+00:00\",\"breadcrumb\":{\"@id\":\"https:\/\/elmawkie.dz\/fr\/13-621-vehicules-de-moins-de-3-ans-importes-en-9-mois\/#breadcrumb\"},\"inLanguage\":\"fr-FR\",\"potentialAction\":[{\"@type\":\"ReadAction\",\"target\":[\"https:\/\/elmawkie.dz\/fr\/13-621-vehicules-de-moins-de-3-ans-importes-en-9-mois\/\"]}]},{\"@type\":\"ImageObject\",\"inLanguage\":\"fr-FR\",\"@id\":\"https:\/\/elmawkie.dz\/fr\/13-621-vehicules-de-moins-de-3-ans-importes-en-9-mois\/#primaryimage\",\"url\":\"https:\/\/elmawkie.dz\/fr\/wp-content\/uploads\/2024\/10\/e3b30787-286e-473f-bd64-ae22e0727535.jpeg\",\"contentUrl\":\"https:\/\/elmawkie.dz\/fr\/wp-content\/uploads\/2024\/10\/e3b30787-286e-473f-bd64-ae22e0727535.jpeg\",\"width\":1080,\"height\":610},{\"@type\":\"BreadcrumbList\",\"@id\":\"https:\/\/elmawkie.dz\/fr\/13-621-vehicules-de-moins-de-3-ans-importes-en-9-mois\/#breadcrumb\",\"itemListElement\":[{\"@type\":\"ListItem\",\"position\":1,\"name\":\"Home\",\"item\":\"https:\/\/elmawkie.dz\/fr\/\"},{\"@type\":\"ListItem\",\"position\":2,\"name\":\"13.621 v\u00e9hicules de moins de 3 ans import\u00e9s en 9 mois\"}]},{\"@type\":\"WebSite\",\"@id\":\"https:\/\/elmawkie.dz\/fr\/#website\",\"url\":\"https:\/\/elmawkie.dz\/fr\/\",\"name\":\"EL MAWKIE\",\"description\":\"Journal \u00c9lectronique Alg\u00e9rien\",\"publisher\":{\"@id\":\"https:\/\/elmawkie.dz\/fr\/#organization\"},\"potentialAction\":[{\"@type\":\"SearchAction\",\"target\":{\"@type\":\"EntryPoint\",\"urlTemplate\":\"https:\/\/elmawkie.dz\/fr\/?s={search_term_string}\"},\"query-input\":\"required name=search_term_string\"}],\"inLanguage\":\"fr-FR\"},{\"@type\":\"Organization\",\"@id\":\"https:\/\/elmawkie.dz\/fr\/#organization\",\"name\":\"EL MAWKIE\",\"url\":\"https:\/\/elmawkie.dz\/fr\/\",\"logo\":{\"@type\":\"ImageObject\",\"inLanguage\":\"fr-FR\",\"@id\":\"https:\/\/elmawkie.dz\/fr\/#\/schema\/logo\/image\/\",\"url\":\"https:\/\/elmawkie.dz\/fr\/wp-content\/uploads\/2024\/05\/logo1.png\",\"contentUrl\":\"https:\/\/elmawkie.dz\/fr\/wp-content\/uploads\/2024\/05\/logo1.png\",\"width\":1648,\"height\":652,\"caption\":\"EL MAWKIE\"},\"image\":{\"@id\":\"https:\/\/elmawkie.dz\/fr\/#\/schema\/logo\/image\/\"},\"sameAs\":[\"https:\/\/www.facebook.com\/profile.php?id=100088407094989&locale=fr_FR\"]},{\"@type\":\"Person\",\"@id\":\"https:\/\/elmawkie.dz\/fr\/#\/schema\/person\/15cb7eba76e08e2d2d0ad4b4c4fbb6cb\",\"name\":\"khayro\",\"image\":{\"@type\":\"ImageObject\",\"inLanguage\":\"fr-FR\",\"@id\":\"https:\/\/elmawkie.dz\/fr\/#\/schema\/person\/image\/\",\"url\":\"https:\/\/secure.gravatar.com\/avatar\/5d609f726f02f77f0ff2a1483fc81992?s=96&d=mm&r=g\",\"contentUrl\":\"https:\/\/secure.gravatar.com\/avatar\/5d609f726f02f77f0ff2a1483fc81992?s=96&d=mm&r=g\",\"caption\":\"khayro\"},\"url\":\"https:\/\/elmawkie.dz\/fr\/author\/khayro\/\"}]}<\/script>\n<!-- \/ Yoast SEO Premium plugin. -->","yoast_head_json":{"title":"13.621 v\u00e9hicules de moins de 3 ans import\u00e9s en 9 mois - El Mawkie","robots":{"index":"index","follow":"follow","max-snippet":"max-snippet:-1","max-image-preview":"max-image-preview:large","max-video-preview":"max-video-preview:-1"},"canonical":"https:\/\/elmawkie.dz\/fr\/13-621-vehicules-de-moins-de-3-ans-importes-en-9-mois\/","og_locale":"fr_FR","og_type":"article","og_title":"13.621 v\u00e9hicules de moins de 3 ans import\u00e9s en 9 mois","og_description":"Lors d&rsquo;une conf\u00e9rence de presse tenue ce dimanche, M. Abdelkader Chibane, chef d&rsquo;inspection divisionnaire aux r\u00e9gimes particuliers, a pr\u00e9sent\u00e9 les r\u00e9alisations de la Direction r\u00e9gionale des douanes d&rsquo;Alger-Port pour les neuf premiers mois de l\u2019ann\u00e9e 2024. En effet, un des points saillants concerne l&rsquo;importation de 13.621 v\u00e9hicules de moins de trois ans, un chiffre qui &hellip;","og_url":"https:\/\/elmawkie.dz\/fr\/13-621-vehicules-de-moins-de-3-ans-importes-en-9-mois\/","og_site_name":"El Mawkie","article_publisher":"https:\/\/www.facebook.com\/profile.php?id=100088407094989&locale=fr_FR","article_published_time":"2024-10-21T11:10:39+00:00","og_image":[{"width":1080,"height":610,"url":"https:\/\/elmawkie.dz\/fr\/wp-content\/uploads\/2024\/10\/e3b30787-286e-473f-bd64-ae22e0727535.jpeg","type":"image\/jpeg"}],"author":"khayro","twitter_card":"summary_large_image","twitter_misc":{"Written by":"khayro","Est. reading time":"2 minutes"},"schema":{"@context":"https:\/\/schema.org","@graph":[{"@type":"Article","@id":"https:\/\/elmawkie.dz\/fr\/13-621-vehicules-de-moins-de-3-ans-importes-en-9-mois\/#article","isPartOf":{"@id":"https:\/\/elmawkie.dz\/fr\/13-621-vehicules-de-moins-de-3-ans-importes-en-9-mois\/"},"author":{"name":"khayro","@id":"https:\/\/elmawkie.dz\/fr\/#\/schema\/person\/15cb7eba76e08e2d2d0ad4b4c4fbb6cb"},"headline":"13.621 v\u00e9hicules de moins de 3 ans import\u00e9s en 9 mois","datePublished":"2024-10-21T11:10:39+00:00","dateModified":"2024-10-21T11:10:39+00:00","mainEntityOfPage":{"@id":"https:\/\/elmawkie.dz\/fr\/13-621-vehicules-de-moins-de-3-ans-importes-en-9-mois\/"},"wordCount":387,"commentCount":0,"publisher":{"@id":"https:\/\/elmawkie.dz\/fr\/#organization"},"image":{"@id":"https:\/\/elmawkie.dz\/fr\/13-621-vehicules-de-moins-de-3-ans-importes-en-9-mois\/#primaryimage"},"thumbnailUrl":"https:\/\/elmawkie.dz\/fr\/wp-content\/uploads\/2024\/10\/e3b30787-286e-473f-bd64-ae22e0727535.jpeg","keywords":["- 3 ans","Abdelkader Chibane","chiffres","douanes","moins de 3 ans","v\u00e9hicules"],"articleSection":["National"],"inLanguage":"fr-FR","potentialAction":[{"@type":"CommentAction","name":"Comment","target":["https:\/\/elmawkie.dz\/fr\/13-621-vehicules-de-moins-de-3-ans-importes-en-9-mois\/#respond"]}]},{"@type":"WebPage","@id":"https:\/\/elmawkie.dz\/fr\/13-621-vehicules-de-moins-de-3-ans-importes-en-9-mois\/","url":"https:\/\/elmawkie.dz\/fr\/13-621-vehicules-de-moins-de-3-ans-importes-en-9-mois\/","name":"13.621 v\u00e9hicules de moins de 3 ans import\u00e9s en 9 mois - El Mawkie","isPartOf":{"@id":"https:\/\/elmawkie.dz\/fr\/#website"},"primaryImageOfPage":{"@id":"https:\/\/elmawkie.dz\/fr\/13-621-vehicules-de-moins-de-3-ans-importes-en-9-mois\/#primaryimage"},"image":{"@id":"https:\/\/elmawkie.dz\/fr\/13-621-vehicules-de-moins-de-3-ans-importes-en-9-mois\/#primaryimage"},"thumbnailUrl":"https:\/\/elmawkie.dz\/fr\/wp-content\/uploads\/2024\/10\/e3b30787-286e-473f-bd64-ae22e0727535.jpeg","datePublished":"2024-10-21T11:10:39+00:00","dateModified":"2024-10-21T11:10:39+00:00","breadcrumb":{"@id":"https:\/\/elmawkie.dz\/fr\/13-621-vehicules-de-moins-de-3-ans-importes-en-9-mois\/#breadcrumb"},"inLanguage":"fr-FR","potentialAction":[{"@type":"ReadAction","target":["https:\/\/elmawkie.dz\/fr\/13-621-vehicules-de-moins-de-3-ans-importes-en-9-mois\/"]}]},{"@type":"ImageObject","inLanguage":"fr-FR","@id":"https:\/\/elmawkie.dz\/fr\/13-621-vehicules-de-moins-de-3-ans-importes-en-9-mois\/#primaryimage","url":"https:\/\/elmawkie.dz\/fr\/wp-content\/uploads\/2024\/10\/e3b30787-286e-473f-bd64-ae22e0727535.jpeg","contentUrl":"https:\/\/elmawkie.dz\/fr\/wp-content\/uploads\/2024\/10\/e3b30787-286e-473f-bd64-ae22e0727535.jpeg","width":1080,"height":610},{"@type":"BreadcrumbList","@id":"https:\/\/elmawkie.dz\/fr\/13-621-vehicules-de-moins-de-3-ans-importes-en-9-mois\/#breadcrumb","itemListElement":[{"@type":"ListItem","position":1,"name":"Home","item":"https:\/\/elmawkie.dz\/fr\/"},{"@type":"ListItem","position":2,"name":"13.621 v\u00e9hicules de moins de 3 ans import\u00e9s en 9 mois"}]},{"@type":"WebSite","@id":"https:\/\/elmawkie.dz\/fr\/#website","url":"https:\/\/elmawkie.dz\/fr\/","name":"EL MAWKIE","description":"Journal \u00c9lectronique Alg\u00e9rien","publisher":{"@id":"https:\/\/elmawkie.dz\/fr\/#organization"},"potentialAction":[{"@type":"SearchAction","target":{"@type":"EntryPoint","urlTemplate":"https:\/\/elmawkie.dz\/fr\/?s={search_term_string}"},"query-input":"required name=search_term_string"}],"inLanguage":"fr-FR"},{"@type":"Organization","@id":"https:\/\/elmawkie.dz\/fr\/#organization","name":"EL MAWKIE","url":"https:\/\/elmawkie.dz\/fr\/","logo":{"@type":"ImageObject","inLanguage":"fr-FR","@id":"https:\/\/elmawkie.dz\/fr\/#\/schema\/logo\/image\/","url":"https:\/\/elmawkie.dz\/fr\/wp-content\/uploads\/2024\/05\/logo1.png","contentUrl":"https:\/\/elmawkie.dz\/fr\/wp-content\/uploads\/2024\/05\/logo1.png","width":1648,"height":652,"caption":"EL MAWKIE"},"image":{"@id":"https:\/\/elmawkie.dz\/fr\/#\/schema\/logo\/image\/"},"sameAs":["https:\/\/www.facebook.com\/profile.php?id=100088407094989&locale=fr_FR"]},{"@type":"Person","@id":"https:\/\/elmawkie.dz\/fr\/#\/schema\/person\/15cb7eba76e08e2d2d0ad4b4c4fbb6cb","name":"khayro","image":{"@type":"ImageObject","inLanguage":"fr-FR","@id":"https:\/\/elmawkie.dz\/fr\/#\/schema\/person\/image\/","url":"https:\/\/secure.gravatar.com\/avatar\/5d609f726f02f77f0ff2a1483fc81992?s=96&d=mm&r=g","contentUrl":"https:\/\/secure.gravatar.com\/avatar\/5d609f726f02f77f0ff2a1483fc81992?s=96&d=mm&r=g","caption":"khayro"},"url":"https:\/\/elmawkie.dz\/fr\/author\/khayro\/"}]}},"_links":{"self":[{"href":"https:\/\/elmawkie.dz\/fr\/wp-json\/wp\/v2\/posts\/5943","targetHints":{"allow":["GET"]}}],"collection":[{"href":"https:\/\/elmawkie.dz\/fr\/wp-json\/wp\/v2\/posts"}],"about":[{"href":"https:\/\/elmawkie.dz\/fr\/wp-json\/wp\/v2\/types\/post"}],"author":[{"embeddable":true,"href":"https:\/\/elmawkie.dz\/fr\/wp-json\/wp\/v2\/users\/8"}],"replies":[{"embeddable":true,"href":"https:\/\/elmawkie.dz\/fr\/wp-json\/wp\/v2\/comments?post=5943"}],"version-history":[{"count":0,"href":"https:\/\/elmawkie.dz\/fr\/wp-json\/wp\/v2\/posts\/5943\/revisions"}],"wp:featuredmedia":[{"embeddable":true,"href":"https:\/\/elmawkie.dz\/fr\/wp-json\/wp\/v2\/media\/5954"}],"wp:attachment":[{"href":"https:\/\/elmawkie.dz\/fr\/wp-json\/wp\/v2\/media?parent=5943"}],"wp:term":[{"taxonomy":"category","embeddable":true,"href":"https:\/\/elmawkie.dz\/fr\/wp-json\/wp\/v2\/categories?post=5943"},{"taxonomy":"post_tag","embeddable":true,"href":"https:\/\/elmawkie.dz\/fr\/wp-json\/wp\/v2\/tags?post=5943"}],"curies":[{"name":"wp","href":"https:\/\/api.w.org\/{rel}","templated":true}]}}