{"id":59308,"date":"2025-12-02T10:11:48","date_gmt":"2025-12-02T09:11:48","guid":{"rendered":"https:\/\/elmawkie.dz\/fr\/?p=59308"},"modified":"2025-12-02T10:11:49","modified_gmt":"2025-12-02T09:11:49","slug":"cuba-une-trentaine-de-personnes-decedees-du-chikungunya-et-de-la-dengue","status":"publish","type":"post","link":"https:\/\/elmawkie.dz\/fr\/cuba-une-trentaine-de-personnes-decedees-du-chikungunya-et-de-la-dengue\/","title":{"rendered":"Cuba: une trentaine de personnes d\u00e9c\u00e9d\u00e9es du chikungunya et de la dengue"},"content":{"rendered":"\n<p>Une trentaine de personnes, dont 21 enfants et adolescents, sont morts des suites du virus de la dengue et d&rsquo;une \u00e9pid\u00e9mie de chikungunya \u00e0 Cuba, ont annonc\u00e9 lundi les autorit\u00e9s sanitaires.<\/p>\n\n\n\n<p>Jusqu&rsquo;\u00e0 dimanche, \u00ab\u00a0un total de 33 d\u00e9c\u00e8s dus aux arboviroses\u00a0\u00bb a \u00e9t\u00e9 enregistr\u00e9, a d\u00e9clar\u00e9 \u00e0 la t\u00e9l\u00e9vision cubaine la vice-ministre de la Sant\u00e9, Carilda Pea.<\/p>\n\n\n\n<p>Elle a pr\u00e9cis\u00e9 que sur les 33 d\u00e9c\u00e8s, \u00ab\u00a012 correspondent au diagnostic de la dengue, dont sept sont des mineurs de moins de 18 ans\u00a0\u00bb, tandis que les 21 autres sont morts du chikungunya, parmi lesquels \u00ab\u00a014 sont mineurs\u00a0\u00bb.<\/p>\n\n\n\n<p>L&rsquo;\u00e9pid\u00e9mie de chikungunya, une maladie caract\u00e9ris\u00e9e par une forte fi\u00e8vre et de vives douleurs articulaires, a d\u00e9but\u00e9 en juillet dans la province de Matanzas (ouest), voisine de La Havane. Elle s&rsquo;est ensuite r\u00e9pandue en quelques mois aux 15 provinces de l&rsquo;\u00eele, o\u00f9 s\u00e9vit aussi la dengue.<\/p>\n\n\n\n<p>La vice-ministre a toutefois soulign\u00e9 que l&rsquo;\u00eele de 9,7 millions d&rsquo;habitants enregistre encore d&rsquo;importants niveaux d&rsquo;infestation des moustiques, vecteurs qui transmettent ces virus.<\/p>\n\n\n\n<p>Par le pass\u00e9, Cuba a d\u00e9j\u00e0 fait face \u00e0 de fortes \u00e9pid\u00e9mies de dengue. Mais le chikungunya est une maladie nouvelle. Il est arriv\u00e9 sur l&rsquo;\u00eele pour la premi\u00e8re fois en 2014, dans le cadre d&rsquo;une \u00e9pid\u00e9mie r\u00e9gionale qui avait touch\u00e9 notamment le Br\u00e9sil, la Colombie, Ha\u00efti et la R\u00e9publique dominicaine.<\/p>\n","protected":false},"excerpt":{"rendered":"<p>Une trentaine de personnes, dont 21 enfants et adolescents, sont morts des suites du virus de la dengue et d&rsquo;une \u00e9pid\u00e9mie de chikungunya \u00e0 Cuba, ont annonc\u00e9 lundi les autorit\u00e9s sanitaires. Jusqu&rsquo;\u00e0 dimanche, \u00ab\u00a0un total de 33 d\u00e9c\u00e8s dus aux arboviroses\u00a0\u00bb a \u00e9t\u00e9 enregistr\u00e9, a d\u00e9clar\u00e9 \u00e0 la t\u00e9l\u00e9vision cubaine la vice-ministre de la Sant\u00e9, &hellip;<\/p>\n","protected":false},"author":9,"featured_media":59310,"comment_status":"open","ping_status":"open","sticky":false,"template":"","format":"standard","meta":{"footnotes":""},"categories":[44],"tags":[1050],"class_list":["post-59308","post","type-post","status-publish","format-standard","has-post-thumbnail","hentry","category-international","tag-cuba"],"yoast_head":"<!-- This site is optimized with the Yoast SEO Premium plugin v22.6 (Yoast SEO v22.6) - https:\/\/yoast.com\/wordpress\/plugins\/seo\/ -->\n<title>Cuba: une trentaine de personnes d\u00e9c\u00e9d\u00e9es du chikungunya et de la dengue - El Mawkie<\/title>\n<meta name=\"robots\" content=\"index, follow, max-snippet:-1, max-image-preview:large, max-video-preview:-1\" \/>\n<link rel=\"canonical\" href=\"https:\/\/elmawkie.dz\/fr\/cuba-une-trentaine-de-personnes-decedees-du-chikungunya-et-de-la-dengue\/\" \/>\n<meta property=\"og:locale\" content=\"fr_FR\" \/>\n<meta property=\"og:type\" content=\"article\" \/>\n<meta property=\"og:title\" content=\"Cuba: une trentaine de personnes d\u00e9c\u00e9d\u00e9es du chikungunya et de la dengue\" \/>\n<meta property=\"og:description\" content=\"Une trentaine de personnes, dont 21 enfants et adolescents, sont morts des suites du virus de la dengue et d&rsquo;une \u00e9pid\u00e9mie de chikungunya \u00e0 Cuba, ont annonc\u00e9 lundi les autorit\u00e9s sanitaires. Jusqu&rsquo;\u00e0 dimanche, \u00ab\u00a0un total de 33 d\u00e9c\u00e8s dus aux arboviroses\u00a0\u00bb a \u00e9t\u00e9 enregistr\u00e9, a d\u00e9clar\u00e9 \u00e0 la t\u00e9l\u00e9vision cubaine la vice-ministre de la Sant\u00e9, &hellip;\" \/>\n<meta property=\"og:url\" content=\"https:\/\/elmawkie.dz\/fr\/cuba-une-trentaine-de-personnes-decedees-du-chikungunya-et-de-la-dengue\/\" \/>\n<meta property=\"og:site_name\" content=\"El Mawkie\" \/>\n<meta property=\"article:publisher\" content=\"https:\/\/www.facebook.com\/profile.php?id=100088407094989&amp;locale=fr_FR\" \/>\n<meta property=\"article:published_time\" content=\"2025-12-02T09:11:48+00:00\" \/>\n<meta property=\"article:modified_time\" content=\"2025-12-02T09:11:49+00:00\" \/>\n<meta property=\"og:image\" content=\"https:\/\/elmawkie.dz\/fr\/wp-content\/uploads\/2025\/12\/IMG_3475.jpeg\" \/>\n\t<meta property=\"og:image:width\" content=\"576\" \/>\n\t<meta property=\"og:image:height\" content=\"324\" \/>\n\t<meta property=\"og:image:type\" content=\"image\/jpeg\" \/>\n<meta name=\"author\" content=\"R\u00e9daction\" \/>\n<meta name=\"twitter:card\" content=\"summary_large_image\" \/>\n<meta name=\"twitter:label1\" content=\"Written by\" \/>\n\t<meta name=\"twitter:data1\" content=\"R\u00e9daction\" \/>\n\t<meta name=\"twitter:label2\" content=\"Est. reading time\" \/>\n\t<meta name=\"twitter:data2\" content=\"2 minutes\" \/>\n<script type=\"application\/ld+json\" class=\"yoast-schema-graph\">{\"@context\":\"https:\/\/schema.org\",\"@graph\":[{\"@type\":\"Article\",\"@id\":\"https:\/\/elmawkie.dz\/fr\/cuba-une-trentaine-de-personnes-decedees-du-chikungunya-et-de-la-dengue\/#article\",\"isPartOf\":{\"@id\":\"https:\/\/elmawkie.dz\/fr\/cuba-une-trentaine-de-personnes-decedees-du-chikungunya-et-de-la-dengue\/\"},\"author\":{\"name\":\"R\u00e9daction\",\"@id\":\"https:\/\/elmawkie.dz\/fr\/#\/schema\/person\/e7bd59d6467874ba5c4723d8a9f0a63c\"},\"headline\":\"Cuba: une trentaine de personnes d\u00e9c\u00e9d\u00e9es du chikungunya et de la dengue\",\"datePublished\":\"2025-12-02T09:11:48+00:00\",\"dateModified\":\"2025-12-02T09:11:49+00:00\",\"mainEntityOfPage\":{\"@id\":\"https:\/\/elmawkie.dz\/fr\/cuba-une-trentaine-de-personnes-decedees-du-chikungunya-et-de-la-dengue\/\"},\"wordCount\":253,\"commentCount\":0,\"publisher\":{\"@id\":\"https:\/\/elmawkie.dz\/fr\/#organization\"},\"image\":{\"@id\":\"https:\/\/elmawkie.dz\/fr\/cuba-une-trentaine-de-personnes-decedees-du-chikungunya-et-de-la-dengue\/#primaryimage\"},\"thumbnailUrl\":\"https:\/\/elmawkie.dz\/fr\/wp-content\/uploads\/2025\/12\/IMG_3475.jpeg\",\"keywords\":[\"Cuba\"],\"articleSection\":[\"International\"],\"inLanguage\":\"fr-FR\",\"potentialAction\":[{\"@type\":\"CommentAction\",\"name\":\"Comment\",\"target\":[\"https:\/\/elmawkie.dz\/fr\/cuba-une-trentaine-de-personnes-decedees-du-chikungunya-et-de-la-dengue\/#respond\"]}]},{\"@type\":\"WebPage\",\"@id\":\"https:\/\/elmawkie.dz\/fr\/cuba-une-trentaine-de-personnes-decedees-du-chikungunya-et-de-la-dengue\/\",\"url\":\"https:\/\/elmawkie.dz\/fr\/cuba-une-trentaine-de-personnes-decedees-du-chikungunya-et-de-la-dengue\/\",\"name\":\"Cuba: une trentaine de personnes d\u00e9c\u00e9d\u00e9es du chikungunya et de la dengue - El Mawkie\",\"isPartOf\":{\"@id\":\"https:\/\/elmawkie.dz\/fr\/#website\"},\"primaryImageOfPage\":{\"@id\":\"https:\/\/elmawkie.dz\/fr\/cuba-une-trentaine-de-personnes-decedees-du-chikungunya-et-de-la-dengue\/#primaryimage\"},\"image\":{\"@id\":\"https:\/\/elmawkie.dz\/fr\/cuba-une-trentaine-de-personnes-decedees-du-chikungunya-et-de-la-dengue\/#primaryimage\"},\"thumbnailUrl\":\"https:\/\/elmawkie.dz\/fr\/wp-content\/uploads\/2025\/12\/IMG_3475.jpeg\",\"datePublished\":\"2025-12-02T09:11:48+00:00\",\"dateModified\":\"2025-12-02T09:11:49+00:00\",\"breadcrumb\":{\"@id\":\"https:\/\/elmawkie.dz\/fr\/cuba-une-trentaine-de-personnes-decedees-du-chikungunya-et-de-la-dengue\/#breadcrumb\"},\"inLanguage\":\"fr-FR\",\"potentialAction\":[{\"@type\":\"ReadAction\",\"target\":[\"https:\/\/elmawkie.dz\/fr\/cuba-une-trentaine-de-personnes-decedees-du-chikungunya-et-de-la-dengue\/\"]}]},{\"@type\":\"ImageObject\",\"inLanguage\":\"fr-FR\",\"@id\":\"https:\/\/elmawkie.dz\/fr\/cuba-une-trentaine-de-personnes-decedees-du-chikungunya-et-de-la-dengue\/#primaryimage\",\"url\":\"https:\/\/elmawkie.dz\/fr\/wp-content\/uploads\/2025\/12\/IMG_3475.jpeg\",\"contentUrl\":\"https:\/\/elmawkie.dz\/fr\/wp-content\/uploads\/2025\/12\/IMG_3475.jpeg\",\"width\":576,\"height\":324},{\"@type\":\"BreadcrumbList\",\"@id\":\"https:\/\/elmawkie.dz\/fr\/cuba-une-trentaine-de-personnes-decedees-du-chikungunya-et-de-la-dengue\/#breadcrumb\",\"itemListElement\":[{\"@type\":\"ListItem\",\"position\":1,\"name\":\"Home\",\"item\":\"https:\/\/elmawkie.dz\/fr\/\"},{\"@type\":\"ListItem\",\"position\":2,\"name\":\"Cuba: une trentaine de personnes d\u00e9c\u00e9d\u00e9es du chikungunya et de la dengue\"}]},{\"@type\":\"WebSite\",\"@id\":\"https:\/\/elmawkie.dz\/fr\/#website\",\"url\":\"https:\/\/elmawkie.dz\/fr\/\",\"name\":\"EL MAWKIE\",\"description\":\"Journal \u00c9lectronique Alg\u00e9rien\",\"publisher\":{\"@id\":\"https:\/\/elmawkie.dz\/fr\/#organization\"},\"potentialAction\":[{\"@type\":\"SearchAction\",\"target\":{\"@type\":\"EntryPoint\",\"urlTemplate\":\"https:\/\/elmawkie.dz\/fr\/?s={search_term_string}\"},\"query-input\":\"required name=search_term_string\"}],\"inLanguage\":\"fr-FR\"},{\"@type\":\"Organization\",\"@id\":\"https:\/\/elmawkie.dz\/fr\/#organization\",\"name\":\"EL MAWKIE\",\"url\":\"https:\/\/elmawkie.dz\/fr\/\",\"logo\":{\"@type\":\"ImageObject\",\"inLanguage\":\"fr-FR\",\"@id\":\"https:\/\/elmawkie.dz\/fr\/#\/schema\/logo\/image\/\",\"url\":\"https:\/\/elmawkie.dz\/fr\/wp-content\/uploads\/2024\/05\/logo1.png\",\"contentUrl\":\"https:\/\/elmawkie.dz\/fr\/wp-content\/uploads\/2024\/05\/logo1.png\",\"width\":1648,\"height\":652,\"caption\":\"EL MAWKIE\"},\"image\":{\"@id\":\"https:\/\/elmawkie.dz\/fr\/#\/schema\/logo\/image\/\"},\"sameAs\":[\"https:\/\/www.facebook.com\/profile.php?id=100088407094989&locale=fr_FR\"]},{\"@type\":\"Person\",\"@id\":\"https:\/\/elmawkie.dz\/fr\/#\/schema\/person\/e7bd59d6467874ba5c4723d8a9f0a63c\",\"name\":\"R\u00e9daction\",\"image\":{\"@type\":\"ImageObject\",\"inLanguage\":\"fr-FR\",\"@id\":\"https:\/\/elmawkie.dz\/fr\/#\/schema\/person\/image\/\",\"url\":\"https:\/\/secure.gravatar.com\/avatar\/f0f773456344da4d2788c054a3d30a0c?s=96&d=mm&r=g\",\"contentUrl\":\"https:\/\/secure.gravatar.com\/avatar\/f0f773456344da4d2788c054a3d30a0c?s=96&d=mm&r=g\",\"caption\":\"R\u00e9daction\"},\"url\":\"https:\/\/elmawkie.dz\/fr\/author\/redaction\/\"}]}<\/script>\n<!-- \/ Yoast SEO Premium plugin. -->","yoast_head_json":{"title":"Cuba: une trentaine de personnes d\u00e9c\u00e9d\u00e9es du chikungunya et de la dengue - El Mawkie","robots":{"index":"index","follow":"follow","max-snippet":"max-snippet:-1","max-image-preview":"max-image-preview:large","max-video-preview":"max-video-preview:-1"},"canonical":"https:\/\/elmawkie.dz\/fr\/cuba-une-trentaine-de-personnes-decedees-du-chikungunya-et-de-la-dengue\/","og_locale":"fr_FR","og_type":"article","og_title":"Cuba: une trentaine de personnes d\u00e9c\u00e9d\u00e9es du chikungunya et de la dengue","og_description":"Une trentaine de personnes, dont 21 enfants et adolescents, sont morts des suites du virus de la dengue et d&rsquo;une \u00e9pid\u00e9mie de chikungunya \u00e0 Cuba, ont annonc\u00e9 lundi les autorit\u00e9s sanitaires. Jusqu&rsquo;\u00e0 dimanche, \u00ab\u00a0un total de 33 d\u00e9c\u00e8s dus aux arboviroses\u00a0\u00bb a \u00e9t\u00e9 enregistr\u00e9, a d\u00e9clar\u00e9 \u00e0 la t\u00e9l\u00e9vision cubaine la vice-ministre de la Sant\u00e9, &hellip;","og_url":"https:\/\/elmawkie.dz\/fr\/cuba-une-trentaine-de-personnes-decedees-du-chikungunya-et-de-la-dengue\/","og_site_name":"El Mawkie","article_publisher":"https:\/\/www.facebook.com\/profile.php?id=100088407094989&locale=fr_FR","article_published_time":"2025-12-02T09:11:48+00:00","article_modified_time":"2025-12-02T09:11:49+00:00","og_image":[{"width":576,"height":324,"url":"https:\/\/elmawkie.dz\/fr\/wp-content\/uploads\/2025\/12\/IMG_3475.jpeg","type":"image\/jpeg"}],"author":"R\u00e9daction","twitter_card":"summary_large_image","twitter_misc":{"Written by":"R\u00e9daction","Est. reading time":"2 minutes"},"schema":{"@context":"https:\/\/schema.org","@graph":[{"@type":"Article","@id":"https:\/\/elmawkie.dz\/fr\/cuba-une-trentaine-de-personnes-decedees-du-chikungunya-et-de-la-dengue\/#article","isPartOf":{"@id":"https:\/\/elmawkie.dz\/fr\/cuba-une-trentaine-de-personnes-decedees-du-chikungunya-et-de-la-dengue\/"},"author":{"name":"R\u00e9daction","@id":"https:\/\/elmawkie.dz\/fr\/#\/schema\/person\/e7bd59d6467874ba5c4723d8a9f0a63c"},"headline":"Cuba: une trentaine de personnes d\u00e9c\u00e9d\u00e9es du chikungunya et de la dengue","datePublished":"2025-12-02T09:11:48+00:00","dateModified":"2025-12-02T09:11:49+00:00","mainEntityOfPage":{"@id":"https:\/\/elmawkie.dz\/fr\/cuba-une-trentaine-de-personnes-decedees-du-chikungunya-et-de-la-dengue\/"},"wordCount":253,"commentCount":0,"publisher":{"@id":"https:\/\/elmawkie.dz\/fr\/#organization"},"image":{"@id":"https:\/\/elmawkie.dz\/fr\/cuba-une-trentaine-de-personnes-decedees-du-chikungunya-et-de-la-dengue\/#primaryimage"},"thumbnailUrl":"https:\/\/elmawkie.dz\/fr\/wp-content\/uploads\/2025\/12\/IMG_3475.jpeg","keywords":["Cuba"],"articleSection":["International"],"inLanguage":"fr-FR","potentialAction":[{"@type":"CommentAction","name":"Comment","target":["https:\/\/elmawkie.dz\/fr\/cuba-une-trentaine-de-personnes-decedees-du-chikungunya-et-de-la-dengue\/#respond"]}]},{"@type":"WebPage","@id":"https:\/\/elmawkie.dz\/fr\/cuba-une-trentaine-de-personnes-decedees-du-chikungunya-et-de-la-dengue\/","url":"https:\/\/elmawkie.dz\/fr\/cuba-une-trentaine-de-personnes-decedees-du-chikungunya-et-de-la-dengue\/","name":"Cuba: une trentaine de personnes d\u00e9c\u00e9d\u00e9es du chikungunya et de la dengue - El Mawkie","isPartOf":{"@id":"https:\/\/elmawkie.dz\/fr\/#website"},"primaryImageOfPage":{"@id":"https:\/\/elmawkie.dz\/fr\/cuba-une-trentaine-de-personnes-decedees-du-chikungunya-et-de-la-dengue\/#primaryimage"},"image":{"@id":"https:\/\/elmawkie.dz\/fr\/cuba-une-trentaine-de-personnes-decedees-du-chikungunya-et-de-la-dengue\/#primaryimage"},"thumbnailUrl":"https:\/\/elmawkie.dz\/fr\/wp-content\/uploads\/2025\/12\/IMG_3475.jpeg","datePublished":"2025-12-02T09:11:48+00:00","dateModified":"2025-12-02T09:11:49+00:00","breadcrumb":{"@id":"https:\/\/elmawkie.dz\/fr\/cuba-une-trentaine-de-personnes-decedees-du-chikungunya-et-de-la-dengue\/#breadcrumb"},"inLanguage":"fr-FR","potentialAction":[{"@type":"ReadAction","target":["https:\/\/elmawkie.dz\/fr\/cuba-une-trentaine-de-personnes-decedees-du-chikungunya-et-de-la-dengue\/"]}]},{"@type":"ImageObject","inLanguage":"fr-FR","@id":"https:\/\/elmawkie.dz\/fr\/cuba-une-trentaine-de-personnes-decedees-du-chikungunya-et-de-la-dengue\/#primaryimage","url":"https:\/\/elmawkie.dz\/fr\/wp-content\/uploads\/2025\/12\/IMG_3475.jpeg","contentUrl":"https:\/\/elmawkie.dz\/fr\/wp-content\/uploads\/2025\/12\/IMG_3475.jpeg","width":576,"height":324},{"@type":"BreadcrumbList","@id":"https:\/\/elmawkie.dz\/fr\/cuba-une-trentaine-de-personnes-decedees-du-chikungunya-et-de-la-dengue\/#breadcrumb","itemListElement":[{"@type":"ListItem","position":1,"name":"Home","item":"https:\/\/elmawkie.dz\/fr\/"},{"@type":"ListItem","position":2,"name":"Cuba: une trentaine de personnes d\u00e9c\u00e9d\u00e9es du chikungunya et de la dengue"}]},{"@type":"WebSite","@id":"https:\/\/elmawkie.dz\/fr\/#website","url":"https:\/\/elmawkie.dz\/fr\/","name":"EL MAWKIE","description":"Journal \u00c9lectronique Alg\u00e9rien","publisher":{"@id":"https:\/\/elmawkie.dz\/fr\/#organization"},"potentialAction":[{"@type":"SearchAction","target":{"@type":"EntryPoint","urlTemplate":"https:\/\/elmawkie.dz\/fr\/?s={search_term_string}"},"query-input":"required name=search_term_string"}],"inLanguage":"fr-FR"},{"@type":"Organization","@id":"https:\/\/elmawkie.dz\/fr\/#organization","name":"EL MAWKIE","url":"https:\/\/elmawkie.dz\/fr\/","logo":{"@type":"ImageObject","inLanguage":"fr-FR","@id":"https:\/\/elmawkie.dz\/fr\/#\/schema\/logo\/image\/","url":"https:\/\/elmawkie.dz\/fr\/wp-content\/uploads\/2024\/05\/logo1.png","contentUrl":"https:\/\/elmawkie.dz\/fr\/wp-content\/uploads\/2024\/05\/logo1.png","width":1648,"height":652,"caption":"EL MAWKIE"},"image":{"@id":"https:\/\/elmawkie.dz\/fr\/#\/schema\/logo\/image\/"},"sameAs":["https:\/\/www.facebook.com\/profile.php?id=100088407094989&locale=fr_FR"]},{"@type":"Person","@id":"https:\/\/elmawkie.dz\/fr\/#\/schema\/person\/e7bd59d6467874ba5c4723d8a9f0a63c","name":"R\u00e9daction","image":{"@type":"ImageObject","inLanguage":"fr-FR","@id":"https:\/\/elmawkie.dz\/fr\/#\/schema\/person\/image\/","url":"https:\/\/secure.gravatar.com\/avatar\/f0f773456344da4d2788c054a3d30a0c?s=96&d=mm&r=g","contentUrl":"https:\/\/secure.gravatar.com\/avatar\/f0f773456344da4d2788c054a3d30a0c?s=96&d=mm&r=g","caption":"R\u00e9daction"},"url":"https:\/\/elmawkie.dz\/fr\/author\/redaction\/"}]}},"_links":{"self":[{"href":"https:\/\/elmawkie.dz\/fr\/wp-json\/wp\/v2\/posts\/59308","targetHints":{"allow":["GET"]}}],"collection":[{"href":"https:\/\/elmawkie.dz\/fr\/wp-json\/wp\/v2\/posts"}],"about":[{"href":"https:\/\/elmawkie.dz\/fr\/wp-json\/wp\/v2\/types\/post"}],"author":[{"embeddable":true,"href":"https:\/\/elmawkie.dz\/fr\/wp-json\/wp\/v2\/users\/9"}],"replies":[{"embeddable":true,"href":"https:\/\/elmawkie.dz\/fr\/wp-json\/wp\/v2\/comments?post=59308"}],"version-history":[{"count":1,"href":"https:\/\/elmawkie.dz\/fr\/wp-json\/wp\/v2\/posts\/59308\/revisions"}],"predecessor-version":[{"id":59311,"href":"https:\/\/elmawkie.dz\/fr\/wp-json\/wp\/v2\/posts\/59308\/revisions\/59311"}],"wp:featuredmedia":[{"embeddable":true,"href":"https:\/\/elmawkie.dz\/fr\/wp-json\/wp\/v2\/media\/59310"}],"wp:attachment":[{"href":"https:\/\/elmawkie.dz\/fr\/wp-json\/wp\/v2\/media?parent=59308"}],"wp:term":[{"taxonomy":"category","embeddable":true,"href":"https:\/\/elmawkie.dz\/fr\/wp-json\/wp\/v2\/categories?post=59308"},{"taxonomy":"post_tag","embeddable":true,"href":"https:\/\/elmawkie.dz\/fr\/wp-json\/wp\/v2\/tags?post=59308"}],"curies":[{"name":"wp","href":"https:\/\/api.w.org\/{rel}","templated":true}]}}