{"id":59156,"date":"2025-11-26T18:15:56","date_gmt":"2025-11-26T17:15:56","guid":{"rendered":"https:\/\/elmawkie.dz\/fr\/?p=59156"},"modified":"2025-11-26T18:15:57","modified_gmt":"2025-11-26T17:15:57","slug":"premier-ministre-egyptien-porter-le-volume-des-echanges-commerciaux-entre-lalgerie-et-legypte-a-5-milliards-usd","status":"publish","type":"post","link":"https:\/\/elmawkie.dz\/fr\/premier-ministre-egyptien-porter-le-volume-des-echanges-commerciaux-entre-lalgerie-et-legypte-a-5-milliards-usd\/","title":{"rendered":"Premier ministre \u00e9gyptien : porter le volume des \u00e9changes commerciaux entre l&rsquo;Alg\u00e9rie et l&rsquo;Egypte \u00e0 5 milliards USD"},"content":{"rendered":"\n<p>Le Premier ministre \u00e9gyptien, M. Moustafa Madbouli, a indiqu\u00e9, mercredi au Caire, que l&rsquo;Egypte et l&rsquo;Alg\u00e9rie comptaient porter le volume des \u00e9changes commerciaux bilat\u00e9raux \u00e0 hauteur de 5 milliards USD dans les prochaines ann\u00e9es, conform\u00e9ment aux instructions des dirigeants des deux pays.<\/p>\n\n\n\n<p>Lors d&rsquo;une conf\u00e9rence de presse anim\u00e9e conjointement avec le Premier ministre, M. Sifi Ghrieb, au terme des travaux de la 9e session de la Grande commission mixte de coop\u00e9ration alg\u00e9ro-\u00e9gyptienne, M. Madbouli a pr\u00e9cis\u00e9 que \u00ab\u00a0les deux pays sont convaincus de la n\u00e9cessit\u00e9 de hisser le volume des \u00e9changes commerciaux bilat\u00e9raux\u00a0\u00bb. \u00ab\u00a0Bien qu&rsquo;ayant augment\u00e9 de 18% en 2024, atteignant environ 1 milliard USD, les dirigeants des deux pays ont donn\u00e9 des instructions pour porter le volume des \u00e9changes commerciaux \u00e0 5 milliards USD dans les prochaines ann\u00e9es\u00a0\u00bb, a-t-il dit.<\/p>\n\n\n\n<p>\u00ab\u00a0C&rsquo;est une grande responsabilit\u00e9 pour les deux Gouvernements, qui vont s&rsquo;atteler \u00e0 la concr\u00e9tisation des aspirations des deux peuples quant \u00e0 l&rsquo;augmentation du volume des \u00e9changes, notamment dans les importants secteurs industriels et de d\u00e9veloppement \u00e9voqu\u00e9s lors des travaux de la Grande commission mixte\u00a0\u00bb, a-t-il ajout\u00e9, soulignant que \u00ab\u00a0les secteurs prioritaires ayant \u00e9t\u00e9 d\u00e9finis dans ce cadre feront l&rsquo;objet d&rsquo;un suivi p\u00e9riodique \u00e0 travers les commissions mixtes\u00a0\u00bb.<\/p>\n\n\n\n<p>Le Premier ministre \u00e9gyptien a en outre relev\u00e9 \u00ab\u00a0une convergence totale de vues entre les deux pays concernant plusieurs questions r\u00e9gionales, \u00e0 leur t\u00eate la cause palestinienne centrale\u00a0\u00bb, indiquant que les deux pays sont convenus de la n\u00e9cessit\u00e9 d&rsquo;\u0153uvrer \u00e0 \u00ab\u00a0la mise en \u0153uvre du plan adopt\u00e9 r\u00e9cemment par le Conseil de s\u00e9curit\u00e9, qui pr\u00e9voit un cessez-le-feu et l&rsquo;entame de la phase de reconstruction de Ghaza\u00a0\u00bb.<\/p>\n\n\n\n<p>Dans ce sillage, le responsable \u00e9gyptien a salu\u00e9 l&rsquo;Alg\u00e9rie pour \u00ab\u00a0le r\u00f4le majeur qu&rsquo;elle a jou\u00e9 pendant son mandat au Conseil de s\u00e9curit\u00e9\u00a0\u00bb, soulignant que son r\u00f4le a \u00e9t\u00e9 \u00ab\u00a0d\u00e9terminant dans l&rsquo;adoption des positions nationales servant les int\u00e9r\u00eats arabes\u00a0\u00bb.<\/p>\n\n\n\n<p>Concernant le dossier libyen, M. Madbouli a \u00e9galement relev\u00e9 une convergence de vues entre les deux pays, insistant sur la n\u00e9cessit\u00e9 d'\u00a0\u00bbappuyer le processus inter-libyen loin de toute ing\u00e9rence \u00e9trang\u00e8re\u00a0\u00bb.<\/p>\n","protected":false},"excerpt":{"rendered":"<p>Le Premier ministre \u00e9gyptien, M. Moustafa Madbouli, a indiqu\u00e9, mercredi au Caire, que l&rsquo;Egypte et l&rsquo;Alg\u00e9rie comptaient porter le volume des \u00e9changes commerciaux bilat\u00e9raux \u00e0 hauteur de 5 milliards USD dans les prochaines ann\u00e9es, conform\u00e9ment aux instructions des dirigeants des deux pays. Lors d&rsquo;une conf\u00e9rence de presse anim\u00e9e conjointement avec le Premier ministre, M. Sifi &hellip;<\/p>\n","protected":false},"author":9,"featured_media":59158,"comment_status":"open","ping_status":"open","sticky":false,"template":"","format":"standard","meta":{"footnotes":""},"categories":[44,47],"tags":[4399,294,1382],"class_list":["post-59156","post","type-post","status-publish","format-standard","has-post-thumbnail","hentry","category-international","category-national","tag-egyptien","tag-lalgerie","tag-premier-ministre"],"yoast_head":"<!-- This site is optimized with the Yoast SEO Premium plugin v22.6 (Yoast SEO v22.6) - https:\/\/yoast.com\/wordpress\/plugins\/seo\/ -->\n<title>Premier ministre \u00e9gyptien : porter le volume des \u00e9changes commerciaux entre l&#039;Alg\u00e9rie et l&#039;Egypte \u00e0 5 milliards USD - El Mawkie<\/title>\n<meta name=\"robots\" content=\"index, follow, max-snippet:-1, max-image-preview:large, max-video-preview:-1\" \/>\n<link rel=\"canonical\" href=\"https:\/\/elmawkie.dz\/fr\/premier-ministre-egyptien-porter-le-volume-des-echanges-commerciaux-entre-lalgerie-et-legypte-a-5-milliards-usd\/\" \/>\n<meta property=\"og:locale\" content=\"fr_FR\" \/>\n<meta property=\"og:type\" content=\"article\" \/>\n<meta property=\"og:title\" content=\"Premier ministre \u00e9gyptien : porter le volume des \u00e9changes commerciaux entre l&#039;Alg\u00e9rie et l&#039;Egypte \u00e0 5 milliards USD\" \/>\n<meta property=\"og:description\" content=\"Le Premier ministre \u00e9gyptien, M. Moustafa Madbouli, a indiqu\u00e9, mercredi au Caire, que l&rsquo;Egypte et l&rsquo;Alg\u00e9rie comptaient porter le volume des \u00e9changes commerciaux bilat\u00e9raux \u00e0 hauteur de 5 milliards USD dans les prochaines ann\u00e9es, conform\u00e9ment aux instructions des dirigeants des deux pays. Lors d&rsquo;une conf\u00e9rence de presse anim\u00e9e conjointement avec le Premier ministre, M. Sifi &hellip;\" \/>\n<meta property=\"og:url\" content=\"https:\/\/elmawkie.dz\/fr\/premier-ministre-egyptien-porter-le-volume-des-echanges-commerciaux-entre-lalgerie-et-legypte-a-5-milliards-usd\/\" \/>\n<meta property=\"og:site_name\" content=\"El Mawkie\" \/>\n<meta property=\"article:publisher\" content=\"https:\/\/www.facebook.com\/profile.php?id=100088407094989&amp;locale=fr_FR\" \/>\n<meta property=\"article:published_time\" content=\"2025-11-26T17:15:56+00:00\" \/>\n<meta property=\"article:modified_time\" content=\"2025-11-26T17:15:57+00:00\" \/>\n<meta property=\"og:image\" content=\"https:\/\/elmawkie.dz\/fr\/wp-content\/uploads\/2025\/11\/IMG_3014.jpeg\" \/>\n\t<meta property=\"og:image:width\" content=\"1080\" \/>\n\t<meta property=\"og:image:height\" content=\"799\" \/>\n\t<meta property=\"og:image:type\" content=\"image\/jpeg\" \/>\n<meta name=\"author\" content=\"R\u00e9daction\" \/>\n<meta name=\"twitter:card\" content=\"summary_large_image\" \/>\n<meta name=\"twitter:label1\" content=\"Written by\" \/>\n\t<meta name=\"twitter:data1\" content=\"R\u00e9daction\" \/>\n\t<meta name=\"twitter:label2\" content=\"Est. reading time\" \/>\n\t<meta name=\"twitter:data2\" content=\"2 minutes\" \/>\n<script type=\"application\/ld+json\" class=\"yoast-schema-graph\">{\"@context\":\"https:\/\/schema.org\",\"@graph\":[{\"@type\":\"Article\",\"@id\":\"https:\/\/elmawkie.dz\/fr\/premier-ministre-egyptien-porter-le-volume-des-echanges-commerciaux-entre-lalgerie-et-legypte-a-5-milliards-usd\/#article\",\"isPartOf\":{\"@id\":\"https:\/\/elmawkie.dz\/fr\/premier-ministre-egyptien-porter-le-volume-des-echanges-commerciaux-entre-lalgerie-et-legypte-a-5-milliards-usd\/\"},\"author\":{\"name\":\"R\u00e9daction\",\"@id\":\"https:\/\/elmawkie.dz\/fr\/#\/schema\/person\/e7bd59d6467874ba5c4723d8a9f0a63c\"},\"headline\":\"Premier ministre \u00e9gyptien : porter le volume des \u00e9changes commerciaux entre l&rsquo;Alg\u00e9rie et l&rsquo;Egypte \u00e0 5 milliards USD\",\"datePublished\":\"2025-11-26T17:15:56+00:00\",\"dateModified\":\"2025-11-26T17:15:57+00:00\",\"mainEntityOfPage\":{\"@id\":\"https:\/\/elmawkie.dz\/fr\/premier-ministre-egyptien-porter-le-volume-des-echanges-commerciaux-entre-lalgerie-et-legypte-a-5-milliards-usd\/\"},\"wordCount\":388,\"commentCount\":0,\"publisher\":{\"@id\":\"https:\/\/elmawkie.dz\/fr\/#organization\"},\"image\":{\"@id\":\"https:\/\/elmawkie.dz\/fr\/premier-ministre-egyptien-porter-le-volume-des-echanges-commerciaux-entre-lalgerie-et-legypte-a-5-milliards-usd\/#primaryimage\"},\"thumbnailUrl\":\"https:\/\/elmawkie.dz\/fr\/wp-content\/uploads\/2025\/11\/IMG_3014.jpeg\",\"keywords\":[\"\u00e9gyptien\",\"L'Alg\u00e9rie\",\"Premier ministre\"],\"articleSection\":[\"International\",\"National\"],\"inLanguage\":\"fr-FR\",\"potentialAction\":[{\"@type\":\"CommentAction\",\"name\":\"Comment\",\"target\":[\"https:\/\/elmawkie.dz\/fr\/premier-ministre-egyptien-porter-le-volume-des-echanges-commerciaux-entre-lalgerie-et-legypte-a-5-milliards-usd\/#respond\"]}]},{\"@type\":\"WebPage\",\"@id\":\"https:\/\/elmawkie.dz\/fr\/premier-ministre-egyptien-porter-le-volume-des-echanges-commerciaux-entre-lalgerie-et-legypte-a-5-milliards-usd\/\",\"url\":\"https:\/\/elmawkie.dz\/fr\/premier-ministre-egyptien-porter-le-volume-des-echanges-commerciaux-entre-lalgerie-et-legypte-a-5-milliards-usd\/\",\"name\":\"Premier ministre \u00e9gyptien : porter le volume des \u00e9changes commerciaux entre l'Alg\u00e9rie et l'Egypte \u00e0 5 milliards USD - El Mawkie\",\"isPartOf\":{\"@id\":\"https:\/\/elmawkie.dz\/fr\/#website\"},\"primaryImageOfPage\":{\"@id\":\"https:\/\/elmawkie.dz\/fr\/premier-ministre-egyptien-porter-le-volume-des-echanges-commerciaux-entre-lalgerie-et-legypte-a-5-milliards-usd\/#primaryimage\"},\"image\":{\"@id\":\"https:\/\/elmawkie.dz\/fr\/premier-ministre-egyptien-porter-le-volume-des-echanges-commerciaux-entre-lalgerie-et-legypte-a-5-milliards-usd\/#primaryimage\"},\"thumbnailUrl\":\"https:\/\/elmawkie.dz\/fr\/wp-content\/uploads\/2025\/11\/IMG_3014.jpeg\",\"datePublished\":\"2025-11-26T17:15:56+00:00\",\"dateModified\":\"2025-11-26T17:15:57+00:00\",\"breadcrumb\":{\"@id\":\"https:\/\/elmawkie.dz\/fr\/premier-ministre-egyptien-porter-le-volume-des-echanges-commerciaux-entre-lalgerie-et-legypte-a-5-milliards-usd\/#breadcrumb\"},\"inLanguage\":\"fr-FR\",\"potentialAction\":[{\"@type\":\"ReadAction\",\"target\":[\"https:\/\/elmawkie.dz\/fr\/premier-ministre-egyptien-porter-le-volume-des-echanges-commerciaux-entre-lalgerie-et-legypte-a-5-milliards-usd\/\"]}]},{\"@type\":\"ImageObject\",\"inLanguage\":\"fr-FR\",\"@id\":\"https:\/\/elmawkie.dz\/fr\/premier-ministre-egyptien-porter-le-volume-des-echanges-commerciaux-entre-lalgerie-et-legypte-a-5-milliards-usd\/#primaryimage\",\"url\":\"https:\/\/elmawkie.dz\/fr\/wp-content\/uploads\/2025\/11\/IMG_3014.jpeg\",\"contentUrl\":\"https:\/\/elmawkie.dz\/fr\/wp-content\/uploads\/2025\/11\/IMG_3014.jpeg\",\"width\":1080,\"height\":799},{\"@type\":\"BreadcrumbList\",\"@id\":\"https:\/\/elmawkie.dz\/fr\/premier-ministre-egyptien-porter-le-volume-des-echanges-commerciaux-entre-lalgerie-et-legypte-a-5-milliards-usd\/#breadcrumb\",\"itemListElement\":[{\"@type\":\"ListItem\",\"position\":1,\"name\":\"Home\",\"item\":\"https:\/\/elmawkie.dz\/fr\/\"},{\"@type\":\"ListItem\",\"position\":2,\"name\":\"Premier ministre \u00e9gyptien : porter le volume des \u00e9changes commerciaux entre l&rsquo;Alg\u00e9rie et l&rsquo;Egypte \u00e0 5 milliards USD\"}]},{\"@type\":\"WebSite\",\"@id\":\"https:\/\/elmawkie.dz\/fr\/#website\",\"url\":\"https:\/\/elmawkie.dz\/fr\/\",\"name\":\"EL MAWKIE\",\"description\":\"Journal \u00c9lectronique Alg\u00e9rien\",\"publisher\":{\"@id\":\"https:\/\/elmawkie.dz\/fr\/#organization\"},\"potentialAction\":[{\"@type\":\"SearchAction\",\"target\":{\"@type\":\"EntryPoint\",\"urlTemplate\":\"https:\/\/elmawkie.dz\/fr\/?s={search_term_string}\"},\"query-input\":\"required name=search_term_string\"}],\"inLanguage\":\"fr-FR\"},{\"@type\":\"Organization\",\"@id\":\"https:\/\/elmawkie.dz\/fr\/#organization\",\"name\":\"EL MAWKIE\",\"url\":\"https:\/\/elmawkie.dz\/fr\/\",\"logo\":{\"@type\":\"ImageObject\",\"inLanguage\":\"fr-FR\",\"@id\":\"https:\/\/elmawkie.dz\/fr\/#\/schema\/logo\/image\/\",\"url\":\"https:\/\/elmawkie.dz\/fr\/wp-content\/uploads\/2024\/05\/logo1.png\",\"contentUrl\":\"https:\/\/elmawkie.dz\/fr\/wp-content\/uploads\/2024\/05\/logo1.png\",\"width\":1648,\"height\":652,\"caption\":\"EL MAWKIE\"},\"image\":{\"@id\":\"https:\/\/elmawkie.dz\/fr\/#\/schema\/logo\/image\/\"},\"sameAs\":[\"https:\/\/www.facebook.com\/profile.php?id=100088407094989&locale=fr_FR\"]},{\"@type\":\"Person\",\"@id\":\"https:\/\/elmawkie.dz\/fr\/#\/schema\/person\/e7bd59d6467874ba5c4723d8a9f0a63c\",\"name\":\"R\u00e9daction\",\"image\":{\"@type\":\"ImageObject\",\"inLanguage\":\"fr-FR\",\"@id\":\"https:\/\/elmawkie.dz\/fr\/#\/schema\/person\/image\/\",\"url\":\"https:\/\/secure.gravatar.com\/avatar\/f0f773456344da4d2788c054a3d30a0c?s=96&d=mm&r=g\",\"contentUrl\":\"https:\/\/secure.gravatar.com\/avatar\/f0f773456344da4d2788c054a3d30a0c?s=96&d=mm&r=g\",\"caption\":\"R\u00e9daction\"},\"url\":\"https:\/\/elmawkie.dz\/fr\/author\/redaction\/\"}]}<\/script>\n<!-- \/ Yoast SEO Premium plugin. -->","yoast_head_json":{"title":"Premier ministre \u00e9gyptien : porter le volume des \u00e9changes commerciaux entre l'Alg\u00e9rie et l'Egypte \u00e0 5 milliards USD - El Mawkie","robots":{"index":"index","follow":"follow","max-snippet":"max-snippet:-1","max-image-preview":"max-image-preview:large","max-video-preview":"max-video-preview:-1"},"canonical":"https:\/\/elmawkie.dz\/fr\/premier-ministre-egyptien-porter-le-volume-des-echanges-commerciaux-entre-lalgerie-et-legypte-a-5-milliards-usd\/","og_locale":"fr_FR","og_type":"article","og_title":"Premier ministre \u00e9gyptien : porter le volume des \u00e9changes commerciaux entre l'Alg\u00e9rie et l'Egypte \u00e0 5 milliards USD","og_description":"Le Premier ministre \u00e9gyptien, M. Moustafa Madbouli, a indiqu\u00e9, mercredi au Caire, que l&rsquo;Egypte et l&rsquo;Alg\u00e9rie comptaient porter le volume des \u00e9changes commerciaux bilat\u00e9raux \u00e0 hauteur de 5 milliards USD dans les prochaines ann\u00e9es, conform\u00e9ment aux instructions des dirigeants des deux pays. Lors d&rsquo;une conf\u00e9rence de presse anim\u00e9e conjointement avec le Premier ministre, M. Sifi &hellip;","og_url":"https:\/\/elmawkie.dz\/fr\/premier-ministre-egyptien-porter-le-volume-des-echanges-commerciaux-entre-lalgerie-et-legypte-a-5-milliards-usd\/","og_site_name":"El Mawkie","article_publisher":"https:\/\/www.facebook.com\/profile.php?id=100088407094989&locale=fr_FR","article_published_time":"2025-11-26T17:15:56+00:00","article_modified_time":"2025-11-26T17:15:57+00:00","og_image":[{"width":1080,"height":799,"url":"https:\/\/elmawkie.dz\/fr\/wp-content\/uploads\/2025\/11\/IMG_3014.jpeg","type":"image\/jpeg"}],"author":"R\u00e9daction","twitter_card":"summary_large_image","twitter_misc":{"Written by":"R\u00e9daction","Est. reading time":"2 minutes"},"schema":{"@context":"https:\/\/schema.org","@graph":[{"@type":"Article","@id":"https:\/\/elmawkie.dz\/fr\/premier-ministre-egyptien-porter-le-volume-des-echanges-commerciaux-entre-lalgerie-et-legypte-a-5-milliards-usd\/#article","isPartOf":{"@id":"https:\/\/elmawkie.dz\/fr\/premier-ministre-egyptien-porter-le-volume-des-echanges-commerciaux-entre-lalgerie-et-legypte-a-5-milliards-usd\/"},"author":{"name":"R\u00e9daction","@id":"https:\/\/elmawkie.dz\/fr\/#\/schema\/person\/e7bd59d6467874ba5c4723d8a9f0a63c"},"headline":"Premier ministre \u00e9gyptien : porter le volume des \u00e9changes commerciaux entre l&rsquo;Alg\u00e9rie et l&rsquo;Egypte \u00e0 5 milliards USD","datePublished":"2025-11-26T17:15:56+00:00","dateModified":"2025-11-26T17:15:57+00:00","mainEntityOfPage":{"@id":"https:\/\/elmawkie.dz\/fr\/premier-ministre-egyptien-porter-le-volume-des-echanges-commerciaux-entre-lalgerie-et-legypte-a-5-milliards-usd\/"},"wordCount":388,"commentCount":0,"publisher":{"@id":"https:\/\/elmawkie.dz\/fr\/#organization"},"image":{"@id":"https:\/\/elmawkie.dz\/fr\/premier-ministre-egyptien-porter-le-volume-des-echanges-commerciaux-entre-lalgerie-et-legypte-a-5-milliards-usd\/#primaryimage"},"thumbnailUrl":"https:\/\/elmawkie.dz\/fr\/wp-content\/uploads\/2025\/11\/IMG_3014.jpeg","keywords":["\u00e9gyptien","L'Alg\u00e9rie","Premier ministre"],"articleSection":["International","National"],"inLanguage":"fr-FR","potentialAction":[{"@type":"CommentAction","name":"Comment","target":["https:\/\/elmawkie.dz\/fr\/premier-ministre-egyptien-porter-le-volume-des-echanges-commerciaux-entre-lalgerie-et-legypte-a-5-milliards-usd\/#respond"]}]},{"@type":"WebPage","@id":"https:\/\/elmawkie.dz\/fr\/premier-ministre-egyptien-porter-le-volume-des-echanges-commerciaux-entre-lalgerie-et-legypte-a-5-milliards-usd\/","url":"https:\/\/elmawkie.dz\/fr\/premier-ministre-egyptien-porter-le-volume-des-echanges-commerciaux-entre-lalgerie-et-legypte-a-5-milliards-usd\/","name":"Premier ministre \u00e9gyptien : porter le volume des \u00e9changes commerciaux entre l'Alg\u00e9rie et l'Egypte \u00e0 5 milliards USD - El Mawkie","isPartOf":{"@id":"https:\/\/elmawkie.dz\/fr\/#website"},"primaryImageOfPage":{"@id":"https:\/\/elmawkie.dz\/fr\/premier-ministre-egyptien-porter-le-volume-des-echanges-commerciaux-entre-lalgerie-et-legypte-a-5-milliards-usd\/#primaryimage"},"image":{"@id":"https:\/\/elmawkie.dz\/fr\/premier-ministre-egyptien-porter-le-volume-des-echanges-commerciaux-entre-lalgerie-et-legypte-a-5-milliards-usd\/#primaryimage"},"thumbnailUrl":"https:\/\/elmawkie.dz\/fr\/wp-content\/uploads\/2025\/11\/IMG_3014.jpeg","datePublished":"2025-11-26T17:15:56+00:00","dateModified":"2025-11-26T17:15:57+00:00","breadcrumb":{"@id":"https:\/\/elmawkie.dz\/fr\/premier-ministre-egyptien-porter-le-volume-des-echanges-commerciaux-entre-lalgerie-et-legypte-a-5-milliards-usd\/#breadcrumb"},"inLanguage":"fr-FR","potentialAction":[{"@type":"ReadAction","target":["https:\/\/elmawkie.dz\/fr\/premier-ministre-egyptien-porter-le-volume-des-echanges-commerciaux-entre-lalgerie-et-legypte-a-5-milliards-usd\/"]}]},{"@type":"ImageObject","inLanguage":"fr-FR","@id":"https:\/\/elmawkie.dz\/fr\/premier-ministre-egyptien-porter-le-volume-des-echanges-commerciaux-entre-lalgerie-et-legypte-a-5-milliards-usd\/#primaryimage","url":"https:\/\/elmawkie.dz\/fr\/wp-content\/uploads\/2025\/11\/IMG_3014.jpeg","contentUrl":"https:\/\/elmawkie.dz\/fr\/wp-content\/uploads\/2025\/11\/IMG_3014.jpeg","width":1080,"height":799},{"@type":"BreadcrumbList","@id":"https:\/\/elmawkie.dz\/fr\/premier-ministre-egyptien-porter-le-volume-des-echanges-commerciaux-entre-lalgerie-et-legypte-a-5-milliards-usd\/#breadcrumb","itemListElement":[{"@type":"ListItem","position":1,"name":"Home","item":"https:\/\/elmawkie.dz\/fr\/"},{"@type":"ListItem","position":2,"name":"Premier ministre \u00e9gyptien : porter le volume des \u00e9changes commerciaux entre l&rsquo;Alg\u00e9rie et l&rsquo;Egypte \u00e0 5 milliards USD"}]},{"@type":"WebSite","@id":"https:\/\/elmawkie.dz\/fr\/#website","url":"https:\/\/elmawkie.dz\/fr\/","name":"EL MAWKIE","description":"Journal \u00c9lectronique Alg\u00e9rien","publisher":{"@id":"https:\/\/elmawkie.dz\/fr\/#organization"},"potentialAction":[{"@type":"SearchAction","target":{"@type":"EntryPoint","urlTemplate":"https:\/\/elmawkie.dz\/fr\/?s={search_term_string}"},"query-input":"required name=search_term_string"}],"inLanguage":"fr-FR"},{"@type":"Organization","@id":"https:\/\/elmawkie.dz\/fr\/#organization","name":"EL MAWKIE","url":"https:\/\/elmawkie.dz\/fr\/","logo":{"@type":"ImageObject","inLanguage":"fr-FR","@id":"https:\/\/elmawkie.dz\/fr\/#\/schema\/logo\/image\/","url":"https:\/\/elmawkie.dz\/fr\/wp-content\/uploads\/2024\/05\/logo1.png","contentUrl":"https:\/\/elmawkie.dz\/fr\/wp-content\/uploads\/2024\/05\/logo1.png","width":1648,"height":652,"caption":"EL MAWKIE"},"image":{"@id":"https:\/\/elmawkie.dz\/fr\/#\/schema\/logo\/image\/"},"sameAs":["https:\/\/www.facebook.com\/profile.php?id=100088407094989&locale=fr_FR"]},{"@type":"Person","@id":"https:\/\/elmawkie.dz\/fr\/#\/schema\/person\/e7bd59d6467874ba5c4723d8a9f0a63c","name":"R\u00e9daction","image":{"@type":"ImageObject","inLanguage":"fr-FR","@id":"https:\/\/elmawkie.dz\/fr\/#\/schema\/person\/image\/","url":"https:\/\/secure.gravatar.com\/avatar\/f0f773456344da4d2788c054a3d30a0c?s=96&d=mm&r=g","contentUrl":"https:\/\/secure.gravatar.com\/avatar\/f0f773456344da4d2788c054a3d30a0c?s=96&d=mm&r=g","caption":"R\u00e9daction"},"url":"https:\/\/elmawkie.dz\/fr\/author\/redaction\/"}]}},"_links":{"self":[{"href":"https:\/\/elmawkie.dz\/fr\/wp-json\/wp\/v2\/posts\/59156","targetHints":{"allow":["GET"]}}],"collection":[{"href":"https:\/\/elmawkie.dz\/fr\/wp-json\/wp\/v2\/posts"}],"about":[{"href":"https:\/\/elmawkie.dz\/fr\/wp-json\/wp\/v2\/types\/post"}],"author":[{"embeddable":true,"href":"https:\/\/elmawkie.dz\/fr\/wp-json\/wp\/v2\/users\/9"}],"replies":[{"embeddable":true,"href":"https:\/\/elmawkie.dz\/fr\/wp-json\/wp\/v2\/comments?post=59156"}],"version-history":[{"count":1,"href":"https:\/\/elmawkie.dz\/fr\/wp-json\/wp\/v2\/posts\/59156\/revisions"}],"predecessor-version":[{"id":59159,"href":"https:\/\/elmawkie.dz\/fr\/wp-json\/wp\/v2\/posts\/59156\/revisions\/59159"}],"wp:featuredmedia":[{"embeddable":true,"href":"https:\/\/elmawkie.dz\/fr\/wp-json\/wp\/v2\/media\/59158"}],"wp:attachment":[{"href":"https:\/\/elmawkie.dz\/fr\/wp-json\/wp\/v2\/media?parent=59156"}],"wp:term":[{"taxonomy":"category","embeddable":true,"href":"https:\/\/elmawkie.dz\/fr\/wp-json\/wp\/v2\/categories?post=59156"},{"taxonomy":"post_tag","embeddable":true,"href":"https:\/\/elmawkie.dz\/fr\/wp-json\/wp\/v2\/tags?post=59156"}],"curies":[{"name":"wp","href":"https:\/\/api.w.org\/{rel}","templated":true}]}}