{"id":59152,"date":"2025-11-26T17:43:04","date_gmt":"2025-11-26T16:43:04","guid":{"rendered":"https:\/\/elmawkie.dz\/fr\/?p=59152"},"modified":"2025-11-26T17:43:05","modified_gmt":"2025-11-26T16:43:05","slug":"sidi-bel-abbes-exercice-pratique-de-gestion-des-inondations","status":"publish","type":"post","link":"https:\/\/elmawkie.dz\/fr\/sidi-bel-abbes-exercice-pratique-de-gestion-des-inondations\/","title":{"rendered":"Sidi Bel-Abbes : exercice pratique de gestion des inondations"},"content":{"rendered":"\n<p>Un exercice de terrain simulant la survenue d\u2019inondations dues \u00e0 d\u2019importantes chutes de pluie a \u00e9t\u00e9 r\u00e9alis\u00e9, mercredi dans la commune de Sidi Ali Boussidi (wilaya de Sidi Bel-Abbes), selon les services de la Protection civile.<\/p>\n\n\n\n<p>La m\u00eame source a pr\u00e9cis\u00e9 que l\u2019exercice s\u2019est d\u00e9roul\u00e9 sous la supervision du chef de da\u00efra de Sidi Ali Boussidi, Talbi Medamni, en pr\u00e9sence de repr\u00e9sentants des services communaux et s\u00e9curitaires ainsi que des responsables des cellules charg\u00e9es de la gestion des catastrophes.<\/p>\n\n\n\n<p>Le sc\u00e9nario simulait une mont\u00e9e du niveau des eaux entra\u00eenant un risque d\u2019inondation, ce qui a n\u00e9cessit\u00e9 l\u2019activation de toutes les \u00e9tapes du plan communal d\u2019organisation des secours.<\/p>\n\n\n\n<p>Au cours de cet exercice, un poste de commandement fixe et un autre op\u00e9rationnel ont \u00e9t\u00e9 install\u00e9s, conform\u00e9ment aux proc\u00e9dures en vigueur dans ce type de situations. Toutes les phases d\u2019intervention ont \u00e9t\u00e9 mises en \u0153uvre, depuis le premier signalement jusqu\u2019\u00e0 la coordination entre les unit\u00e9s op\u00e9rationnelles sur le terrain.<\/p>\n\n\n\n<p>Cet exercice vise \u00e0 former et entra\u00eener les \u00e9quipes d\u2019intervention \u00e0 g\u00e9rer des sc\u00e9narios similaires, \u00e0 \u00e9valuer l\u2019efficacit\u00e9 du syst\u00e8me d\u2019alerte dans le cadre du plan communal de secours, \u00e0 mesurer le degr\u00e9 de pr\u00e9paration des diff\u00e9rentes cellules et leur capacit\u00e9 \u00e0 intervenir rapidement, ainsi qu\u2019\u00e0 tester l\u2019efficacit\u00e9 des dispositifs et des moyens humains et mat\u00e9riels mobilis\u00e9s pour la gestion des catastrophes. Il permet \u00e9galement de v\u00e9rifier le niveau de coordination entre les services concern\u00e9s et d\u2019actualiser les proc\u00e9dures d\u2019intervention si n\u00e9cessaire.&nbsp;<\/p>\n","protected":false},"excerpt":{"rendered":"<p>Un exercice de terrain simulant la survenue d\u2019inondations dues \u00e0 d\u2019importantes chutes de pluie a \u00e9t\u00e9 r\u00e9alis\u00e9, mercredi dans la commune de Sidi Ali Boussidi (wilaya de Sidi Bel-Abbes), selon les services de la Protection civile. La m\u00eame source a pr\u00e9cis\u00e9 que l\u2019exercice s\u2019est d\u00e9roul\u00e9 sous la supervision du chef de da\u00efra de Sidi Ali &hellip;<\/p>\n","protected":false},"author":9,"featured_media":59154,"comment_status":"open","ping_status":"open","sticky":false,"template":"","format":"standard","meta":{"footnotes":""},"categories":[50],"tags":[],"class_list":["post-59152","post","type-post","status-publish","format-standard","has-post-thumbnail","hentry","category-region"],"yoast_head":"<!-- This site is optimized with the Yoast SEO Premium plugin v22.6 (Yoast SEO v22.6) - https:\/\/yoast.com\/wordpress\/plugins\/seo\/ -->\n<title>Sidi Bel-Abbes : exercice pratique de gestion des inondations - El Mawkie<\/title>\n<meta name=\"robots\" content=\"index, follow, max-snippet:-1, max-image-preview:large, max-video-preview:-1\" \/>\n<link rel=\"canonical\" href=\"https:\/\/elmawkie.dz\/fr\/sidi-bel-abbes-exercice-pratique-de-gestion-des-inondations\/\" \/>\n<meta property=\"og:locale\" content=\"fr_FR\" \/>\n<meta property=\"og:type\" content=\"article\" \/>\n<meta property=\"og:title\" content=\"Sidi Bel-Abbes : exercice pratique de gestion des inondations\" \/>\n<meta property=\"og:description\" content=\"Un exercice de terrain simulant la survenue d\u2019inondations dues \u00e0 d\u2019importantes chutes de pluie a \u00e9t\u00e9 r\u00e9alis\u00e9, mercredi dans la commune de Sidi Ali Boussidi (wilaya de Sidi Bel-Abbes), selon les services de la Protection civile. La m\u00eame source a pr\u00e9cis\u00e9 que l\u2019exercice s\u2019est d\u00e9roul\u00e9 sous la supervision du chef de da\u00efra de Sidi Ali &hellip;\" \/>\n<meta property=\"og:url\" content=\"https:\/\/elmawkie.dz\/fr\/sidi-bel-abbes-exercice-pratique-de-gestion-des-inondations\/\" \/>\n<meta property=\"og:site_name\" content=\"El Mawkie\" \/>\n<meta property=\"article:publisher\" content=\"https:\/\/www.facebook.com\/profile.php?id=100088407094989&amp;locale=fr_FR\" \/>\n<meta property=\"article:published_time\" content=\"2025-11-26T16:43:04+00:00\" \/>\n<meta property=\"article:modified_time\" content=\"2025-11-26T16:43:05+00:00\" \/>\n<meta property=\"og:image\" content=\"https:\/\/elmawkie.dz\/fr\/wp-content\/uploads\/2025\/11\/IMG_3027.jpeg\" \/>\n\t<meta property=\"og:image:width\" content=\"576\" \/>\n\t<meta property=\"og:image:height\" content=\"348\" \/>\n\t<meta property=\"og:image:type\" content=\"image\/jpeg\" \/>\n<meta name=\"author\" content=\"R\u00e9daction\" \/>\n<meta name=\"twitter:card\" content=\"summary_large_image\" \/>\n<meta name=\"twitter:label1\" content=\"Written by\" \/>\n\t<meta name=\"twitter:data1\" content=\"R\u00e9daction\" \/>\n\t<meta name=\"twitter:label2\" content=\"Est. reading time\" \/>\n\t<meta name=\"twitter:data2\" content=\"2 minutes\" \/>\n<script type=\"application\/ld+json\" class=\"yoast-schema-graph\">{\"@context\":\"https:\/\/schema.org\",\"@graph\":[{\"@type\":\"Article\",\"@id\":\"https:\/\/elmawkie.dz\/fr\/sidi-bel-abbes-exercice-pratique-de-gestion-des-inondations\/#article\",\"isPartOf\":{\"@id\":\"https:\/\/elmawkie.dz\/fr\/sidi-bel-abbes-exercice-pratique-de-gestion-des-inondations\/\"},\"author\":{\"name\":\"R\u00e9daction\",\"@id\":\"https:\/\/elmawkie.dz\/fr\/#\/schema\/person\/e7bd59d6467874ba5c4723d8a9f0a63c\"},\"headline\":\"Sidi Bel-Abbes : exercice pratique de gestion des inondations\",\"datePublished\":\"2025-11-26T16:43:04+00:00\",\"dateModified\":\"2025-11-26T16:43:05+00:00\",\"mainEntityOfPage\":{\"@id\":\"https:\/\/elmawkie.dz\/fr\/sidi-bel-abbes-exercice-pratique-de-gestion-des-inondations\/\"},\"wordCount\":287,\"commentCount\":0,\"publisher\":{\"@id\":\"https:\/\/elmawkie.dz\/fr\/#organization\"},\"image\":{\"@id\":\"https:\/\/elmawkie.dz\/fr\/sidi-bel-abbes-exercice-pratique-de-gestion-des-inondations\/#primaryimage\"},\"thumbnailUrl\":\"https:\/\/elmawkie.dz\/fr\/wp-content\/uploads\/2025\/11\/IMG_3027.jpeg\",\"articleSection\":[\"R\u00e9gion\"],\"inLanguage\":\"fr-FR\",\"potentialAction\":[{\"@type\":\"CommentAction\",\"name\":\"Comment\",\"target\":[\"https:\/\/elmawkie.dz\/fr\/sidi-bel-abbes-exercice-pratique-de-gestion-des-inondations\/#respond\"]}]},{\"@type\":\"WebPage\",\"@id\":\"https:\/\/elmawkie.dz\/fr\/sidi-bel-abbes-exercice-pratique-de-gestion-des-inondations\/\",\"url\":\"https:\/\/elmawkie.dz\/fr\/sidi-bel-abbes-exercice-pratique-de-gestion-des-inondations\/\",\"name\":\"Sidi Bel-Abbes : exercice pratique de gestion des inondations - El Mawkie\",\"isPartOf\":{\"@id\":\"https:\/\/elmawkie.dz\/fr\/#website\"},\"primaryImageOfPage\":{\"@id\":\"https:\/\/elmawkie.dz\/fr\/sidi-bel-abbes-exercice-pratique-de-gestion-des-inondations\/#primaryimage\"},\"image\":{\"@id\":\"https:\/\/elmawkie.dz\/fr\/sidi-bel-abbes-exercice-pratique-de-gestion-des-inondations\/#primaryimage\"},\"thumbnailUrl\":\"https:\/\/elmawkie.dz\/fr\/wp-content\/uploads\/2025\/11\/IMG_3027.jpeg\",\"datePublished\":\"2025-11-26T16:43:04+00:00\",\"dateModified\":\"2025-11-26T16:43:05+00:00\",\"breadcrumb\":{\"@id\":\"https:\/\/elmawkie.dz\/fr\/sidi-bel-abbes-exercice-pratique-de-gestion-des-inondations\/#breadcrumb\"},\"inLanguage\":\"fr-FR\",\"potentialAction\":[{\"@type\":\"ReadAction\",\"target\":[\"https:\/\/elmawkie.dz\/fr\/sidi-bel-abbes-exercice-pratique-de-gestion-des-inondations\/\"]}]},{\"@type\":\"ImageObject\",\"inLanguage\":\"fr-FR\",\"@id\":\"https:\/\/elmawkie.dz\/fr\/sidi-bel-abbes-exercice-pratique-de-gestion-des-inondations\/#primaryimage\",\"url\":\"https:\/\/elmawkie.dz\/fr\/wp-content\/uploads\/2025\/11\/IMG_3027.jpeg\",\"contentUrl\":\"https:\/\/elmawkie.dz\/fr\/wp-content\/uploads\/2025\/11\/IMG_3027.jpeg\",\"width\":576,\"height\":348},{\"@type\":\"BreadcrumbList\",\"@id\":\"https:\/\/elmawkie.dz\/fr\/sidi-bel-abbes-exercice-pratique-de-gestion-des-inondations\/#breadcrumb\",\"itemListElement\":[{\"@type\":\"ListItem\",\"position\":1,\"name\":\"Home\",\"item\":\"https:\/\/elmawkie.dz\/fr\/\"},{\"@type\":\"ListItem\",\"position\":2,\"name\":\"Sidi Bel-Abbes : exercice pratique de gestion des inondations\"}]},{\"@type\":\"WebSite\",\"@id\":\"https:\/\/elmawkie.dz\/fr\/#website\",\"url\":\"https:\/\/elmawkie.dz\/fr\/\",\"name\":\"EL MAWKIE\",\"description\":\"Journal \u00c9lectronique Alg\u00e9rien\",\"publisher\":{\"@id\":\"https:\/\/elmawkie.dz\/fr\/#organization\"},\"potentialAction\":[{\"@type\":\"SearchAction\",\"target\":{\"@type\":\"EntryPoint\",\"urlTemplate\":\"https:\/\/elmawkie.dz\/fr\/?s={search_term_string}\"},\"query-input\":\"required name=search_term_string\"}],\"inLanguage\":\"fr-FR\"},{\"@type\":\"Organization\",\"@id\":\"https:\/\/elmawkie.dz\/fr\/#organization\",\"name\":\"EL MAWKIE\",\"url\":\"https:\/\/elmawkie.dz\/fr\/\",\"logo\":{\"@type\":\"ImageObject\",\"inLanguage\":\"fr-FR\",\"@id\":\"https:\/\/elmawkie.dz\/fr\/#\/schema\/logo\/image\/\",\"url\":\"https:\/\/elmawkie.dz\/fr\/wp-content\/uploads\/2024\/05\/logo1.png\",\"contentUrl\":\"https:\/\/elmawkie.dz\/fr\/wp-content\/uploads\/2024\/05\/logo1.png\",\"width\":1648,\"height\":652,\"caption\":\"EL MAWKIE\"},\"image\":{\"@id\":\"https:\/\/elmawkie.dz\/fr\/#\/schema\/logo\/image\/\"},\"sameAs\":[\"https:\/\/www.facebook.com\/profile.php?id=100088407094989&locale=fr_FR\"]},{\"@type\":\"Person\",\"@id\":\"https:\/\/elmawkie.dz\/fr\/#\/schema\/person\/e7bd59d6467874ba5c4723d8a9f0a63c\",\"name\":\"R\u00e9daction\",\"image\":{\"@type\":\"ImageObject\",\"inLanguage\":\"fr-FR\",\"@id\":\"https:\/\/elmawkie.dz\/fr\/#\/schema\/person\/image\/\",\"url\":\"https:\/\/secure.gravatar.com\/avatar\/f0f773456344da4d2788c054a3d30a0c?s=96&d=mm&r=g\",\"contentUrl\":\"https:\/\/secure.gravatar.com\/avatar\/f0f773456344da4d2788c054a3d30a0c?s=96&d=mm&r=g\",\"caption\":\"R\u00e9daction\"},\"url\":\"https:\/\/elmawkie.dz\/fr\/author\/redaction\/\"}]}<\/script>\n<!-- \/ Yoast SEO Premium plugin. -->","yoast_head_json":{"title":"Sidi Bel-Abbes : exercice pratique de gestion des inondations - El Mawkie","robots":{"index":"index","follow":"follow","max-snippet":"max-snippet:-1","max-image-preview":"max-image-preview:large","max-video-preview":"max-video-preview:-1"},"canonical":"https:\/\/elmawkie.dz\/fr\/sidi-bel-abbes-exercice-pratique-de-gestion-des-inondations\/","og_locale":"fr_FR","og_type":"article","og_title":"Sidi Bel-Abbes : exercice pratique de gestion des inondations","og_description":"Un exercice de terrain simulant la survenue d\u2019inondations dues \u00e0 d\u2019importantes chutes de pluie a \u00e9t\u00e9 r\u00e9alis\u00e9, mercredi dans la commune de Sidi Ali Boussidi (wilaya de Sidi Bel-Abbes), selon les services de la Protection civile. La m\u00eame source a pr\u00e9cis\u00e9 que l\u2019exercice s\u2019est d\u00e9roul\u00e9 sous la supervision du chef de da\u00efra de Sidi Ali &hellip;","og_url":"https:\/\/elmawkie.dz\/fr\/sidi-bel-abbes-exercice-pratique-de-gestion-des-inondations\/","og_site_name":"El Mawkie","article_publisher":"https:\/\/www.facebook.com\/profile.php?id=100088407094989&locale=fr_FR","article_published_time":"2025-11-26T16:43:04+00:00","article_modified_time":"2025-11-26T16:43:05+00:00","og_image":[{"width":576,"height":348,"url":"https:\/\/elmawkie.dz\/fr\/wp-content\/uploads\/2025\/11\/IMG_3027.jpeg","type":"image\/jpeg"}],"author":"R\u00e9daction","twitter_card":"summary_large_image","twitter_misc":{"Written by":"R\u00e9daction","Est. reading time":"2 minutes"},"schema":{"@context":"https:\/\/schema.org","@graph":[{"@type":"Article","@id":"https:\/\/elmawkie.dz\/fr\/sidi-bel-abbes-exercice-pratique-de-gestion-des-inondations\/#article","isPartOf":{"@id":"https:\/\/elmawkie.dz\/fr\/sidi-bel-abbes-exercice-pratique-de-gestion-des-inondations\/"},"author":{"name":"R\u00e9daction","@id":"https:\/\/elmawkie.dz\/fr\/#\/schema\/person\/e7bd59d6467874ba5c4723d8a9f0a63c"},"headline":"Sidi Bel-Abbes : exercice pratique de gestion des inondations","datePublished":"2025-11-26T16:43:04+00:00","dateModified":"2025-11-26T16:43:05+00:00","mainEntityOfPage":{"@id":"https:\/\/elmawkie.dz\/fr\/sidi-bel-abbes-exercice-pratique-de-gestion-des-inondations\/"},"wordCount":287,"commentCount":0,"publisher":{"@id":"https:\/\/elmawkie.dz\/fr\/#organization"},"image":{"@id":"https:\/\/elmawkie.dz\/fr\/sidi-bel-abbes-exercice-pratique-de-gestion-des-inondations\/#primaryimage"},"thumbnailUrl":"https:\/\/elmawkie.dz\/fr\/wp-content\/uploads\/2025\/11\/IMG_3027.jpeg","articleSection":["R\u00e9gion"],"inLanguage":"fr-FR","potentialAction":[{"@type":"CommentAction","name":"Comment","target":["https:\/\/elmawkie.dz\/fr\/sidi-bel-abbes-exercice-pratique-de-gestion-des-inondations\/#respond"]}]},{"@type":"WebPage","@id":"https:\/\/elmawkie.dz\/fr\/sidi-bel-abbes-exercice-pratique-de-gestion-des-inondations\/","url":"https:\/\/elmawkie.dz\/fr\/sidi-bel-abbes-exercice-pratique-de-gestion-des-inondations\/","name":"Sidi Bel-Abbes : exercice pratique de gestion des inondations - El Mawkie","isPartOf":{"@id":"https:\/\/elmawkie.dz\/fr\/#website"},"primaryImageOfPage":{"@id":"https:\/\/elmawkie.dz\/fr\/sidi-bel-abbes-exercice-pratique-de-gestion-des-inondations\/#primaryimage"},"image":{"@id":"https:\/\/elmawkie.dz\/fr\/sidi-bel-abbes-exercice-pratique-de-gestion-des-inondations\/#primaryimage"},"thumbnailUrl":"https:\/\/elmawkie.dz\/fr\/wp-content\/uploads\/2025\/11\/IMG_3027.jpeg","datePublished":"2025-11-26T16:43:04+00:00","dateModified":"2025-11-26T16:43:05+00:00","breadcrumb":{"@id":"https:\/\/elmawkie.dz\/fr\/sidi-bel-abbes-exercice-pratique-de-gestion-des-inondations\/#breadcrumb"},"inLanguage":"fr-FR","potentialAction":[{"@type":"ReadAction","target":["https:\/\/elmawkie.dz\/fr\/sidi-bel-abbes-exercice-pratique-de-gestion-des-inondations\/"]}]},{"@type":"ImageObject","inLanguage":"fr-FR","@id":"https:\/\/elmawkie.dz\/fr\/sidi-bel-abbes-exercice-pratique-de-gestion-des-inondations\/#primaryimage","url":"https:\/\/elmawkie.dz\/fr\/wp-content\/uploads\/2025\/11\/IMG_3027.jpeg","contentUrl":"https:\/\/elmawkie.dz\/fr\/wp-content\/uploads\/2025\/11\/IMG_3027.jpeg","width":576,"height":348},{"@type":"BreadcrumbList","@id":"https:\/\/elmawkie.dz\/fr\/sidi-bel-abbes-exercice-pratique-de-gestion-des-inondations\/#breadcrumb","itemListElement":[{"@type":"ListItem","position":1,"name":"Home","item":"https:\/\/elmawkie.dz\/fr\/"},{"@type":"ListItem","position":2,"name":"Sidi Bel-Abbes : exercice pratique de gestion des inondations"}]},{"@type":"WebSite","@id":"https:\/\/elmawkie.dz\/fr\/#website","url":"https:\/\/elmawkie.dz\/fr\/","name":"EL MAWKIE","description":"Journal \u00c9lectronique Alg\u00e9rien","publisher":{"@id":"https:\/\/elmawkie.dz\/fr\/#organization"},"potentialAction":[{"@type":"SearchAction","target":{"@type":"EntryPoint","urlTemplate":"https:\/\/elmawkie.dz\/fr\/?s={search_term_string}"},"query-input":"required name=search_term_string"}],"inLanguage":"fr-FR"},{"@type":"Organization","@id":"https:\/\/elmawkie.dz\/fr\/#organization","name":"EL MAWKIE","url":"https:\/\/elmawkie.dz\/fr\/","logo":{"@type":"ImageObject","inLanguage":"fr-FR","@id":"https:\/\/elmawkie.dz\/fr\/#\/schema\/logo\/image\/","url":"https:\/\/elmawkie.dz\/fr\/wp-content\/uploads\/2024\/05\/logo1.png","contentUrl":"https:\/\/elmawkie.dz\/fr\/wp-content\/uploads\/2024\/05\/logo1.png","width":1648,"height":652,"caption":"EL MAWKIE"},"image":{"@id":"https:\/\/elmawkie.dz\/fr\/#\/schema\/logo\/image\/"},"sameAs":["https:\/\/www.facebook.com\/profile.php?id=100088407094989&locale=fr_FR"]},{"@type":"Person","@id":"https:\/\/elmawkie.dz\/fr\/#\/schema\/person\/e7bd59d6467874ba5c4723d8a9f0a63c","name":"R\u00e9daction","image":{"@type":"ImageObject","inLanguage":"fr-FR","@id":"https:\/\/elmawkie.dz\/fr\/#\/schema\/person\/image\/","url":"https:\/\/secure.gravatar.com\/avatar\/f0f773456344da4d2788c054a3d30a0c?s=96&d=mm&r=g","contentUrl":"https:\/\/secure.gravatar.com\/avatar\/f0f773456344da4d2788c054a3d30a0c?s=96&d=mm&r=g","caption":"R\u00e9daction"},"url":"https:\/\/elmawkie.dz\/fr\/author\/redaction\/"}]}},"_links":{"self":[{"href":"https:\/\/elmawkie.dz\/fr\/wp-json\/wp\/v2\/posts\/59152","targetHints":{"allow":["GET"]}}],"collection":[{"href":"https:\/\/elmawkie.dz\/fr\/wp-json\/wp\/v2\/posts"}],"about":[{"href":"https:\/\/elmawkie.dz\/fr\/wp-json\/wp\/v2\/types\/post"}],"author":[{"embeddable":true,"href":"https:\/\/elmawkie.dz\/fr\/wp-json\/wp\/v2\/users\/9"}],"replies":[{"embeddable":true,"href":"https:\/\/elmawkie.dz\/fr\/wp-json\/wp\/v2\/comments?post=59152"}],"version-history":[{"count":1,"href":"https:\/\/elmawkie.dz\/fr\/wp-json\/wp\/v2\/posts\/59152\/revisions"}],"predecessor-version":[{"id":59155,"href":"https:\/\/elmawkie.dz\/fr\/wp-json\/wp\/v2\/posts\/59152\/revisions\/59155"}],"wp:featuredmedia":[{"embeddable":true,"href":"https:\/\/elmawkie.dz\/fr\/wp-json\/wp\/v2\/media\/59154"}],"wp:attachment":[{"href":"https:\/\/elmawkie.dz\/fr\/wp-json\/wp\/v2\/media?parent=59152"}],"wp:term":[{"taxonomy":"category","embeddable":true,"href":"https:\/\/elmawkie.dz\/fr\/wp-json\/wp\/v2\/categories?post=59152"},{"taxonomy":"post_tag","embeddable":true,"href":"https:\/\/elmawkie.dz\/fr\/wp-json\/wp\/v2\/tags?post=59152"}],"curies":[{"name":"wp","href":"https:\/\/api.w.org\/{rel}","templated":true}]}}