{"id":59123,"date":"2025-11-25T22:17:46","date_gmt":"2025-11-25T21:17:46","guid":{"rendered":"https:\/\/elmawkie.dz\/fr\/?p=59123"},"modified":"2025-11-25T22:17:46","modified_gmt":"2025-11-25T21:17:46","slug":"renforcement-du-partenariat-dans-les-transports-au-coeur-des-echanges-entre-lalgerie-et-legypte","status":"publish","type":"post","link":"https:\/\/elmawkie.dz\/fr\/renforcement-du-partenariat-dans-les-transports-au-coeur-des-echanges-entre-lalgerie-et-legypte\/","title":{"rendered":"Renforcement du partenariat dans les transports au c\u0153ur des \u00e9changes entre l\u2019Alg\u00e9rie et l\u2019\u00c9gypte"},"content":{"rendered":"\n<p>Le ministre de l&rsquo;Int\u00e9rieur, des Collectivit\u00e9s locales et des Transports, Sa\u00efd Sayoud, a \u00e9t\u00e9 re\u00e7u, mardi au Caire, avec le ministre de l&rsquo;Industrie, Yahia Bachir, par le vice-Premier ministre \u00e9gyptien charg\u00e9 du d\u00e9veloppement industriel et ministre des Transports et de l&rsquo;Industrie, Kamel Abdelhadi Al-Wazir.<\/p>\n\n\n\n<p> Lors de cette rencontre, tenue en marge des travaux de la 9e session de la Grande commission mixte de coop\u00e9ration alg\u00e9ro-\u00e9gyptienne, les deux parties ont examin\u00e9 les moyens de renforcer le partenariat dans les domaines des transports routier et ferroviaire et des services portuaires. La rencontre a \u00e9galement permis aux deux parties de passer en revue les \u00e9volutions structurelles que connait le secteur des transports dans les deux pays fr\u00e8res et les projets strat\u00e9giques importants en voie d&rsquo;ach\u00e8vement dans ce cadre.<\/p>\n\n\n\n<p>Elles ont, en outre, \u00e9chang\u00e9 les points de vue sur les m\u00e9canismes permettant de renforcer la coop\u00e9ration bilat\u00e9rale alg\u00e9ro-\u00e9gyptienne, notamment dans le domaine du d\u00e9veloppement des transports terrestre et ferroviaire et la modernisation de leurs services, outre le partage des exp\u00e9riences r\u00e9ussies en mati\u00e8re d&rsquo;extension du r\u00e9seau portuaire, de d\u00e9veloppement des services portuaires et des capacit\u00e9s logistiques, en tant que leviers essentiels pour le d\u00e9veloppement \u00e9conomique.<\/p>\n\n\n\n<p>A cet \u00e9gard, les deux ministres ont exprim\u00e9 leur enti\u00e8re disposition \u00e0 renforcer l&rsquo;action bilat\u00e9rale et le partenariat strat\u00e9gique entre les op\u00e9rateurs et les entreprises actives dans le secteur du transport, tous modes confondus, afin de soutenir la cadence du d\u00e9veloppement dans les deux pays fr\u00e8res.<\/p>\n","protected":false},"excerpt":{"rendered":"<p>Le ministre de l&rsquo;Int\u00e9rieur, des Collectivit\u00e9s locales et des Transports, Sa\u00efd Sayoud, a \u00e9t\u00e9 re\u00e7u, mardi au Caire, avec le ministre de l&rsquo;Industrie, Yahia Bachir, par le vice-Premier ministre \u00e9gyptien charg\u00e9 du d\u00e9veloppement industriel et ministre des Transports et de l&rsquo;Industrie, Kamel Abdelhadi Al-Wazir. Lors de cette rencontre, tenue en marge des travaux de la &hellip;<\/p>\n","protected":false},"author":9,"featured_media":59125,"comment_status":"open","ping_status":"open","sticky":false,"template":"","format":"standard","meta":{"footnotes":""},"categories":[44,47],"tags":[88,2376],"class_list":["post-59123","post","type-post","status-publish","format-standard","has-post-thumbnail","hentry","category-international","category-national","tag-algerie","tag-egypte-2"],"yoast_head":"<!-- This site is optimized with the Yoast SEO Premium plugin v22.6 (Yoast SEO v22.6) - https:\/\/yoast.com\/wordpress\/plugins\/seo\/ -->\n<title>Renforcement du partenariat dans les transports au c\u0153ur des \u00e9changes entre l\u2019Alg\u00e9rie et l\u2019\u00c9gypte - El Mawkie<\/title>\n<meta name=\"robots\" content=\"index, follow, max-snippet:-1, max-image-preview:large, max-video-preview:-1\" \/>\n<link rel=\"canonical\" href=\"https:\/\/elmawkie.dz\/fr\/renforcement-du-partenariat-dans-les-transports-au-coeur-des-echanges-entre-lalgerie-et-legypte\/\" \/>\n<meta property=\"og:locale\" content=\"fr_FR\" \/>\n<meta property=\"og:type\" content=\"article\" \/>\n<meta property=\"og:title\" content=\"Renforcement du partenariat dans les transports au c\u0153ur des \u00e9changes entre l\u2019Alg\u00e9rie et l\u2019\u00c9gypte\" \/>\n<meta property=\"og:description\" content=\"Le ministre de l&rsquo;Int\u00e9rieur, des Collectivit\u00e9s locales et des Transports, Sa\u00efd Sayoud, a \u00e9t\u00e9 re\u00e7u, mardi au Caire, avec le ministre de l&rsquo;Industrie, Yahia Bachir, par le vice-Premier ministre \u00e9gyptien charg\u00e9 du d\u00e9veloppement industriel et ministre des Transports et de l&rsquo;Industrie, Kamel Abdelhadi Al-Wazir. Lors de cette rencontre, tenue en marge des travaux de la &hellip;\" \/>\n<meta property=\"og:url\" content=\"https:\/\/elmawkie.dz\/fr\/renforcement-du-partenariat-dans-les-transports-au-coeur-des-echanges-entre-lalgerie-et-legypte\/\" \/>\n<meta property=\"og:site_name\" content=\"El Mawkie\" \/>\n<meta property=\"article:publisher\" content=\"https:\/\/www.facebook.com\/profile.php?id=100088407094989&amp;locale=fr_FR\" \/>\n<meta property=\"article:published_time\" content=\"2025-11-25T21:17:46+00:00\" \/>\n<meta property=\"og:image\" content=\"https:\/\/elmawkie.dz\/fr\/wp-content\/uploads\/2025\/11\/IMG_2967.jpeg\" \/>\n\t<meta property=\"og:image:width\" content=\"862\" \/>\n\t<meta property=\"og:image:height\" content=\"716\" \/>\n\t<meta property=\"og:image:type\" content=\"image\/jpeg\" \/>\n<meta name=\"author\" content=\"R\u00e9daction\" \/>\n<meta name=\"twitter:card\" content=\"summary_large_image\" \/>\n<meta name=\"twitter:label1\" content=\"Written by\" \/>\n\t<meta name=\"twitter:data1\" content=\"R\u00e9daction\" \/>\n\t<meta name=\"twitter:label2\" content=\"Est. reading time\" \/>\n\t<meta name=\"twitter:data2\" content=\"2 minutes\" \/>\n<script type=\"application\/ld+json\" class=\"yoast-schema-graph\">{\"@context\":\"https:\/\/schema.org\",\"@graph\":[{\"@type\":\"Article\",\"@id\":\"https:\/\/elmawkie.dz\/fr\/renforcement-du-partenariat-dans-les-transports-au-coeur-des-echanges-entre-lalgerie-et-legypte\/#article\",\"isPartOf\":{\"@id\":\"https:\/\/elmawkie.dz\/fr\/renforcement-du-partenariat-dans-les-transports-au-coeur-des-echanges-entre-lalgerie-et-legypte\/\"},\"author\":{\"name\":\"R\u00e9daction\",\"@id\":\"https:\/\/elmawkie.dz\/fr\/#\/schema\/person\/e7bd59d6467874ba5c4723d8a9f0a63c\"},\"headline\":\"Renforcement du partenariat dans les transports au c\u0153ur des \u00e9changes entre l\u2019Alg\u00e9rie et l\u2019\u00c9gypte\",\"datePublished\":\"2025-11-25T21:17:46+00:00\",\"dateModified\":\"2025-11-25T21:17:46+00:00\",\"mainEntityOfPage\":{\"@id\":\"https:\/\/elmawkie.dz\/fr\/renforcement-du-partenariat-dans-les-transports-au-coeur-des-echanges-entre-lalgerie-et-legypte\/\"},\"wordCount\":290,\"commentCount\":0,\"publisher\":{\"@id\":\"https:\/\/elmawkie.dz\/fr\/#organization\"},\"image\":{\"@id\":\"https:\/\/elmawkie.dz\/fr\/renforcement-du-partenariat-dans-les-transports-au-coeur-des-echanges-entre-lalgerie-et-legypte\/#primaryimage\"},\"thumbnailUrl\":\"https:\/\/elmawkie.dz\/fr\/wp-content\/uploads\/2025\/11\/IMG_2967.jpeg\",\"keywords\":[\"Alg\u00e9rie\",\"Egypte\"],\"articleSection\":[\"International\",\"National\"],\"inLanguage\":\"fr-FR\",\"potentialAction\":[{\"@type\":\"CommentAction\",\"name\":\"Comment\",\"target\":[\"https:\/\/elmawkie.dz\/fr\/renforcement-du-partenariat-dans-les-transports-au-coeur-des-echanges-entre-lalgerie-et-legypte\/#respond\"]}]},{\"@type\":\"WebPage\",\"@id\":\"https:\/\/elmawkie.dz\/fr\/renforcement-du-partenariat-dans-les-transports-au-coeur-des-echanges-entre-lalgerie-et-legypte\/\",\"url\":\"https:\/\/elmawkie.dz\/fr\/renforcement-du-partenariat-dans-les-transports-au-coeur-des-echanges-entre-lalgerie-et-legypte\/\",\"name\":\"Renforcement du partenariat dans les transports au c\u0153ur des \u00e9changes entre l\u2019Alg\u00e9rie et l\u2019\u00c9gypte - El Mawkie\",\"isPartOf\":{\"@id\":\"https:\/\/elmawkie.dz\/fr\/#website\"},\"primaryImageOfPage\":{\"@id\":\"https:\/\/elmawkie.dz\/fr\/renforcement-du-partenariat-dans-les-transports-au-coeur-des-echanges-entre-lalgerie-et-legypte\/#primaryimage\"},\"image\":{\"@id\":\"https:\/\/elmawkie.dz\/fr\/renforcement-du-partenariat-dans-les-transports-au-coeur-des-echanges-entre-lalgerie-et-legypte\/#primaryimage\"},\"thumbnailUrl\":\"https:\/\/elmawkie.dz\/fr\/wp-content\/uploads\/2025\/11\/IMG_2967.jpeg\",\"datePublished\":\"2025-11-25T21:17:46+00:00\",\"dateModified\":\"2025-11-25T21:17:46+00:00\",\"breadcrumb\":{\"@id\":\"https:\/\/elmawkie.dz\/fr\/renforcement-du-partenariat-dans-les-transports-au-coeur-des-echanges-entre-lalgerie-et-legypte\/#breadcrumb\"},\"inLanguage\":\"fr-FR\",\"potentialAction\":[{\"@type\":\"ReadAction\",\"target\":[\"https:\/\/elmawkie.dz\/fr\/renforcement-du-partenariat-dans-les-transports-au-coeur-des-echanges-entre-lalgerie-et-legypte\/\"]}]},{\"@type\":\"ImageObject\",\"inLanguage\":\"fr-FR\",\"@id\":\"https:\/\/elmawkie.dz\/fr\/renforcement-du-partenariat-dans-les-transports-au-coeur-des-echanges-entre-lalgerie-et-legypte\/#primaryimage\",\"url\":\"https:\/\/elmawkie.dz\/fr\/wp-content\/uploads\/2025\/11\/IMG_2967.jpeg\",\"contentUrl\":\"https:\/\/elmawkie.dz\/fr\/wp-content\/uploads\/2025\/11\/IMG_2967.jpeg\",\"width\":862,\"height\":716},{\"@type\":\"BreadcrumbList\",\"@id\":\"https:\/\/elmawkie.dz\/fr\/renforcement-du-partenariat-dans-les-transports-au-coeur-des-echanges-entre-lalgerie-et-legypte\/#breadcrumb\",\"itemListElement\":[{\"@type\":\"ListItem\",\"position\":1,\"name\":\"Home\",\"item\":\"https:\/\/elmawkie.dz\/fr\/\"},{\"@type\":\"ListItem\",\"position\":2,\"name\":\"Renforcement du partenariat dans les transports au c\u0153ur des \u00e9changes entre l\u2019Alg\u00e9rie et l\u2019\u00c9gypte\"}]},{\"@type\":\"WebSite\",\"@id\":\"https:\/\/elmawkie.dz\/fr\/#website\",\"url\":\"https:\/\/elmawkie.dz\/fr\/\",\"name\":\"EL MAWKIE\",\"description\":\"Journal \u00c9lectronique Alg\u00e9rien\",\"publisher\":{\"@id\":\"https:\/\/elmawkie.dz\/fr\/#organization\"},\"potentialAction\":[{\"@type\":\"SearchAction\",\"target\":{\"@type\":\"EntryPoint\",\"urlTemplate\":\"https:\/\/elmawkie.dz\/fr\/?s={search_term_string}\"},\"query-input\":\"required name=search_term_string\"}],\"inLanguage\":\"fr-FR\"},{\"@type\":\"Organization\",\"@id\":\"https:\/\/elmawkie.dz\/fr\/#organization\",\"name\":\"EL MAWKIE\",\"url\":\"https:\/\/elmawkie.dz\/fr\/\",\"logo\":{\"@type\":\"ImageObject\",\"inLanguage\":\"fr-FR\",\"@id\":\"https:\/\/elmawkie.dz\/fr\/#\/schema\/logo\/image\/\",\"url\":\"https:\/\/elmawkie.dz\/fr\/wp-content\/uploads\/2024\/05\/logo1.png\",\"contentUrl\":\"https:\/\/elmawkie.dz\/fr\/wp-content\/uploads\/2024\/05\/logo1.png\",\"width\":1648,\"height\":652,\"caption\":\"EL MAWKIE\"},\"image\":{\"@id\":\"https:\/\/elmawkie.dz\/fr\/#\/schema\/logo\/image\/\"},\"sameAs\":[\"https:\/\/www.facebook.com\/profile.php?id=100088407094989&locale=fr_FR\"]},{\"@type\":\"Person\",\"@id\":\"https:\/\/elmawkie.dz\/fr\/#\/schema\/person\/e7bd59d6467874ba5c4723d8a9f0a63c\",\"name\":\"R\u00e9daction\",\"image\":{\"@type\":\"ImageObject\",\"inLanguage\":\"fr-FR\",\"@id\":\"https:\/\/elmawkie.dz\/fr\/#\/schema\/person\/image\/\",\"url\":\"https:\/\/secure.gravatar.com\/avatar\/f0f773456344da4d2788c054a3d30a0c?s=96&d=mm&r=g\",\"contentUrl\":\"https:\/\/secure.gravatar.com\/avatar\/f0f773456344da4d2788c054a3d30a0c?s=96&d=mm&r=g\",\"caption\":\"R\u00e9daction\"},\"url\":\"https:\/\/elmawkie.dz\/fr\/author\/redaction\/\"}]}<\/script>\n<!-- \/ Yoast SEO Premium plugin. -->","yoast_head_json":{"title":"Renforcement du partenariat dans les transports au c\u0153ur des \u00e9changes entre l\u2019Alg\u00e9rie et l\u2019\u00c9gypte - El Mawkie","robots":{"index":"index","follow":"follow","max-snippet":"max-snippet:-1","max-image-preview":"max-image-preview:large","max-video-preview":"max-video-preview:-1"},"canonical":"https:\/\/elmawkie.dz\/fr\/renforcement-du-partenariat-dans-les-transports-au-coeur-des-echanges-entre-lalgerie-et-legypte\/","og_locale":"fr_FR","og_type":"article","og_title":"Renforcement du partenariat dans les transports au c\u0153ur des \u00e9changes entre l\u2019Alg\u00e9rie et l\u2019\u00c9gypte","og_description":"Le ministre de l&rsquo;Int\u00e9rieur, des Collectivit\u00e9s locales et des Transports, Sa\u00efd Sayoud, a \u00e9t\u00e9 re\u00e7u, mardi au Caire, avec le ministre de l&rsquo;Industrie, Yahia Bachir, par le vice-Premier ministre \u00e9gyptien charg\u00e9 du d\u00e9veloppement industriel et ministre des Transports et de l&rsquo;Industrie, Kamel Abdelhadi Al-Wazir. Lors de cette rencontre, tenue en marge des travaux de la &hellip;","og_url":"https:\/\/elmawkie.dz\/fr\/renforcement-du-partenariat-dans-les-transports-au-coeur-des-echanges-entre-lalgerie-et-legypte\/","og_site_name":"El Mawkie","article_publisher":"https:\/\/www.facebook.com\/profile.php?id=100088407094989&locale=fr_FR","article_published_time":"2025-11-25T21:17:46+00:00","og_image":[{"width":862,"height":716,"url":"https:\/\/elmawkie.dz\/fr\/wp-content\/uploads\/2025\/11\/IMG_2967.jpeg","type":"image\/jpeg"}],"author":"R\u00e9daction","twitter_card":"summary_large_image","twitter_misc":{"Written by":"R\u00e9daction","Est. reading time":"2 minutes"},"schema":{"@context":"https:\/\/schema.org","@graph":[{"@type":"Article","@id":"https:\/\/elmawkie.dz\/fr\/renforcement-du-partenariat-dans-les-transports-au-coeur-des-echanges-entre-lalgerie-et-legypte\/#article","isPartOf":{"@id":"https:\/\/elmawkie.dz\/fr\/renforcement-du-partenariat-dans-les-transports-au-coeur-des-echanges-entre-lalgerie-et-legypte\/"},"author":{"name":"R\u00e9daction","@id":"https:\/\/elmawkie.dz\/fr\/#\/schema\/person\/e7bd59d6467874ba5c4723d8a9f0a63c"},"headline":"Renforcement du partenariat dans les transports au c\u0153ur des \u00e9changes entre l\u2019Alg\u00e9rie et l\u2019\u00c9gypte","datePublished":"2025-11-25T21:17:46+00:00","dateModified":"2025-11-25T21:17:46+00:00","mainEntityOfPage":{"@id":"https:\/\/elmawkie.dz\/fr\/renforcement-du-partenariat-dans-les-transports-au-coeur-des-echanges-entre-lalgerie-et-legypte\/"},"wordCount":290,"commentCount":0,"publisher":{"@id":"https:\/\/elmawkie.dz\/fr\/#organization"},"image":{"@id":"https:\/\/elmawkie.dz\/fr\/renforcement-du-partenariat-dans-les-transports-au-coeur-des-echanges-entre-lalgerie-et-legypte\/#primaryimage"},"thumbnailUrl":"https:\/\/elmawkie.dz\/fr\/wp-content\/uploads\/2025\/11\/IMG_2967.jpeg","keywords":["Alg\u00e9rie","Egypte"],"articleSection":["International","National"],"inLanguage":"fr-FR","potentialAction":[{"@type":"CommentAction","name":"Comment","target":["https:\/\/elmawkie.dz\/fr\/renforcement-du-partenariat-dans-les-transports-au-coeur-des-echanges-entre-lalgerie-et-legypte\/#respond"]}]},{"@type":"WebPage","@id":"https:\/\/elmawkie.dz\/fr\/renforcement-du-partenariat-dans-les-transports-au-coeur-des-echanges-entre-lalgerie-et-legypte\/","url":"https:\/\/elmawkie.dz\/fr\/renforcement-du-partenariat-dans-les-transports-au-coeur-des-echanges-entre-lalgerie-et-legypte\/","name":"Renforcement du partenariat dans les transports au c\u0153ur des \u00e9changes entre l\u2019Alg\u00e9rie et l\u2019\u00c9gypte - El Mawkie","isPartOf":{"@id":"https:\/\/elmawkie.dz\/fr\/#website"},"primaryImageOfPage":{"@id":"https:\/\/elmawkie.dz\/fr\/renforcement-du-partenariat-dans-les-transports-au-coeur-des-echanges-entre-lalgerie-et-legypte\/#primaryimage"},"image":{"@id":"https:\/\/elmawkie.dz\/fr\/renforcement-du-partenariat-dans-les-transports-au-coeur-des-echanges-entre-lalgerie-et-legypte\/#primaryimage"},"thumbnailUrl":"https:\/\/elmawkie.dz\/fr\/wp-content\/uploads\/2025\/11\/IMG_2967.jpeg","datePublished":"2025-11-25T21:17:46+00:00","dateModified":"2025-11-25T21:17:46+00:00","breadcrumb":{"@id":"https:\/\/elmawkie.dz\/fr\/renforcement-du-partenariat-dans-les-transports-au-coeur-des-echanges-entre-lalgerie-et-legypte\/#breadcrumb"},"inLanguage":"fr-FR","potentialAction":[{"@type":"ReadAction","target":["https:\/\/elmawkie.dz\/fr\/renforcement-du-partenariat-dans-les-transports-au-coeur-des-echanges-entre-lalgerie-et-legypte\/"]}]},{"@type":"ImageObject","inLanguage":"fr-FR","@id":"https:\/\/elmawkie.dz\/fr\/renforcement-du-partenariat-dans-les-transports-au-coeur-des-echanges-entre-lalgerie-et-legypte\/#primaryimage","url":"https:\/\/elmawkie.dz\/fr\/wp-content\/uploads\/2025\/11\/IMG_2967.jpeg","contentUrl":"https:\/\/elmawkie.dz\/fr\/wp-content\/uploads\/2025\/11\/IMG_2967.jpeg","width":862,"height":716},{"@type":"BreadcrumbList","@id":"https:\/\/elmawkie.dz\/fr\/renforcement-du-partenariat-dans-les-transports-au-coeur-des-echanges-entre-lalgerie-et-legypte\/#breadcrumb","itemListElement":[{"@type":"ListItem","position":1,"name":"Home","item":"https:\/\/elmawkie.dz\/fr\/"},{"@type":"ListItem","position":2,"name":"Renforcement du partenariat dans les transports au c\u0153ur des \u00e9changes entre l\u2019Alg\u00e9rie et l\u2019\u00c9gypte"}]},{"@type":"WebSite","@id":"https:\/\/elmawkie.dz\/fr\/#website","url":"https:\/\/elmawkie.dz\/fr\/","name":"EL MAWKIE","description":"Journal \u00c9lectronique Alg\u00e9rien","publisher":{"@id":"https:\/\/elmawkie.dz\/fr\/#organization"},"potentialAction":[{"@type":"SearchAction","target":{"@type":"EntryPoint","urlTemplate":"https:\/\/elmawkie.dz\/fr\/?s={search_term_string}"},"query-input":"required name=search_term_string"}],"inLanguage":"fr-FR"},{"@type":"Organization","@id":"https:\/\/elmawkie.dz\/fr\/#organization","name":"EL MAWKIE","url":"https:\/\/elmawkie.dz\/fr\/","logo":{"@type":"ImageObject","inLanguage":"fr-FR","@id":"https:\/\/elmawkie.dz\/fr\/#\/schema\/logo\/image\/","url":"https:\/\/elmawkie.dz\/fr\/wp-content\/uploads\/2024\/05\/logo1.png","contentUrl":"https:\/\/elmawkie.dz\/fr\/wp-content\/uploads\/2024\/05\/logo1.png","width":1648,"height":652,"caption":"EL MAWKIE"},"image":{"@id":"https:\/\/elmawkie.dz\/fr\/#\/schema\/logo\/image\/"},"sameAs":["https:\/\/www.facebook.com\/profile.php?id=100088407094989&locale=fr_FR"]},{"@type":"Person","@id":"https:\/\/elmawkie.dz\/fr\/#\/schema\/person\/e7bd59d6467874ba5c4723d8a9f0a63c","name":"R\u00e9daction","image":{"@type":"ImageObject","inLanguage":"fr-FR","@id":"https:\/\/elmawkie.dz\/fr\/#\/schema\/person\/image\/","url":"https:\/\/secure.gravatar.com\/avatar\/f0f773456344da4d2788c054a3d30a0c?s=96&d=mm&r=g","contentUrl":"https:\/\/secure.gravatar.com\/avatar\/f0f773456344da4d2788c054a3d30a0c?s=96&d=mm&r=g","caption":"R\u00e9daction"},"url":"https:\/\/elmawkie.dz\/fr\/author\/redaction\/"}]}},"_links":{"self":[{"href":"https:\/\/elmawkie.dz\/fr\/wp-json\/wp\/v2\/posts\/59123","targetHints":{"allow":["GET"]}}],"collection":[{"href":"https:\/\/elmawkie.dz\/fr\/wp-json\/wp\/v2\/posts"}],"about":[{"href":"https:\/\/elmawkie.dz\/fr\/wp-json\/wp\/v2\/types\/post"}],"author":[{"embeddable":true,"href":"https:\/\/elmawkie.dz\/fr\/wp-json\/wp\/v2\/users\/9"}],"replies":[{"embeddable":true,"href":"https:\/\/elmawkie.dz\/fr\/wp-json\/wp\/v2\/comments?post=59123"}],"version-history":[{"count":1,"href":"https:\/\/elmawkie.dz\/fr\/wp-json\/wp\/v2\/posts\/59123\/revisions"}],"predecessor-version":[{"id":59126,"href":"https:\/\/elmawkie.dz\/fr\/wp-json\/wp\/v2\/posts\/59123\/revisions\/59126"}],"wp:featuredmedia":[{"embeddable":true,"href":"https:\/\/elmawkie.dz\/fr\/wp-json\/wp\/v2\/media\/59125"}],"wp:attachment":[{"href":"https:\/\/elmawkie.dz\/fr\/wp-json\/wp\/v2\/media?parent=59123"}],"wp:term":[{"taxonomy":"category","embeddable":true,"href":"https:\/\/elmawkie.dz\/fr\/wp-json\/wp\/v2\/categories?post=59123"},{"taxonomy":"post_tag","embeddable":true,"href":"https:\/\/elmawkie.dz\/fr\/wp-json\/wp\/v2\/tags?post=59123"}],"curies":[{"name":"wp","href":"https:\/\/api.w.org\/{rel}","templated":true}]}}