{"id":5905,"date":"2024-10-19T15:03:00","date_gmt":"2024-10-19T14:03:00","guid":{"rendered":"https:\/\/elmawkie.dz\/fr\/?p=5905"},"modified":"2024-10-19T15:03:00","modified_gmt":"2024-10-19T14:03:00","slug":"bouira-lancement-de-la-1ere-randonnee-eco-pedagogique-pour-la-collecte-de-sang","status":"publish","type":"post","link":"https:\/\/elmawkie.dz\/fr\/bouira-lancement-de-la-1ere-randonnee-eco-pedagogique-pour-la-collecte-de-sang\/","title":{"rendered":"Bouira: lancement de la 1\u00e8re randonn\u00e9e \u00e9co-p\u00e9dagogique pour la collecte de sang"},"content":{"rendered":"<p><strong><em>Une randonn\u00e9e \u00e9co-p\u00e9dagogique a \u00e9t\u00e9 organis\u00e9e vendredi et samedi \u00e0 la for\u00eat d&rsquo;Erriche \u00e0 Bouira avec la participation de plusieurs dizaines de citoyens, dont des familles, avec l\u2019objectif de sensibiliser sur la protection de l\u2019environnement et sur le don de sang, a-t-on appris aupr\u00e8s des organisateurs. \u00ab\u00a0Il s\u2019agit de la premi\u00e8re \u00e9dition de cette randonn\u00e9e p\u00e9dagogique ayant pour objectif d\u2019inciter les gens \u00e0 d\u00e9couvrir la for\u00eat r\u00e9cr\u00e9ative d\u2019Erriche, \u00e0 prot\u00e9ger l\u2019environnement, et pour les sensibiliser sur l\u2019importance du don de sang\u00a0\u00bb, a expliqu\u00e9 \u00e0 l\u2019APS Amar Fadjkhi, directeur de l\u2019agence \u00e9v\u00e8nementielle Gicom, organisatrice de cette initiative. Lanc\u00e9e en collaboration avec la f\u00e9d\u00e9ration nationale des donneurs de sang, cette randonn\u00e9e \u00ab\u00a0vise aussi d\u2019aider les malades en besoin de sang dans cinq h\u00f4pitaux de la wilaya de Bouira, ainsi que d&rsquo;autres dans la wilaya de Tizi Ouzou\u00a0\u00bb, a expliqu\u00e9 pour sa part, M. Habel Slimane, membre de la f\u00e9d\u00e9ration. M. Habel a pr\u00e9cis\u00e9 en outre que \u00ab\u00a0le programme de cette manifestation porte \u00e9galement sur l\u2019organisation d\u2019un tournoi de p\u00e9tanque, une formation en secourisme, ainsi que sur une op\u00e9ration de plantation et de reboisement\u00a0\u00bb. Un camping (Bivouac) a \u00e9t\u00e9 install\u00e9 dans la for\u00eat d\u2019Erriche dans le cadre de ces activit\u00e9s, marqu\u00e9es \u00e9galement par une s\u00e9rie d\u2019\u00e9co-conf\u00e9rences sur le don de sang, sur l\u2019environnement, et les sports de montagne. Plusieurs dizaines de personnes ont particip\u00e9 \u00e0 la randonn\u00e9 p\u00e9destre sur un circuit de 12 km au milieu de la for\u00eat d\u2019Erriche, o\u00f9 les participants ont lanc\u00e9 une op\u00e9ration de nettoyage et de collecte de d\u00e9chets.<\/em><\/strong><\/p>\n","protected":false},"excerpt":{"rendered":"<p>Une randonn\u00e9e \u00e9co-p\u00e9dagogique a \u00e9t\u00e9 organis\u00e9e vendredi et samedi \u00e0 la for\u00eat d&rsquo;Erriche \u00e0 Bouira avec la participation de plusieurs dizaines de citoyens, dont des familles, avec l\u2019objectif de sensibiliser sur la protection de l\u2019environnement et sur le don de sang, a-t-on appris aupr\u00e8s des organisateurs. \u00ab\u00a0Il s\u2019agit de la premi\u00e8re \u00e9dition de cette randonn\u00e9e &hellip;<\/p>\n","protected":false},"author":9,"featured_media":5906,"comment_status":"open","ping_status":"open","sticky":false,"template":"","format":"standard","meta":{"footnotes":""},"categories":[50],"tags":[473,1037,1036],"class_list":["post-5905","post","type-post","status-publish","format-standard","has-post-thumbnail","hentry","category-region","tag-bouira","tag-eco-pedagogique","tag-la-collecte-de-sang"],"yoast_head":"<!-- This site is optimized with the Yoast SEO Premium plugin v22.6 (Yoast SEO v22.6) - https:\/\/yoast.com\/wordpress\/plugins\/seo\/ -->\n<title>Bouira: lancement de la 1\u00e8re randonn\u00e9e \u00e9co-p\u00e9dagogique pour la collecte de sang - El Mawkie<\/title>\n<meta name=\"robots\" content=\"index, follow, max-snippet:-1, max-image-preview:large, max-video-preview:-1\" \/>\n<link rel=\"canonical\" href=\"https:\/\/elmawkie.dz\/fr\/bouira-lancement-de-la-1ere-randonnee-eco-pedagogique-pour-la-collecte-de-sang\/\" \/>\n<meta property=\"og:locale\" content=\"fr_FR\" \/>\n<meta property=\"og:type\" content=\"article\" \/>\n<meta property=\"og:title\" content=\"Bouira: lancement de la 1\u00e8re randonn\u00e9e \u00e9co-p\u00e9dagogique pour la collecte de sang\" \/>\n<meta property=\"og:description\" content=\"Une randonn\u00e9e \u00e9co-p\u00e9dagogique a \u00e9t\u00e9 organis\u00e9e vendredi et samedi \u00e0 la for\u00eat d&rsquo;Erriche \u00e0 Bouira avec la participation de plusieurs dizaines de citoyens, dont des familles, avec l\u2019objectif de sensibiliser sur la protection de l\u2019environnement et sur le don de sang, a-t-on appris aupr\u00e8s des organisateurs. \u00ab\u00a0Il s\u2019agit de la premi\u00e8re \u00e9dition de cette randonn\u00e9e &hellip;\" \/>\n<meta property=\"og:url\" content=\"https:\/\/elmawkie.dz\/fr\/bouira-lancement-de-la-1ere-randonnee-eco-pedagogique-pour-la-collecte-de-sang\/\" \/>\n<meta property=\"og:site_name\" content=\"El Mawkie\" \/>\n<meta property=\"article:publisher\" content=\"https:\/\/www.facebook.com\/profile.php?id=100088407094989&amp;locale=fr_FR\" \/>\n<meta property=\"article:published_time\" content=\"2024-10-19T14:03:00+00:00\" \/>\n<meta property=\"og:image\" content=\"https:\/\/elmawkie.dz\/fr\/wp-content\/uploads\/2024\/10\/IMG_3599.jpeg\" \/>\n\t<meta property=\"og:image:width\" content=\"581\" \/>\n\t<meta property=\"og:image:height\" content=\"211\" \/>\n\t<meta property=\"og:image:type\" content=\"image\/jpeg\" \/>\n<meta name=\"author\" content=\"R\u00e9daction\" \/>\n<meta name=\"twitter:card\" content=\"summary_large_image\" \/>\n<meta name=\"twitter:label1\" content=\"Written by\" \/>\n\t<meta name=\"twitter:data1\" content=\"R\u00e9daction\" \/>\n\t<meta name=\"twitter:label2\" content=\"Est. reading time\" \/>\n\t<meta name=\"twitter:data2\" content=\"1 minute\" \/>\n<script type=\"application\/ld+json\" class=\"yoast-schema-graph\">{\"@context\":\"https:\/\/schema.org\",\"@graph\":[{\"@type\":\"Article\",\"@id\":\"https:\/\/elmawkie.dz\/fr\/bouira-lancement-de-la-1ere-randonnee-eco-pedagogique-pour-la-collecte-de-sang\/#article\",\"isPartOf\":{\"@id\":\"https:\/\/elmawkie.dz\/fr\/bouira-lancement-de-la-1ere-randonnee-eco-pedagogique-pour-la-collecte-de-sang\/\"},\"author\":{\"name\":\"R\u00e9daction\",\"@id\":\"https:\/\/elmawkie.dz\/fr\/#\/schema\/person\/e7bd59d6467874ba5c4723d8a9f0a63c\"},\"headline\":\"Bouira: lancement de la 1\u00e8re randonn\u00e9e \u00e9co-p\u00e9dagogique pour la collecte de sang\",\"datePublished\":\"2024-10-19T14:03:00+00:00\",\"dateModified\":\"2024-10-19T14:03:00+00:00\",\"mainEntityOfPage\":{\"@id\":\"https:\/\/elmawkie.dz\/fr\/bouira-lancement-de-la-1ere-randonnee-eco-pedagogique-pour-la-collecte-de-sang\/\"},\"wordCount\":309,\"commentCount\":0,\"publisher\":{\"@id\":\"https:\/\/elmawkie.dz\/fr\/#organization\"},\"image\":{\"@id\":\"https:\/\/elmawkie.dz\/fr\/bouira-lancement-de-la-1ere-randonnee-eco-pedagogique-pour-la-collecte-de-sang\/#primaryimage\"},\"thumbnailUrl\":\"https:\/\/elmawkie.dz\/fr\/wp-content\/uploads\/2024\/10\/IMG_3599.jpeg\",\"keywords\":[\"Bouira\",\"\u00e9co-p\u00e9dagogique\",\"la collecte de sang\"],\"articleSection\":[\"R\u00e9gion\"],\"inLanguage\":\"fr-FR\",\"potentialAction\":[{\"@type\":\"CommentAction\",\"name\":\"Comment\",\"target\":[\"https:\/\/elmawkie.dz\/fr\/bouira-lancement-de-la-1ere-randonnee-eco-pedagogique-pour-la-collecte-de-sang\/#respond\"]}]},{\"@type\":\"WebPage\",\"@id\":\"https:\/\/elmawkie.dz\/fr\/bouira-lancement-de-la-1ere-randonnee-eco-pedagogique-pour-la-collecte-de-sang\/\",\"url\":\"https:\/\/elmawkie.dz\/fr\/bouira-lancement-de-la-1ere-randonnee-eco-pedagogique-pour-la-collecte-de-sang\/\",\"name\":\"Bouira: lancement de la 1\u00e8re randonn\u00e9e \u00e9co-p\u00e9dagogique pour la collecte de sang - El Mawkie\",\"isPartOf\":{\"@id\":\"https:\/\/elmawkie.dz\/fr\/#website\"},\"primaryImageOfPage\":{\"@id\":\"https:\/\/elmawkie.dz\/fr\/bouira-lancement-de-la-1ere-randonnee-eco-pedagogique-pour-la-collecte-de-sang\/#primaryimage\"},\"image\":{\"@id\":\"https:\/\/elmawkie.dz\/fr\/bouira-lancement-de-la-1ere-randonnee-eco-pedagogique-pour-la-collecte-de-sang\/#primaryimage\"},\"thumbnailUrl\":\"https:\/\/elmawkie.dz\/fr\/wp-content\/uploads\/2024\/10\/IMG_3599.jpeg\",\"datePublished\":\"2024-10-19T14:03:00+00:00\",\"dateModified\":\"2024-10-19T14:03:00+00:00\",\"breadcrumb\":{\"@id\":\"https:\/\/elmawkie.dz\/fr\/bouira-lancement-de-la-1ere-randonnee-eco-pedagogique-pour-la-collecte-de-sang\/#breadcrumb\"},\"inLanguage\":\"fr-FR\",\"potentialAction\":[{\"@type\":\"ReadAction\",\"target\":[\"https:\/\/elmawkie.dz\/fr\/bouira-lancement-de-la-1ere-randonnee-eco-pedagogique-pour-la-collecte-de-sang\/\"]}]},{\"@type\":\"ImageObject\",\"inLanguage\":\"fr-FR\",\"@id\":\"https:\/\/elmawkie.dz\/fr\/bouira-lancement-de-la-1ere-randonnee-eco-pedagogique-pour-la-collecte-de-sang\/#primaryimage\",\"url\":\"https:\/\/elmawkie.dz\/fr\/wp-content\/uploads\/2024\/10\/IMG_3599.jpeg\",\"contentUrl\":\"https:\/\/elmawkie.dz\/fr\/wp-content\/uploads\/2024\/10\/IMG_3599.jpeg\",\"width\":581,\"height\":211},{\"@type\":\"BreadcrumbList\",\"@id\":\"https:\/\/elmawkie.dz\/fr\/bouira-lancement-de-la-1ere-randonnee-eco-pedagogique-pour-la-collecte-de-sang\/#breadcrumb\",\"itemListElement\":[{\"@type\":\"ListItem\",\"position\":1,\"name\":\"Home\",\"item\":\"https:\/\/elmawkie.dz\/fr\/\"},{\"@type\":\"ListItem\",\"position\":2,\"name\":\"Bouira: lancement de la 1\u00e8re randonn\u00e9e \u00e9co-p\u00e9dagogique pour la collecte de sang\"}]},{\"@type\":\"WebSite\",\"@id\":\"https:\/\/elmawkie.dz\/fr\/#website\",\"url\":\"https:\/\/elmawkie.dz\/fr\/\",\"name\":\"EL MAWKIE\",\"description\":\"Journal \u00c9lectronique Alg\u00e9rien\",\"publisher\":{\"@id\":\"https:\/\/elmawkie.dz\/fr\/#organization\"},\"potentialAction\":[{\"@type\":\"SearchAction\",\"target\":{\"@type\":\"EntryPoint\",\"urlTemplate\":\"https:\/\/elmawkie.dz\/fr\/?s={search_term_string}\"},\"query-input\":\"required name=search_term_string\"}],\"inLanguage\":\"fr-FR\"},{\"@type\":\"Organization\",\"@id\":\"https:\/\/elmawkie.dz\/fr\/#organization\",\"name\":\"EL MAWKIE\",\"url\":\"https:\/\/elmawkie.dz\/fr\/\",\"logo\":{\"@type\":\"ImageObject\",\"inLanguage\":\"fr-FR\",\"@id\":\"https:\/\/elmawkie.dz\/fr\/#\/schema\/logo\/image\/\",\"url\":\"https:\/\/elmawkie.dz\/fr\/wp-content\/uploads\/2024\/05\/logo1.png\",\"contentUrl\":\"https:\/\/elmawkie.dz\/fr\/wp-content\/uploads\/2024\/05\/logo1.png\",\"width\":1648,\"height\":652,\"caption\":\"EL MAWKIE\"},\"image\":{\"@id\":\"https:\/\/elmawkie.dz\/fr\/#\/schema\/logo\/image\/\"},\"sameAs\":[\"https:\/\/www.facebook.com\/profile.php?id=100088407094989&locale=fr_FR\"]},{\"@type\":\"Person\",\"@id\":\"https:\/\/elmawkie.dz\/fr\/#\/schema\/person\/e7bd59d6467874ba5c4723d8a9f0a63c\",\"name\":\"R\u00e9daction\",\"image\":{\"@type\":\"ImageObject\",\"inLanguage\":\"fr-FR\",\"@id\":\"https:\/\/elmawkie.dz\/fr\/#\/schema\/person\/image\/\",\"url\":\"https:\/\/secure.gravatar.com\/avatar\/f0f773456344da4d2788c054a3d30a0c?s=96&d=mm&r=g\",\"contentUrl\":\"https:\/\/secure.gravatar.com\/avatar\/f0f773456344da4d2788c054a3d30a0c?s=96&d=mm&r=g\",\"caption\":\"R\u00e9daction\"},\"url\":\"https:\/\/elmawkie.dz\/fr\/author\/redaction\/\"}]}<\/script>\n<!-- \/ Yoast SEO Premium plugin. -->","yoast_head_json":{"title":"Bouira: lancement de la 1\u00e8re randonn\u00e9e \u00e9co-p\u00e9dagogique pour la collecte de sang - El Mawkie","robots":{"index":"index","follow":"follow","max-snippet":"max-snippet:-1","max-image-preview":"max-image-preview:large","max-video-preview":"max-video-preview:-1"},"canonical":"https:\/\/elmawkie.dz\/fr\/bouira-lancement-de-la-1ere-randonnee-eco-pedagogique-pour-la-collecte-de-sang\/","og_locale":"fr_FR","og_type":"article","og_title":"Bouira: lancement de la 1\u00e8re randonn\u00e9e \u00e9co-p\u00e9dagogique pour la collecte de sang","og_description":"Une randonn\u00e9e \u00e9co-p\u00e9dagogique a \u00e9t\u00e9 organis\u00e9e vendredi et samedi \u00e0 la for\u00eat d&rsquo;Erriche \u00e0 Bouira avec la participation de plusieurs dizaines de citoyens, dont des familles, avec l\u2019objectif de sensibiliser sur la protection de l\u2019environnement et sur le don de sang, a-t-on appris aupr\u00e8s des organisateurs. \u00ab\u00a0Il s\u2019agit de la premi\u00e8re \u00e9dition de cette randonn\u00e9e &hellip;","og_url":"https:\/\/elmawkie.dz\/fr\/bouira-lancement-de-la-1ere-randonnee-eco-pedagogique-pour-la-collecte-de-sang\/","og_site_name":"El Mawkie","article_publisher":"https:\/\/www.facebook.com\/profile.php?id=100088407094989&locale=fr_FR","article_published_time":"2024-10-19T14:03:00+00:00","og_image":[{"width":581,"height":211,"url":"https:\/\/elmawkie.dz\/fr\/wp-content\/uploads\/2024\/10\/IMG_3599.jpeg","type":"image\/jpeg"}],"author":"R\u00e9daction","twitter_card":"summary_large_image","twitter_misc":{"Written by":"R\u00e9daction","Est. reading time":"1 minute"},"schema":{"@context":"https:\/\/schema.org","@graph":[{"@type":"Article","@id":"https:\/\/elmawkie.dz\/fr\/bouira-lancement-de-la-1ere-randonnee-eco-pedagogique-pour-la-collecte-de-sang\/#article","isPartOf":{"@id":"https:\/\/elmawkie.dz\/fr\/bouira-lancement-de-la-1ere-randonnee-eco-pedagogique-pour-la-collecte-de-sang\/"},"author":{"name":"R\u00e9daction","@id":"https:\/\/elmawkie.dz\/fr\/#\/schema\/person\/e7bd59d6467874ba5c4723d8a9f0a63c"},"headline":"Bouira: lancement de la 1\u00e8re randonn\u00e9e \u00e9co-p\u00e9dagogique pour la collecte de sang","datePublished":"2024-10-19T14:03:00+00:00","dateModified":"2024-10-19T14:03:00+00:00","mainEntityOfPage":{"@id":"https:\/\/elmawkie.dz\/fr\/bouira-lancement-de-la-1ere-randonnee-eco-pedagogique-pour-la-collecte-de-sang\/"},"wordCount":309,"commentCount":0,"publisher":{"@id":"https:\/\/elmawkie.dz\/fr\/#organization"},"image":{"@id":"https:\/\/elmawkie.dz\/fr\/bouira-lancement-de-la-1ere-randonnee-eco-pedagogique-pour-la-collecte-de-sang\/#primaryimage"},"thumbnailUrl":"https:\/\/elmawkie.dz\/fr\/wp-content\/uploads\/2024\/10\/IMG_3599.jpeg","keywords":["Bouira","\u00e9co-p\u00e9dagogique","la collecte de sang"],"articleSection":["R\u00e9gion"],"inLanguage":"fr-FR","potentialAction":[{"@type":"CommentAction","name":"Comment","target":["https:\/\/elmawkie.dz\/fr\/bouira-lancement-de-la-1ere-randonnee-eco-pedagogique-pour-la-collecte-de-sang\/#respond"]}]},{"@type":"WebPage","@id":"https:\/\/elmawkie.dz\/fr\/bouira-lancement-de-la-1ere-randonnee-eco-pedagogique-pour-la-collecte-de-sang\/","url":"https:\/\/elmawkie.dz\/fr\/bouira-lancement-de-la-1ere-randonnee-eco-pedagogique-pour-la-collecte-de-sang\/","name":"Bouira: lancement de la 1\u00e8re randonn\u00e9e \u00e9co-p\u00e9dagogique pour la collecte de sang - El Mawkie","isPartOf":{"@id":"https:\/\/elmawkie.dz\/fr\/#website"},"primaryImageOfPage":{"@id":"https:\/\/elmawkie.dz\/fr\/bouira-lancement-de-la-1ere-randonnee-eco-pedagogique-pour-la-collecte-de-sang\/#primaryimage"},"image":{"@id":"https:\/\/elmawkie.dz\/fr\/bouira-lancement-de-la-1ere-randonnee-eco-pedagogique-pour-la-collecte-de-sang\/#primaryimage"},"thumbnailUrl":"https:\/\/elmawkie.dz\/fr\/wp-content\/uploads\/2024\/10\/IMG_3599.jpeg","datePublished":"2024-10-19T14:03:00+00:00","dateModified":"2024-10-19T14:03:00+00:00","breadcrumb":{"@id":"https:\/\/elmawkie.dz\/fr\/bouira-lancement-de-la-1ere-randonnee-eco-pedagogique-pour-la-collecte-de-sang\/#breadcrumb"},"inLanguage":"fr-FR","potentialAction":[{"@type":"ReadAction","target":["https:\/\/elmawkie.dz\/fr\/bouira-lancement-de-la-1ere-randonnee-eco-pedagogique-pour-la-collecte-de-sang\/"]}]},{"@type":"ImageObject","inLanguage":"fr-FR","@id":"https:\/\/elmawkie.dz\/fr\/bouira-lancement-de-la-1ere-randonnee-eco-pedagogique-pour-la-collecte-de-sang\/#primaryimage","url":"https:\/\/elmawkie.dz\/fr\/wp-content\/uploads\/2024\/10\/IMG_3599.jpeg","contentUrl":"https:\/\/elmawkie.dz\/fr\/wp-content\/uploads\/2024\/10\/IMG_3599.jpeg","width":581,"height":211},{"@type":"BreadcrumbList","@id":"https:\/\/elmawkie.dz\/fr\/bouira-lancement-de-la-1ere-randonnee-eco-pedagogique-pour-la-collecte-de-sang\/#breadcrumb","itemListElement":[{"@type":"ListItem","position":1,"name":"Home","item":"https:\/\/elmawkie.dz\/fr\/"},{"@type":"ListItem","position":2,"name":"Bouira: lancement de la 1\u00e8re randonn\u00e9e \u00e9co-p\u00e9dagogique pour la collecte de sang"}]},{"@type":"WebSite","@id":"https:\/\/elmawkie.dz\/fr\/#website","url":"https:\/\/elmawkie.dz\/fr\/","name":"EL MAWKIE","description":"Journal \u00c9lectronique Alg\u00e9rien","publisher":{"@id":"https:\/\/elmawkie.dz\/fr\/#organization"},"potentialAction":[{"@type":"SearchAction","target":{"@type":"EntryPoint","urlTemplate":"https:\/\/elmawkie.dz\/fr\/?s={search_term_string}"},"query-input":"required name=search_term_string"}],"inLanguage":"fr-FR"},{"@type":"Organization","@id":"https:\/\/elmawkie.dz\/fr\/#organization","name":"EL MAWKIE","url":"https:\/\/elmawkie.dz\/fr\/","logo":{"@type":"ImageObject","inLanguage":"fr-FR","@id":"https:\/\/elmawkie.dz\/fr\/#\/schema\/logo\/image\/","url":"https:\/\/elmawkie.dz\/fr\/wp-content\/uploads\/2024\/05\/logo1.png","contentUrl":"https:\/\/elmawkie.dz\/fr\/wp-content\/uploads\/2024\/05\/logo1.png","width":1648,"height":652,"caption":"EL MAWKIE"},"image":{"@id":"https:\/\/elmawkie.dz\/fr\/#\/schema\/logo\/image\/"},"sameAs":["https:\/\/www.facebook.com\/profile.php?id=100088407094989&locale=fr_FR"]},{"@type":"Person","@id":"https:\/\/elmawkie.dz\/fr\/#\/schema\/person\/e7bd59d6467874ba5c4723d8a9f0a63c","name":"R\u00e9daction","image":{"@type":"ImageObject","inLanguage":"fr-FR","@id":"https:\/\/elmawkie.dz\/fr\/#\/schema\/person\/image\/","url":"https:\/\/secure.gravatar.com\/avatar\/f0f773456344da4d2788c054a3d30a0c?s=96&d=mm&r=g","contentUrl":"https:\/\/secure.gravatar.com\/avatar\/f0f773456344da4d2788c054a3d30a0c?s=96&d=mm&r=g","caption":"R\u00e9daction"},"url":"https:\/\/elmawkie.dz\/fr\/author\/redaction\/"}]}},"_links":{"self":[{"href":"https:\/\/elmawkie.dz\/fr\/wp-json\/wp\/v2\/posts\/5905","targetHints":{"allow":["GET"]}}],"collection":[{"href":"https:\/\/elmawkie.dz\/fr\/wp-json\/wp\/v2\/posts"}],"about":[{"href":"https:\/\/elmawkie.dz\/fr\/wp-json\/wp\/v2\/types\/post"}],"author":[{"embeddable":true,"href":"https:\/\/elmawkie.dz\/fr\/wp-json\/wp\/v2\/users\/9"}],"replies":[{"embeddable":true,"href":"https:\/\/elmawkie.dz\/fr\/wp-json\/wp\/v2\/comments?post=5905"}],"version-history":[{"count":0,"href":"https:\/\/elmawkie.dz\/fr\/wp-json\/wp\/v2\/posts\/5905\/revisions"}],"wp:featuredmedia":[{"embeddable":true,"href":"https:\/\/elmawkie.dz\/fr\/wp-json\/wp\/v2\/media\/5906"}],"wp:attachment":[{"href":"https:\/\/elmawkie.dz\/fr\/wp-json\/wp\/v2\/media?parent=5905"}],"wp:term":[{"taxonomy":"category","embeddable":true,"href":"https:\/\/elmawkie.dz\/fr\/wp-json\/wp\/v2\/categories?post=5905"},{"taxonomy":"post_tag","embeddable":true,"href":"https:\/\/elmawkie.dz\/fr\/wp-json\/wp\/v2\/tags?post=5905"}],"curies":[{"name":"wp","href":"https:\/\/api.w.org\/{rel}","templated":true}]}}