{"id":58810,"date":"2025-11-16T16:24:45","date_gmt":"2025-11-16T15:24:45","guid":{"rendered":"https:\/\/elmawkie.dz\/fr\/?p=58810"},"modified":"2025-11-16T16:24:47","modified_gmt":"2025-11-16T15:24:47","slug":"batna-leph-dain-touta-organise-la-8%e1%b5%89-edition-des-journees-chirurgicales-dediees-aux-malformations-congenitales-infantiles","status":"publish","type":"post","link":"https:\/\/elmawkie.dz\/fr\/batna-leph-dain-touta-organise-la-8%e1%b5%89-edition-des-journees-chirurgicales-dediees-aux-malformations-congenitales-infantiles\/","title":{"rendered":"Batna : l\u2019EPH d\u2019A\u00efn Touta organise la 8\u1d49 \u00e9dition des journ\u00e9es chirurgicales d\u00e9di\u00e9es aux malformations cong\u00e9nitales infantiles"},"content":{"rendered":"\n<p><strong>L\u2019\u00c9tablissement public hospitalier d\u2019A\u00efn Touta, dans la wilaya de Batna, se pr\u00e9pare \u00e0 accueillir du 26 au 30 novembre la 8\u1d49 \u00e9dition des journ\u00e9es chirurgicales consacr\u00e9es aux malformations cong\u00e9nitales compliqu\u00e9es chez les enfants. Selon le directeur de l\u2019EPH, Noureddine Nefissi, tous les moyens humains et techniques n\u00e9cessaires ont \u00e9t\u00e9 mobilis\u00e9s pour assurer la r\u00e9ussite de cet \u00e9v\u00e9nement m\u00e9dical, organis\u00e9 en coordination avec l\u2019EHS m\u00e8re et enfant Sidi Mabrouk de Constantine et sous la supervision de la direction locale de la sant\u00e9.<\/strong><br><br>Au cours de cette manifestation d\u00e9sormais bien ancr\u00e9e dans l\u2019agenda m\u00e9dical national, une centaine d\u2019interventions chirurgicales seront r\u00e9alis\u00e9es au profit d\u2019enfants issus de 25 wilayas du pays. Parmi elles, une trentaine d\u2019op\u00e9rations particuli\u00e8rement complexes figurent au programme, a pr\u00e9cis\u00e9 le responsable.<\/p>\n\n\n\n<p>La deuxi\u00e8me journ\u00e9e sera marqu\u00e9e par l\u2019organisation d\u2019un atelier de formation continue destin\u00e9 aux m\u00e9decins venus de plusieurs wilayas. Les participants pourront suivre en direct des chirurgies endoscopiques portant sur diverses malformations cong\u00e9nitales, effectu\u00e9es par des sp\u00e9cialistes reconnus.<\/p>\n\n\n\n<p>Cette \u00e9dition accueillera \u00e9galement un invit\u00e9 d\u2019honneur de renomm\u00e9e internationale : le professeur \u00e9gyptien Sameh Mahmoud Ahmed Shehata, chirurgien p\u00e9diatrique \u00e0 la facult\u00e9 de m\u00e9decine de l\u2019Universit\u00e9 d\u2019Alexandrie et concepteur de la c\u00e9l\u00e8bre \u00ab technique Shehata \u00bb. Ce dernier animera des sessions de formation et pr\u00e9sentera plusieurs communications scientifiques tout au long de la rencontre.<\/p>\n","protected":false},"excerpt":{"rendered":"<p>L\u2019\u00c9tablissement public hospitalier d\u2019A\u00efn Touta, dans la wilaya de Batna, se pr\u00e9pare \u00e0 accueillir du 26 au 30 novembre la 8\u1d49 \u00e9dition des journ\u00e9es chirurgicales consacr\u00e9es aux malformations cong\u00e9nitales compliqu\u00e9es chez les enfants. Selon le directeur de l\u2019EPH, Noureddine Nefissi, tous les moyens humains et techniques n\u00e9cessaires ont \u00e9t\u00e9 mobilis\u00e9s pour assurer la r\u00e9ussite de &hellip;<\/p>\n","protected":false},"author":9,"featured_media":58812,"comment_status":"open","ping_status":"open","sticky":false,"template":"","format":"standard","meta":{"footnotes":""},"categories":[50],"tags":[5590,252,5589],"class_list":["post-58810","post","type-post","status-publish","format-standard","has-post-thumbnail","hentry","category-region","tag-ain-touta","tag-batna","tag-leph"],"yoast_head":"<!-- This site is optimized with the Yoast SEO Premium plugin v22.6 (Yoast SEO v22.6) - https:\/\/yoast.com\/wordpress\/plugins\/seo\/ -->\n<title>Batna : l\u2019EPH d\u2019A\u00efn Touta organise la 8\u1d49 \u00e9dition des journ\u00e9es chirurgicales d\u00e9di\u00e9es aux malformations cong\u00e9nitales infantiles - El Mawkie<\/title>\n<meta name=\"robots\" content=\"index, follow, max-snippet:-1, max-image-preview:large, max-video-preview:-1\" \/>\n<link rel=\"canonical\" href=\"https:\/\/elmawkie.dz\/fr\/batna-leph-dain-touta-organise-la-8\u1d49-edition-des-journees-chirurgicales-dediees-aux-malformations-congenitales-infantiles\/\" \/>\n<meta property=\"og:locale\" content=\"fr_FR\" \/>\n<meta property=\"og:type\" content=\"article\" \/>\n<meta property=\"og:title\" content=\"Batna : l\u2019EPH d\u2019A\u00efn Touta organise la 8\u1d49 \u00e9dition des journ\u00e9es chirurgicales d\u00e9di\u00e9es aux malformations cong\u00e9nitales infantiles\" \/>\n<meta property=\"og:description\" content=\"L\u2019\u00c9tablissement public hospitalier d\u2019A\u00efn Touta, dans la wilaya de Batna, se pr\u00e9pare \u00e0 accueillir du 26 au 30 novembre la 8\u1d49 \u00e9dition des journ\u00e9es chirurgicales consacr\u00e9es aux malformations cong\u00e9nitales compliqu\u00e9es chez les enfants. Selon le directeur de l\u2019EPH, Noureddine Nefissi, tous les moyens humains et techniques n\u00e9cessaires ont \u00e9t\u00e9 mobilis\u00e9s pour assurer la r\u00e9ussite de &hellip;\" \/>\n<meta property=\"og:url\" content=\"https:\/\/elmawkie.dz\/fr\/batna-leph-dain-touta-organise-la-8\u1d49-edition-des-journees-chirurgicales-dediees-aux-malformations-congenitales-infantiles\/\" \/>\n<meta property=\"og:site_name\" content=\"El Mawkie\" \/>\n<meta property=\"article:publisher\" content=\"https:\/\/www.facebook.com\/profile.php?id=100088407094989&amp;locale=fr_FR\" \/>\n<meta property=\"article:published_time\" content=\"2025-11-16T15:24:45+00:00\" \/>\n<meta property=\"article:modified_time\" content=\"2025-11-16T15:24:47+00:00\" \/>\n<meta property=\"og:image\" content=\"https:\/\/elmawkie.dz\/fr\/wp-content\/uploads\/2025\/11\/IMG_1966.png\" \/>\n\t<meta property=\"og:image:width\" content=\"537\" \/>\n\t<meta property=\"og:image:height\" content=\"391\" \/>\n\t<meta property=\"og:image:type\" content=\"image\/png\" \/>\n<meta name=\"author\" content=\"R\u00e9daction\" \/>\n<meta name=\"twitter:card\" content=\"summary_large_image\" \/>\n<meta name=\"twitter:label1\" content=\"Written by\" \/>\n\t<meta name=\"twitter:data1\" content=\"R\u00e9daction\" \/>\n\t<meta name=\"twitter:label2\" content=\"Est. reading time\" \/>\n\t<meta name=\"twitter:data2\" content=\"2 minutes\" \/>\n<script type=\"application\/ld+json\" class=\"yoast-schema-graph\">{\"@context\":\"https:\/\/schema.org\",\"@graph\":[{\"@type\":\"Article\",\"@id\":\"https:\/\/elmawkie.dz\/fr\/batna-leph-dain-touta-organise-la-8%e1%b5%89-edition-des-journees-chirurgicales-dediees-aux-malformations-congenitales-infantiles\/#article\",\"isPartOf\":{\"@id\":\"https:\/\/elmawkie.dz\/fr\/batna-leph-dain-touta-organise-la-8%e1%b5%89-edition-des-journees-chirurgicales-dediees-aux-malformations-congenitales-infantiles\/\"},\"author\":{\"name\":\"R\u00e9daction\",\"@id\":\"https:\/\/elmawkie.dz\/fr\/#\/schema\/person\/e7bd59d6467874ba5c4723d8a9f0a63c\"},\"headline\":\"Batna : l\u2019EPH d\u2019A\u00efn Touta organise la 8\u1d49 \u00e9dition des journ\u00e9es chirurgicales d\u00e9di\u00e9es aux malformations cong\u00e9nitales infantiles\",\"datePublished\":\"2025-11-16T15:24:45+00:00\",\"dateModified\":\"2025-11-16T15:24:47+00:00\",\"mainEntityOfPage\":{\"@id\":\"https:\/\/elmawkie.dz\/fr\/batna-leph-dain-touta-organise-la-8%e1%b5%89-edition-des-journees-chirurgicales-dediees-aux-malformations-congenitales-infantiles\/\"},\"wordCount\":274,\"commentCount\":0,\"publisher\":{\"@id\":\"https:\/\/elmawkie.dz\/fr\/#organization\"},\"image\":{\"@id\":\"https:\/\/elmawkie.dz\/fr\/batna-leph-dain-touta-organise-la-8%e1%b5%89-edition-des-journees-chirurgicales-dediees-aux-malformations-congenitales-infantiles\/#primaryimage\"},\"thumbnailUrl\":\"https:\/\/elmawkie.dz\/fr\/wp-content\/uploads\/2025\/11\/IMG_1966.png\",\"keywords\":[\"A\u00efn Touta\",\"Batna\",\"L\u2019EPH\"],\"articleSection\":[\"R\u00e9gion\"],\"inLanguage\":\"fr-FR\",\"potentialAction\":[{\"@type\":\"CommentAction\",\"name\":\"Comment\",\"target\":[\"https:\/\/elmawkie.dz\/fr\/batna-leph-dain-touta-organise-la-8%e1%b5%89-edition-des-journees-chirurgicales-dediees-aux-malformations-congenitales-infantiles\/#respond\"]}]},{\"@type\":\"WebPage\",\"@id\":\"https:\/\/elmawkie.dz\/fr\/batna-leph-dain-touta-organise-la-8%e1%b5%89-edition-des-journees-chirurgicales-dediees-aux-malformations-congenitales-infantiles\/\",\"url\":\"https:\/\/elmawkie.dz\/fr\/batna-leph-dain-touta-organise-la-8%e1%b5%89-edition-des-journees-chirurgicales-dediees-aux-malformations-congenitales-infantiles\/\",\"name\":\"Batna : l\u2019EPH d\u2019A\u00efn Touta organise la 8\u1d49 \u00e9dition des journ\u00e9es chirurgicales d\u00e9di\u00e9es aux malformations cong\u00e9nitales infantiles - El Mawkie\",\"isPartOf\":{\"@id\":\"https:\/\/elmawkie.dz\/fr\/#website\"},\"primaryImageOfPage\":{\"@id\":\"https:\/\/elmawkie.dz\/fr\/batna-leph-dain-touta-organise-la-8%e1%b5%89-edition-des-journees-chirurgicales-dediees-aux-malformations-congenitales-infantiles\/#primaryimage\"},\"image\":{\"@id\":\"https:\/\/elmawkie.dz\/fr\/batna-leph-dain-touta-organise-la-8%e1%b5%89-edition-des-journees-chirurgicales-dediees-aux-malformations-congenitales-infantiles\/#primaryimage\"},\"thumbnailUrl\":\"https:\/\/elmawkie.dz\/fr\/wp-content\/uploads\/2025\/11\/IMG_1966.png\",\"datePublished\":\"2025-11-16T15:24:45+00:00\",\"dateModified\":\"2025-11-16T15:24:47+00:00\",\"breadcrumb\":{\"@id\":\"https:\/\/elmawkie.dz\/fr\/batna-leph-dain-touta-organise-la-8%e1%b5%89-edition-des-journees-chirurgicales-dediees-aux-malformations-congenitales-infantiles\/#breadcrumb\"},\"inLanguage\":\"fr-FR\",\"potentialAction\":[{\"@type\":\"ReadAction\",\"target\":[\"https:\/\/elmawkie.dz\/fr\/batna-leph-dain-touta-organise-la-8%e1%b5%89-edition-des-journees-chirurgicales-dediees-aux-malformations-congenitales-infantiles\/\"]}]},{\"@type\":\"ImageObject\",\"inLanguage\":\"fr-FR\",\"@id\":\"https:\/\/elmawkie.dz\/fr\/batna-leph-dain-touta-organise-la-8%e1%b5%89-edition-des-journees-chirurgicales-dediees-aux-malformations-congenitales-infantiles\/#primaryimage\",\"url\":\"https:\/\/elmawkie.dz\/fr\/wp-content\/uploads\/2025\/11\/IMG_1966.png\",\"contentUrl\":\"https:\/\/elmawkie.dz\/fr\/wp-content\/uploads\/2025\/11\/IMG_1966.png\",\"width\":537,\"height\":391},{\"@type\":\"BreadcrumbList\",\"@id\":\"https:\/\/elmawkie.dz\/fr\/batna-leph-dain-touta-organise-la-8%e1%b5%89-edition-des-journees-chirurgicales-dediees-aux-malformations-congenitales-infantiles\/#breadcrumb\",\"itemListElement\":[{\"@type\":\"ListItem\",\"position\":1,\"name\":\"Home\",\"item\":\"https:\/\/elmawkie.dz\/fr\/\"},{\"@type\":\"ListItem\",\"position\":2,\"name\":\"Batna : l\u2019EPH d\u2019A\u00efn Touta organise la 8\u1d49 \u00e9dition des journ\u00e9es chirurgicales d\u00e9di\u00e9es aux malformations cong\u00e9nitales infantiles\"}]},{\"@type\":\"WebSite\",\"@id\":\"https:\/\/elmawkie.dz\/fr\/#website\",\"url\":\"https:\/\/elmawkie.dz\/fr\/\",\"name\":\"EL MAWKIE\",\"description\":\"Journal \u00c9lectronique Alg\u00e9rien\",\"publisher\":{\"@id\":\"https:\/\/elmawkie.dz\/fr\/#organization\"},\"potentialAction\":[{\"@type\":\"SearchAction\",\"target\":{\"@type\":\"EntryPoint\",\"urlTemplate\":\"https:\/\/elmawkie.dz\/fr\/?s={search_term_string}\"},\"query-input\":\"required name=search_term_string\"}],\"inLanguage\":\"fr-FR\"},{\"@type\":\"Organization\",\"@id\":\"https:\/\/elmawkie.dz\/fr\/#organization\",\"name\":\"EL MAWKIE\",\"url\":\"https:\/\/elmawkie.dz\/fr\/\",\"logo\":{\"@type\":\"ImageObject\",\"inLanguage\":\"fr-FR\",\"@id\":\"https:\/\/elmawkie.dz\/fr\/#\/schema\/logo\/image\/\",\"url\":\"https:\/\/elmawkie.dz\/fr\/wp-content\/uploads\/2024\/05\/logo1.png\",\"contentUrl\":\"https:\/\/elmawkie.dz\/fr\/wp-content\/uploads\/2024\/05\/logo1.png\",\"width\":1648,\"height\":652,\"caption\":\"EL MAWKIE\"},\"image\":{\"@id\":\"https:\/\/elmawkie.dz\/fr\/#\/schema\/logo\/image\/\"},\"sameAs\":[\"https:\/\/www.facebook.com\/profile.php?id=100088407094989&locale=fr_FR\"]},{\"@type\":\"Person\",\"@id\":\"https:\/\/elmawkie.dz\/fr\/#\/schema\/person\/e7bd59d6467874ba5c4723d8a9f0a63c\",\"name\":\"R\u00e9daction\",\"image\":{\"@type\":\"ImageObject\",\"inLanguage\":\"fr-FR\",\"@id\":\"https:\/\/elmawkie.dz\/fr\/#\/schema\/person\/image\/\",\"url\":\"https:\/\/secure.gravatar.com\/avatar\/f0f773456344da4d2788c054a3d30a0c?s=96&d=mm&r=g\",\"contentUrl\":\"https:\/\/secure.gravatar.com\/avatar\/f0f773456344da4d2788c054a3d30a0c?s=96&d=mm&r=g\",\"caption\":\"R\u00e9daction\"},\"url\":\"https:\/\/elmawkie.dz\/fr\/author\/redaction\/\"}]}<\/script>\n<!-- \/ Yoast SEO Premium plugin. -->","yoast_head_json":{"title":"Batna : l\u2019EPH d\u2019A\u00efn Touta organise la 8\u1d49 \u00e9dition des journ\u00e9es chirurgicales d\u00e9di\u00e9es aux malformations cong\u00e9nitales infantiles - El Mawkie","robots":{"index":"index","follow":"follow","max-snippet":"max-snippet:-1","max-image-preview":"max-image-preview:large","max-video-preview":"max-video-preview:-1"},"canonical":"https:\/\/elmawkie.dz\/fr\/batna-leph-dain-touta-organise-la-8\u1d49-edition-des-journees-chirurgicales-dediees-aux-malformations-congenitales-infantiles\/","og_locale":"fr_FR","og_type":"article","og_title":"Batna : l\u2019EPH d\u2019A\u00efn Touta organise la 8\u1d49 \u00e9dition des journ\u00e9es chirurgicales d\u00e9di\u00e9es aux malformations cong\u00e9nitales infantiles","og_description":"L\u2019\u00c9tablissement public hospitalier d\u2019A\u00efn Touta, dans la wilaya de Batna, se pr\u00e9pare \u00e0 accueillir du 26 au 30 novembre la 8\u1d49 \u00e9dition des journ\u00e9es chirurgicales consacr\u00e9es aux malformations cong\u00e9nitales compliqu\u00e9es chez les enfants. Selon le directeur de l\u2019EPH, Noureddine Nefissi, tous les moyens humains et techniques n\u00e9cessaires ont \u00e9t\u00e9 mobilis\u00e9s pour assurer la r\u00e9ussite de &hellip;","og_url":"https:\/\/elmawkie.dz\/fr\/batna-leph-dain-touta-organise-la-8\u1d49-edition-des-journees-chirurgicales-dediees-aux-malformations-congenitales-infantiles\/","og_site_name":"El Mawkie","article_publisher":"https:\/\/www.facebook.com\/profile.php?id=100088407094989&locale=fr_FR","article_published_time":"2025-11-16T15:24:45+00:00","article_modified_time":"2025-11-16T15:24:47+00:00","og_image":[{"width":537,"height":391,"url":"https:\/\/elmawkie.dz\/fr\/wp-content\/uploads\/2025\/11\/IMG_1966.png","type":"image\/png"}],"author":"R\u00e9daction","twitter_card":"summary_large_image","twitter_misc":{"Written by":"R\u00e9daction","Est. reading time":"2 minutes"},"schema":{"@context":"https:\/\/schema.org","@graph":[{"@type":"Article","@id":"https:\/\/elmawkie.dz\/fr\/batna-leph-dain-touta-organise-la-8%e1%b5%89-edition-des-journees-chirurgicales-dediees-aux-malformations-congenitales-infantiles\/#article","isPartOf":{"@id":"https:\/\/elmawkie.dz\/fr\/batna-leph-dain-touta-organise-la-8%e1%b5%89-edition-des-journees-chirurgicales-dediees-aux-malformations-congenitales-infantiles\/"},"author":{"name":"R\u00e9daction","@id":"https:\/\/elmawkie.dz\/fr\/#\/schema\/person\/e7bd59d6467874ba5c4723d8a9f0a63c"},"headline":"Batna : l\u2019EPH d\u2019A\u00efn Touta organise la 8\u1d49 \u00e9dition des journ\u00e9es chirurgicales d\u00e9di\u00e9es aux malformations cong\u00e9nitales infantiles","datePublished":"2025-11-16T15:24:45+00:00","dateModified":"2025-11-16T15:24:47+00:00","mainEntityOfPage":{"@id":"https:\/\/elmawkie.dz\/fr\/batna-leph-dain-touta-organise-la-8%e1%b5%89-edition-des-journees-chirurgicales-dediees-aux-malformations-congenitales-infantiles\/"},"wordCount":274,"commentCount":0,"publisher":{"@id":"https:\/\/elmawkie.dz\/fr\/#organization"},"image":{"@id":"https:\/\/elmawkie.dz\/fr\/batna-leph-dain-touta-organise-la-8%e1%b5%89-edition-des-journees-chirurgicales-dediees-aux-malformations-congenitales-infantiles\/#primaryimage"},"thumbnailUrl":"https:\/\/elmawkie.dz\/fr\/wp-content\/uploads\/2025\/11\/IMG_1966.png","keywords":["A\u00efn Touta","Batna","L\u2019EPH"],"articleSection":["R\u00e9gion"],"inLanguage":"fr-FR","potentialAction":[{"@type":"CommentAction","name":"Comment","target":["https:\/\/elmawkie.dz\/fr\/batna-leph-dain-touta-organise-la-8%e1%b5%89-edition-des-journees-chirurgicales-dediees-aux-malformations-congenitales-infantiles\/#respond"]}]},{"@type":"WebPage","@id":"https:\/\/elmawkie.dz\/fr\/batna-leph-dain-touta-organise-la-8%e1%b5%89-edition-des-journees-chirurgicales-dediees-aux-malformations-congenitales-infantiles\/","url":"https:\/\/elmawkie.dz\/fr\/batna-leph-dain-touta-organise-la-8%e1%b5%89-edition-des-journees-chirurgicales-dediees-aux-malformations-congenitales-infantiles\/","name":"Batna : l\u2019EPH d\u2019A\u00efn Touta organise la 8\u1d49 \u00e9dition des journ\u00e9es chirurgicales d\u00e9di\u00e9es aux malformations cong\u00e9nitales infantiles - El Mawkie","isPartOf":{"@id":"https:\/\/elmawkie.dz\/fr\/#website"},"primaryImageOfPage":{"@id":"https:\/\/elmawkie.dz\/fr\/batna-leph-dain-touta-organise-la-8%e1%b5%89-edition-des-journees-chirurgicales-dediees-aux-malformations-congenitales-infantiles\/#primaryimage"},"image":{"@id":"https:\/\/elmawkie.dz\/fr\/batna-leph-dain-touta-organise-la-8%e1%b5%89-edition-des-journees-chirurgicales-dediees-aux-malformations-congenitales-infantiles\/#primaryimage"},"thumbnailUrl":"https:\/\/elmawkie.dz\/fr\/wp-content\/uploads\/2025\/11\/IMG_1966.png","datePublished":"2025-11-16T15:24:45+00:00","dateModified":"2025-11-16T15:24:47+00:00","breadcrumb":{"@id":"https:\/\/elmawkie.dz\/fr\/batna-leph-dain-touta-organise-la-8%e1%b5%89-edition-des-journees-chirurgicales-dediees-aux-malformations-congenitales-infantiles\/#breadcrumb"},"inLanguage":"fr-FR","potentialAction":[{"@type":"ReadAction","target":["https:\/\/elmawkie.dz\/fr\/batna-leph-dain-touta-organise-la-8%e1%b5%89-edition-des-journees-chirurgicales-dediees-aux-malformations-congenitales-infantiles\/"]}]},{"@type":"ImageObject","inLanguage":"fr-FR","@id":"https:\/\/elmawkie.dz\/fr\/batna-leph-dain-touta-organise-la-8%e1%b5%89-edition-des-journees-chirurgicales-dediees-aux-malformations-congenitales-infantiles\/#primaryimage","url":"https:\/\/elmawkie.dz\/fr\/wp-content\/uploads\/2025\/11\/IMG_1966.png","contentUrl":"https:\/\/elmawkie.dz\/fr\/wp-content\/uploads\/2025\/11\/IMG_1966.png","width":537,"height":391},{"@type":"BreadcrumbList","@id":"https:\/\/elmawkie.dz\/fr\/batna-leph-dain-touta-organise-la-8%e1%b5%89-edition-des-journees-chirurgicales-dediees-aux-malformations-congenitales-infantiles\/#breadcrumb","itemListElement":[{"@type":"ListItem","position":1,"name":"Home","item":"https:\/\/elmawkie.dz\/fr\/"},{"@type":"ListItem","position":2,"name":"Batna : l\u2019EPH d\u2019A\u00efn Touta organise la 8\u1d49 \u00e9dition des journ\u00e9es chirurgicales d\u00e9di\u00e9es aux malformations cong\u00e9nitales infantiles"}]},{"@type":"WebSite","@id":"https:\/\/elmawkie.dz\/fr\/#website","url":"https:\/\/elmawkie.dz\/fr\/","name":"EL MAWKIE","description":"Journal \u00c9lectronique Alg\u00e9rien","publisher":{"@id":"https:\/\/elmawkie.dz\/fr\/#organization"},"potentialAction":[{"@type":"SearchAction","target":{"@type":"EntryPoint","urlTemplate":"https:\/\/elmawkie.dz\/fr\/?s={search_term_string}"},"query-input":"required name=search_term_string"}],"inLanguage":"fr-FR"},{"@type":"Organization","@id":"https:\/\/elmawkie.dz\/fr\/#organization","name":"EL MAWKIE","url":"https:\/\/elmawkie.dz\/fr\/","logo":{"@type":"ImageObject","inLanguage":"fr-FR","@id":"https:\/\/elmawkie.dz\/fr\/#\/schema\/logo\/image\/","url":"https:\/\/elmawkie.dz\/fr\/wp-content\/uploads\/2024\/05\/logo1.png","contentUrl":"https:\/\/elmawkie.dz\/fr\/wp-content\/uploads\/2024\/05\/logo1.png","width":1648,"height":652,"caption":"EL MAWKIE"},"image":{"@id":"https:\/\/elmawkie.dz\/fr\/#\/schema\/logo\/image\/"},"sameAs":["https:\/\/www.facebook.com\/profile.php?id=100088407094989&locale=fr_FR"]},{"@type":"Person","@id":"https:\/\/elmawkie.dz\/fr\/#\/schema\/person\/e7bd59d6467874ba5c4723d8a9f0a63c","name":"R\u00e9daction","image":{"@type":"ImageObject","inLanguage":"fr-FR","@id":"https:\/\/elmawkie.dz\/fr\/#\/schema\/person\/image\/","url":"https:\/\/secure.gravatar.com\/avatar\/f0f773456344da4d2788c054a3d30a0c?s=96&d=mm&r=g","contentUrl":"https:\/\/secure.gravatar.com\/avatar\/f0f773456344da4d2788c054a3d30a0c?s=96&d=mm&r=g","caption":"R\u00e9daction"},"url":"https:\/\/elmawkie.dz\/fr\/author\/redaction\/"}]}},"_links":{"self":[{"href":"https:\/\/elmawkie.dz\/fr\/wp-json\/wp\/v2\/posts\/58810","targetHints":{"allow":["GET"]}}],"collection":[{"href":"https:\/\/elmawkie.dz\/fr\/wp-json\/wp\/v2\/posts"}],"about":[{"href":"https:\/\/elmawkie.dz\/fr\/wp-json\/wp\/v2\/types\/post"}],"author":[{"embeddable":true,"href":"https:\/\/elmawkie.dz\/fr\/wp-json\/wp\/v2\/users\/9"}],"replies":[{"embeddable":true,"href":"https:\/\/elmawkie.dz\/fr\/wp-json\/wp\/v2\/comments?post=58810"}],"version-history":[{"count":1,"href":"https:\/\/elmawkie.dz\/fr\/wp-json\/wp\/v2\/posts\/58810\/revisions"}],"predecessor-version":[{"id":58813,"href":"https:\/\/elmawkie.dz\/fr\/wp-json\/wp\/v2\/posts\/58810\/revisions\/58813"}],"wp:featuredmedia":[{"embeddable":true,"href":"https:\/\/elmawkie.dz\/fr\/wp-json\/wp\/v2\/media\/58812"}],"wp:attachment":[{"href":"https:\/\/elmawkie.dz\/fr\/wp-json\/wp\/v2\/media?parent=58810"}],"wp:term":[{"taxonomy":"category","embeddable":true,"href":"https:\/\/elmawkie.dz\/fr\/wp-json\/wp\/v2\/categories?post=58810"},{"taxonomy":"post_tag","embeddable":true,"href":"https:\/\/elmawkie.dz\/fr\/wp-json\/wp\/v2\/tags?post=58810"}],"curies":[{"name":"wp","href":"https:\/\/api.w.org\/{rel}","templated":true}]}}