{"id":58559,"date":"2025-11-09T16:14:09","date_gmt":"2025-11-09T15:14:09","guid":{"rendered":"https:\/\/elmawkie.dz\/fr\/?p=58559"},"modified":"2025-11-09T16:14:10","modified_gmt":"2025-11-09T15:14:10","slug":"tlemcen-demarrage-de-nouvelles-sessions-de-formation-au-profit-des-commercants-et-operateurs-economiques","status":"publish","type":"post","link":"https:\/\/elmawkie.dz\/fr\/tlemcen-demarrage-de-nouvelles-sessions-de-formation-au-profit-des-commercants-et-operateurs-economiques\/","title":{"rendered":"Tlemcen : D\u00e9marrage de nouvelles sessions de formation au profit des commer\u00e7ants et op\u00e9rateurs \u00e9conomiques"},"content":{"rendered":"\n<p><strong>La Chambre de commerce et d\u2019industrie \u00ab\u00a0Tafna\u00a0\u00bb de la wilaya de Tlemcen a lanc\u00e9 plusieurs formations destin\u00e9es aux commer\u00e7ants et op\u00e9rateurs \u00e9conomiques, a indiqu\u00e9, dimanche, son directeur, Zakaria Sa\u00efdani. M. Sa\u00efdani a soulign\u00e9 que la Chambre de commerce et d\u2019industrie \u00ab\u00a0Tafna\u00a0\u00bb oeuvrait \u00e0 accompagner les commer\u00e7ants et op\u00e9rateurs \u00e9conomiques en leur offrant des opportunit\u00e9s de formation afin de s\u2019adapter aux \u00e9volutions actuelles. <br><\/strong>Ces formations en pr\u00e9sentiel, dispens\u00e9es au sein de l\u2019\u00e9cole rattach\u00e9e \u00e0 la Chambre, permettent aux participants d\u2019obtenir des certificats reconnus, a-t-il soulign\u00e9. L\u2019\u00e9cole, relanc\u00e9e apr\u00e8s une interruption de sept ans, fonctionne d\u00e9sormais dans le cadre d\u2019une convention sign\u00e9e avec le secteur de la formation et de l\u2019enseignement professionnels, ce qui rend les formations propos\u00e9es reconnues aussi bien en Alg\u00e9rie qu\u2019\u00e0 l\u2019\u00e9tranger, selon le m\u00eame responsable. Ce dispositif de formation concerne \u00e9galement des employ\u00e9s d\u2019entreprises priv\u00e9es, dans le cadre de programmes de recyclage destin\u00e9s \u00e0 renforcer leurs comp\u00e9tences et capacit\u00e9s professionnelles dans leurs domaines d\u2019activit\u00e9. Parmi les sp\u00e9cialit\u00e9s offertes dans le cadre de la formation r\u00e9sidentielle, d\u2019une dur\u00e9e de trois ans, dont six mois de stage pratique, figurent notamment celles de technicien sup\u00e9rieur en marketing, comptabilit\u00e9, gestion, informatique et langues \u00e9trang\u00e8res, notamment l\u2019anglais, l\u2019espagnol et l\u2019allemand. <br>La langue chinoise sera prochainement introduite, afin de faciliter la communication des commer\u00e7ants et op\u00e9rateurs \u00e9conomiques \u00e0 l\u2019international, a ajout\u00e9 M. Sa\u00efdani. La Chambre a \u00e9galement programm\u00e9 des formations de courte dur\u00e9e, destin\u00e9es aux employ\u00e9s des entreprises \u00e9conomiques, dans des domaines tels que la gestion des ressources humaines, la comptabilit\u00e9, ainsi que la pr\u00e9vention et la s\u00e9curit\u00e9, d\u2019une dur\u00e9e de deux \u00e0 trois semaines. A noter que la Chambre de commerce et d\u2019industrie de Tlemcen compte plus de 100 commer\u00e7ants et op\u00e9rateurs \u00e9conomiques affili\u00e9s.<\/p>\n","protected":false},"excerpt":{"rendered":"<p>La Chambre de commerce et d\u2019industrie \u00ab\u00a0Tafna\u00a0\u00bb de la wilaya de Tlemcen a lanc\u00e9 plusieurs formations destin\u00e9es aux commer\u00e7ants et op\u00e9rateurs \u00e9conomiques, a indiqu\u00e9, dimanche, son directeur, Zakaria Sa\u00efdani. M. Sa\u00efdani a soulign\u00e9 que la Chambre de commerce et d\u2019industrie \u00ab\u00a0Tafna\u00a0\u00bb oeuvrait \u00e0 accompagner les commer\u00e7ants et op\u00e9rateurs \u00e9conomiques en leur offrant des opportunit\u00e9s de &hellip;<\/p>\n","protected":false},"author":9,"featured_media":58561,"comment_status":"open","ping_status":"open","sticky":false,"template":"","format":"standard","meta":{"footnotes":""},"categories":[50],"tags":[],"class_list":["post-58559","post","type-post","status-publish","format-standard","has-post-thumbnail","hentry","category-region"],"yoast_head":"<!-- This site is optimized with the Yoast SEO Premium plugin v22.6 (Yoast SEO v22.6) - https:\/\/yoast.com\/wordpress\/plugins\/seo\/ -->\n<title>Tlemcen : D\u00e9marrage de nouvelles sessions de formation au profit des commer\u00e7ants et op\u00e9rateurs \u00e9conomiques - El Mawkie<\/title>\n<meta name=\"robots\" content=\"index, follow, max-snippet:-1, max-image-preview:large, max-video-preview:-1\" \/>\n<link rel=\"canonical\" href=\"https:\/\/elmawkie.dz\/fr\/tlemcen-demarrage-de-nouvelles-sessions-de-formation-au-profit-des-commercants-et-operateurs-economiques\/\" \/>\n<meta property=\"og:locale\" content=\"fr_FR\" \/>\n<meta property=\"og:type\" content=\"article\" \/>\n<meta property=\"og:title\" content=\"Tlemcen : D\u00e9marrage de nouvelles sessions de formation au profit des commer\u00e7ants et op\u00e9rateurs \u00e9conomiques\" \/>\n<meta property=\"og:description\" content=\"La Chambre de commerce et d\u2019industrie \u00ab\u00a0Tafna\u00a0\u00bb de la wilaya de Tlemcen a lanc\u00e9 plusieurs formations destin\u00e9es aux commer\u00e7ants et op\u00e9rateurs \u00e9conomiques, a indiqu\u00e9, dimanche, son directeur, Zakaria Sa\u00efdani. M. Sa\u00efdani a soulign\u00e9 que la Chambre de commerce et d\u2019industrie \u00ab\u00a0Tafna\u00a0\u00bb oeuvrait \u00e0 accompagner les commer\u00e7ants et op\u00e9rateurs \u00e9conomiques en leur offrant des opportunit\u00e9s de &hellip;\" \/>\n<meta property=\"og:url\" content=\"https:\/\/elmawkie.dz\/fr\/tlemcen-demarrage-de-nouvelles-sessions-de-formation-au-profit-des-commercants-et-operateurs-economiques\/\" \/>\n<meta property=\"og:site_name\" content=\"El Mawkie\" \/>\n<meta property=\"article:publisher\" content=\"https:\/\/www.facebook.com\/profile.php?id=100088407094989&amp;locale=fr_FR\" \/>\n<meta property=\"article:published_time\" content=\"2025-11-09T15:14:09+00:00\" \/>\n<meta property=\"article:modified_time\" content=\"2025-11-09T15:14:10+00:00\" \/>\n<meta property=\"og:image\" content=\"https:\/\/elmawkie.dz\/fr\/wp-content\/uploads\/2025\/11\/IMG_1210.jpeg\" \/>\n\t<meta property=\"og:image:width\" content=\"1080\" \/>\n\t<meta property=\"og:image:height\" content=\"720\" \/>\n\t<meta property=\"og:image:type\" content=\"image\/jpeg\" \/>\n<meta name=\"author\" content=\"R\u00e9daction\" \/>\n<meta name=\"twitter:card\" content=\"summary_large_image\" \/>\n<meta name=\"twitter:label1\" content=\"Written by\" \/>\n\t<meta name=\"twitter:data1\" content=\"R\u00e9daction\" \/>\n\t<meta name=\"twitter:label2\" content=\"Est. reading time\" \/>\n\t<meta name=\"twitter:data2\" content=\"2 minutes\" \/>\n<script type=\"application\/ld+json\" class=\"yoast-schema-graph\">{\"@context\":\"https:\/\/schema.org\",\"@graph\":[{\"@type\":\"Article\",\"@id\":\"https:\/\/elmawkie.dz\/fr\/tlemcen-demarrage-de-nouvelles-sessions-de-formation-au-profit-des-commercants-et-operateurs-economiques\/#article\",\"isPartOf\":{\"@id\":\"https:\/\/elmawkie.dz\/fr\/tlemcen-demarrage-de-nouvelles-sessions-de-formation-au-profit-des-commercants-et-operateurs-economiques\/\"},\"author\":{\"name\":\"R\u00e9daction\",\"@id\":\"https:\/\/elmawkie.dz\/fr\/#\/schema\/person\/e7bd59d6467874ba5c4723d8a9f0a63c\"},\"headline\":\"Tlemcen : D\u00e9marrage de nouvelles sessions de formation au profit des commer\u00e7ants et op\u00e9rateurs \u00e9conomiques\",\"datePublished\":\"2025-11-09T15:14:09+00:00\",\"dateModified\":\"2025-11-09T15:14:10+00:00\",\"mainEntityOfPage\":{\"@id\":\"https:\/\/elmawkie.dz\/fr\/tlemcen-demarrage-de-nouvelles-sessions-de-formation-au-profit-des-commercants-et-operateurs-economiques\/\"},\"wordCount\":351,\"commentCount\":0,\"publisher\":{\"@id\":\"https:\/\/elmawkie.dz\/fr\/#organization\"},\"image\":{\"@id\":\"https:\/\/elmawkie.dz\/fr\/tlemcen-demarrage-de-nouvelles-sessions-de-formation-au-profit-des-commercants-et-operateurs-economiques\/#primaryimage\"},\"thumbnailUrl\":\"https:\/\/elmawkie.dz\/fr\/wp-content\/uploads\/2025\/11\/IMG_1210.jpeg\",\"articleSection\":[\"R\u00e9gion\"],\"inLanguage\":\"fr-FR\",\"potentialAction\":[{\"@type\":\"CommentAction\",\"name\":\"Comment\",\"target\":[\"https:\/\/elmawkie.dz\/fr\/tlemcen-demarrage-de-nouvelles-sessions-de-formation-au-profit-des-commercants-et-operateurs-economiques\/#respond\"]}]},{\"@type\":\"WebPage\",\"@id\":\"https:\/\/elmawkie.dz\/fr\/tlemcen-demarrage-de-nouvelles-sessions-de-formation-au-profit-des-commercants-et-operateurs-economiques\/\",\"url\":\"https:\/\/elmawkie.dz\/fr\/tlemcen-demarrage-de-nouvelles-sessions-de-formation-au-profit-des-commercants-et-operateurs-economiques\/\",\"name\":\"Tlemcen : D\u00e9marrage de nouvelles sessions de formation au profit des commer\u00e7ants et op\u00e9rateurs \u00e9conomiques - El Mawkie\",\"isPartOf\":{\"@id\":\"https:\/\/elmawkie.dz\/fr\/#website\"},\"primaryImageOfPage\":{\"@id\":\"https:\/\/elmawkie.dz\/fr\/tlemcen-demarrage-de-nouvelles-sessions-de-formation-au-profit-des-commercants-et-operateurs-economiques\/#primaryimage\"},\"image\":{\"@id\":\"https:\/\/elmawkie.dz\/fr\/tlemcen-demarrage-de-nouvelles-sessions-de-formation-au-profit-des-commercants-et-operateurs-economiques\/#primaryimage\"},\"thumbnailUrl\":\"https:\/\/elmawkie.dz\/fr\/wp-content\/uploads\/2025\/11\/IMG_1210.jpeg\",\"datePublished\":\"2025-11-09T15:14:09+00:00\",\"dateModified\":\"2025-11-09T15:14:10+00:00\",\"breadcrumb\":{\"@id\":\"https:\/\/elmawkie.dz\/fr\/tlemcen-demarrage-de-nouvelles-sessions-de-formation-au-profit-des-commercants-et-operateurs-economiques\/#breadcrumb\"},\"inLanguage\":\"fr-FR\",\"potentialAction\":[{\"@type\":\"ReadAction\",\"target\":[\"https:\/\/elmawkie.dz\/fr\/tlemcen-demarrage-de-nouvelles-sessions-de-formation-au-profit-des-commercants-et-operateurs-economiques\/\"]}]},{\"@type\":\"ImageObject\",\"inLanguage\":\"fr-FR\",\"@id\":\"https:\/\/elmawkie.dz\/fr\/tlemcen-demarrage-de-nouvelles-sessions-de-formation-au-profit-des-commercants-et-operateurs-economiques\/#primaryimage\",\"url\":\"https:\/\/elmawkie.dz\/fr\/wp-content\/uploads\/2025\/11\/IMG_1210.jpeg\",\"contentUrl\":\"https:\/\/elmawkie.dz\/fr\/wp-content\/uploads\/2025\/11\/IMG_1210.jpeg\",\"width\":1080,\"height\":720},{\"@type\":\"BreadcrumbList\",\"@id\":\"https:\/\/elmawkie.dz\/fr\/tlemcen-demarrage-de-nouvelles-sessions-de-formation-au-profit-des-commercants-et-operateurs-economiques\/#breadcrumb\",\"itemListElement\":[{\"@type\":\"ListItem\",\"position\":1,\"name\":\"Home\",\"item\":\"https:\/\/elmawkie.dz\/fr\/\"},{\"@type\":\"ListItem\",\"position\":2,\"name\":\"Tlemcen : D\u00e9marrage de nouvelles sessions de formation au profit des commer\u00e7ants et op\u00e9rateurs \u00e9conomiques\"}]},{\"@type\":\"WebSite\",\"@id\":\"https:\/\/elmawkie.dz\/fr\/#website\",\"url\":\"https:\/\/elmawkie.dz\/fr\/\",\"name\":\"EL MAWKIE\",\"description\":\"Journal \u00c9lectronique Alg\u00e9rien\",\"publisher\":{\"@id\":\"https:\/\/elmawkie.dz\/fr\/#organization\"},\"potentialAction\":[{\"@type\":\"SearchAction\",\"target\":{\"@type\":\"EntryPoint\",\"urlTemplate\":\"https:\/\/elmawkie.dz\/fr\/?s={search_term_string}\"},\"query-input\":\"required name=search_term_string\"}],\"inLanguage\":\"fr-FR\"},{\"@type\":\"Organization\",\"@id\":\"https:\/\/elmawkie.dz\/fr\/#organization\",\"name\":\"EL MAWKIE\",\"url\":\"https:\/\/elmawkie.dz\/fr\/\",\"logo\":{\"@type\":\"ImageObject\",\"inLanguage\":\"fr-FR\",\"@id\":\"https:\/\/elmawkie.dz\/fr\/#\/schema\/logo\/image\/\",\"url\":\"https:\/\/elmawkie.dz\/fr\/wp-content\/uploads\/2024\/05\/logo1.png\",\"contentUrl\":\"https:\/\/elmawkie.dz\/fr\/wp-content\/uploads\/2024\/05\/logo1.png\",\"width\":1648,\"height\":652,\"caption\":\"EL MAWKIE\"},\"image\":{\"@id\":\"https:\/\/elmawkie.dz\/fr\/#\/schema\/logo\/image\/\"},\"sameAs\":[\"https:\/\/www.facebook.com\/profile.php?id=100088407094989&locale=fr_FR\"]},{\"@type\":\"Person\",\"@id\":\"https:\/\/elmawkie.dz\/fr\/#\/schema\/person\/e7bd59d6467874ba5c4723d8a9f0a63c\",\"name\":\"R\u00e9daction\",\"image\":{\"@type\":\"ImageObject\",\"inLanguage\":\"fr-FR\",\"@id\":\"https:\/\/elmawkie.dz\/fr\/#\/schema\/person\/image\/\",\"url\":\"https:\/\/secure.gravatar.com\/avatar\/f0f773456344da4d2788c054a3d30a0c?s=96&d=mm&r=g\",\"contentUrl\":\"https:\/\/secure.gravatar.com\/avatar\/f0f773456344da4d2788c054a3d30a0c?s=96&d=mm&r=g\",\"caption\":\"R\u00e9daction\"},\"url\":\"https:\/\/elmawkie.dz\/fr\/author\/redaction\/\"}]}<\/script>\n<!-- \/ Yoast SEO Premium plugin. -->","yoast_head_json":{"title":"Tlemcen : D\u00e9marrage de nouvelles sessions de formation au profit des commer\u00e7ants et op\u00e9rateurs \u00e9conomiques - El Mawkie","robots":{"index":"index","follow":"follow","max-snippet":"max-snippet:-1","max-image-preview":"max-image-preview:large","max-video-preview":"max-video-preview:-1"},"canonical":"https:\/\/elmawkie.dz\/fr\/tlemcen-demarrage-de-nouvelles-sessions-de-formation-au-profit-des-commercants-et-operateurs-economiques\/","og_locale":"fr_FR","og_type":"article","og_title":"Tlemcen : D\u00e9marrage de nouvelles sessions de formation au profit des commer\u00e7ants et op\u00e9rateurs \u00e9conomiques","og_description":"La Chambre de commerce et d\u2019industrie \u00ab\u00a0Tafna\u00a0\u00bb de la wilaya de Tlemcen a lanc\u00e9 plusieurs formations destin\u00e9es aux commer\u00e7ants et op\u00e9rateurs \u00e9conomiques, a indiqu\u00e9, dimanche, son directeur, Zakaria Sa\u00efdani. M. Sa\u00efdani a soulign\u00e9 que la Chambre de commerce et d\u2019industrie \u00ab\u00a0Tafna\u00a0\u00bb oeuvrait \u00e0 accompagner les commer\u00e7ants et op\u00e9rateurs \u00e9conomiques en leur offrant des opportunit\u00e9s de &hellip;","og_url":"https:\/\/elmawkie.dz\/fr\/tlemcen-demarrage-de-nouvelles-sessions-de-formation-au-profit-des-commercants-et-operateurs-economiques\/","og_site_name":"El Mawkie","article_publisher":"https:\/\/www.facebook.com\/profile.php?id=100088407094989&locale=fr_FR","article_published_time":"2025-11-09T15:14:09+00:00","article_modified_time":"2025-11-09T15:14:10+00:00","og_image":[{"width":1080,"height":720,"url":"https:\/\/elmawkie.dz\/fr\/wp-content\/uploads\/2025\/11\/IMG_1210.jpeg","type":"image\/jpeg"}],"author":"R\u00e9daction","twitter_card":"summary_large_image","twitter_misc":{"Written by":"R\u00e9daction","Est. reading time":"2 minutes"},"schema":{"@context":"https:\/\/schema.org","@graph":[{"@type":"Article","@id":"https:\/\/elmawkie.dz\/fr\/tlemcen-demarrage-de-nouvelles-sessions-de-formation-au-profit-des-commercants-et-operateurs-economiques\/#article","isPartOf":{"@id":"https:\/\/elmawkie.dz\/fr\/tlemcen-demarrage-de-nouvelles-sessions-de-formation-au-profit-des-commercants-et-operateurs-economiques\/"},"author":{"name":"R\u00e9daction","@id":"https:\/\/elmawkie.dz\/fr\/#\/schema\/person\/e7bd59d6467874ba5c4723d8a9f0a63c"},"headline":"Tlemcen : D\u00e9marrage de nouvelles sessions de formation au profit des commer\u00e7ants et op\u00e9rateurs \u00e9conomiques","datePublished":"2025-11-09T15:14:09+00:00","dateModified":"2025-11-09T15:14:10+00:00","mainEntityOfPage":{"@id":"https:\/\/elmawkie.dz\/fr\/tlemcen-demarrage-de-nouvelles-sessions-de-formation-au-profit-des-commercants-et-operateurs-economiques\/"},"wordCount":351,"commentCount":0,"publisher":{"@id":"https:\/\/elmawkie.dz\/fr\/#organization"},"image":{"@id":"https:\/\/elmawkie.dz\/fr\/tlemcen-demarrage-de-nouvelles-sessions-de-formation-au-profit-des-commercants-et-operateurs-economiques\/#primaryimage"},"thumbnailUrl":"https:\/\/elmawkie.dz\/fr\/wp-content\/uploads\/2025\/11\/IMG_1210.jpeg","articleSection":["R\u00e9gion"],"inLanguage":"fr-FR","potentialAction":[{"@type":"CommentAction","name":"Comment","target":["https:\/\/elmawkie.dz\/fr\/tlemcen-demarrage-de-nouvelles-sessions-de-formation-au-profit-des-commercants-et-operateurs-economiques\/#respond"]}]},{"@type":"WebPage","@id":"https:\/\/elmawkie.dz\/fr\/tlemcen-demarrage-de-nouvelles-sessions-de-formation-au-profit-des-commercants-et-operateurs-economiques\/","url":"https:\/\/elmawkie.dz\/fr\/tlemcen-demarrage-de-nouvelles-sessions-de-formation-au-profit-des-commercants-et-operateurs-economiques\/","name":"Tlemcen : D\u00e9marrage de nouvelles sessions de formation au profit des commer\u00e7ants et op\u00e9rateurs \u00e9conomiques - El Mawkie","isPartOf":{"@id":"https:\/\/elmawkie.dz\/fr\/#website"},"primaryImageOfPage":{"@id":"https:\/\/elmawkie.dz\/fr\/tlemcen-demarrage-de-nouvelles-sessions-de-formation-au-profit-des-commercants-et-operateurs-economiques\/#primaryimage"},"image":{"@id":"https:\/\/elmawkie.dz\/fr\/tlemcen-demarrage-de-nouvelles-sessions-de-formation-au-profit-des-commercants-et-operateurs-economiques\/#primaryimage"},"thumbnailUrl":"https:\/\/elmawkie.dz\/fr\/wp-content\/uploads\/2025\/11\/IMG_1210.jpeg","datePublished":"2025-11-09T15:14:09+00:00","dateModified":"2025-11-09T15:14:10+00:00","breadcrumb":{"@id":"https:\/\/elmawkie.dz\/fr\/tlemcen-demarrage-de-nouvelles-sessions-de-formation-au-profit-des-commercants-et-operateurs-economiques\/#breadcrumb"},"inLanguage":"fr-FR","potentialAction":[{"@type":"ReadAction","target":["https:\/\/elmawkie.dz\/fr\/tlemcen-demarrage-de-nouvelles-sessions-de-formation-au-profit-des-commercants-et-operateurs-economiques\/"]}]},{"@type":"ImageObject","inLanguage":"fr-FR","@id":"https:\/\/elmawkie.dz\/fr\/tlemcen-demarrage-de-nouvelles-sessions-de-formation-au-profit-des-commercants-et-operateurs-economiques\/#primaryimage","url":"https:\/\/elmawkie.dz\/fr\/wp-content\/uploads\/2025\/11\/IMG_1210.jpeg","contentUrl":"https:\/\/elmawkie.dz\/fr\/wp-content\/uploads\/2025\/11\/IMG_1210.jpeg","width":1080,"height":720},{"@type":"BreadcrumbList","@id":"https:\/\/elmawkie.dz\/fr\/tlemcen-demarrage-de-nouvelles-sessions-de-formation-au-profit-des-commercants-et-operateurs-economiques\/#breadcrumb","itemListElement":[{"@type":"ListItem","position":1,"name":"Home","item":"https:\/\/elmawkie.dz\/fr\/"},{"@type":"ListItem","position":2,"name":"Tlemcen : D\u00e9marrage de nouvelles sessions de formation au profit des commer\u00e7ants et op\u00e9rateurs \u00e9conomiques"}]},{"@type":"WebSite","@id":"https:\/\/elmawkie.dz\/fr\/#website","url":"https:\/\/elmawkie.dz\/fr\/","name":"EL MAWKIE","description":"Journal \u00c9lectronique Alg\u00e9rien","publisher":{"@id":"https:\/\/elmawkie.dz\/fr\/#organization"},"potentialAction":[{"@type":"SearchAction","target":{"@type":"EntryPoint","urlTemplate":"https:\/\/elmawkie.dz\/fr\/?s={search_term_string}"},"query-input":"required name=search_term_string"}],"inLanguage":"fr-FR"},{"@type":"Organization","@id":"https:\/\/elmawkie.dz\/fr\/#organization","name":"EL MAWKIE","url":"https:\/\/elmawkie.dz\/fr\/","logo":{"@type":"ImageObject","inLanguage":"fr-FR","@id":"https:\/\/elmawkie.dz\/fr\/#\/schema\/logo\/image\/","url":"https:\/\/elmawkie.dz\/fr\/wp-content\/uploads\/2024\/05\/logo1.png","contentUrl":"https:\/\/elmawkie.dz\/fr\/wp-content\/uploads\/2024\/05\/logo1.png","width":1648,"height":652,"caption":"EL MAWKIE"},"image":{"@id":"https:\/\/elmawkie.dz\/fr\/#\/schema\/logo\/image\/"},"sameAs":["https:\/\/www.facebook.com\/profile.php?id=100088407094989&locale=fr_FR"]},{"@type":"Person","@id":"https:\/\/elmawkie.dz\/fr\/#\/schema\/person\/e7bd59d6467874ba5c4723d8a9f0a63c","name":"R\u00e9daction","image":{"@type":"ImageObject","inLanguage":"fr-FR","@id":"https:\/\/elmawkie.dz\/fr\/#\/schema\/person\/image\/","url":"https:\/\/secure.gravatar.com\/avatar\/f0f773456344da4d2788c054a3d30a0c?s=96&d=mm&r=g","contentUrl":"https:\/\/secure.gravatar.com\/avatar\/f0f773456344da4d2788c054a3d30a0c?s=96&d=mm&r=g","caption":"R\u00e9daction"},"url":"https:\/\/elmawkie.dz\/fr\/author\/redaction\/"}]}},"_links":{"self":[{"href":"https:\/\/elmawkie.dz\/fr\/wp-json\/wp\/v2\/posts\/58559","targetHints":{"allow":["GET"]}}],"collection":[{"href":"https:\/\/elmawkie.dz\/fr\/wp-json\/wp\/v2\/posts"}],"about":[{"href":"https:\/\/elmawkie.dz\/fr\/wp-json\/wp\/v2\/types\/post"}],"author":[{"embeddable":true,"href":"https:\/\/elmawkie.dz\/fr\/wp-json\/wp\/v2\/users\/9"}],"replies":[{"embeddable":true,"href":"https:\/\/elmawkie.dz\/fr\/wp-json\/wp\/v2\/comments?post=58559"}],"version-history":[{"count":1,"href":"https:\/\/elmawkie.dz\/fr\/wp-json\/wp\/v2\/posts\/58559\/revisions"}],"predecessor-version":[{"id":58562,"href":"https:\/\/elmawkie.dz\/fr\/wp-json\/wp\/v2\/posts\/58559\/revisions\/58562"}],"wp:featuredmedia":[{"embeddable":true,"href":"https:\/\/elmawkie.dz\/fr\/wp-json\/wp\/v2\/media\/58561"}],"wp:attachment":[{"href":"https:\/\/elmawkie.dz\/fr\/wp-json\/wp\/v2\/media?parent=58559"}],"wp:term":[{"taxonomy":"category","embeddable":true,"href":"https:\/\/elmawkie.dz\/fr\/wp-json\/wp\/v2\/categories?post=58559"},{"taxonomy":"post_tag","embeddable":true,"href":"https:\/\/elmawkie.dz\/fr\/wp-json\/wp\/v2\/tags?post=58559"}],"curies":[{"name":"wp","href":"https:\/\/api.w.org\/{rel}","templated":true}]}}