{"id":58555,"date":"2025-11-08T21:10:56","date_gmt":"2025-11-08T20:10:56","guid":{"rendered":"https:\/\/elmawkie.dz\/fr\/?p=58555"},"modified":"2025-11-08T21:10:57","modified_gmt":"2025-11-08T20:10:57","slug":"plus-de-600-etablissements-de-jeunesse-renoves-et-rehabilites-a-travers-le-pays","status":"publish","type":"post","link":"https:\/\/elmawkie.dz\/fr\/plus-de-600-etablissements-de-jeunesse-renoves-et-rehabilites-a-travers-le-pays\/","title":{"rendered":"Plus de 600 \u00e9tablissements de jeunesse r\u00e9nov\u00e9s et r\u00e9habilit\u00e9s \u00e0 travers le pays"},"content":{"rendered":"\n<p><strong>Le ministre de la Jeunesse, charg\u00e9 du Conseil sup\u00e9rieur de la jeunesse, Mustapha Hidaoui, a annonc\u00e9, samedi \u00e0 Blida, la r\u00e9habilitation et la r\u00e9novation de plus de 600 \u00e9tablissements de jeunes \u00e0 travers le territoire national, remis en service \u00e0 l&rsquo;occasion du lancement de la nouvelle saison d&rsquo;activit\u00e9s 2025\/2026. <\/strong><br>Dans une d\u00e9claration \u00e0 la presse, au terme d&rsquo;une visite de travail effectu\u00e9e dans la wilaya de Blida, au cours de laquelle il a donn\u00e9 le coup d&rsquo;envoi officiel de la saison d&rsquo;activit\u00e9s des \u00e9tablissements de jeunes 2025\/2026 depuis la maison de jeunes de Beni Merad, le ministre a pr\u00e9cis\u00e9 que plus de 600 \u00e9tablissements ont fait l&rsquo;objet d&rsquo;op\u00e9rations de r\u00e9habilitation et de r\u00e9novation avant d&rsquo;\u00eatre remis en service. Cette d\u00e9marche s&rsquo;inscrit dans le cadre des efforts visant \u00e0 promouvoir les espaces des jeunes et \u00e0 renforcer leur r\u00f4le dans le d\u00e9veloppement des comp\u00e9tences et de la cr\u00e9ativit\u00e9, a-t-il ajout\u00e9. <br>Il a, par ailleurs, soulign\u00e9 que cette saison, dont la pr\u00e9paration a d\u00e9but\u00e9 \u00ab\u00a0depuis une ann\u00e9e\u00a0\u00bb, a \u00e9t\u00e9 marqu\u00e9e par la mise en place d&rsquo;une nouvelle vision d&rsquo;animation au sein des \u00e9tablissements de jeunesse, visant \u00e0 attirer un plus grand nombre de jeunes, sous le slogan \u00ab\u00a0Renforcer l&rsquo;attractivit\u00e9 des \u00e9tablissements de jeunes pour mieux pr\u00e9parer et structurer la jeunesse alg\u00e9rienne\u00a0\u00bb. Le ministre a \u00e9galement \u00e9voqu\u00e9 la num\u00e9risation du secteur et la modernisation des \u00e9tablissements de jeunes \u00e0 travers le lancement d&rsquo;une plateforme et d&rsquo;un portail num\u00e9rique d\u00e9di\u00e9s \u00e0 ces structures, proposant aux jeunes \u00ab\u00a0un ensemble de nouvelles activit\u00e9s\u00a0\u00bb. <br>Il a pr\u00e9cis\u00e9 que ces programmes et activit\u00e9s sont de nature \u00e0 \u00ab\u00a0am\u00e9liorer le fonctionnement des \u00e9tablissements et les sortir de la l\u00e9thargie dans laquelle ils se trouvaient pour en faire des espaces attractifs pour la jeunesse\u00a0\u00bb. M. Hidaoui a, aussi, appel\u00e9 les jeunes et les \u00e9tudiants \u00e0 s&rsquo;impliquer dans cette d\u00e9marche, en participant \u00e0 l&rsquo;encadrement des diff\u00e9rentes activit\u00e9s et en cr\u00e9ant des clubs scientifiques dans les domaines de la robotique, le soroban et d&rsquo;autres disciplines suscitant l&rsquo;int\u00e9r\u00eat des jeunes. Il a, \u00e0 ce propos, annonc\u00e9 la cr\u00e9ation d&rsquo;une carte du jeune volontaire au sein des \u00e9tablissements de jeunes, donnant droit \u00e0 des avantages en mati\u00e8re de transport et \u00e0 une priorit\u00e9 \u00e0 l&#8217;emploi. <br>Le ministre s&rsquo;est rendu \u00e0 la maison de jeunes de Beni Merad, qualifi\u00e9e, par lui, de \u00ab\u00a0mod\u00e8le r\u00e9ussi en raison de la diversit\u00e9 de ses activit\u00e9s et clubs d\u00e9di\u00e9s aux jeunes\u00a0\u00bb, appelant \u00e0 g\u00e9n\u00e9raliser cette exp\u00e9rience \u00e0 l&rsquo;ensemble des maisons de jeunes de la wilaya, dans le cadre du programme des \u00e9tablissements pilotes de jeunes initi\u00e9 par son d\u00e9partement minist\u00e9riel qui vise \u00e0 atteindre le nombre de 1.500 \u00e9tablissements op\u00e9rationnels, \u00e0 la fin de l&rsquo;ann\u00e9e en cours. Dans la commune de Chr\u00e9a, le ministre a inaugur\u00e9 le camp de jeunes \u00ab\u00a0Chahid Mustapha Boutheldja\u00a0\u00bb, d&rsquo;une capacit\u00e9 d&rsquo;accueil de 50 lits, soulignant qu&rsquo;il constituera \u00ab\u00a0un acquis qualitatif, \u00e0 m\u00eame de renforcer la mobilit\u00e9 des jeunes et de contribuer \u00e0 la dynamisation du mouvement de jeunesse tant au niveau local que national\u00a0\u00bb.<\/p>\n","protected":false},"excerpt":{"rendered":"<p>Le ministre de la Jeunesse, charg\u00e9 du Conseil sup\u00e9rieur de la jeunesse, Mustapha Hidaoui, a annonc\u00e9, samedi \u00e0 Blida, la r\u00e9habilitation et la r\u00e9novation de plus de 600 \u00e9tablissements de jeunes \u00e0 travers le territoire national, remis en service \u00e0 l&rsquo;occasion du lancement de la nouvelle saison d&rsquo;activit\u00e9s 2025\/2026. Dans une d\u00e9claration \u00e0 la presse, &hellip;<\/p>\n","protected":false},"author":9,"featured_media":58557,"comment_status":"open","ping_status":"open","sticky":false,"template":"","format":"standard","meta":{"footnotes":""},"categories":[47],"tags":[5540,2378],"class_list":["post-58555","post","type-post","status-publish","format-standard","has-post-thumbnail","hentry","category-national","tag-600-etablissements","tag-jeunesse"],"yoast_head":"<!-- This site is optimized with the Yoast SEO Premium plugin v22.6 (Yoast SEO v22.6) - https:\/\/yoast.com\/wordpress\/plugins\/seo\/ -->\n<title>Plus de 600 \u00e9tablissements de jeunesse r\u00e9nov\u00e9s et r\u00e9habilit\u00e9s \u00e0 travers le pays - El Mawkie<\/title>\n<meta name=\"robots\" content=\"index, follow, max-snippet:-1, max-image-preview:large, max-video-preview:-1\" \/>\n<link rel=\"canonical\" href=\"https:\/\/elmawkie.dz\/fr\/plus-de-600-etablissements-de-jeunesse-renoves-et-rehabilites-a-travers-le-pays\/\" \/>\n<meta property=\"og:locale\" content=\"fr_FR\" \/>\n<meta property=\"og:type\" content=\"article\" \/>\n<meta property=\"og:title\" content=\"Plus de 600 \u00e9tablissements de jeunesse r\u00e9nov\u00e9s et r\u00e9habilit\u00e9s \u00e0 travers le pays\" \/>\n<meta property=\"og:description\" content=\"Le ministre de la Jeunesse, charg\u00e9 du Conseil sup\u00e9rieur de la jeunesse, Mustapha Hidaoui, a annonc\u00e9, samedi \u00e0 Blida, la r\u00e9habilitation et la r\u00e9novation de plus de 600 \u00e9tablissements de jeunes \u00e0 travers le territoire national, remis en service \u00e0 l&rsquo;occasion du lancement de la nouvelle saison d&rsquo;activit\u00e9s 2025\/2026. Dans une d\u00e9claration \u00e0 la presse, &hellip;\" \/>\n<meta property=\"og:url\" content=\"https:\/\/elmawkie.dz\/fr\/plus-de-600-etablissements-de-jeunesse-renoves-et-rehabilites-a-travers-le-pays\/\" \/>\n<meta property=\"og:site_name\" content=\"El Mawkie\" \/>\n<meta property=\"article:publisher\" content=\"https:\/\/www.facebook.com\/profile.php?id=100088407094989&amp;locale=fr_FR\" \/>\n<meta property=\"article:published_time\" content=\"2025-11-08T20:10:56+00:00\" \/>\n<meta property=\"article:modified_time\" content=\"2025-11-08T20:10:57+00:00\" \/>\n<meta property=\"og:image\" content=\"https:\/\/elmawkie.dz\/fr\/wp-content\/uploads\/2025\/11\/IMG_1170.jpeg\" \/>\n\t<meta property=\"og:image:width\" content=\"2048\" \/>\n\t<meta property=\"og:image:height\" content=\"1541\" \/>\n\t<meta property=\"og:image:type\" content=\"image\/jpeg\" \/>\n<meta name=\"author\" content=\"R\u00e9daction\" \/>\n<meta name=\"twitter:card\" content=\"summary_large_image\" \/>\n<meta name=\"twitter:label1\" content=\"Written by\" \/>\n\t<meta name=\"twitter:data1\" content=\"R\u00e9daction\" \/>\n\t<meta name=\"twitter:label2\" content=\"Est. reading time\" \/>\n\t<meta name=\"twitter:data2\" content=\"3 minutes\" \/>\n<script type=\"application\/ld+json\" class=\"yoast-schema-graph\">{\"@context\":\"https:\/\/schema.org\",\"@graph\":[{\"@type\":\"Article\",\"@id\":\"https:\/\/elmawkie.dz\/fr\/plus-de-600-etablissements-de-jeunesse-renoves-et-rehabilites-a-travers-le-pays\/#article\",\"isPartOf\":{\"@id\":\"https:\/\/elmawkie.dz\/fr\/plus-de-600-etablissements-de-jeunesse-renoves-et-rehabilites-a-travers-le-pays\/\"},\"author\":{\"name\":\"R\u00e9daction\",\"@id\":\"https:\/\/elmawkie.dz\/fr\/#\/schema\/person\/e7bd59d6467874ba5c4723d8a9f0a63c\"},\"headline\":\"Plus de 600 \u00e9tablissements de jeunesse r\u00e9nov\u00e9s et r\u00e9habilit\u00e9s \u00e0 travers le pays\",\"datePublished\":\"2025-11-08T20:10:56+00:00\",\"dateModified\":\"2025-11-08T20:10:57+00:00\",\"mainEntityOfPage\":{\"@id\":\"https:\/\/elmawkie.dz\/fr\/plus-de-600-etablissements-de-jeunesse-renoves-et-rehabilites-a-travers-le-pays\/\"},\"wordCount\":556,\"commentCount\":0,\"publisher\":{\"@id\":\"https:\/\/elmawkie.dz\/fr\/#organization\"},\"image\":{\"@id\":\"https:\/\/elmawkie.dz\/fr\/plus-de-600-etablissements-de-jeunesse-renoves-et-rehabilites-a-travers-le-pays\/#primaryimage\"},\"thumbnailUrl\":\"https:\/\/elmawkie.dz\/fr\/wp-content\/uploads\/2025\/11\/IMG_1170.jpeg\",\"keywords\":[\"600 \u00e9tablissements\",\"Jeunesse\"],\"articleSection\":[\"National\"],\"inLanguage\":\"fr-FR\",\"potentialAction\":[{\"@type\":\"CommentAction\",\"name\":\"Comment\",\"target\":[\"https:\/\/elmawkie.dz\/fr\/plus-de-600-etablissements-de-jeunesse-renoves-et-rehabilites-a-travers-le-pays\/#respond\"]}]},{\"@type\":\"WebPage\",\"@id\":\"https:\/\/elmawkie.dz\/fr\/plus-de-600-etablissements-de-jeunesse-renoves-et-rehabilites-a-travers-le-pays\/\",\"url\":\"https:\/\/elmawkie.dz\/fr\/plus-de-600-etablissements-de-jeunesse-renoves-et-rehabilites-a-travers-le-pays\/\",\"name\":\"Plus de 600 \u00e9tablissements de jeunesse r\u00e9nov\u00e9s et r\u00e9habilit\u00e9s \u00e0 travers le pays - El Mawkie\",\"isPartOf\":{\"@id\":\"https:\/\/elmawkie.dz\/fr\/#website\"},\"primaryImageOfPage\":{\"@id\":\"https:\/\/elmawkie.dz\/fr\/plus-de-600-etablissements-de-jeunesse-renoves-et-rehabilites-a-travers-le-pays\/#primaryimage\"},\"image\":{\"@id\":\"https:\/\/elmawkie.dz\/fr\/plus-de-600-etablissements-de-jeunesse-renoves-et-rehabilites-a-travers-le-pays\/#primaryimage\"},\"thumbnailUrl\":\"https:\/\/elmawkie.dz\/fr\/wp-content\/uploads\/2025\/11\/IMG_1170.jpeg\",\"datePublished\":\"2025-11-08T20:10:56+00:00\",\"dateModified\":\"2025-11-08T20:10:57+00:00\",\"breadcrumb\":{\"@id\":\"https:\/\/elmawkie.dz\/fr\/plus-de-600-etablissements-de-jeunesse-renoves-et-rehabilites-a-travers-le-pays\/#breadcrumb\"},\"inLanguage\":\"fr-FR\",\"potentialAction\":[{\"@type\":\"ReadAction\",\"target\":[\"https:\/\/elmawkie.dz\/fr\/plus-de-600-etablissements-de-jeunesse-renoves-et-rehabilites-a-travers-le-pays\/\"]}]},{\"@type\":\"ImageObject\",\"inLanguage\":\"fr-FR\",\"@id\":\"https:\/\/elmawkie.dz\/fr\/plus-de-600-etablissements-de-jeunesse-renoves-et-rehabilites-a-travers-le-pays\/#primaryimage\",\"url\":\"https:\/\/elmawkie.dz\/fr\/wp-content\/uploads\/2025\/11\/IMG_1170.jpeg\",\"contentUrl\":\"https:\/\/elmawkie.dz\/fr\/wp-content\/uploads\/2025\/11\/IMG_1170.jpeg\",\"width\":2048,\"height\":1541},{\"@type\":\"BreadcrumbList\",\"@id\":\"https:\/\/elmawkie.dz\/fr\/plus-de-600-etablissements-de-jeunesse-renoves-et-rehabilites-a-travers-le-pays\/#breadcrumb\",\"itemListElement\":[{\"@type\":\"ListItem\",\"position\":1,\"name\":\"Home\",\"item\":\"https:\/\/elmawkie.dz\/fr\/\"},{\"@type\":\"ListItem\",\"position\":2,\"name\":\"Plus de 600 \u00e9tablissements de jeunesse r\u00e9nov\u00e9s et r\u00e9habilit\u00e9s \u00e0 travers le pays\"}]},{\"@type\":\"WebSite\",\"@id\":\"https:\/\/elmawkie.dz\/fr\/#website\",\"url\":\"https:\/\/elmawkie.dz\/fr\/\",\"name\":\"EL MAWKIE\",\"description\":\"Journal \u00c9lectronique Alg\u00e9rien\",\"publisher\":{\"@id\":\"https:\/\/elmawkie.dz\/fr\/#organization\"},\"potentialAction\":[{\"@type\":\"SearchAction\",\"target\":{\"@type\":\"EntryPoint\",\"urlTemplate\":\"https:\/\/elmawkie.dz\/fr\/?s={search_term_string}\"},\"query-input\":\"required name=search_term_string\"}],\"inLanguage\":\"fr-FR\"},{\"@type\":\"Organization\",\"@id\":\"https:\/\/elmawkie.dz\/fr\/#organization\",\"name\":\"EL MAWKIE\",\"url\":\"https:\/\/elmawkie.dz\/fr\/\",\"logo\":{\"@type\":\"ImageObject\",\"inLanguage\":\"fr-FR\",\"@id\":\"https:\/\/elmawkie.dz\/fr\/#\/schema\/logo\/image\/\",\"url\":\"https:\/\/elmawkie.dz\/fr\/wp-content\/uploads\/2024\/05\/logo1.png\",\"contentUrl\":\"https:\/\/elmawkie.dz\/fr\/wp-content\/uploads\/2024\/05\/logo1.png\",\"width\":1648,\"height\":652,\"caption\":\"EL MAWKIE\"},\"image\":{\"@id\":\"https:\/\/elmawkie.dz\/fr\/#\/schema\/logo\/image\/\"},\"sameAs\":[\"https:\/\/www.facebook.com\/profile.php?id=100088407094989&locale=fr_FR\"]},{\"@type\":\"Person\",\"@id\":\"https:\/\/elmawkie.dz\/fr\/#\/schema\/person\/e7bd59d6467874ba5c4723d8a9f0a63c\",\"name\":\"R\u00e9daction\",\"image\":{\"@type\":\"ImageObject\",\"inLanguage\":\"fr-FR\",\"@id\":\"https:\/\/elmawkie.dz\/fr\/#\/schema\/person\/image\/\",\"url\":\"https:\/\/secure.gravatar.com\/avatar\/f0f773456344da4d2788c054a3d30a0c?s=96&d=mm&r=g\",\"contentUrl\":\"https:\/\/secure.gravatar.com\/avatar\/f0f773456344da4d2788c054a3d30a0c?s=96&d=mm&r=g\",\"caption\":\"R\u00e9daction\"},\"url\":\"https:\/\/elmawkie.dz\/fr\/author\/redaction\/\"}]}<\/script>\n<!-- \/ Yoast SEO Premium plugin. -->","yoast_head_json":{"title":"Plus de 600 \u00e9tablissements de jeunesse r\u00e9nov\u00e9s et r\u00e9habilit\u00e9s \u00e0 travers le pays - El Mawkie","robots":{"index":"index","follow":"follow","max-snippet":"max-snippet:-1","max-image-preview":"max-image-preview:large","max-video-preview":"max-video-preview:-1"},"canonical":"https:\/\/elmawkie.dz\/fr\/plus-de-600-etablissements-de-jeunesse-renoves-et-rehabilites-a-travers-le-pays\/","og_locale":"fr_FR","og_type":"article","og_title":"Plus de 600 \u00e9tablissements de jeunesse r\u00e9nov\u00e9s et r\u00e9habilit\u00e9s \u00e0 travers le pays","og_description":"Le ministre de la Jeunesse, charg\u00e9 du Conseil sup\u00e9rieur de la jeunesse, Mustapha Hidaoui, a annonc\u00e9, samedi \u00e0 Blida, la r\u00e9habilitation et la r\u00e9novation de plus de 600 \u00e9tablissements de jeunes \u00e0 travers le territoire national, remis en service \u00e0 l&rsquo;occasion du lancement de la nouvelle saison d&rsquo;activit\u00e9s 2025\/2026. Dans une d\u00e9claration \u00e0 la presse, &hellip;","og_url":"https:\/\/elmawkie.dz\/fr\/plus-de-600-etablissements-de-jeunesse-renoves-et-rehabilites-a-travers-le-pays\/","og_site_name":"El Mawkie","article_publisher":"https:\/\/www.facebook.com\/profile.php?id=100088407094989&locale=fr_FR","article_published_time":"2025-11-08T20:10:56+00:00","article_modified_time":"2025-11-08T20:10:57+00:00","og_image":[{"width":2048,"height":1541,"url":"https:\/\/elmawkie.dz\/fr\/wp-content\/uploads\/2025\/11\/IMG_1170.jpeg","type":"image\/jpeg"}],"author":"R\u00e9daction","twitter_card":"summary_large_image","twitter_misc":{"Written by":"R\u00e9daction","Est. reading time":"3 minutes"},"schema":{"@context":"https:\/\/schema.org","@graph":[{"@type":"Article","@id":"https:\/\/elmawkie.dz\/fr\/plus-de-600-etablissements-de-jeunesse-renoves-et-rehabilites-a-travers-le-pays\/#article","isPartOf":{"@id":"https:\/\/elmawkie.dz\/fr\/plus-de-600-etablissements-de-jeunesse-renoves-et-rehabilites-a-travers-le-pays\/"},"author":{"name":"R\u00e9daction","@id":"https:\/\/elmawkie.dz\/fr\/#\/schema\/person\/e7bd59d6467874ba5c4723d8a9f0a63c"},"headline":"Plus de 600 \u00e9tablissements de jeunesse r\u00e9nov\u00e9s et r\u00e9habilit\u00e9s \u00e0 travers le pays","datePublished":"2025-11-08T20:10:56+00:00","dateModified":"2025-11-08T20:10:57+00:00","mainEntityOfPage":{"@id":"https:\/\/elmawkie.dz\/fr\/plus-de-600-etablissements-de-jeunesse-renoves-et-rehabilites-a-travers-le-pays\/"},"wordCount":556,"commentCount":0,"publisher":{"@id":"https:\/\/elmawkie.dz\/fr\/#organization"},"image":{"@id":"https:\/\/elmawkie.dz\/fr\/plus-de-600-etablissements-de-jeunesse-renoves-et-rehabilites-a-travers-le-pays\/#primaryimage"},"thumbnailUrl":"https:\/\/elmawkie.dz\/fr\/wp-content\/uploads\/2025\/11\/IMG_1170.jpeg","keywords":["600 \u00e9tablissements","Jeunesse"],"articleSection":["National"],"inLanguage":"fr-FR","potentialAction":[{"@type":"CommentAction","name":"Comment","target":["https:\/\/elmawkie.dz\/fr\/plus-de-600-etablissements-de-jeunesse-renoves-et-rehabilites-a-travers-le-pays\/#respond"]}]},{"@type":"WebPage","@id":"https:\/\/elmawkie.dz\/fr\/plus-de-600-etablissements-de-jeunesse-renoves-et-rehabilites-a-travers-le-pays\/","url":"https:\/\/elmawkie.dz\/fr\/plus-de-600-etablissements-de-jeunesse-renoves-et-rehabilites-a-travers-le-pays\/","name":"Plus de 600 \u00e9tablissements de jeunesse r\u00e9nov\u00e9s et r\u00e9habilit\u00e9s \u00e0 travers le pays - El Mawkie","isPartOf":{"@id":"https:\/\/elmawkie.dz\/fr\/#website"},"primaryImageOfPage":{"@id":"https:\/\/elmawkie.dz\/fr\/plus-de-600-etablissements-de-jeunesse-renoves-et-rehabilites-a-travers-le-pays\/#primaryimage"},"image":{"@id":"https:\/\/elmawkie.dz\/fr\/plus-de-600-etablissements-de-jeunesse-renoves-et-rehabilites-a-travers-le-pays\/#primaryimage"},"thumbnailUrl":"https:\/\/elmawkie.dz\/fr\/wp-content\/uploads\/2025\/11\/IMG_1170.jpeg","datePublished":"2025-11-08T20:10:56+00:00","dateModified":"2025-11-08T20:10:57+00:00","breadcrumb":{"@id":"https:\/\/elmawkie.dz\/fr\/plus-de-600-etablissements-de-jeunesse-renoves-et-rehabilites-a-travers-le-pays\/#breadcrumb"},"inLanguage":"fr-FR","potentialAction":[{"@type":"ReadAction","target":["https:\/\/elmawkie.dz\/fr\/plus-de-600-etablissements-de-jeunesse-renoves-et-rehabilites-a-travers-le-pays\/"]}]},{"@type":"ImageObject","inLanguage":"fr-FR","@id":"https:\/\/elmawkie.dz\/fr\/plus-de-600-etablissements-de-jeunesse-renoves-et-rehabilites-a-travers-le-pays\/#primaryimage","url":"https:\/\/elmawkie.dz\/fr\/wp-content\/uploads\/2025\/11\/IMG_1170.jpeg","contentUrl":"https:\/\/elmawkie.dz\/fr\/wp-content\/uploads\/2025\/11\/IMG_1170.jpeg","width":2048,"height":1541},{"@type":"BreadcrumbList","@id":"https:\/\/elmawkie.dz\/fr\/plus-de-600-etablissements-de-jeunesse-renoves-et-rehabilites-a-travers-le-pays\/#breadcrumb","itemListElement":[{"@type":"ListItem","position":1,"name":"Home","item":"https:\/\/elmawkie.dz\/fr\/"},{"@type":"ListItem","position":2,"name":"Plus de 600 \u00e9tablissements de jeunesse r\u00e9nov\u00e9s et r\u00e9habilit\u00e9s \u00e0 travers le pays"}]},{"@type":"WebSite","@id":"https:\/\/elmawkie.dz\/fr\/#website","url":"https:\/\/elmawkie.dz\/fr\/","name":"EL MAWKIE","description":"Journal \u00c9lectronique Alg\u00e9rien","publisher":{"@id":"https:\/\/elmawkie.dz\/fr\/#organization"},"potentialAction":[{"@type":"SearchAction","target":{"@type":"EntryPoint","urlTemplate":"https:\/\/elmawkie.dz\/fr\/?s={search_term_string}"},"query-input":"required name=search_term_string"}],"inLanguage":"fr-FR"},{"@type":"Organization","@id":"https:\/\/elmawkie.dz\/fr\/#organization","name":"EL MAWKIE","url":"https:\/\/elmawkie.dz\/fr\/","logo":{"@type":"ImageObject","inLanguage":"fr-FR","@id":"https:\/\/elmawkie.dz\/fr\/#\/schema\/logo\/image\/","url":"https:\/\/elmawkie.dz\/fr\/wp-content\/uploads\/2024\/05\/logo1.png","contentUrl":"https:\/\/elmawkie.dz\/fr\/wp-content\/uploads\/2024\/05\/logo1.png","width":1648,"height":652,"caption":"EL MAWKIE"},"image":{"@id":"https:\/\/elmawkie.dz\/fr\/#\/schema\/logo\/image\/"},"sameAs":["https:\/\/www.facebook.com\/profile.php?id=100088407094989&locale=fr_FR"]},{"@type":"Person","@id":"https:\/\/elmawkie.dz\/fr\/#\/schema\/person\/e7bd59d6467874ba5c4723d8a9f0a63c","name":"R\u00e9daction","image":{"@type":"ImageObject","inLanguage":"fr-FR","@id":"https:\/\/elmawkie.dz\/fr\/#\/schema\/person\/image\/","url":"https:\/\/secure.gravatar.com\/avatar\/f0f773456344da4d2788c054a3d30a0c?s=96&d=mm&r=g","contentUrl":"https:\/\/secure.gravatar.com\/avatar\/f0f773456344da4d2788c054a3d30a0c?s=96&d=mm&r=g","caption":"R\u00e9daction"},"url":"https:\/\/elmawkie.dz\/fr\/author\/redaction\/"}]}},"_links":{"self":[{"href":"https:\/\/elmawkie.dz\/fr\/wp-json\/wp\/v2\/posts\/58555","targetHints":{"allow":["GET"]}}],"collection":[{"href":"https:\/\/elmawkie.dz\/fr\/wp-json\/wp\/v2\/posts"}],"about":[{"href":"https:\/\/elmawkie.dz\/fr\/wp-json\/wp\/v2\/types\/post"}],"author":[{"embeddable":true,"href":"https:\/\/elmawkie.dz\/fr\/wp-json\/wp\/v2\/users\/9"}],"replies":[{"embeddable":true,"href":"https:\/\/elmawkie.dz\/fr\/wp-json\/wp\/v2\/comments?post=58555"}],"version-history":[{"count":1,"href":"https:\/\/elmawkie.dz\/fr\/wp-json\/wp\/v2\/posts\/58555\/revisions"}],"predecessor-version":[{"id":58558,"href":"https:\/\/elmawkie.dz\/fr\/wp-json\/wp\/v2\/posts\/58555\/revisions\/58558"}],"wp:featuredmedia":[{"embeddable":true,"href":"https:\/\/elmawkie.dz\/fr\/wp-json\/wp\/v2\/media\/58557"}],"wp:attachment":[{"href":"https:\/\/elmawkie.dz\/fr\/wp-json\/wp\/v2\/media?parent=58555"}],"wp:term":[{"taxonomy":"category","embeddable":true,"href":"https:\/\/elmawkie.dz\/fr\/wp-json\/wp\/v2\/categories?post=58555"},{"taxonomy":"post_tag","embeddable":true,"href":"https:\/\/elmawkie.dz\/fr\/wp-json\/wp\/v2\/tags?post=58555"}],"curies":[{"name":"wp","href":"https:\/\/api.w.org\/{rel}","templated":true}]}}