{"id":5704,"date":"2024-10-13T14:50:37","date_gmt":"2024-10-13T13:50:37","guid":{"rendered":"https:\/\/elmawkie.dz\/fr\/?p=5704"},"modified":"2024-10-13T14:58:04","modified_gmt":"2024-10-13T13:58:04","slug":"lancement-des-travaux-de-revetement-des-routes-a-bechar","status":"publish","type":"post","link":"https:\/\/elmawkie.dz\/fr\/lancement-des-travaux-de-revetement-des-routes-a-bechar\/","title":{"rendered":"Lancement des travaux d&rsquo;am\u00e9nagement et de rev\u00eatement des routes \u00e0 B\u00e9char"},"content":{"rendered":"<p><strong><em>Un vaste programme d&rsquo;am\u00e9nagement et de rev\u00eatement de pistes et de routes sera lanc\u00e9 prochainement par le secteur des Travaux publics dans la wilaya de Bechar, dans le cadre de la prise en charge des d\u00e9g\u00e2ts caus\u00e9s par les derni\u00e8res intemp\u00e9ries enregistr\u00e9es dans la r\u00e9gion .<\/em><\/strong><\/p>\n<p><em>Selon une d\u00e9claration faite \u00e0 l\u2019APS, l&rsquo;op\u00e9ration touchera les voies de communication terrestres impact\u00e9es par les inondations enregistr\u00e9es par la wilaya les 7 et 8 septembre dernier dans les communes de Bechar, Abadla, Beni-Ounif, Kenadza, Meridja, Lahmar, Boukais, Taghit, Erg-Farradj, Mechra\u00e2 Houari Boumediene et Mougheul, soit un plan de charge de 368 km . Une autre op\u00e9ration portant sur le rev\u00eatement en b\u00e9ton bitumeux des sections d\u00e9grad\u00e9es par les inondations sur une cinquantaine de kilom\u00e8tres des RN-6A et RN-110, reliant respectivement la wilaya au nord du pays et Bechar \u00e0 Taghit, est \u00e9galement en voie de lancement dans le but de s\u00e9curiser et fluidifier le trafic routier, a-t-on ajout\u00e9. Une importante enveloppe a \u00e9t\u00e9 d\u00e9gag\u00e9e par l&rsquo;Etat pour la r\u00e9alisation dans de courts d\u00e9lais de l&rsquo;ensemble de ces op\u00e9rations, ont soulign\u00e9 les Services de la wilaya. La normalisation de la situation, notamment au chef-lieu de wilaya, apr\u00e8s les intemp\u00e9ries, a donn\u00e9 lieu aussi aux pr\u00e9paratifs de l&rsquo;entame des travaux de concr\u00e9tisation dans de brefs d\u00e9lais de passages pi\u00e9tons et v\u00e9hicules sur le lit de l&rsquo;oued, dont les crues \u00a0\u00bbrecords\u00a0\u00bb ont caus\u00e9 la d\u00e9structuration de deux ponts reliant le centre-ville de Bechar au quartier de Debdeba (nord-ouest de la ville),d\u2019apr\u00e8s la m\u00eame source .<\/em><\/p>\n","protected":false},"excerpt":{"rendered":"<p>Un vaste programme d&rsquo;am\u00e9nagement et de rev\u00eatement de pistes et de routes sera lanc\u00e9 prochainement par le secteur des Travaux publics dans la wilaya de Bechar, dans le cadre de la prise en charge des d\u00e9g\u00e2ts caus\u00e9s par les derni\u00e8res intemp\u00e9ries enregistr\u00e9es dans la r\u00e9gion . Selon une d\u00e9claration faite \u00e0 l\u2019APS, l&rsquo;op\u00e9ration touchera les &hellip;<\/p>\n","protected":false},"author":9,"featured_media":5705,"comment_status":"open","ping_status":"open","sticky":false,"template":"","format":"standard","meta":{"footnotes":""},"categories":[50],"tags":[561,966],"class_list":["post-5704","post","type-post","status-publish","format-standard","has-post-thumbnail","hentry","category-region","tag-bechar","tag-revetement-des-routes"],"yoast_head":"<!-- This site is optimized with the Yoast SEO Premium plugin v22.6 (Yoast SEO v22.6) - https:\/\/yoast.com\/wordpress\/plugins\/seo\/ -->\n<title>Lancement des travaux d&#039;am\u00e9nagement et de rev\u00eatement des routes \u00e0 B\u00e9char - El Mawkie<\/title>\n<meta name=\"robots\" content=\"index, follow, max-snippet:-1, max-image-preview:large, max-video-preview:-1\" \/>\n<link rel=\"canonical\" href=\"https:\/\/elmawkie.dz\/fr\/lancement-des-travaux-de-revetement-des-routes-a-bechar\/\" \/>\n<meta property=\"og:locale\" content=\"fr_FR\" \/>\n<meta property=\"og:type\" content=\"article\" \/>\n<meta property=\"og:title\" content=\"Lancement des travaux d&#039;am\u00e9nagement et de rev\u00eatement des routes \u00e0 B\u00e9char\" \/>\n<meta property=\"og:description\" content=\"Un vaste programme d&rsquo;am\u00e9nagement et de rev\u00eatement de pistes et de routes sera lanc\u00e9 prochainement par le secteur des Travaux publics dans la wilaya de Bechar, dans le cadre de la prise en charge des d\u00e9g\u00e2ts caus\u00e9s par les derni\u00e8res intemp\u00e9ries enregistr\u00e9es dans la r\u00e9gion . Selon une d\u00e9claration faite \u00e0 l\u2019APS, l&rsquo;op\u00e9ration touchera les &hellip;\" \/>\n<meta property=\"og:url\" content=\"https:\/\/elmawkie.dz\/fr\/lancement-des-travaux-de-revetement-des-routes-a-bechar\/\" \/>\n<meta property=\"og:site_name\" content=\"El Mawkie\" \/>\n<meta property=\"article:publisher\" content=\"https:\/\/www.facebook.com\/profile.php?id=100088407094989&amp;locale=fr_FR\" \/>\n<meta property=\"article:published_time\" content=\"2024-10-13T13:50:37+00:00\" \/>\n<meta property=\"article:modified_time\" content=\"2024-10-13T13:58:04+00:00\" \/>\n<meta property=\"og:image\" content=\"https:\/\/elmawkie.dz\/fr\/wp-content\/uploads\/2024\/10\/IMG_3274.jpeg\" \/>\n\t<meta property=\"og:image:width\" content=\"769\" \/>\n\t<meta property=\"og:image:height\" content=\"399\" \/>\n\t<meta property=\"og:image:type\" content=\"image\/jpeg\" \/>\n<meta name=\"author\" content=\"R\u00e9daction\" \/>\n<meta name=\"twitter:card\" content=\"summary_large_image\" \/>\n<meta name=\"twitter:label1\" content=\"Written by\" \/>\n\t<meta name=\"twitter:data1\" content=\"R\u00e9daction\" \/>\n\t<meta name=\"twitter:label2\" content=\"Est. reading time\" \/>\n\t<meta name=\"twitter:data2\" content=\"1 minute\" \/>\n<script type=\"application\/ld+json\" class=\"yoast-schema-graph\">{\"@context\":\"https:\/\/schema.org\",\"@graph\":[{\"@type\":\"Article\",\"@id\":\"https:\/\/elmawkie.dz\/fr\/lancement-des-travaux-de-revetement-des-routes-a-bechar\/#article\",\"isPartOf\":{\"@id\":\"https:\/\/elmawkie.dz\/fr\/lancement-des-travaux-de-revetement-des-routes-a-bechar\/\"},\"author\":{\"name\":\"R\u00e9daction\",\"@id\":\"https:\/\/elmawkie.dz\/fr\/#\/schema\/person\/e7bd59d6467874ba5c4723d8a9f0a63c\"},\"headline\":\"Lancement des travaux d&rsquo;am\u00e9nagement et de rev\u00eatement des routes \u00e0 B\u00e9char\",\"datePublished\":\"2024-10-13T13:50:37+00:00\",\"dateModified\":\"2024-10-13T13:58:04+00:00\",\"mainEntityOfPage\":{\"@id\":\"https:\/\/elmawkie.dz\/fr\/lancement-des-travaux-de-revetement-des-routes-a-bechar\/\"},\"wordCount\":300,\"commentCount\":0,\"publisher\":{\"@id\":\"https:\/\/elmawkie.dz\/fr\/#organization\"},\"image\":{\"@id\":\"https:\/\/elmawkie.dz\/fr\/lancement-des-travaux-de-revetement-des-routes-a-bechar\/#primaryimage\"},\"thumbnailUrl\":\"https:\/\/elmawkie.dz\/fr\/wp-content\/uploads\/2024\/10\/IMG_3274.jpeg\",\"keywords\":[\"B\u00e9char\",\"rev\u00eatement des routes\"],\"articleSection\":[\"R\u00e9gion\"],\"inLanguage\":\"fr-FR\",\"potentialAction\":[{\"@type\":\"CommentAction\",\"name\":\"Comment\",\"target\":[\"https:\/\/elmawkie.dz\/fr\/lancement-des-travaux-de-revetement-des-routes-a-bechar\/#respond\"]}]},{\"@type\":\"WebPage\",\"@id\":\"https:\/\/elmawkie.dz\/fr\/lancement-des-travaux-de-revetement-des-routes-a-bechar\/\",\"url\":\"https:\/\/elmawkie.dz\/fr\/lancement-des-travaux-de-revetement-des-routes-a-bechar\/\",\"name\":\"Lancement des travaux d'am\u00e9nagement et de rev\u00eatement des routes \u00e0 B\u00e9char - El Mawkie\",\"isPartOf\":{\"@id\":\"https:\/\/elmawkie.dz\/fr\/#website\"},\"primaryImageOfPage\":{\"@id\":\"https:\/\/elmawkie.dz\/fr\/lancement-des-travaux-de-revetement-des-routes-a-bechar\/#primaryimage\"},\"image\":{\"@id\":\"https:\/\/elmawkie.dz\/fr\/lancement-des-travaux-de-revetement-des-routes-a-bechar\/#primaryimage\"},\"thumbnailUrl\":\"https:\/\/elmawkie.dz\/fr\/wp-content\/uploads\/2024\/10\/IMG_3274.jpeg\",\"datePublished\":\"2024-10-13T13:50:37+00:00\",\"dateModified\":\"2024-10-13T13:58:04+00:00\",\"breadcrumb\":{\"@id\":\"https:\/\/elmawkie.dz\/fr\/lancement-des-travaux-de-revetement-des-routes-a-bechar\/#breadcrumb\"},\"inLanguage\":\"fr-FR\",\"potentialAction\":[{\"@type\":\"ReadAction\",\"target\":[\"https:\/\/elmawkie.dz\/fr\/lancement-des-travaux-de-revetement-des-routes-a-bechar\/\"]}]},{\"@type\":\"ImageObject\",\"inLanguage\":\"fr-FR\",\"@id\":\"https:\/\/elmawkie.dz\/fr\/lancement-des-travaux-de-revetement-des-routes-a-bechar\/#primaryimage\",\"url\":\"https:\/\/elmawkie.dz\/fr\/wp-content\/uploads\/2024\/10\/IMG_3274.jpeg\",\"contentUrl\":\"https:\/\/elmawkie.dz\/fr\/wp-content\/uploads\/2024\/10\/IMG_3274.jpeg\",\"width\":769,\"height\":399},{\"@type\":\"BreadcrumbList\",\"@id\":\"https:\/\/elmawkie.dz\/fr\/lancement-des-travaux-de-revetement-des-routes-a-bechar\/#breadcrumb\",\"itemListElement\":[{\"@type\":\"ListItem\",\"position\":1,\"name\":\"Home\",\"item\":\"https:\/\/elmawkie.dz\/fr\/\"},{\"@type\":\"ListItem\",\"position\":2,\"name\":\"Lancement des travaux d&rsquo;am\u00e9nagement et de rev\u00eatement des routes \u00e0 B\u00e9char\"}]},{\"@type\":\"WebSite\",\"@id\":\"https:\/\/elmawkie.dz\/fr\/#website\",\"url\":\"https:\/\/elmawkie.dz\/fr\/\",\"name\":\"EL MAWKIE\",\"description\":\"Journal \u00c9lectronique Alg\u00e9rien\",\"publisher\":{\"@id\":\"https:\/\/elmawkie.dz\/fr\/#organization\"},\"potentialAction\":[{\"@type\":\"SearchAction\",\"target\":{\"@type\":\"EntryPoint\",\"urlTemplate\":\"https:\/\/elmawkie.dz\/fr\/?s={search_term_string}\"},\"query-input\":\"required name=search_term_string\"}],\"inLanguage\":\"fr-FR\"},{\"@type\":\"Organization\",\"@id\":\"https:\/\/elmawkie.dz\/fr\/#organization\",\"name\":\"EL MAWKIE\",\"url\":\"https:\/\/elmawkie.dz\/fr\/\",\"logo\":{\"@type\":\"ImageObject\",\"inLanguage\":\"fr-FR\",\"@id\":\"https:\/\/elmawkie.dz\/fr\/#\/schema\/logo\/image\/\",\"url\":\"https:\/\/elmawkie.dz\/fr\/wp-content\/uploads\/2024\/05\/logo1.png\",\"contentUrl\":\"https:\/\/elmawkie.dz\/fr\/wp-content\/uploads\/2024\/05\/logo1.png\",\"width\":1648,\"height\":652,\"caption\":\"EL MAWKIE\"},\"image\":{\"@id\":\"https:\/\/elmawkie.dz\/fr\/#\/schema\/logo\/image\/\"},\"sameAs\":[\"https:\/\/www.facebook.com\/profile.php?id=100088407094989&locale=fr_FR\"]},{\"@type\":\"Person\",\"@id\":\"https:\/\/elmawkie.dz\/fr\/#\/schema\/person\/e7bd59d6467874ba5c4723d8a9f0a63c\",\"name\":\"R\u00e9daction\",\"image\":{\"@type\":\"ImageObject\",\"inLanguage\":\"fr-FR\",\"@id\":\"https:\/\/elmawkie.dz\/fr\/#\/schema\/person\/image\/\",\"url\":\"https:\/\/secure.gravatar.com\/avatar\/f0f773456344da4d2788c054a3d30a0c?s=96&d=mm&r=g\",\"contentUrl\":\"https:\/\/secure.gravatar.com\/avatar\/f0f773456344da4d2788c054a3d30a0c?s=96&d=mm&r=g\",\"caption\":\"R\u00e9daction\"},\"url\":\"https:\/\/elmawkie.dz\/fr\/author\/redaction\/\"}]}<\/script>\n<!-- \/ Yoast SEO Premium plugin. -->","yoast_head_json":{"title":"Lancement des travaux d'am\u00e9nagement et de rev\u00eatement des routes \u00e0 B\u00e9char - El Mawkie","robots":{"index":"index","follow":"follow","max-snippet":"max-snippet:-1","max-image-preview":"max-image-preview:large","max-video-preview":"max-video-preview:-1"},"canonical":"https:\/\/elmawkie.dz\/fr\/lancement-des-travaux-de-revetement-des-routes-a-bechar\/","og_locale":"fr_FR","og_type":"article","og_title":"Lancement des travaux d'am\u00e9nagement et de rev\u00eatement des routes \u00e0 B\u00e9char","og_description":"Un vaste programme d&rsquo;am\u00e9nagement et de rev\u00eatement de pistes et de routes sera lanc\u00e9 prochainement par le secteur des Travaux publics dans la wilaya de Bechar, dans le cadre de la prise en charge des d\u00e9g\u00e2ts caus\u00e9s par les derni\u00e8res intemp\u00e9ries enregistr\u00e9es dans la r\u00e9gion . Selon une d\u00e9claration faite \u00e0 l\u2019APS, l&rsquo;op\u00e9ration touchera les &hellip;","og_url":"https:\/\/elmawkie.dz\/fr\/lancement-des-travaux-de-revetement-des-routes-a-bechar\/","og_site_name":"El Mawkie","article_publisher":"https:\/\/www.facebook.com\/profile.php?id=100088407094989&locale=fr_FR","article_published_time":"2024-10-13T13:50:37+00:00","article_modified_time":"2024-10-13T13:58:04+00:00","og_image":[{"width":769,"height":399,"url":"https:\/\/elmawkie.dz\/fr\/wp-content\/uploads\/2024\/10\/IMG_3274.jpeg","type":"image\/jpeg"}],"author":"R\u00e9daction","twitter_card":"summary_large_image","twitter_misc":{"Written by":"R\u00e9daction","Est. reading time":"1 minute"},"schema":{"@context":"https:\/\/schema.org","@graph":[{"@type":"Article","@id":"https:\/\/elmawkie.dz\/fr\/lancement-des-travaux-de-revetement-des-routes-a-bechar\/#article","isPartOf":{"@id":"https:\/\/elmawkie.dz\/fr\/lancement-des-travaux-de-revetement-des-routes-a-bechar\/"},"author":{"name":"R\u00e9daction","@id":"https:\/\/elmawkie.dz\/fr\/#\/schema\/person\/e7bd59d6467874ba5c4723d8a9f0a63c"},"headline":"Lancement des travaux d&rsquo;am\u00e9nagement et de rev\u00eatement des routes \u00e0 B\u00e9char","datePublished":"2024-10-13T13:50:37+00:00","dateModified":"2024-10-13T13:58:04+00:00","mainEntityOfPage":{"@id":"https:\/\/elmawkie.dz\/fr\/lancement-des-travaux-de-revetement-des-routes-a-bechar\/"},"wordCount":300,"commentCount":0,"publisher":{"@id":"https:\/\/elmawkie.dz\/fr\/#organization"},"image":{"@id":"https:\/\/elmawkie.dz\/fr\/lancement-des-travaux-de-revetement-des-routes-a-bechar\/#primaryimage"},"thumbnailUrl":"https:\/\/elmawkie.dz\/fr\/wp-content\/uploads\/2024\/10\/IMG_3274.jpeg","keywords":["B\u00e9char","rev\u00eatement des routes"],"articleSection":["R\u00e9gion"],"inLanguage":"fr-FR","potentialAction":[{"@type":"CommentAction","name":"Comment","target":["https:\/\/elmawkie.dz\/fr\/lancement-des-travaux-de-revetement-des-routes-a-bechar\/#respond"]}]},{"@type":"WebPage","@id":"https:\/\/elmawkie.dz\/fr\/lancement-des-travaux-de-revetement-des-routes-a-bechar\/","url":"https:\/\/elmawkie.dz\/fr\/lancement-des-travaux-de-revetement-des-routes-a-bechar\/","name":"Lancement des travaux d'am\u00e9nagement et de rev\u00eatement des routes \u00e0 B\u00e9char - El Mawkie","isPartOf":{"@id":"https:\/\/elmawkie.dz\/fr\/#website"},"primaryImageOfPage":{"@id":"https:\/\/elmawkie.dz\/fr\/lancement-des-travaux-de-revetement-des-routes-a-bechar\/#primaryimage"},"image":{"@id":"https:\/\/elmawkie.dz\/fr\/lancement-des-travaux-de-revetement-des-routes-a-bechar\/#primaryimage"},"thumbnailUrl":"https:\/\/elmawkie.dz\/fr\/wp-content\/uploads\/2024\/10\/IMG_3274.jpeg","datePublished":"2024-10-13T13:50:37+00:00","dateModified":"2024-10-13T13:58:04+00:00","breadcrumb":{"@id":"https:\/\/elmawkie.dz\/fr\/lancement-des-travaux-de-revetement-des-routes-a-bechar\/#breadcrumb"},"inLanguage":"fr-FR","potentialAction":[{"@type":"ReadAction","target":["https:\/\/elmawkie.dz\/fr\/lancement-des-travaux-de-revetement-des-routes-a-bechar\/"]}]},{"@type":"ImageObject","inLanguage":"fr-FR","@id":"https:\/\/elmawkie.dz\/fr\/lancement-des-travaux-de-revetement-des-routes-a-bechar\/#primaryimage","url":"https:\/\/elmawkie.dz\/fr\/wp-content\/uploads\/2024\/10\/IMG_3274.jpeg","contentUrl":"https:\/\/elmawkie.dz\/fr\/wp-content\/uploads\/2024\/10\/IMG_3274.jpeg","width":769,"height":399},{"@type":"BreadcrumbList","@id":"https:\/\/elmawkie.dz\/fr\/lancement-des-travaux-de-revetement-des-routes-a-bechar\/#breadcrumb","itemListElement":[{"@type":"ListItem","position":1,"name":"Home","item":"https:\/\/elmawkie.dz\/fr\/"},{"@type":"ListItem","position":2,"name":"Lancement des travaux d&rsquo;am\u00e9nagement et de rev\u00eatement des routes \u00e0 B\u00e9char"}]},{"@type":"WebSite","@id":"https:\/\/elmawkie.dz\/fr\/#website","url":"https:\/\/elmawkie.dz\/fr\/","name":"EL MAWKIE","description":"Journal \u00c9lectronique Alg\u00e9rien","publisher":{"@id":"https:\/\/elmawkie.dz\/fr\/#organization"},"potentialAction":[{"@type":"SearchAction","target":{"@type":"EntryPoint","urlTemplate":"https:\/\/elmawkie.dz\/fr\/?s={search_term_string}"},"query-input":"required name=search_term_string"}],"inLanguage":"fr-FR"},{"@type":"Organization","@id":"https:\/\/elmawkie.dz\/fr\/#organization","name":"EL MAWKIE","url":"https:\/\/elmawkie.dz\/fr\/","logo":{"@type":"ImageObject","inLanguage":"fr-FR","@id":"https:\/\/elmawkie.dz\/fr\/#\/schema\/logo\/image\/","url":"https:\/\/elmawkie.dz\/fr\/wp-content\/uploads\/2024\/05\/logo1.png","contentUrl":"https:\/\/elmawkie.dz\/fr\/wp-content\/uploads\/2024\/05\/logo1.png","width":1648,"height":652,"caption":"EL MAWKIE"},"image":{"@id":"https:\/\/elmawkie.dz\/fr\/#\/schema\/logo\/image\/"},"sameAs":["https:\/\/www.facebook.com\/profile.php?id=100088407094989&locale=fr_FR"]},{"@type":"Person","@id":"https:\/\/elmawkie.dz\/fr\/#\/schema\/person\/e7bd59d6467874ba5c4723d8a9f0a63c","name":"R\u00e9daction","image":{"@type":"ImageObject","inLanguage":"fr-FR","@id":"https:\/\/elmawkie.dz\/fr\/#\/schema\/person\/image\/","url":"https:\/\/secure.gravatar.com\/avatar\/f0f773456344da4d2788c054a3d30a0c?s=96&d=mm&r=g","contentUrl":"https:\/\/secure.gravatar.com\/avatar\/f0f773456344da4d2788c054a3d30a0c?s=96&d=mm&r=g","caption":"R\u00e9daction"},"url":"https:\/\/elmawkie.dz\/fr\/author\/redaction\/"}]}},"_links":{"self":[{"href":"https:\/\/elmawkie.dz\/fr\/wp-json\/wp\/v2\/posts\/5704","targetHints":{"allow":["GET"]}}],"collection":[{"href":"https:\/\/elmawkie.dz\/fr\/wp-json\/wp\/v2\/posts"}],"about":[{"href":"https:\/\/elmawkie.dz\/fr\/wp-json\/wp\/v2\/types\/post"}],"author":[{"embeddable":true,"href":"https:\/\/elmawkie.dz\/fr\/wp-json\/wp\/v2\/users\/9"}],"replies":[{"embeddable":true,"href":"https:\/\/elmawkie.dz\/fr\/wp-json\/wp\/v2\/comments?post=5704"}],"version-history":[{"count":0,"href":"https:\/\/elmawkie.dz\/fr\/wp-json\/wp\/v2\/posts\/5704\/revisions"}],"wp:featuredmedia":[{"embeddable":true,"href":"https:\/\/elmawkie.dz\/fr\/wp-json\/wp\/v2\/media\/5705"}],"wp:attachment":[{"href":"https:\/\/elmawkie.dz\/fr\/wp-json\/wp\/v2\/media?parent=5704"}],"wp:term":[{"taxonomy":"category","embeddable":true,"href":"https:\/\/elmawkie.dz\/fr\/wp-json\/wp\/v2\/categories?post=5704"},{"taxonomy":"post_tag","embeddable":true,"href":"https:\/\/elmawkie.dz\/fr\/wp-json\/wp\/v2\/tags?post=5704"}],"curies":[{"name":"wp","href":"https:\/\/api.w.org\/{rel}","templated":true}]}}