{"id":56926,"date":"2025-10-01T14:34:59","date_gmt":"2025-10-01T13:34:59","guid":{"rendered":"https:\/\/elmawkie.dz\/fr\/?p=56926"},"modified":"2025-10-01T14:35:00","modified_gmt":"2025-10-01T13:35:00","slug":"bechar-plus-de-2-400-hectares-reserves-a-la-cerealiculture-pour-la-campagne-2025-2026","status":"publish","type":"post","link":"https:\/\/elmawkie.dz\/fr\/bechar-plus-de-2-400-hectares-reserves-a-la-cerealiculture-pour-la-campagne-2025-2026\/","title":{"rendered":"B\u00e9char : plus de 2.400 hectares r\u00e9serv\u00e9s \u00e0 la c\u00e9r\u00e9aliculture pour la campagne 2025\/2026"},"content":{"rendered":"\n<p>Une superficie de 2.410 hectares destin\u00e9e \u00e0 la culture de c\u00e9r\u00e9ales, durant la saison agricole 2025\/2026, sera cibl\u00e9e par la campagne labours semailles, lanc\u00e9e mercredi dans la wilaya de Bechar, a-t-on appris aupr\u00e8s de la direction locale des Services agricoles (DSA). \u00ab\u00a0Une superficie de 2.410 hectares est d\u00e9di\u00e9e, cette ann\u00e9e, dans le cadre de la campagne labours semailles, \u00e0 la c\u00e9r\u00e9aliculture \u00e0 travers la wilaya de Bechar, dont 500 ha pour le bl\u00e9 dur, 1.700 autres ha pour le bl\u00e9 tendre et 200 ha pour l&rsquo;avoine, tandis que 5 ha sont consacr\u00e9s au triticale au niveau d&rsquo;une exploitation agricole \u00e0 Beni-Ounif\u00a0\u00bb, a pr\u00e9cis\u00e9 le directeur de la DSA, Abderabi Hamel, en marge du coup d&rsquo;envoi de cette campagne agricole, co\u00efncidant avec la c\u00e9l\u00e9bration de la 32\u00e8me \u00e9dition de la Journ\u00e9e nationale de vulgarisation agricole. Le lancement de cette campagne a \u00e9t\u00e9 effectu\u00e9 par les autorit\u00e9s de la wilaya \u00e0 l&rsquo;exploitation agricole \u00ab\u00a0Dahane Nabil\u00a0\u00bb, situ\u00e9e dans la commune frontali\u00e8re de Meridja (77 km au Sud-ouest de Bechar). Durant la pr\u00e9c\u00e9dente campagne labours semailles, une superficie agricole globale de 1.260 hectares a \u00e9t\u00e9 d\u00e9di\u00e9e \u00e0 la c\u00e9r\u00e9aliculture, a-t-on rappel\u00e9.<\/p>\n","protected":false},"excerpt":{"rendered":"<p>Une superficie de 2.410 hectares destin\u00e9e \u00e0 la culture de c\u00e9r\u00e9ales, durant la saison agricole 2025\/2026, sera cibl\u00e9e par la campagne labours semailles, lanc\u00e9e mercredi dans la wilaya de Bechar, a-t-on appris aupr\u00e8s de la direction locale des Services agricoles (DSA). \u00ab\u00a0Une superficie de 2.410 hectares est d\u00e9di\u00e9e, cette ann\u00e9e, dans le cadre de la &hellip;<\/p>\n","protected":false},"author":9,"featured_media":56928,"comment_status":"open","ping_status":"open","sticky":false,"template":"","format":"standard","meta":{"footnotes":""},"categories":[50],"tags":[561,5130],"class_list":["post-56926","post","type-post","status-publish","format-standard","has-post-thumbnail","hentry","category-region","tag-bechar","tag-campagne-labours-semailles-2"],"yoast_head":"<!-- This site is optimized with the Yoast SEO Premium plugin v22.6 (Yoast SEO v22.6) - https:\/\/yoast.com\/wordpress\/plugins\/seo\/ -->\n<title>B\u00e9char : plus de 2.400 hectares r\u00e9serv\u00e9s \u00e0 la c\u00e9r\u00e9aliculture pour la campagne 2025\/2026 - El Mawkie<\/title>\n<meta name=\"robots\" content=\"index, follow, max-snippet:-1, max-image-preview:large, max-video-preview:-1\" \/>\n<link rel=\"canonical\" href=\"https:\/\/elmawkie.dz\/fr\/bechar-plus-de-2-400-hectares-reserves-a-la-cerealiculture-pour-la-campagne-2025-2026\/\" \/>\n<meta property=\"og:locale\" content=\"fr_FR\" \/>\n<meta property=\"og:type\" content=\"article\" \/>\n<meta property=\"og:title\" content=\"B\u00e9char : plus de 2.400 hectares r\u00e9serv\u00e9s \u00e0 la c\u00e9r\u00e9aliculture pour la campagne 2025\/2026\" \/>\n<meta property=\"og:description\" content=\"Une superficie de 2.410 hectares destin\u00e9e \u00e0 la culture de c\u00e9r\u00e9ales, durant la saison agricole 2025\/2026, sera cibl\u00e9e par la campagne labours semailles, lanc\u00e9e mercredi dans la wilaya de Bechar, a-t-on appris aupr\u00e8s de la direction locale des Services agricoles (DSA). \u00ab\u00a0Une superficie de 2.410 hectares est d\u00e9di\u00e9e, cette ann\u00e9e, dans le cadre de la &hellip;\" \/>\n<meta property=\"og:url\" content=\"https:\/\/elmawkie.dz\/fr\/bechar-plus-de-2-400-hectares-reserves-a-la-cerealiculture-pour-la-campagne-2025-2026\/\" \/>\n<meta property=\"og:site_name\" content=\"El Mawkie\" \/>\n<meta property=\"article:publisher\" content=\"https:\/\/www.facebook.com\/profile.php?id=100088407094989&amp;locale=fr_FR\" \/>\n<meta property=\"article:published_time\" content=\"2025-10-01T13:34:59+00:00\" \/>\n<meta property=\"article:modified_time\" content=\"2025-10-01T13:35:00+00:00\" \/>\n<meta property=\"og:image\" content=\"https:\/\/elmawkie.dz\/fr\/wp-content\/uploads\/2025\/10\/IMG_7408.jpeg\" \/>\n\t<meta property=\"og:image:width\" content=\"780\" \/>\n\t<meta property=\"og:image:height\" content=\"470\" \/>\n\t<meta property=\"og:image:type\" content=\"image\/jpeg\" \/>\n<meta name=\"author\" content=\"R\u00e9daction\" \/>\n<meta name=\"twitter:card\" content=\"summary_large_image\" \/>\n<meta name=\"twitter:label1\" content=\"Written by\" \/>\n\t<meta name=\"twitter:data1\" content=\"R\u00e9daction\" \/>\n\t<meta name=\"twitter:label2\" content=\"Est. reading time\" \/>\n\t<meta name=\"twitter:data2\" content=\"2 minutes\" \/>\n<script type=\"application\/ld+json\" class=\"yoast-schema-graph\">{\"@context\":\"https:\/\/schema.org\",\"@graph\":[{\"@type\":\"Article\",\"@id\":\"https:\/\/elmawkie.dz\/fr\/bechar-plus-de-2-400-hectares-reserves-a-la-cerealiculture-pour-la-campagne-2025-2026\/#article\",\"isPartOf\":{\"@id\":\"https:\/\/elmawkie.dz\/fr\/bechar-plus-de-2-400-hectares-reserves-a-la-cerealiculture-pour-la-campagne-2025-2026\/\"},\"author\":{\"name\":\"R\u00e9daction\",\"@id\":\"https:\/\/elmawkie.dz\/fr\/#\/schema\/person\/e7bd59d6467874ba5c4723d8a9f0a63c\"},\"headline\":\"B\u00e9char : plus de 2.400 hectares r\u00e9serv\u00e9s \u00e0 la c\u00e9r\u00e9aliculture pour la campagne 2025\/2026\",\"datePublished\":\"2025-10-01T13:34:59+00:00\",\"dateModified\":\"2025-10-01T13:35:00+00:00\",\"mainEntityOfPage\":{\"@id\":\"https:\/\/elmawkie.dz\/fr\/bechar-plus-de-2-400-hectares-reserves-a-la-cerealiculture-pour-la-campagne-2025-2026\/\"},\"wordCount\":217,\"commentCount\":0,\"publisher\":{\"@id\":\"https:\/\/elmawkie.dz\/fr\/#organization\"},\"image\":{\"@id\":\"https:\/\/elmawkie.dz\/fr\/bechar-plus-de-2-400-hectares-reserves-a-la-cerealiculture-pour-la-campagne-2025-2026\/#primaryimage\"},\"thumbnailUrl\":\"https:\/\/elmawkie.dz\/fr\/wp-content\/uploads\/2025\/10\/IMG_7408.jpeg\",\"keywords\":[\"B\u00e9char\",\"campagne labours semailles\"],\"articleSection\":[\"R\u00e9gion\"],\"inLanguage\":\"fr-FR\",\"potentialAction\":[{\"@type\":\"CommentAction\",\"name\":\"Comment\",\"target\":[\"https:\/\/elmawkie.dz\/fr\/bechar-plus-de-2-400-hectares-reserves-a-la-cerealiculture-pour-la-campagne-2025-2026\/#respond\"]}]},{\"@type\":\"WebPage\",\"@id\":\"https:\/\/elmawkie.dz\/fr\/bechar-plus-de-2-400-hectares-reserves-a-la-cerealiculture-pour-la-campagne-2025-2026\/\",\"url\":\"https:\/\/elmawkie.dz\/fr\/bechar-plus-de-2-400-hectares-reserves-a-la-cerealiculture-pour-la-campagne-2025-2026\/\",\"name\":\"B\u00e9char : plus de 2.400 hectares r\u00e9serv\u00e9s \u00e0 la c\u00e9r\u00e9aliculture pour la campagne 2025\/2026 - El Mawkie\",\"isPartOf\":{\"@id\":\"https:\/\/elmawkie.dz\/fr\/#website\"},\"primaryImageOfPage\":{\"@id\":\"https:\/\/elmawkie.dz\/fr\/bechar-plus-de-2-400-hectares-reserves-a-la-cerealiculture-pour-la-campagne-2025-2026\/#primaryimage\"},\"image\":{\"@id\":\"https:\/\/elmawkie.dz\/fr\/bechar-plus-de-2-400-hectares-reserves-a-la-cerealiculture-pour-la-campagne-2025-2026\/#primaryimage\"},\"thumbnailUrl\":\"https:\/\/elmawkie.dz\/fr\/wp-content\/uploads\/2025\/10\/IMG_7408.jpeg\",\"datePublished\":\"2025-10-01T13:34:59+00:00\",\"dateModified\":\"2025-10-01T13:35:00+00:00\",\"breadcrumb\":{\"@id\":\"https:\/\/elmawkie.dz\/fr\/bechar-plus-de-2-400-hectares-reserves-a-la-cerealiculture-pour-la-campagne-2025-2026\/#breadcrumb\"},\"inLanguage\":\"fr-FR\",\"potentialAction\":[{\"@type\":\"ReadAction\",\"target\":[\"https:\/\/elmawkie.dz\/fr\/bechar-plus-de-2-400-hectares-reserves-a-la-cerealiculture-pour-la-campagne-2025-2026\/\"]}]},{\"@type\":\"ImageObject\",\"inLanguage\":\"fr-FR\",\"@id\":\"https:\/\/elmawkie.dz\/fr\/bechar-plus-de-2-400-hectares-reserves-a-la-cerealiculture-pour-la-campagne-2025-2026\/#primaryimage\",\"url\":\"https:\/\/elmawkie.dz\/fr\/wp-content\/uploads\/2025\/10\/IMG_7408.jpeg\",\"contentUrl\":\"https:\/\/elmawkie.dz\/fr\/wp-content\/uploads\/2025\/10\/IMG_7408.jpeg\",\"width\":780,\"height\":470},{\"@type\":\"BreadcrumbList\",\"@id\":\"https:\/\/elmawkie.dz\/fr\/bechar-plus-de-2-400-hectares-reserves-a-la-cerealiculture-pour-la-campagne-2025-2026\/#breadcrumb\",\"itemListElement\":[{\"@type\":\"ListItem\",\"position\":1,\"name\":\"Home\",\"item\":\"https:\/\/elmawkie.dz\/fr\/\"},{\"@type\":\"ListItem\",\"position\":2,\"name\":\"B\u00e9char : plus de 2.400 hectares r\u00e9serv\u00e9s \u00e0 la c\u00e9r\u00e9aliculture pour la campagne 2025\/2026\"}]},{\"@type\":\"WebSite\",\"@id\":\"https:\/\/elmawkie.dz\/fr\/#website\",\"url\":\"https:\/\/elmawkie.dz\/fr\/\",\"name\":\"EL MAWKIE\",\"description\":\"Journal \u00c9lectronique Alg\u00e9rien\",\"publisher\":{\"@id\":\"https:\/\/elmawkie.dz\/fr\/#organization\"},\"potentialAction\":[{\"@type\":\"SearchAction\",\"target\":{\"@type\":\"EntryPoint\",\"urlTemplate\":\"https:\/\/elmawkie.dz\/fr\/?s={search_term_string}\"},\"query-input\":\"required name=search_term_string\"}],\"inLanguage\":\"fr-FR\"},{\"@type\":\"Organization\",\"@id\":\"https:\/\/elmawkie.dz\/fr\/#organization\",\"name\":\"EL MAWKIE\",\"url\":\"https:\/\/elmawkie.dz\/fr\/\",\"logo\":{\"@type\":\"ImageObject\",\"inLanguage\":\"fr-FR\",\"@id\":\"https:\/\/elmawkie.dz\/fr\/#\/schema\/logo\/image\/\",\"url\":\"https:\/\/elmawkie.dz\/fr\/wp-content\/uploads\/2024\/05\/logo1.png\",\"contentUrl\":\"https:\/\/elmawkie.dz\/fr\/wp-content\/uploads\/2024\/05\/logo1.png\",\"width\":1648,\"height\":652,\"caption\":\"EL MAWKIE\"},\"image\":{\"@id\":\"https:\/\/elmawkie.dz\/fr\/#\/schema\/logo\/image\/\"},\"sameAs\":[\"https:\/\/www.facebook.com\/profile.php?id=100088407094989&locale=fr_FR\"]},{\"@type\":\"Person\",\"@id\":\"https:\/\/elmawkie.dz\/fr\/#\/schema\/person\/e7bd59d6467874ba5c4723d8a9f0a63c\",\"name\":\"R\u00e9daction\",\"image\":{\"@type\":\"ImageObject\",\"inLanguage\":\"fr-FR\",\"@id\":\"https:\/\/elmawkie.dz\/fr\/#\/schema\/person\/image\/\",\"url\":\"https:\/\/secure.gravatar.com\/avatar\/f0f773456344da4d2788c054a3d30a0c?s=96&d=mm&r=g\",\"contentUrl\":\"https:\/\/secure.gravatar.com\/avatar\/f0f773456344da4d2788c054a3d30a0c?s=96&d=mm&r=g\",\"caption\":\"R\u00e9daction\"},\"url\":\"https:\/\/elmawkie.dz\/fr\/author\/redaction\/\"}]}<\/script>\n<!-- \/ Yoast SEO Premium plugin. -->","yoast_head_json":{"title":"B\u00e9char : plus de 2.400 hectares r\u00e9serv\u00e9s \u00e0 la c\u00e9r\u00e9aliculture pour la campagne 2025\/2026 - El Mawkie","robots":{"index":"index","follow":"follow","max-snippet":"max-snippet:-1","max-image-preview":"max-image-preview:large","max-video-preview":"max-video-preview:-1"},"canonical":"https:\/\/elmawkie.dz\/fr\/bechar-plus-de-2-400-hectares-reserves-a-la-cerealiculture-pour-la-campagne-2025-2026\/","og_locale":"fr_FR","og_type":"article","og_title":"B\u00e9char : plus de 2.400 hectares r\u00e9serv\u00e9s \u00e0 la c\u00e9r\u00e9aliculture pour la campagne 2025\/2026","og_description":"Une superficie de 2.410 hectares destin\u00e9e \u00e0 la culture de c\u00e9r\u00e9ales, durant la saison agricole 2025\/2026, sera cibl\u00e9e par la campagne labours semailles, lanc\u00e9e mercredi dans la wilaya de Bechar, a-t-on appris aupr\u00e8s de la direction locale des Services agricoles (DSA). \u00ab\u00a0Une superficie de 2.410 hectares est d\u00e9di\u00e9e, cette ann\u00e9e, dans le cadre de la &hellip;","og_url":"https:\/\/elmawkie.dz\/fr\/bechar-plus-de-2-400-hectares-reserves-a-la-cerealiculture-pour-la-campagne-2025-2026\/","og_site_name":"El Mawkie","article_publisher":"https:\/\/www.facebook.com\/profile.php?id=100088407094989&locale=fr_FR","article_published_time":"2025-10-01T13:34:59+00:00","article_modified_time":"2025-10-01T13:35:00+00:00","og_image":[{"width":780,"height":470,"url":"https:\/\/elmawkie.dz\/fr\/wp-content\/uploads\/2025\/10\/IMG_7408.jpeg","type":"image\/jpeg"}],"author":"R\u00e9daction","twitter_card":"summary_large_image","twitter_misc":{"Written by":"R\u00e9daction","Est. reading time":"2 minutes"},"schema":{"@context":"https:\/\/schema.org","@graph":[{"@type":"Article","@id":"https:\/\/elmawkie.dz\/fr\/bechar-plus-de-2-400-hectares-reserves-a-la-cerealiculture-pour-la-campagne-2025-2026\/#article","isPartOf":{"@id":"https:\/\/elmawkie.dz\/fr\/bechar-plus-de-2-400-hectares-reserves-a-la-cerealiculture-pour-la-campagne-2025-2026\/"},"author":{"name":"R\u00e9daction","@id":"https:\/\/elmawkie.dz\/fr\/#\/schema\/person\/e7bd59d6467874ba5c4723d8a9f0a63c"},"headline":"B\u00e9char : plus de 2.400 hectares r\u00e9serv\u00e9s \u00e0 la c\u00e9r\u00e9aliculture pour la campagne 2025\/2026","datePublished":"2025-10-01T13:34:59+00:00","dateModified":"2025-10-01T13:35:00+00:00","mainEntityOfPage":{"@id":"https:\/\/elmawkie.dz\/fr\/bechar-plus-de-2-400-hectares-reserves-a-la-cerealiculture-pour-la-campagne-2025-2026\/"},"wordCount":217,"commentCount":0,"publisher":{"@id":"https:\/\/elmawkie.dz\/fr\/#organization"},"image":{"@id":"https:\/\/elmawkie.dz\/fr\/bechar-plus-de-2-400-hectares-reserves-a-la-cerealiculture-pour-la-campagne-2025-2026\/#primaryimage"},"thumbnailUrl":"https:\/\/elmawkie.dz\/fr\/wp-content\/uploads\/2025\/10\/IMG_7408.jpeg","keywords":["B\u00e9char","campagne labours semailles"],"articleSection":["R\u00e9gion"],"inLanguage":"fr-FR","potentialAction":[{"@type":"CommentAction","name":"Comment","target":["https:\/\/elmawkie.dz\/fr\/bechar-plus-de-2-400-hectares-reserves-a-la-cerealiculture-pour-la-campagne-2025-2026\/#respond"]}]},{"@type":"WebPage","@id":"https:\/\/elmawkie.dz\/fr\/bechar-plus-de-2-400-hectares-reserves-a-la-cerealiculture-pour-la-campagne-2025-2026\/","url":"https:\/\/elmawkie.dz\/fr\/bechar-plus-de-2-400-hectares-reserves-a-la-cerealiculture-pour-la-campagne-2025-2026\/","name":"B\u00e9char : plus de 2.400 hectares r\u00e9serv\u00e9s \u00e0 la c\u00e9r\u00e9aliculture pour la campagne 2025\/2026 - El Mawkie","isPartOf":{"@id":"https:\/\/elmawkie.dz\/fr\/#website"},"primaryImageOfPage":{"@id":"https:\/\/elmawkie.dz\/fr\/bechar-plus-de-2-400-hectares-reserves-a-la-cerealiculture-pour-la-campagne-2025-2026\/#primaryimage"},"image":{"@id":"https:\/\/elmawkie.dz\/fr\/bechar-plus-de-2-400-hectares-reserves-a-la-cerealiculture-pour-la-campagne-2025-2026\/#primaryimage"},"thumbnailUrl":"https:\/\/elmawkie.dz\/fr\/wp-content\/uploads\/2025\/10\/IMG_7408.jpeg","datePublished":"2025-10-01T13:34:59+00:00","dateModified":"2025-10-01T13:35:00+00:00","breadcrumb":{"@id":"https:\/\/elmawkie.dz\/fr\/bechar-plus-de-2-400-hectares-reserves-a-la-cerealiculture-pour-la-campagne-2025-2026\/#breadcrumb"},"inLanguage":"fr-FR","potentialAction":[{"@type":"ReadAction","target":["https:\/\/elmawkie.dz\/fr\/bechar-plus-de-2-400-hectares-reserves-a-la-cerealiculture-pour-la-campagne-2025-2026\/"]}]},{"@type":"ImageObject","inLanguage":"fr-FR","@id":"https:\/\/elmawkie.dz\/fr\/bechar-plus-de-2-400-hectares-reserves-a-la-cerealiculture-pour-la-campagne-2025-2026\/#primaryimage","url":"https:\/\/elmawkie.dz\/fr\/wp-content\/uploads\/2025\/10\/IMG_7408.jpeg","contentUrl":"https:\/\/elmawkie.dz\/fr\/wp-content\/uploads\/2025\/10\/IMG_7408.jpeg","width":780,"height":470},{"@type":"BreadcrumbList","@id":"https:\/\/elmawkie.dz\/fr\/bechar-plus-de-2-400-hectares-reserves-a-la-cerealiculture-pour-la-campagne-2025-2026\/#breadcrumb","itemListElement":[{"@type":"ListItem","position":1,"name":"Home","item":"https:\/\/elmawkie.dz\/fr\/"},{"@type":"ListItem","position":2,"name":"B\u00e9char : plus de 2.400 hectares r\u00e9serv\u00e9s \u00e0 la c\u00e9r\u00e9aliculture pour la campagne 2025\/2026"}]},{"@type":"WebSite","@id":"https:\/\/elmawkie.dz\/fr\/#website","url":"https:\/\/elmawkie.dz\/fr\/","name":"EL MAWKIE","description":"Journal \u00c9lectronique Alg\u00e9rien","publisher":{"@id":"https:\/\/elmawkie.dz\/fr\/#organization"},"potentialAction":[{"@type":"SearchAction","target":{"@type":"EntryPoint","urlTemplate":"https:\/\/elmawkie.dz\/fr\/?s={search_term_string}"},"query-input":"required name=search_term_string"}],"inLanguage":"fr-FR"},{"@type":"Organization","@id":"https:\/\/elmawkie.dz\/fr\/#organization","name":"EL MAWKIE","url":"https:\/\/elmawkie.dz\/fr\/","logo":{"@type":"ImageObject","inLanguage":"fr-FR","@id":"https:\/\/elmawkie.dz\/fr\/#\/schema\/logo\/image\/","url":"https:\/\/elmawkie.dz\/fr\/wp-content\/uploads\/2024\/05\/logo1.png","contentUrl":"https:\/\/elmawkie.dz\/fr\/wp-content\/uploads\/2024\/05\/logo1.png","width":1648,"height":652,"caption":"EL MAWKIE"},"image":{"@id":"https:\/\/elmawkie.dz\/fr\/#\/schema\/logo\/image\/"},"sameAs":["https:\/\/www.facebook.com\/profile.php?id=100088407094989&locale=fr_FR"]},{"@type":"Person","@id":"https:\/\/elmawkie.dz\/fr\/#\/schema\/person\/e7bd59d6467874ba5c4723d8a9f0a63c","name":"R\u00e9daction","image":{"@type":"ImageObject","inLanguage":"fr-FR","@id":"https:\/\/elmawkie.dz\/fr\/#\/schema\/person\/image\/","url":"https:\/\/secure.gravatar.com\/avatar\/f0f773456344da4d2788c054a3d30a0c?s=96&d=mm&r=g","contentUrl":"https:\/\/secure.gravatar.com\/avatar\/f0f773456344da4d2788c054a3d30a0c?s=96&d=mm&r=g","caption":"R\u00e9daction"},"url":"https:\/\/elmawkie.dz\/fr\/author\/redaction\/"}]}},"_links":{"self":[{"href":"https:\/\/elmawkie.dz\/fr\/wp-json\/wp\/v2\/posts\/56926","targetHints":{"allow":["GET"]}}],"collection":[{"href":"https:\/\/elmawkie.dz\/fr\/wp-json\/wp\/v2\/posts"}],"about":[{"href":"https:\/\/elmawkie.dz\/fr\/wp-json\/wp\/v2\/types\/post"}],"author":[{"embeddable":true,"href":"https:\/\/elmawkie.dz\/fr\/wp-json\/wp\/v2\/users\/9"}],"replies":[{"embeddable":true,"href":"https:\/\/elmawkie.dz\/fr\/wp-json\/wp\/v2\/comments?post=56926"}],"version-history":[{"count":1,"href":"https:\/\/elmawkie.dz\/fr\/wp-json\/wp\/v2\/posts\/56926\/revisions"}],"predecessor-version":[{"id":56929,"href":"https:\/\/elmawkie.dz\/fr\/wp-json\/wp\/v2\/posts\/56926\/revisions\/56929"}],"wp:featuredmedia":[{"embeddable":true,"href":"https:\/\/elmawkie.dz\/fr\/wp-json\/wp\/v2\/media\/56928"}],"wp:attachment":[{"href":"https:\/\/elmawkie.dz\/fr\/wp-json\/wp\/v2\/media?parent=56926"}],"wp:term":[{"taxonomy":"category","embeddable":true,"href":"https:\/\/elmawkie.dz\/fr\/wp-json\/wp\/v2\/categories?post=56926"},{"taxonomy":"post_tag","embeddable":true,"href":"https:\/\/elmawkie.dz\/fr\/wp-json\/wp\/v2\/tags?post=56926"}],"curies":[{"name":"wp","href":"https:\/\/api.w.org\/{rel}","templated":true}]}}