{"id":56806,"date":"2025-09-27T12:57:49","date_gmt":"2025-09-27T11:57:49","guid":{"rendered":"https:\/\/elmawkie.dz\/fr\/?p=56806"},"modified":"2025-09-27T12:59:05","modified_gmt":"2025-09-27T11:59:05","slug":"juventus-vlahovic-sur-le-marche-des-cet-hiver-manchester-united-et-chelsea-interesses","status":"publish","type":"post","link":"https:\/\/elmawkie.dz\/fr\/juventus-vlahovic-sur-le-marche-des-cet-hiver-manchester-united-et-chelsea-interesses\/","title":{"rendered":"Juventus : Vlahovi\u0107 sur le march\u00e9 d\u00e8s cet hiver, Manchester United et Chelsea int\u00e9ress\u00e9s"},"content":{"rendered":"\n<p><strong>Y.B<\/strong><br>Selon les informations de La Gazzetta dello Sport, la Juventus de Turin envisage s\u00e9rieusement de se s\u00e9parer de son attaquant serbe Du\u0161an Vlahovi\u0107 d\u00e8s le mercato hivernal. Le club italien, en proie \u00e0 des difficult\u00e9s financi\u00e8res, souhaite \u00e9viter de voir partir son buteur gratuitement \u00e0 l\u2019issue de son contrat et privil\u00e9gie donc une vente en janvier afin de r\u00e9cup\u00e9rer une indemnit\u00e9 de transfert.<\/p>\n\n\n\n<p>Convoit\u00e9 depuis plusieurs saisons par plusieurs cadors de Premier League, Vlahovi\u0107 figure toujours sur les tablettes de Manchester United et Chelsea, qui suivent de pr\u00e8s l\u2019\u00e9volution de sa situation.<\/p>\n\n\n\n<p>En ce d\u00e9but de saison, l\u2019avant-centre serbe s\u2019est d\u00e9j\u00e0 distingu\u00e9 avec la Juventus en inscrivant quatre buts et en d\u00e9livrant une passe d\u00e9cisive en cinq rencontres toutes comp\u00e9titions confondues.<\/p>\n","protected":false},"excerpt":{"rendered":"<p>Y.BSelon les informations de La Gazzetta dello Sport, la Juventus de Turin envisage s\u00e9rieusement de se s\u00e9parer de son attaquant serbe Du\u0161an Vlahovi\u0107 d\u00e8s le mercato hivernal. Le club italien, en proie \u00e0 des difficult\u00e9s financi\u00e8res, souhaite \u00e9viter de voir partir son buteur gratuitement \u00e0 l\u2019issue de son contrat et privil\u00e9gie donc une vente en &hellip;<\/p>\n","protected":false},"author":9,"featured_media":56808,"comment_status":"open","ping_status":"open","sticky":false,"template":"","format":"standard","meta":{"footnotes":""},"categories":[57],"tags":[5113,5111,2854,5112],"class_list":["post-56806","post","type-post","status-publish","format-standard","has-post-thumbnail","hentry","category-sport","tag-chelsea","tag-juventus","tag-manchester-united","tag-vlahovic"],"yoast_head":"<!-- This site is optimized with the Yoast SEO Premium plugin v22.6 (Yoast SEO v22.6) - https:\/\/yoast.com\/wordpress\/plugins\/seo\/ -->\n<title>Juventus : Vlahovi\u0107 sur le march\u00e9 d\u00e8s cet hiver, Manchester United et Chelsea int\u00e9ress\u00e9s - El Mawkie<\/title>\n<meta name=\"robots\" content=\"index, follow, max-snippet:-1, max-image-preview:large, max-video-preview:-1\" \/>\n<link rel=\"canonical\" href=\"https:\/\/elmawkie.dz\/fr\/juventus-vlahovic-sur-le-marche-des-cet-hiver-manchester-united-et-chelsea-interesses\/\" \/>\n<meta property=\"og:locale\" content=\"fr_FR\" \/>\n<meta property=\"og:type\" content=\"article\" \/>\n<meta property=\"og:title\" content=\"Juventus : Vlahovi\u0107 sur le march\u00e9 d\u00e8s cet hiver, Manchester United et Chelsea int\u00e9ress\u00e9s\" \/>\n<meta property=\"og:description\" content=\"Y.BSelon les informations de La Gazzetta dello Sport, la Juventus de Turin envisage s\u00e9rieusement de se s\u00e9parer de son attaquant serbe Du\u0161an Vlahovi\u0107 d\u00e8s le mercato hivernal. Le club italien, en proie \u00e0 des difficult\u00e9s financi\u00e8res, souhaite \u00e9viter de voir partir son buteur gratuitement \u00e0 l\u2019issue de son contrat et privil\u00e9gie donc une vente en &hellip;\" \/>\n<meta property=\"og:url\" content=\"https:\/\/elmawkie.dz\/fr\/juventus-vlahovic-sur-le-marche-des-cet-hiver-manchester-united-et-chelsea-interesses\/\" \/>\n<meta property=\"og:site_name\" content=\"El Mawkie\" \/>\n<meta property=\"article:publisher\" content=\"https:\/\/www.facebook.com\/profile.php?id=100088407094989&amp;locale=fr_FR\" \/>\n<meta property=\"article:published_time\" content=\"2025-09-27T11:57:49+00:00\" \/>\n<meta property=\"article:modified_time\" content=\"2025-09-27T11:59:05+00:00\" \/>\n<meta property=\"og:image\" content=\"https:\/\/elmawkie.dz\/fr\/wp-content\/uploads\/2025\/09\/IMG_7049.jpeg\" \/>\n\t<meta property=\"og:image:width\" content=\"1200\" \/>\n\t<meta property=\"og:image:height\" content=\"675\" \/>\n\t<meta property=\"og:image:type\" content=\"image\/jpeg\" \/>\n<meta name=\"author\" content=\"R\u00e9daction\" \/>\n<meta name=\"twitter:card\" content=\"summary_large_image\" \/>\n<meta name=\"twitter:label1\" content=\"Written by\" \/>\n\t<meta name=\"twitter:data1\" content=\"R\u00e9daction\" \/>\n\t<meta name=\"twitter:label2\" content=\"Est. reading time\" \/>\n\t<meta name=\"twitter:data2\" content=\"1 minute\" \/>\n<script type=\"application\/ld+json\" class=\"yoast-schema-graph\">{\"@context\":\"https:\/\/schema.org\",\"@graph\":[{\"@type\":\"Article\",\"@id\":\"https:\/\/elmawkie.dz\/fr\/juventus-vlahovic-sur-le-marche-des-cet-hiver-manchester-united-et-chelsea-interesses\/#article\",\"isPartOf\":{\"@id\":\"https:\/\/elmawkie.dz\/fr\/juventus-vlahovic-sur-le-marche-des-cet-hiver-manchester-united-et-chelsea-interesses\/\"},\"author\":{\"name\":\"R\u00e9daction\",\"@id\":\"https:\/\/elmawkie.dz\/fr\/#\/schema\/person\/e7bd59d6467874ba5c4723d8a9f0a63c\"},\"headline\":\"Juventus : Vlahovi\u0107 sur le march\u00e9 d\u00e8s cet hiver, Manchester United et Chelsea int\u00e9ress\u00e9s\",\"datePublished\":\"2025-09-27T11:57:49+00:00\",\"dateModified\":\"2025-09-27T11:59:05+00:00\",\"mainEntityOfPage\":{\"@id\":\"https:\/\/elmawkie.dz\/fr\/juventus-vlahovic-sur-le-marche-des-cet-hiver-manchester-united-et-chelsea-interesses\/\"},\"wordCount\":156,\"commentCount\":0,\"publisher\":{\"@id\":\"https:\/\/elmawkie.dz\/fr\/#organization\"},\"image\":{\"@id\":\"https:\/\/elmawkie.dz\/fr\/juventus-vlahovic-sur-le-marche-des-cet-hiver-manchester-united-et-chelsea-interesses\/#primaryimage\"},\"thumbnailUrl\":\"https:\/\/elmawkie.dz\/fr\/wp-content\/uploads\/2025\/09\/IMG_7049.jpeg\",\"keywords\":[\"Chelsea\",\"Juventus\",\"Manchester United\",\"Vlahovi\u0107\"],\"articleSection\":[\"Sport\"],\"inLanguage\":\"fr-FR\",\"potentialAction\":[{\"@type\":\"CommentAction\",\"name\":\"Comment\",\"target\":[\"https:\/\/elmawkie.dz\/fr\/juventus-vlahovic-sur-le-marche-des-cet-hiver-manchester-united-et-chelsea-interesses\/#respond\"]}]},{\"@type\":\"WebPage\",\"@id\":\"https:\/\/elmawkie.dz\/fr\/juventus-vlahovic-sur-le-marche-des-cet-hiver-manchester-united-et-chelsea-interesses\/\",\"url\":\"https:\/\/elmawkie.dz\/fr\/juventus-vlahovic-sur-le-marche-des-cet-hiver-manchester-united-et-chelsea-interesses\/\",\"name\":\"Juventus : Vlahovi\u0107 sur le march\u00e9 d\u00e8s cet hiver, Manchester United et Chelsea int\u00e9ress\u00e9s - El Mawkie\",\"isPartOf\":{\"@id\":\"https:\/\/elmawkie.dz\/fr\/#website\"},\"primaryImageOfPage\":{\"@id\":\"https:\/\/elmawkie.dz\/fr\/juventus-vlahovic-sur-le-marche-des-cet-hiver-manchester-united-et-chelsea-interesses\/#primaryimage\"},\"image\":{\"@id\":\"https:\/\/elmawkie.dz\/fr\/juventus-vlahovic-sur-le-marche-des-cet-hiver-manchester-united-et-chelsea-interesses\/#primaryimage\"},\"thumbnailUrl\":\"https:\/\/elmawkie.dz\/fr\/wp-content\/uploads\/2025\/09\/IMG_7049.jpeg\",\"datePublished\":\"2025-09-27T11:57:49+00:00\",\"dateModified\":\"2025-09-27T11:59:05+00:00\",\"breadcrumb\":{\"@id\":\"https:\/\/elmawkie.dz\/fr\/juventus-vlahovic-sur-le-marche-des-cet-hiver-manchester-united-et-chelsea-interesses\/#breadcrumb\"},\"inLanguage\":\"fr-FR\",\"potentialAction\":[{\"@type\":\"ReadAction\",\"target\":[\"https:\/\/elmawkie.dz\/fr\/juventus-vlahovic-sur-le-marche-des-cet-hiver-manchester-united-et-chelsea-interesses\/\"]}]},{\"@type\":\"ImageObject\",\"inLanguage\":\"fr-FR\",\"@id\":\"https:\/\/elmawkie.dz\/fr\/juventus-vlahovic-sur-le-marche-des-cet-hiver-manchester-united-et-chelsea-interesses\/#primaryimage\",\"url\":\"https:\/\/elmawkie.dz\/fr\/wp-content\/uploads\/2025\/09\/IMG_7049.jpeg\",\"contentUrl\":\"https:\/\/elmawkie.dz\/fr\/wp-content\/uploads\/2025\/09\/IMG_7049.jpeg\",\"width\":1200,\"height\":675},{\"@type\":\"BreadcrumbList\",\"@id\":\"https:\/\/elmawkie.dz\/fr\/juventus-vlahovic-sur-le-marche-des-cet-hiver-manchester-united-et-chelsea-interesses\/#breadcrumb\",\"itemListElement\":[{\"@type\":\"ListItem\",\"position\":1,\"name\":\"Home\",\"item\":\"https:\/\/elmawkie.dz\/fr\/\"},{\"@type\":\"ListItem\",\"position\":2,\"name\":\"Juventus : Vlahovi\u0107 sur le march\u00e9 d\u00e8s cet hiver, Manchester United et Chelsea int\u00e9ress\u00e9s\"}]},{\"@type\":\"WebSite\",\"@id\":\"https:\/\/elmawkie.dz\/fr\/#website\",\"url\":\"https:\/\/elmawkie.dz\/fr\/\",\"name\":\"EL MAWKIE\",\"description\":\"Journal \u00c9lectronique Alg\u00e9rien\",\"publisher\":{\"@id\":\"https:\/\/elmawkie.dz\/fr\/#organization\"},\"potentialAction\":[{\"@type\":\"SearchAction\",\"target\":{\"@type\":\"EntryPoint\",\"urlTemplate\":\"https:\/\/elmawkie.dz\/fr\/?s={search_term_string}\"},\"query-input\":\"required name=search_term_string\"}],\"inLanguage\":\"fr-FR\"},{\"@type\":\"Organization\",\"@id\":\"https:\/\/elmawkie.dz\/fr\/#organization\",\"name\":\"EL MAWKIE\",\"url\":\"https:\/\/elmawkie.dz\/fr\/\",\"logo\":{\"@type\":\"ImageObject\",\"inLanguage\":\"fr-FR\",\"@id\":\"https:\/\/elmawkie.dz\/fr\/#\/schema\/logo\/image\/\",\"url\":\"https:\/\/elmawkie.dz\/fr\/wp-content\/uploads\/2024\/05\/logo1.png\",\"contentUrl\":\"https:\/\/elmawkie.dz\/fr\/wp-content\/uploads\/2024\/05\/logo1.png\",\"width\":1648,\"height\":652,\"caption\":\"EL MAWKIE\"},\"image\":{\"@id\":\"https:\/\/elmawkie.dz\/fr\/#\/schema\/logo\/image\/\"},\"sameAs\":[\"https:\/\/www.facebook.com\/profile.php?id=100088407094989&locale=fr_FR\"]},{\"@type\":\"Person\",\"@id\":\"https:\/\/elmawkie.dz\/fr\/#\/schema\/person\/e7bd59d6467874ba5c4723d8a9f0a63c\",\"name\":\"R\u00e9daction\",\"image\":{\"@type\":\"ImageObject\",\"inLanguage\":\"fr-FR\",\"@id\":\"https:\/\/elmawkie.dz\/fr\/#\/schema\/person\/image\/\",\"url\":\"https:\/\/secure.gravatar.com\/avatar\/f0f773456344da4d2788c054a3d30a0c?s=96&d=mm&r=g\",\"contentUrl\":\"https:\/\/secure.gravatar.com\/avatar\/f0f773456344da4d2788c054a3d30a0c?s=96&d=mm&r=g\",\"caption\":\"R\u00e9daction\"},\"url\":\"https:\/\/elmawkie.dz\/fr\/author\/redaction\/\"}]}<\/script>\n<!-- \/ Yoast SEO Premium plugin. -->","yoast_head_json":{"title":"Juventus : Vlahovi\u0107 sur le march\u00e9 d\u00e8s cet hiver, Manchester United et Chelsea int\u00e9ress\u00e9s - El Mawkie","robots":{"index":"index","follow":"follow","max-snippet":"max-snippet:-1","max-image-preview":"max-image-preview:large","max-video-preview":"max-video-preview:-1"},"canonical":"https:\/\/elmawkie.dz\/fr\/juventus-vlahovic-sur-le-marche-des-cet-hiver-manchester-united-et-chelsea-interesses\/","og_locale":"fr_FR","og_type":"article","og_title":"Juventus : Vlahovi\u0107 sur le march\u00e9 d\u00e8s cet hiver, Manchester United et Chelsea int\u00e9ress\u00e9s","og_description":"Y.BSelon les informations de La Gazzetta dello Sport, la Juventus de Turin envisage s\u00e9rieusement de se s\u00e9parer de son attaquant serbe Du\u0161an Vlahovi\u0107 d\u00e8s le mercato hivernal. Le club italien, en proie \u00e0 des difficult\u00e9s financi\u00e8res, souhaite \u00e9viter de voir partir son buteur gratuitement \u00e0 l\u2019issue de son contrat et privil\u00e9gie donc une vente en &hellip;","og_url":"https:\/\/elmawkie.dz\/fr\/juventus-vlahovic-sur-le-marche-des-cet-hiver-manchester-united-et-chelsea-interesses\/","og_site_name":"El Mawkie","article_publisher":"https:\/\/www.facebook.com\/profile.php?id=100088407094989&locale=fr_FR","article_published_time":"2025-09-27T11:57:49+00:00","article_modified_time":"2025-09-27T11:59:05+00:00","og_image":[{"width":1200,"height":675,"url":"https:\/\/elmawkie.dz\/fr\/wp-content\/uploads\/2025\/09\/IMG_7049.jpeg","type":"image\/jpeg"}],"author":"R\u00e9daction","twitter_card":"summary_large_image","twitter_misc":{"Written by":"R\u00e9daction","Est. reading time":"1 minute"},"schema":{"@context":"https:\/\/schema.org","@graph":[{"@type":"Article","@id":"https:\/\/elmawkie.dz\/fr\/juventus-vlahovic-sur-le-marche-des-cet-hiver-manchester-united-et-chelsea-interesses\/#article","isPartOf":{"@id":"https:\/\/elmawkie.dz\/fr\/juventus-vlahovic-sur-le-marche-des-cet-hiver-manchester-united-et-chelsea-interesses\/"},"author":{"name":"R\u00e9daction","@id":"https:\/\/elmawkie.dz\/fr\/#\/schema\/person\/e7bd59d6467874ba5c4723d8a9f0a63c"},"headline":"Juventus : Vlahovi\u0107 sur le march\u00e9 d\u00e8s cet hiver, Manchester United et Chelsea int\u00e9ress\u00e9s","datePublished":"2025-09-27T11:57:49+00:00","dateModified":"2025-09-27T11:59:05+00:00","mainEntityOfPage":{"@id":"https:\/\/elmawkie.dz\/fr\/juventus-vlahovic-sur-le-marche-des-cet-hiver-manchester-united-et-chelsea-interesses\/"},"wordCount":156,"commentCount":0,"publisher":{"@id":"https:\/\/elmawkie.dz\/fr\/#organization"},"image":{"@id":"https:\/\/elmawkie.dz\/fr\/juventus-vlahovic-sur-le-marche-des-cet-hiver-manchester-united-et-chelsea-interesses\/#primaryimage"},"thumbnailUrl":"https:\/\/elmawkie.dz\/fr\/wp-content\/uploads\/2025\/09\/IMG_7049.jpeg","keywords":["Chelsea","Juventus","Manchester United","Vlahovi\u0107"],"articleSection":["Sport"],"inLanguage":"fr-FR","potentialAction":[{"@type":"CommentAction","name":"Comment","target":["https:\/\/elmawkie.dz\/fr\/juventus-vlahovic-sur-le-marche-des-cet-hiver-manchester-united-et-chelsea-interesses\/#respond"]}]},{"@type":"WebPage","@id":"https:\/\/elmawkie.dz\/fr\/juventus-vlahovic-sur-le-marche-des-cet-hiver-manchester-united-et-chelsea-interesses\/","url":"https:\/\/elmawkie.dz\/fr\/juventus-vlahovic-sur-le-marche-des-cet-hiver-manchester-united-et-chelsea-interesses\/","name":"Juventus : Vlahovi\u0107 sur le march\u00e9 d\u00e8s cet hiver, Manchester United et Chelsea int\u00e9ress\u00e9s - El Mawkie","isPartOf":{"@id":"https:\/\/elmawkie.dz\/fr\/#website"},"primaryImageOfPage":{"@id":"https:\/\/elmawkie.dz\/fr\/juventus-vlahovic-sur-le-marche-des-cet-hiver-manchester-united-et-chelsea-interesses\/#primaryimage"},"image":{"@id":"https:\/\/elmawkie.dz\/fr\/juventus-vlahovic-sur-le-marche-des-cet-hiver-manchester-united-et-chelsea-interesses\/#primaryimage"},"thumbnailUrl":"https:\/\/elmawkie.dz\/fr\/wp-content\/uploads\/2025\/09\/IMG_7049.jpeg","datePublished":"2025-09-27T11:57:49+00:00","dateModified":"2025-09-27T11:59:05+00:00","breadcrumb":{"@id":"https:\/\/elmawkie.dz\/fr\/juventus-vlahovic-sur-le-marche-des-cet-hiver-manchester-united-et-chelsea-interesses\/#breadcrumb"},"inLanguage":"fr-FR","potentialAction":[{"@type":"ReadAction","target":["https:\/\/elmawkie.dz\/fr\/juventus-vlahovic-sur-le-marche-des-cet-hiver-manchester-united-et-chelsea-interesses\/"]}]},{"@type":"ImageObject","inLanguage":"fr-FR","@id":"https:\/\/elmawkie.dz\/fr\/juventus-vlahovic-sur-le-marche-des-cet-hiver-manchester-united-et-chelsea-interesses\/#primaryimage","url":"https:\/\/elmawkie.dz\/fr\/wp-content\/uploads\/2025\/09\/IMG_7049.jpeg","contentUrl":"https:\/\/elmawkie.dz\/fr\/wp-content\/uploads\/2025\/09\/IMG_7049.jpeg","width":1200,"height":675},{"@type":"BreadcrumbList","@id":"https:\/\/elmawkie.dz\/fr\/juventus-vlahovic-sur-le-marche-des-cet-hiver-manchester-united-et-chelsea-interesses\/#breadcrumb","itemListElement":[{"@type":"ListItem","position":1,"name":"Home","item":"https:\/\/elmawkie.dz\/fr\/"},{"@type":"ListItem","position":2,"name":"Juventus : Vlahovi\u0107 sur le march\u00e9 d\u00e8s cet hiver, Manchester United et Chelsea int\u00e9ress\u00e9s"}]},{"@type":"WebSite","@id":"https:\/\/elmawkie.dz\/fr\/#website","url":"https:\/\/elmawkie.dz\/fr\/","name":"EL MAWKIE","description":"Journal \u00c9lectronique Alg\u00e9rien","publisher":{"@id":"https:\/\/elmawkie.dz\/fr\/#organization"},"potentialAction":[{"@type":"SearchAction","target":{"@type":"EntryPoint","urlTemplate":"https:\/\/elmawkie.dz\/fr\/?s={search_term_string}"},"query-input":"required name=search_term_string"}],"inLanguage":"fr-FR"},{"@type":"Organization","@id":"https:\/\/elmawkie.dz\/fr\/#organization","name":"EL MAWKIE","url":"https:\/\/elmawkie.dz\/fr\/","logo":{"@type":"ImageObject","inLanguage":"fr-FR","@id":"https:\/\/elmawkie.dz\/fr\/#\/schema\/logo\/image\/","url":"https:\/\/elmawkie.dz\/fr\/wp-content\/uploads\/2024\/05\/logo1.png","contentUrl":"https:\/\/elmawkie.dz\/fr\/wp-content\/uploads\/2024\/05\/logo1.png","width":1648,"height":652,"caption":"EL MAWKIE"},"image":{"@id":"https:\/\/elmawkie.dz\/fr\/#\/schema\/logo\/image\/"},"sameAs":["https:\/\/www.facebook.com\/profile.php?id=100088407094989&locale=fr_FR"]},{"@type":"Person","@id":"https:\/\/elmawkie.dz\/fr\/#\/schema\/person\/e7bd59d6467874ba5c4723d8a9f0a63c","name":"R\u00e9daction","image":{"@type":"ImageObject","inLanguage":"fr-FR","@id":"https:\/\/elmawkie.dz\/fr\/#\/schema\/person\/image\/","url":"https:\/\/secure.gravatar.com\/avatar\/f0f773456344da4d2788c054a3d30a0c?s=96&d=mm&r=g","contentUrl":"https:\/\/secure.gravatar.com\/avatar\/f0f773456344da4d2788c054a3d30a0c?s=96&d=mm&r=g","caption":"R\u00e9daction"},"url":"https:\/\/elmawkie.dz\/fr\/author\/redaction\/"}]}},"_links":{"self":[{"href":"https:\/\/elmawkie.dz\/fr\/wp-json\/wp\/v2\/posts\/56806","targetHints":{"allow":["GET"]}}],"collection":[{"href":"https:\/\/elmawkie.dz\/fr\/wp-json\/wp\/v2\/posts"}],"about":[{"href":"https:\/\/elmawkie.dz\/fr\/wp-json\/wp\/v2\/types\/post"}],"author":[{"embeddable":true,"href":"https:\/\/elmawkie.dz\/fr\/wp-json\/wp\/v2\/users\/9"}],"replies":[{"embeddable":true,"href":"https:\/\/elmawkie.dz\/fr\/wp-json\/wp\/v2\/comments?post=56806"}],"version-history":[{"count":2,"href":"https:\/\/elmawkie.dz\/fr\/wp-json\/wp\/v2\/posts\/56806\/revisions"}],"predecessor-version":[{"id":56810,"href":"https:\/\/elmawkie.dz\/fr\/wp-json\/wp\/v2\/posts\/56806\/revisions\/56810"}],"wp:featuredmedia":[{"embeddable":true,"href":"https:\/\/elmawkie.dz\/fr\/wp-json\/wp\/v2\/media\/56808"}],"wp:attachment":[{"href":"https:\/\/elmawkie.dz\/fr\/wp-json\/wp\/v2\/media?parent=56806"}],"wp:term":[{"taxonomy":"category","embeddable":true,"href":"https:\/\/elmawkie.dz\/fr\/wp-json\/wp\/v2\/categories?post=56806"},{"taxonomy":"post_tag","embeddable":true,"href":"https:\/\/elmawkie.dz\/fr\/wp-json\/wp\/v2\/tags?post=56806"}],"curies":[{"name":"wp","href":"https:\/\/api.w.org\/{rel}","templated":true}]}}