{"id":56778,"date":"2025-09-26T19:31:36","date_gmt":"2025-09-26T18:31:36","guid":{"rendered":"https:\/\/elmawkie.dz\/fr\/?p=56778"},"modified":"2025-09-26T19:31:42","modified_gmt":"2025-09-26T18:31:42","slug":"espagne-le-parlement-de-navarre-renouvelle-son-soutien-au-droit-du-peuple-sahraoui-a-lautodetermination","status":"publish","type":"post","link":"https:\/\/elmawkie.dz\/fr\/espagne-le-parlement-de-navarre-renouvelle-son-soutien-au-droit-du-peuple-sahraoui-a-lautodetermination\/","title":{"rendered":"Espagne : le Parlement de Navarre renouvelle son soutien au droit du peuple sahraoui \u00e0 l\u2019autod\u00e9termination"},"content":{"rendered":"\n<p>Le Parlement de Navarre (nord de l&rsquo;Espagne), par la voix de son pr\u00e9sident Unai Hualde, a r\u00e9affirm\u00e9 son engagement historique en faveur de la lutte du peuple sahraoui pour l&rsquo;autod\u00e9termination et l&rsquo;ind\u00e9pendance, soulignant que l&rsquo;institution l\u00e9gislative de la r\u00e9gion continuera de d\u00e9fendre le droit et la justice face \u00e0 des d\u00e9cennies d&rsquo;occupation marocaine ill\u00e9gale du Sahara Occidental. Selon le site officiel du Parlement de Navarre, cette d\u00e9claration est intervenue lors de la r\u00e9ception, vendredi au si\u00e8ge du Parlement, d&rsquo;Abdullah Arabi, repr\u00e9sentant du Front Polisario en Espagne, en pr\u00e9sence du pr\u00e9sident du Parlement accompagn\u00e9 de Carlos Guzman, coordinateur du groupe parlementaire \u00ab\u00a0Paix et Libert\u00e9 pour le peuple sahraoui \u00ab\u00a0. A cette occasion, Hualde a r\u00e9affirm\u00e9 le soutien de l&rsquo;institution au peuple sahraoui, ajoutant : \u00ab\u00a0Nous avons toujours reconnu le droit du peuple sahraoui \u00e0 l&rsquo;autod\u00e9termination et exig\u00e9 le respect du droit international\u00a0\u00bb. Dans ce sens, le pr\u00e9sident du Parlement de Navarre a d\u00e9clar\u00e9 : \u00ab\u00a0Nous demandons le respect du droit international vis-\u00e0-vis de la R\u00e9publique arabe sahraouie d\u00e9mocratique, apr\u00e8s de longues ann\u00e9es de lutte, de r\u00e9sistance, de fermet\u00e9 et de solidarit\u00e9, face \u00e0 la n\u00e9gligence des gouvernements et institutions envers les injustices subies par le peuple sahraoui\u00a0\u00bb. Il a conclu son intervention en r\u00e9affirmant l&rsquo;engagement du Parlement \u00e0 faire face \u00e0 \u00a0\u00bb la situation humanitaire d&rsquo;urgence\u00a0\u00bb que vit le peuple sahraoui depuis des d\u00e9cennies, appelant \u00e0 parvenir \u00e0 \u00a0\u00bb une solution juste et durable fond\u00e9e essentiellement sur les r\u00e9solutions des Nations unies\u00a0\u00bb. Pour sa part, Abdullah Arabi a indiqu\u00e9 qu&rsquo;il \u00ab\u00a0s&rsquo;agit d&rsquo;une visite de courtoisie que nous avons mise \u00e0 profit pour partager les derniers d\u00e9veloppements concernant la situation au Sahara Occidental et, surtout, pour exprimer au nom du peuple sahraoui notre gratitude pour la solidarit\u00e9 de la Navarre et pour le r\u00f4le politique et institutionnel du Parlement \u00e0 travers le groupe parlementaire, qui contribue \u00e0 emp\u00eacher que ce conflit ne tombe dans l&rsquo;oubli\u00a0\u00bb. La visite de la d\u00e9l\u00e9gation sahraouie \u00e0 Pampelune, capitale de la Navarre &#8211; ajoute la m\u00eame source &#8211; s&rsquo;inscrit dans le cadre de la participation, ce week-end, aux sessions de discussion du programme \u00ab\u00a0Vacances en Paix 2025\u00a0\u00bb, qui a mobilis\u00e9 plus de 80 associations de solidarit\u00e9 avec le peuple sahraoui issues de toute l&rsquo;Espagne. Le programme a permis, l&rsquo;\u00e9t\u00e9 dernier, \u00e0 3 000 enfants r\u00e9fugi\u00e9s sahraouis de s\u00e9journer temporairement chez des familles espagnoles. La rencontre s&rsquo;est d\u00e9roul\u00e9e en pr\u00e9sence, aux c\u00f4t\u00e9s d&rsquo;Abdullah Arabi, du ministre sahraoui de la Jeunesse et des Sports, Hasnitu Mohamed Cheblal, du repr\u00e9sentant du Polisario en Navarre, Hamdi Bray, du vice-repr\u00e9sentant sahraoui en Navarre, Mohamed Ghilan, de Carolina Garcia, repr\u00e9sentante de l&rsquo;Association des Amis du peuple sahraoui de Navarre (ANAS), ainsi que de Maite Isla Avion, coordinatrice nationale des associations de solidarit\u00e9 avec le peuple sahraoui.<\/p>\n","protected":false},"excerpt":{"rendered":"<p>Le Parlement de Navarre (nord de l&rsquo;Espagne), par la voix de son pr\u00e9sident Unai Hualde, a r\u00e9affirm\u00e9 son engagement historique en faveur de la lutte du peuple sahraoui pour l&rsquo;autod\u00e9termination et l&rsquo;ind\u00e9pendance, soulignant que l&rsquo;institution l\u00e9gislative de la r\u00e9gion continuera de d\u00e9fendre le droit et la justice face \u00e0 des d\u00e9cennies d&rsquo;occupation marocaine ill\u00e9gale du &hellip;<\/p>\n","protected":false},"author":9,"featured_media":56780,"comment_status":"open","ping_status":"open","sticky":false,"template":"","format":"standard","meta":{"footnotes":""},"categories":[44],"tags":[],"class_list":["post-56778","post","type-post","status-publish","format-standard","has-post-thumbnail","hentry","category-international"],"yoast_head":"<!-- This site is optimized with the Yoast SEO Premium plugin v22.6 (Yoast SEO v22.6) - https:\/\/yoast.com\/wordpress\/plugins\/seo\/ -->\n<title>Espagne : le Parlement de Navarre renouvelle son soutien au droit du peuple sahraoui \u00e0 l\u2019autod\u00e9termination - El Mawkie<\/title>\n<meta name=\"robots\" content=\"index, follow, max-snippet:-1, max-image-preview:large, max-video-preview:-1\" \/>\n<link rel=\"canonical\" href=\"https:\/\/elmawkie.dz\/fr\/espagne-le-parlement-de-navarre-renouvelle-son-soutien-au-droit-du-peuple-sahraoui-a-lautodetermination\/\" \/>\n<meta property=\"og:locale\" content=\"fr_FR\" \/>\n<meta property=\"og:type\" content=\"article\" \/>\n<meta property=\"og:title\" content=\"Espagne : le Parlement de Navarre renouvelle son soutien au droit du peuple sahraoui \u00e0 l\u2019autod\u00e9termination\" \/>\n<meta property=\"og:description\" content=\"Le Parlement de Navarre (nord de l&rsquo;Espagne), par la voix de son pr\u00e9sident Unai Hualde, a r\u00e9affirm\u00e9 son engagement historique en faveur de la lutte du peuple sahraoui pour l&rsquo;autod\u00e9termination et l&rsquo;ind\u00e9pendance, soulignant que l&rsquo;institution l\u00e9gislative de la r\u00e9gion continuera de d\u00e9fendre le droit et la justice face \u00e0 des d\u00e9cennies d&rsquo;occupation marocaine ill\u00e9gale du &hellip;\" \/>\n<meta property=\"og:url\" content=\"https:\/\/elmawkie.dz\/fr\/espagne-le-parlement-de-navarre-renouvelle-son-soutien-au-droit-du-peuple-sahraoui-a-lautodetermination\/\" \/>\n<meta property=\"og:site_name\" content=\"El Mawkie\" \/>\n<meta property=\"article:publisher\" content=\"https:\/\/www.facebook.com\/profile.php?id=100088407094989&amp;locale=fr_FR\" \/>\n<meta property=\"article:published_time\" content=\"2025-09-26T18:31:36+00:00\" \/>\n<meta property=\"article:modified_time\" content=\"2025-09-26T18:31:42+00:00\" \/>\n<meta property=\"og:image\" content=\"https:\/\/elmawkie.dz\/fr\/wp-content\/uploads\/2025\/09\/IMG_7007.jpeg\" \/>\n\t<meta property=\"og:image:width\" content=\"1125\" \/>\n\t<meta property=\"og:image:height\" content=\"1037\" \/>\n\t<meta property=\"og:image:type\" content=\"image\/jpeg\" \/>\n<meta name=\"author\" content=\"R\u00e9daction\" \/>\n<meta name=\"twitter:card\" content=\"summary_large_image\" \/>\n<meta name=\"twitter:label1\" content=\"Written by\" \/>\n\t<meta name=\"twitter:data1\" content=\"R\u00e9daction\" \/>\n\t<meta name=\"twitter:label2\" content=\"Est. reading time\" \/>\n\t<meta name=\"twitter:data2\" content=\"3 minutes\" \/>\n<script type=\"application\/ld+json\" class=\"yoast-schema-graph\">{\"@context\":\"https:\/\/schema.org\",\"@graph\":[{\"@type\":\"Article\",\"@id\":\"https:\/\/elmawkie.dz\/fr\/espagne-le-parlement-de-navarre-renouvelle-son-soutien-au-droit-du-peuple-sahraoui-a-lautodetermination\/#article\",\"isPartOf\":{\"@id\":\"https:\/\/elmawkie.dz\/fr\/espagne-le-parlement-de-navarre-renouvelle-son-soutien-au-droit-du-peuple-sahraoui-a-lautodetermination\/\"},\"author\":{\"name\":\"R\u00e9daction\",\"@id\":\"https:\/\/elmawkie.dz\/fr\/#\/schema\/person\/e7bd59d6467874ba5c4723d8a9f0a63c\"},\"headline\":\"Espagne : le Parlement de Navarre renouvelle son soutien au droit du peuple sahraoui \u00e0 l\u2019autod\u00e9termination\",\"datePublished\":\"2025-09-26T18:31:36+00:00\",\"dateModified\":\"2025-09-26T18:31:42+00:00\",\"mainEntityOfPage\":{\"@id\":\"https:\/\/elmawkie.dz\/fr\/espagne-le-parlement-de-navarre-renouvelle-son-soutien-au-droit-du-peuple-sahraoui-a-lautodetermination\/\"},\"wordCount\":515,\"commentCount\":0,\"publisher\":{\"@id\":\"https:\/\/elmawkie.dz\/fr\/#organization\"},\"image\":{\"@id\":\"https:\/\/elmawkie.dz\/fr\/espagne-le-parlement-de-navarre-renouvelle-son-soutien-au-droit-du-peuple-sahraoui-a-lautodetermination\/#primaryimage\"},\"thumbnailUrl\":\"https:\/\/elmawkie.dz\/fr\/wp-content\/uploads\/2025\/09\/IMG_7007.jpeg\",\"articleSection\":[\"International\"],\"inLanguage\":\"fr-FR\",\"potentialAction\":[{\"@type\":\"CommentAction\",\"name\":\"Comment\",\"target\":[\"https:\/\/elmawkie.dz\/fr\/espagne-le-parlement-de-navarre-renouvelle-son-soutien-au-droit-du-peuple-sahraoui-a-lautodetermination\/#respond\"]}]},{\"@type\":\"WebPage\",\"@id\":\"https:\/\/elmawkie.dz\/fr\/espagne-le-parlement-de-navarre-renouvelle-son-soutien-au-droit-du-peuple-sahraoui-a-lautodetermination\/\",\"url\":\"https:\/\/elmawkie.dz\/fr\/espagne-le-parlement-de-navarre-renouvelle-son-soutien-au-droit-du-peuple-sahraoui-a-lautodetermination\/\",\"name\":\"Espagne : le Parlement de Navarre renouvelle son soutien au droit du peuple sahraoui \u00e0 l\u2019autod\u00e9termination - El Mawkie\",\"isPartOf\":{\"@id\":\"https:\/\/elmawkie.dz\/fr\/#website\"},\"primaryImageOfPage\":{\"@id\":\"https:\/\/elmawkie.dz\/fr\/espagne-le-parlement-de-navarre-renouvelle-son-soutien-au-droit-du-peuple-sahraoui-a-lautodetermination\/#primaryimage\"},\"image\":{\"@id\":\"https:\/\/elmawkie.dz\/fr\/espagne-le-parlement-de-navarre-renouvelle-son-soutien-au-droit-du-peuple-sahraoui-a-lautodetermination\/#primaryimage\"},\"thumbnailUrl\":\"https:\/\/elmawkie.dz\/fr\/wp-content\/uploads\/2025\/09\/IMG_7007.jpeg\",\"datePublished\":\"2025-09-26T18:31:36+00:00\",\"dateModified\":\"2025-09-26T18:31:42+00:00\",\"breadcrumb\":{\"@id\":\"https:\/\/elmawkie.dz\/fr\/espagne-le-parlement-de-navarre-renouvelle-son-soutien-au-droit-du-peuple-sahraoui-a-lautodetermination\/#breadcrumb\"},\"inLanguage\":\"fr-FR\",\"potentialAction\":[{\"@type\":\"ReadAction\",\"target\":[\"https:\/\/elmawkie.dz\/fr\/espagne-le-parlement-de-navarre-renouvelle-son-soutien-au-droit-du-peuple-sahraoui-a-lautodetermination\/\"]}]},{\"@type\":\"ImageObject\",\"inLanguage\":\"fr-FR\",\"@id\":\"https:\/\/elmawkie.dz\/fr\/espagne-le-parlement-de-navarre-renouvelle-son-soutien-au-droit-du-peuple-sahraoui-a-lautodetermination\/#primaryimage\",\"url\":\"https:\/\/elmawkie.dz\/fr\/wp-content\/uploads\/2025\/09\/IMG_7007.jpeg\",\"contentUrl\":\"https:\/\/elmawkie.dz\/fr\/wp-content\/uploads\/2025\/09\/IMG_7007.jpeg\",\"width\":1125,\"height\":1037},{\"@type\":\"BreadcrumbList\",\"@id\":\"https:\/\/elmawkie.dz\/fr\/espagne-le-parlement-de-navarre-renouvelle-son-soutien-au-droit-du-peuple-sahraoui-a-lautodetermination\/#breadcrumb\",\"itemListElement\":[{\"@type\":\"ListItem\",\"position\":1,\"name\":\"Home\",\"item\":\"https:\/\/elmawkie.dz\/fr\/\"},{\"@type\":\"ListItem\",\"position\":2,\"name\":\"Espagne : le Parlement de Navarre renouvelle son soutien au droit du peuple sahraoui \u00e0 l\u2019autod\u00e9termination\"}]},{\"@type\":\"WebSite\",\"@id\":\"https:\/\/elmawkie.dz\/fr\/#website\",\"url\":\"https:\/\/elmawkie.dz\/fr\/\",\"name\":\"EL MAWKIE\",\"description\":\"Journal \u00c9lectronique Alg\u00e9rien\",\"publisher\":{\"@id\":\"https:\/\/elmawkie.dz\/fr\/#organization\"},\"potentialAction\":[{\"@type\":\"SearchAction\",\"target\":{\"@type\":\"EntryPoint\",\"urlTemplate\":\"https:\/\/elmawkie.dz\/fr\/?s={search_term_string}\"},\"query-input\":\"required name=search_term_string\"}],\"inLanguage\":\"fr-FR\"},{\"@type\":\"Organization\",\"@id\":\"https:\/\/elmawkie.dz\/fr\/#organization\",\"name\":\"EL MAWKIE\",\"url\":\"https:\/\/elmawkie.dz\/fr\/\",\"logo\":{\"@type\":\"ImageObject\",\"inLanguage\":\"fr-FR\",\"@id\":\"https:\/\/elmawkie.dz\/fr\/#\/schema\/logo\/image\/\",\"url\":\"https:\/\/elmawkie.dz\/fr\/wp-content\/uploads\/2024\/05\/logo1.png\",\"contentUrl\":\"https:\/\/elmawkie.dz\/fr\/wp-content\/uploads\/2024\/05\/logo1.png\",\"width\":1648,\"height\":652,\"caption\":\"EL MAWKIE\"},\"image\":{\"@id\":\"https:\/\/elmawkie.dz\/fr\/#\/schema\/logo\/image\/\"},\"sameAs\":[\"https:\/\/www.facebook.com\/profile.php?id=100088407094989&locale=fr_FR\"]},{\"@type\":\"Person\",\"@id\":\"https:\/\/elmawkie.dz\/fr\/#\/schema\/person\/e7bd59d6467874ba5c4723d8a9f0a63c\",\"name\":\"R\u00e9daction\",\"image\":{\"@type\":\"ImageObject\",\"inLanguage\":\"fr-FR\",\"@id\":\"https:\/\/elmawkie.dz\/fr\/#\/schema\/person\/image\/\",\"url\":\"https:\/\/secure.gravatar.com\/avatar\/f0f773456344da4d2788c054a3d30a0c?s=96&d=mm&r=g\",\"contentUrl\":\"https:\/\/secure.gravatar.com\/avatar\/f0f773456344da4d2788c054a3d30a0c?s=96&d=mm&r=g\",\"caption\":\"R\u00e9daction\"},\"url\":\"https:\/\/elmawkie.dz\/fr\/author\/redaction\/\"}]}<\/script>\n<!-- \/ Yoast SEO Premium plugin. -->","yoast_head_json":{"title":"Espagne : le Parlement de Navarre renouvelle son soutien au droit du peuple sahraoui \u00e0 l\u2019autod\u00e9termination - El Mawkie","robots":{"index":"index","follow":"follow","max-snippet":"max-snippet:-1","max-image-preview":"max-image-preview:large","max-video-preview":"max-video-preview:-1"},"canonical":"https:\/\/elmawkie.dz\/fr\/espagne-le-parlement-de-navarre-renouvelle-son-soutien-au-droit-du-peuple-sahraoui-a-lautodetermination\/","og_locale":"fr_FR","og_type":"article","og_title":"Espagne : le Parlement de Navarre renouvelle son soutien au droit du peuple sahraoui \u00e0 l\u2019autod\u00e9termination","og_description":"Le Parlement de Navarre (nord de l&rsquo;Espagne), par la voix de son pr\u00e9sident Unai Hualde, a r\u00e9affirm\u00e9 son engagement historique en faveur de la lutte du peuple sahraoui pour l&rsquo;autod\u00e9termination et l&rsquo;ind\u00e9pendance, soulignant que l&rsquo;institution l\u00e9gislative de la r\u00e9gion continuera de d\u00e9fendre le droit et la justice face \u00e0 des d\u00e9cennies d&rsquo;occupation marocaine ill\u00e9gale du &hellip;","og_url":"https:\/\/elmawkie.dz\/fr\/espagne-le-parlement-de-navarre-renouvelle-son-soutien-au-droit-du-peuple-sahraoui-a-lautodetermination\/","og_site_name":"El Mawkie","article_publisher":"https:\/\/www.facebook.com\/profile.php?id=100088407094989&locale=fr_FR","article_published_time":"2025-09-26T18:31:36+00:00","article_modified_time":"2025-09-26T18:31:42+00:00","og_image":[{"width":1125,"height":1037,"url":"https:\/\/elmawkie.dz\/fr\/wp-content\/uploads\/2025\/09\/IMG_7007.jpeg","type":"image\/jpeg"}],"author":"R\u00e9daction","twitter_card":"summary_large_image","twitter_misc":{"Written by":"R\u00e9daction","Est. reading time":"3 minutes"},"schema":{"@context":"https:\/\/schema.org","@graph":[{"@type":"Article","@id":"https:\/\/elmawkie.dz\/fr\/espagne-le-parlement-de-navarre-renouvelle-son-soutien-au-droit-du-peuple-sahraoui-a-lautodetermination\/#article","isPartOf":{"@id":"https:\/\/elmawkie.dz\/fr\/espagne-le-parlement-de-navarre-renouvelle-son-soutien-au-droit-du-peuple-sahraoui-a-lautodetermination\/"},"author":{"name":"R\u00e9daction","@id":"https:\/\/elmawkie.dz\/fr\/#\/schema\/person\/e7bd59d6467874ba5c4723d8a9f0a63c"},"headline":"Espagne : le Parlement de Navarre renouvelle son soutien au droit du peuple sahraoui \u00e0 l\u2019autod\u00e9termination","datePublished":"2025-09-26T18:31:36+00:00","dateModified":"2025-09-26T18:31:42+00:00","mainEntityOfPage":{"@id":"https:\/\/elmawkie.dz\/fr\/espagne-le-parlement-de-navarre-renouvelle-son-soutien-au-droit-du-peuple-sahraoui-a-lautodetermination\/"},"wordCount":515,"commentCount":0,"publisher":{"@id":"https:\/\/elmawkie.dz\/fr\/#organization"},"image":{"@id":"https:\/\/elmawkie.dz\/fr\/espagne-le-parlement-de-navarre-renouvelle-son-soutien-au-droit-du-peuple-sahraoui-a-lautodetermination\/#primaryimage"},"thumbnailUrl":"https:\/\/elmawkie.dz\/fr\/wp-content\/uploads\/2025\/09\/IMG_7007.jpeg","articleSection":["International"],"inLanguage":"fr-FR","potentialAction":[{"@type":"CommentAction","name":"Comment","target":["https:\/\/elmawkie.dz\/fr\/espagne-le-parlement-de-navarre-renouvelle-son-soutien-au-droit-du-peuple-sahraoui-a-lautodetermination\/#respond"]}]},{"@type":"WebPage","@id":"https:\/\/elmawkie.dz\/fr\/espagne-le-parlement-de-navarre-renouvelle-son-soutien-au-droit-du-peuple-sahraoui-a-lautodetermination\/","url":"https:\/\/elmawkie.dz\/fr\/espagne-le-parlement-de-navarre-renouvelle-son-soutien-au-droit-du-peuple-sahraoui-a-lautodetermination\/","name":"Espagne : le Parlement de Navarre renouvelle son soutien au droit du peuple sahraoui \u00e0 l\u2019autod\u00e9termination - El Mawkie","isPartOf":{"@id":"https:\/\/elmawkie.dz\/fr\/#website"},"primaryImageOfPage":{"@id":"https:\/\/elmawkie.dz\/fr\/espagne-le-parlement-de-navarre-renouvelle-son-soutien-au-droit-du-peuple-sahraoui-a-lautodetermination\/#primaryimage"},"image":{"@id":"https:\/\/elmawkie.dz\/fr\/espagne-le-parlement-de-navarre-renouvelle-son-soutien-au-droit-du-peuple-sahraoui-a-lautodetermination\/#primaryimage"},"thumbnailUrl":"https:\/\/elmawkie.dz\/fr\/wp-content\/uploads\/2025\/09\/IMG_7007.jpeg","datePublished":"2025-09-26T18:31:36+00:00","dateModified":"2025-09-26T18:31:42+00:00","breadcrumb":{"@id":"https:\/\/elmawkie.dz\/fr\/espagne-le-parlement-de-navarre-renouvelle-son-soutien-au-droit-du-peuple-sahraoui-a-lautodetermination\/#breadcrumb"},"inLanguage":"fr-FR","potentialAction":[{"@type":"ReadAction","target":["https:\/\/elmawkie.dz\/fr\/espagne-le-parlement-de-navarre-renouvelle-son-soutien-au-droit-du-peuple-sahraoui-a-lautodetermination\/"]}]},{"@type":"ImageObject","inLanguage":"fr-FR","@id":"https:\/\/elmawkie.dz\/fr\/espagne-le-parlement-de-navarre-renouvelle-son-soutien-au-droit-du-peuple-sahraoui-a-lautodetermination\/#primaryimage","url":"https:\/\/elmawkie.dz\/fr\/wp-content\/uploads\/2025\/09\/IMG_7007.jpeg","contentUrl":"https:\/\/elmawkie.dz\/fr\/wp-content\/uploads\/2025\/09\/IMG_7007.jpeg","width":1125,"height":1037},{"@type":"BreadcrumbList","@id":"https:\/\/elmawkie.dz\/fr\/espagne-le-parlement-de-navarre-renouvelle-son-soutien-au-droit-du-peuple-sahraoui-a-lautodetermination\/#breadcrumb","itemListElement":[{"@type":"ListItem","position":1,"name":"Home","item":"https:\/\/elmawkie.dz\/fr\/"},{"@type":"ListItem","position":2,"name":"Espagne : le Parlement de Navarre renouvelle son soutien au droit du peuple sahraoui \u00e0 l\u2019autod\u00e9termination"}]},{"@type":"WebSite","@id":"https:\/\/elmawkie.dz\/fr\/#website","url":"https:\/\/elmawkie.dz\/fr\/","name":"EL MAWKIE","description":"Journal \u00c9lectronique Alg\u00e9rien","publisher":{"@id":"https:\/\/elmawkie.dz\/fr\/#organization"},"potentialAction":[{"@type":"SearchAction","target":{"@type":"EntryPoint","urlTemplate":"https:\/\/elmawkie.dz\/fr\/?s={search_term_string}"},"query-input":"required name=search_term_string"}],"inLanguage":"fr-FR"},{"@type":"Organization","@id":"https:\/\/elmawkie.dz\/fr\/#organization","name":"EL MAWKIE","url":"https:\/\/elmawkie.dz\/fr\/","logo":{"@type":"ImageObject","inLanguage":"fr-FR","@id":"https:\/\/elmawkie.dz\/fr\/#\/schema\/logo\/image\/","url":"https:\/\/elmawkie.dz\/fr\/wp-content\/uploads\/2024\/05\/logo1.png","contentUrl":"https:\/\/elmawkie.dz\/fr\/wp-content\/uploads\/2024\/05\/logo1.png","width":1648,"height":652,"caption":"EL MAWKIE"},"image":{"@id":"https:\/\/elmawkie.dz\/fr\/#\/schema\/logo\/image\/"},"sameAs":["https:\/\/www.facebook.com\/profile.php?id=100088407094989&locale=fr_FR"]},{"@type":"Person","@id":"https:\/\/elmawkie.dz\/fr\/#\/schema\/person\/e7bd59d6467874ba5c4723d8a9f0a63c","name":"R\u00e9daction","image":{"@type":"ImageObject","inLanguage":"fr-FR","@id":"https:\/\/elmawkie.dz\/fr\/#\/schema\/person\/image\/","url":"https:\/\/secure.gravatar.com\/avatar\/f0f773456344da4d2788c054a3d30a0c?s=96&d=mm&r=g","contentUrl":"https:\/\/secure.gravatar.com\/avatar\/f0f773456344da4d2788c054a3d30a0c?s=96&d=mm&r=g","caption":"R\u00e9daction"},"url":"https:\/\/elmawkie.dz\/fr\/author\/redaction\/"}]}},"_links":{"self":[{"href":"https:\/\/elmawkie.dz\/fr\/wp-json\/wp\/v2\/posts\/56778","targetHints":{"allow":["GET"]}}],"collection":[{"href":"https:\/\/elmawkie.dz\/fr\/wp-json\/wp\/v2\/posts"}],"about":[{"href":"https:\/\/elmawkie.dz\/fr\/wp-json\/wp\/v2\/types\/post"}],"author":[{"embeddable":true,"href":"https:\/\/elmawkie.dz\/fr\/wp-json\/wp\/v2\/users\/9"}],"replies":[{"embeddable":true,"href":"https:\/\/elmawkie.dz\/fr\/wp-json\/wp\/v2\/comments?post=56778"}],"version-history":[{"count":1,"href":"https:\/\/elmawkie.dz\/fr\/wp-json\/wp\/v2\/posts\/56778\/revisions"}],"predecessor-version":[{"id":56781,"href":"https:\/\/elmawkie.dz\/fr\/wp-json\/wp\/v2\/posts\/56778\/revisions\/56781"}],"wp:featuredmedia":[{"embeddable":true,"href":"https:\/\/elmawkie.dz\/fr\/wp-json\/wp\/v2\/media\/56780"}],"wp:attachment":[{"href":"https:\/\/elmawkie.dz\/fr\/wp-json\/wp\/v2\/media?parent=56778"}],"wp:term":[{"taxonomy":"category","embeddable":true,"href":"https:\/\/elmawkie.dz\/fr\/wp-json\/wp\/v2\/categories?post=56778"},{"taxonomy":"post_tag","embeddable":true,"href":"https:\/\/elmawkie.dz\/fr\/wp-json\/wp\/v2\/tags?post=56778"}],"curies":[{"name":"wp","href":"https:\/\/api.w.org\/{rel}","templated":true}]}}