{"id":56754,"date":"2025-09-25T19:57:11","date_gmt":"2025-09-25T18:57:11","guid":{"rendered":"https:\/\/elmawkie.dz\/fr\/?p=56754"},"modified":"2025-09-25T19:57:11","modified_gmt":"2025-09-25T18:57:11","slug":"ag-de-lonu-m-attaf-multiplie-les-entretiens-bilateraux-a-new-york","status":"publish","type":"post","link":"https:\/\/elmawkie.dz\/fr\/ag-de-lonu-m-attaf-multiplie-les-entretiens-bilateraux-a-new-york\/","title":{"rendered":"AG de l\u2019ONU : M. Attaf multiplie les entretiens bilat\u00e9raux \u00e0 New York"},"content":{"rendered":"\n<p>Le ministre d&rsquo;Etat, ministre des Affaires \u00e9trang\u00e8res, de la Communaut\u00e9 nationale \u00e0 l&rsquo;\u00e9tranger et des Affaires africaines, M. Ahmed Attaf a eu, jeudi \u00e0 New York, des entretiens bilat\u00e9raux avec plusieurs de ses homologues dans le cadre de sa participation aux travaux du Segment de haut niveau de l&rsquo;Assembl\u00e9e g\u00e9n\u00e9rale (AG) de l&rsquo;ONU, indique un communiqu\u00e9 du minist\u00e8re. Le ministre d&rsquo;Etat s&rsquo;est entretenu notamment avec le ministre des Affaires \u00e9trang\u00e8res du Sultanat d&rsquo;Oman, pays fr\u00e8re, M. Badr Bin Hamad Albusaidi, le ministre des Affaires \u00e9trang\u00e8res et europ\u00e9ennes de la R\u00e9publique de Croatie, M. Gordan Grlic Radman, le ministre des Affaires \u00e9trang\u00e8res de la Conf\u00e9d\u00e9ration suisse, M. Ignazio Cassis, et le sous-secr\u00e9taire d&rsquo;Etat am\u00e9ricain, M. Christopher Landau, pr\u00e9cise le communiqu\u00e9. Sa rencontre avec son homologue omanais a permis de \u00ab\u00a0passer en revue les \u00e9tapes importantes franchies dans la consolidation des relations de fraternit\u00e9 et de partenariat entre les deux pays fr\u00e8res, conform\u00e9ment \u00e0 l&rsquo;attention particuli\u00e8re que leur accordent les dirigeants des deux pays, comme en t\u00e9moigne la visite d&rsquo;Etat effectu\u00e9e par le pr\u00e9sident de la R\u00e9publique, M. Abdelmadjid Tebboune au Sultanat d&rsquo;Oman en octobre 2024, ainsi que celle effectu\u00e9e par son fr\u00e8re, sa Majest\u00e9 le Sultan Haitham ben Tariq en Alg\u00e9rie en mai 2025\u00a0\u00bb, selon le communiqu\u00e9. Avec son homologue croate, les discussions ont port\u00e9 sur \u00ab\u00a0les moyens de mettre \u00e0 profit les prochaines \u00e9ch\u00e9ances bilat\u00e9rales en vue de booster davantage la coop\u00e9ration entre les deux pays, notamment dans les domaines \u00e9conomiques, \u00e0 l&rsquo;instar de l&rsquo;investissement, l&rsquo;\u00e9nergie, le commerce, la construction navale et les infrastructures\u00a0\u00bb, ajoute la m\u00eame source. Quant \u00e0 ses entretiens avec le ministre des Affaires \u00e9trang\u00e8res suisse, les deux parties ont pass\u00e9 en revue \u00ab\u00a0les perspectives de renforcement du dialogue politique et de dynamisation de la coop\u00e9ration \u00e9conomique entre les deux pays, tout en \u00e9changeant les vues et les analyses sur plusieurs questions internationales et r\u00e9gionales d&rsquo;actualit\u00e9\u00a0\u00bb, a relev\u00e9 la m\u00eame source. M. Attaf a \u00e9voqu\u00e9 avec le sous-secr\u00e9taire d&rsquo;Etat am\u00e9ricain \u00ab\u00a0les diff\u00e9rents volets des relations alg\u00e9ro-am\u00e9ricaines et examin\u00e9 les efforts conjoints visant \u00e0 les hisser \u00e0 des niveaux sup\u00e9rieurs, \u00e0 travers le renforcement du dialogue strat\u00e9gique et l&rsquo;approfondissement du partenariat \u00e9conomique\u00a0\u00bb, conclut le communiqu\u00e9.<\/p>\n","protected":false},"excerpt":{"rendered":"<p>Le ministre d&rsquo;Etat, ministre des Affaires \u00e9trang\u00e8res, de la Communaut\u00e9 nationale \u00e0 l&rsquo;\u00e9tranger et des Affaires africaines, M. Ahmed Attaf a eu, jeudi \u00e0 New York, des entretiens bilat\u00e9raux avec plusieurs de ses homologues dans le cadre de sa participation aux travaux du Segment de haut niveau de l&rsquo;Assembl\u00e9e g\u00e9n\u00e9rale (AG) de l&rsquo;ONU, indique un &hellip;<\/p>\n","protected":false},"author":9,"featured_media":56756,"comment_status":"open","ping_status":"open","sticky":false,"template":"","format":"standard","meta":{"footnotes":""},"categories":[35,47],"tags":[616,2209,678],"class_list":["post-56754","post","type-post","status-publish","format-standard","has-post-thumbnail","hentry","category-diplomatie","category-national","tag-lonu","tag-m-attaf-2","tag-new-york"],"yoast_head":"<!-- This site is optimized with the Yoast SEO Premium plugin v22.6 (Yoast SEO v22.6) - https:\/\/yoast.com\/wordpress\/plugins\/seo\/ -->\n<title>AG de l\u2019ONU : M. Attaf multiplie les entretiens bilat\u00e9raux \u00e0 New York - El Mawkie<\/title>\n<meta name=\"robots\" content=\"index, follow, max-snippet:-1, max-image-preview:large, max-video-preview:-1\" \/>\n<link rel=\"canonical\" href=\"https:\/\/elmawkie.dz\/fr\/ag-de-lonu-m-attaf-multiplie-les-entretiens-bilateraux-a-new-york\/\" \/>\n<meta property=\"og:locale\" content=\"fr_FR\" \/>\n<meta property=\"og:type\" content=\"article\" \/>\n<meta property=\"og:title\" content=\"AG de l\u2019ONU : M. Attaf multiplie les entretiens bilat\u00e9raux \u00e0 New York\" \/>\n<meta property=\"og:description\" content=\"Le ministre d&rsquo;Etat, ministre des Affaires \u00e9trang\u00e8res, de la Communaut\u00e9 nationale \u00e0 l&rsquo;\u00e9tranger et des Affaires africaines, M. Ahmed Attaf a eu, jeudi \u00e0 New York, des entretiens bilat\u00e9raux avec plusieurs de ses homologues dans le cadre de sa participation aux travaux du Segment de haut niveau de l&rsquo;Assembl\u00e9e g\u00e9n\u00e9rale (AG) de l&rsquo;ONU, indique un &hellip;\" \/>\n<meta property=\"og:url\" content=\"https:\/\/elmawkie.dz\/fr\/ag-de-lonu-m-attaf-multiplie-les-entretiens-bilateraux-a-new-york\/\" \/>\n<meta property=\"og:site_name\" content=\"El Mawkie\" \/>\n<meta property=\"article:publisher\" content=\"https:\/\/www.facebook.com\/profile.php?id=100088407094989&amp;locale=fr_FR\" \/>\n<meta property=\"article:published_time\" content=\"2025-09-25T18:57:11+00:00\" \/>\n<meta property=\"og:image\" content=\"https:\/\/elmawkie.dz\/fr\/wp-content\/uploads\/2025\/09\/18c40bff-78c4-4cb4-9961-c75a12a7db3c.jpeg\" \/>\n\t<meta property=\"og:image:width\" content=\"2560\" \/>\n\t<meta property=\"og:image:height\" content=\"1706\" \/>\n\t<meta property=\"og:image:type\" content=\"image\/jpeg\" \/>\n<meta name=\"author\" content=\"R\u00e9daction\" \/>\n<meta name=\"twitter:card\" content=\"summary_large_image\" \/>\n<meta name=\"twitter:label1\" content=\"Written by\" \/>\n\t<meta name=\"twitter:data1\" content=\"R\u00e9daction\" \/>\n\t<meta name=\"twitter:label2\" content=\"Est. reading time\" \/>\n\t<meta name=\"twitter:data2\" content=\"3 minutes\" \/>\n<script type=\"application\/ld+json\" class=\"yoast-schema-graph\">{\"@context\":\"https:\/\/schema.org\",\"@graph\":[{\"@type\":\"Article\",\"@id\":\"https:\/\/elmawkie.dz\/fr\/ag-de-lonu-m-attaf-multiplie-les-entretiens-bilateraux-a-new-york\/#article\",\"isPartOf\":{\"@id\":\"https:\/\/elmawkie.dz\/fr\/ag-de-lonu-m-attaf-multiplie-les-entretiens-bilateraux-a-new-york\/\"},\"author\":{\"name\":\"R\u00e9daction\",\"@id\":\"https:\/\/elmawkie.dz\/fr\/#\/schema\/person\/e7bd59d6467874ba5c4723d8a9f0a63c\"},\"headline\":\"AG de l\u2019ONU : M. Attaf multiplie les entretiens bilat\u00e9raux \u00e0 New York\",\"datePublished\":\"2025-09-25T18:57:11+00:00\",\"dateModified\":\"2025-09-25T18:57:11+00:00\",\"mainEntityOfPage\":{\"@id\":\"https:\/\/elmawkie.dz\/fr\/ag-de-lonu-m-attaf-multiplie-les-entretiens-bilateraux-a-new-york\/\"},\"wordCount\":418,\"commentCount\":0,\"publisher\":{\"@id\":\"https:\/\/elmawkie.dz\/fr\/#organization\"},\"image\":{\"@id\":\"https:\/\/elmawkie.dz\/fr\/ag-de-lonu-m-attaf-multiplie-les-entretiens-bilateraux-a-new-york\/#primaryimage\"},\"thumbnailUrl\":\"https:\/\/elmawkie.dz\/fr\/wp-content\/uploads\/2025\/09\/18c40bff-78c4-4cb4-9961-c75a12a7db3c.jpeg\",\"keywords\":[\"L\u2019ONU\",\"M.Attaf\",\"New York\"],\"articleSection\":[\"Diplomatie\",\"National\"],\"inLanguage\":\"fr-FR\",\"potentialAction\":[{\"@type\":\"CommentAction\",\"name\":\"Comment\",\"target\":[\"https:\/\/elmawkie.dz\/fr\/ag-de-lonu-m-attaf-multiplie-les-entretiens-bilateraux-a-new-york\/#respond\"]}]},{\"@type\":\"WebPage\",\"@id\":\"https:\/\/elmawkie.dz\/fr\/ag-de-lonu-m-attaf-multiplie-les-entretiens-bilateraux-a-new-york\/\",\"url\":\"https:\/\/elmawkie.dz\/fr\/ag-de-lonu-m-attaf-multiplie-les-entretiens-bilateraux-a-new-york\/\",\"name\":\"AG de l\u2019ONU : M. Attaf multiplie les entretiens bilat\u00e9raux \u00e0 New York - El Mawkie\",\"isPartOf\":{\"@id\":\"https:\/\/elmawkie.dz\/fr\/#website\"},\"primaryImageOfPage\":{\"@id\":\"https:\/\/elmawkie.dz\/fr\/ag-de-lonu-m-attaf-multiplie-les-entretiens-bilateraux-a-new-york\/#primaryimage\"},\"image\":{\"@id\":\"https:\/\/elmawkie.dz\/fr\/ag-de-lonu-m-attaf-multiplie-les-entretiens-bilateraux-a-new-york\/#primaryimage\"},\"thumbnailUrl\":\"https:\/\/elmawkie.dz\/fr\/wp-content\/uploads\/2025\/09\/18c40bff-78c4-4cb4-9961-c75a12a7db3c.jpeg\",\"datePublished\":\"2025-09-25T18:57:11+00:00\",\"dateModified\":\"2025-09-25T18:57:11+00:00\",\"breadcrumb\":{\"@id\":\"https:\/\/elmawkie.dz\/fr\/ag-de-lonu-m-attaf-multiplie-les-entretiens-bilateraux-a-new-york\/#breadcrumb\"},\"inLanguage\":\"fr-FR\",\"potentialAction\":[{\"@type\":\"ReadAction\",\"target\":[\"https:\/\/elmawkie.dz\/fr\/ag-de-lonu-m-attaf-multiplie-les-entretiens-bilateraux-a-new-york\/\"]}]},{\"@type\":\"ImageObject\",\"inLanguage\":\"fr-FR\",\"@id\":\"https:\/\/elmawkie.dz\/fr\/ag-de-lonu-m-attaf-multiplie-les-entretiens-bilateraux-a-new-york\/#primaryimage\",\"url\":\"https:\/\/elmawkie.dz\/fr\/wp-content\/uploads\/2025\/09\/18c40bff-78c4-4cb4-9961-c75a12a7db3c.jpeg\",\"contentUrl\":\"https:\/\/elmawkie.dz\/fr\/wp-content\/uploads\/2025\/09\/18c40bff-78c4-4cb4-9961-c75a12a7db3c.jpeg\",\"width\":2560,\"height\":1706},{\"@type\":\"BreadcrumbList\",\"@id\":\"https:\/\/elmawkie.dz\/fr\/ag-de-lonu-m-attaf-multiplie-les-entretiens-bilateraux-a-new-york\/#breadcrumb\",\"itemListElement\":[{\"@type\":\"ListItem\",\"position\":1,\"name\":\"Home\",\"item\":\"https:\/\/elmawkie.dz\/fr\/\"},{\"@type\":\"ListItem\",\"position\":2,\"name\":\"AG de l\u2019ONU : M. Attaf multiplie les entretiens bilat\u00e9raux \u00e0 New York\"}]},{\"@type\":\"WebSite\",\"@id\":\"https:\/\/elmawkie.dz\/fr\/#website\",\"url\":\"https:\/\/elmawkie.dz\/fr\/\",\"name\":\"EL MAWKIE\",\"description\":\"Journal \u00c9lectronique Alg\u00e9rien\",\"publisher\":{\"@id\":\"https:\/\/elmawkie.dz\/fr\/#organization\"},\"potentialAction\":[{\"@type\":\"SearchAction\",\"target\":{\"@type\":\"EntryPoint\",\"urlTemplate\":\"https:\/\/elmawkie.dz\/fr\/?s={search_term_string}\"},\"query-input\":\"required name=search_term_string\"}],\"inLanguage\":\"fr-FR\"},{\"@type\":\"Organization\",\"@id\":\"https:\/\/elmawkie.dz\/fr\/#organization\",\"name\":\"EL MAWKIE\",\"url\":\"https:\/\/elmawkie.dz\/fr\/\",\"logo\":{\"@type\":\"ImageObject\",\"inLanguage\":\"fr-FR\",\"@id\":\"https:\/\/elmawkie.dz\/fr\/#\/schema\/logo\/image\/\",\"url\":\"https:\/\/elmawkie.dz\/fr\/wp-content\/uploads\/2024\/05\/logo1.png\",\"contentUrl\":\"https:\/\/elmawkie.dz\/fr\/wp-content\/uploads\/2024\/05\/logo1.png\",\"width\":1648,\"height\":652,\"caption\":\"EL MAWKIE\"},\"image\":{\"@id\":\"https:\/\/elmawkie.dz\/fr\/#\/schema\/logo\/image\/\"},\"sameAs\":[\"https:\/\/www.facebook.com\/profile.php?id=100088407094989&locale=fr_FR\"]},{\"@type\":\"Person\",\"@id\":\"https:\/\/elmawkie.dz\/fr\/#\/schema\/person\/e7bd59d6467874ba5c4723d8a9f0a63c\",\"name\":\"R\u00e9daction\",\"image\":{\"@type\":\"ImageObject\",\"inLanguage\":\"fr-FR\",\"@id\":\"https:\/\/elmawkie.dz\/fr\/#\/schema\/person\/image\/\",\"url\":\"https:\/\/secure.gravatar.com\/avatar\/f0f773456344da4d2788c054a3d30a0c?s=96&d=mm&r=g\",\"contentUrl\":\"https:\/\/secure.gravatar.com\/avatar\/f0f773456344da4d2788c054a3d30a0c?s=96&d=mm&r=g\",\"caption\":\"R\u00e9daction\"},\"url\":\"https:\/\/elmawkie.dz\/fr\/author\/redaction\/\"}]}<\/script>\n<!-- \/ Yoast SEO Premium plugin. -->","yoast_head_json":{"title":"AG de l\u2019ONU : M. Attaf multiplie les entretiens bilat\u00e9raux \u00e0 New York - El Mawkie","robots":{"index":"index","follow":"follow","max-snippet":"max-snippet:-1","max-image-preview":"max-image-preview:large","max-video-preview":"max-video-preview:-1"},"canonical":"https:\/\/elmawkie.dz\/fr\/ag-de-lonu-m-attaf-multiplie-les-entretiens-bilateraux-a-new-york\/","og_locale":"fr_FR","og_type":"article","og_title":"AG de l\u2019ONU : M. Attaf multiplie les entretiens bilat\u00e9raux \u00e0 New York","og_description":"Le ministre d&rsquo;Etat, ministre des Affaires \u00e9trang\u00e8res, de la Communaut\u00e9 nationale \u00e0 l&rsquo;\u00e9tranger et des Affaires africaines, M. Ahmed Attaf a eu, jeudi \u00e0 New York, des entretiens bilat\u00e9raux avec plusieurs de ses homologues dans le cadre de sa participation aux travaux du Segment de haut niveau de l&rsquo;Assembl\u00e9e g\u00e9n\u00e9rale (AG) de l&rsquo;ONU, indique un &hellip;","og_url":"https:\/\/elmawkie.dz\/fr\/ag-de-lonu-m-attaf-multiplie-les-entretiens-bilateraux-a-new-york\/","og_site_name":"El Mawkie","article_publisher":"https:\/\/www.facebook.com\/profile.php?id=100088407094989&locale=fr_FR","article_published_time":"2025-09-25T18:57:11+00:00","og_image":[{"width":2560,"height":1706,"url":"https:\/\/elmawkie.dz\/fr\/wp-content\/uploads\/2025\/09\/18c40bff-78c4-4cb4-9961-c75a12a7db3c.jpeg","type":"image\/jpeg"}],"author":"R\u00e9daction","twitter_card":"summary_large_image","twitter_misc":{"Written by":"R\u00e9daction","Est. reading time":"3 minutes"},"schema":{"@context":"https:\/\/schema.org","@graph":[{"@type":"Article","@id":"https:\/\/elmawkie.dz\/fr\/ag-de-lonu-m-attaf-multiplie-les-entretiens-bilateraux-a-new-york\/#article","isPartOf":{"@id":"https:\/\/elmawkie.dz\/fr\/ag-de-lonu-m-attaf-multiplie-les-entretiens-bilateraux-a-new-york\/"},"author":{"name":"R\u00e9daction","@id":"https:\/\/elmawkie.dz\/fr\/#\/schema\/person\/e7bd59d6467874ba5c4723d8a9f0a63c"},"headline":"AG de l\u2019ONU : M. Attaf multiplie les entretiens bilat\u00e9raux \u00e0 New York","datePublished":"2025-09-25T18:57:11+00:00","dateModified":"2025-09-25T18:57:11+00:00","mainEntityOfPage":{"@id":"https:\/\/elmawkie.dz\/fr\/ag-de-lonu-m-attaf-multiplie-les-entretiens-bilateraux-a-new-york\/"},"wordCount":418,"commentCount":0,"publisher":{"@id":"https:\/\/elmawkie.dz\/fr\/#organization"},"image":{"@id":"https:\/\/elmawkie.dz\/fr\/ag-de-lonu-m-attaf-multiplie-les-entretiens-bilateraux-a-new-york\/#primaryimage"},"thumbnailUrl":"https:\/\/elmawkie.dz\/fr\/wp-content\/uploads\/2025\/09\/18c40bff-78c4-4cb4-9961-c75a12a7db3c.jpeg","keywords":["L\u2019ONU","M.Attaf","New York"],"articleSection":["Diplomatie","National"],"inLanguage":"fr-FR","potentialAction":[{"@type":"CommentAction","name":"Comment","target":["https:\/\/elmawkie.dz\/fr\/ag-de-lonu-m-attaf-multiplie-les-entretiens-bilateraux-a-new-york\/#respond"]}]},{"@type":"WebPage","@id":"https:\/\/elmawkie.dz\/fr\/ag-de-lonu-m-attaf-multiplie-les-entretiens-bilateraux-a-new-york\/","url":"https:\/\/elmawkie.dz\/fr\/ag-de-lonu-m-attaf-multiplie-les-entretiens-bilateraux-a-new-york\/","name":"AG de l\u2019ONU : M. Attaf multiplie les entretiens bilat\u00e9raux \u00e0 New York - El Mawkie","isPartOf":{"@id":"https:\/\/elmawkie.dz\/fr\/#website"},"primaryImageOfPage":{"@id":"https:\/\/elmawkie.dz\/fr\/ag-de-lonu-m-attaf-multiplie-les-entretiens-bilateraux-a-new-york\/#primaryimage"},"image":{"@id":"https:\/\/elmawkie.dz\/fr\/ag-de-lonu-m-attaf-multiplie-les-entretiens-bilateraux-a-new-york\/#primaryimage"},"thumbnailUrl":"https:\/\/elmawkie.dz\/fr\/wp-content\/uploads\/2025\/09\/18c40bff-78c4-4cb4-9961-c75a12a7db3c.jpeg","datePublished":"2025-09-25T18:57:11+00:00","dateModified":"2025-09-25T18:57:11+00:00","breadcrumb":{"@id":"https:\/\/elmawkie.dz\/fr\/ag-de-lonu-m-attaf-multiplie-les-entretiens-bilateraux-a-new-york\/#breadcrumb"},"inLanguage":"fr-FR","potentialAction":[{"@type":"ReadAction","target":["https:\/\/elmawkie.dz\/fr\/ag-de-lonu-m-attaf-multiplie-les-entretiens-bilateraux-a-new-york\/"]}]},{"@type":"ImageObject","inLanguage":"fr-FR","@id":"https:\/\/elmawkie.dz\/fr\/ag-de-lonu-m-attaf-multiplie-les-entretiens-bilateraux-a-new-york\/#primaryimage","url":"https:\/\/elmawkie.dz\/fr\/wp-content\/uploads\/2025\/09\/18c40bff-78c4-4cb4-9961-c75a12a7db3c.jpeg","contentUrl":"https:\/\/elmawkie.dz\/fr\/wp-content\/uploads\/2025\/09\/18c40bff-78c4-4cb4-9961-c75a12a7db3c.jpeg","width":2560,"height":1706},{"@type":"BreadcrumbList","@id":"https:\/\/elmawkie.dz\/fr\/ag-de-lonu-m-attaf-multiplie-les-entretiens-bilateraux-a-new-york\/#breadcrumb","itemListElement":[{"@type":"ListItem","position":1,"name":"Home","item":"https:\/\/elmawkie.dz\/fr\/"},{"@type":"ListItem","position":2,"name":"AG de l\u2019ONU : M. Attaf multiplie les entretiens bilat\u00e9raux \u00e0 New York"}]},{"@type":"WebSite","@id":"https:\/\/elmawkie.dz\/fr\/#website","url":"https:\/\/elmawkie.dz\/fr\/","name":"EL MAWKIE","description":"Journal \u00c9lectronique Alg\u00e9rien","publisher":{"@id":"https:\/\/elmawkie.dz\/fr\/#organization"},"potentialAction":[{"@type":"SearchAction","target":{"@type":"EntryPoint","urlTemplate":"https:\/\/elmawkie.dz\/fr\/?s={search_term_string}"},"query-input":"required name=search_term_string"}],"inLanguage":"fr-FR"},{"@type":"Organization","@id":"https:\/\/elmawkie.dz\/fr\/#organization","name":"EL MAWKIE","url":"https:\/\/elmawkie.dz\/fr\/","logo":{"@type":"ImageObject","inLanguage":"fr-FR","@id":"https:\/\/elmawkie.dz\/fr\/#\/schema\/logo\/image\/","url":"https:\/\/elmawkie.dz\/fr\/wp-content\/uploads\/2024\/05\/logo1.png","contentUrl":"https:\/\/elmawkie.dz\/fr\/wp-content\/uploads\/2024\/05\/logo1.png","width":1648,"height":652,"caption":"EL MAWKIE"},"image":{"@id":"https:\/\/elmawkie.dz\/fr\/#\/schema\/logo\/image\/"},"sameAs":["https:\/\/www.facebook.com\/profile.php?id=100088407094989&locale=fr_FR"]},{"@type":"Person","@id":"https:\/\/elmawkie.dz\/fr\/#\/schema\/person\/e7bd59d6467874ba5c4723d8a9f0a63c","name":"R\u00e9daction","image":{"@type":"ImageObject","inLanguage":"fr-FR","@id":"https:\/\/elmawkie.dz\/fr\/#\/schema\/person\/image\/","url":"https:\/\/secure.gravatar.com\/avatar\/f0f773456344da4d2788c054a3d30a0c?s=96&d=mm&r=g","contentUrl":"https:\/\/secure.gravatar.com\/avatar\/f0f773456344da4d2788c054a3d30a0c?s=96&d=mm&r=g","caption":"R\u00e9daction"},"url":"https:\/\/elmawkie.dz\/fr\/author\/redaction\/"}]}},"_links":{"self":[{"href":"https:\/\/elmawkie.dz\/fr\/wp-json\/wp\/v2\/posts\/56754","targetHints":{"allow":["GET"]}}],"collection":[{"href":"https:\/\/elmawkie.dz\/fr\/wp-json\/wp\/v2\/posts"}],"about":[{"href":"https:\/\/elmawkie.dz\/fr\/wp-json\/wp\/v2\/types\/post"}],"author":[{"embeddable":true,"href":"https:\/\/elmawkie.dz\/fr\/wp-json\/wp\/v2\/users\/9"}],"replies":[{"embeddable":true,"href":"https:\/\/elmawkie.dz\/fr\/wp-json\/wp\/v2\/comments?post=56754"}],"version-history":[{"count":1,"href":"https:\/\/elmawkie.dz\/fr\/wp-json\/wp\/v2\/posts\/56754\/revisions"}],"predecessor-version":[{"id":56757,"href":"https:\/\/elmawkie.dz\/fr\/wp-json\/wp\/v2\/posts\/56754\/revisions\/56757"}],"wp:featuredmedia":[{"embeddable":true,"href":"https:\/\/elmawkie.dz\/fr\/wp-json\/wp\/v2\/media\/56756"}],"wp:attachment":[{"href":"https:\/\/elmawkie.dz\/fr\/wp-json\/wp\/v2\/media?parent=56754"}],"wp:term":[{"taxonomy":"category","embeddable":true,"href":"https:\/\/elmawkie.dz\/fr\/wp-json\/wp\/v2\/categories?post=56754"},{"taxonomy":"post_tag","embeddable":true,"href":"https:\/\/elmawkie.dz\/fr\/wp-json\/wp\/v2\/tags?post=56754"}],"curies":[{"name":"wp","href":"https:\/\/api.w.org\/{rel}","templated":true}]}}