{"id":56742,"date":"2025-09-25T18:07:36","date_gmt":"2025-09-25T17:07:36","guid":{"rendered":"https:\/\/elmawkie.dz\/fr\/?p=56742"},"modified":"2025-09-25T18:07:38","modified_gmt":"2025-09-25T17:07:38","slug":"m-attaf-sentretient-a-new-york-avec-lenvoye-personnel-du-secretaire-general-des-nations-unies-pour-le-sahara-occidental","status":"publish","type":"post","link":"https:\/\/elmawkie.dz\/fr\/m-attaf-sentretient-a-new-york-avec-lenvoye-personnel-du-secretaire-general-des-nations-unies-pour-le-sahara-occidental\/","title":{"rendered":"M. Attaf s&rsquo;entretient \u00e0 New York avec l&rsquo;envoy\u00e9 personnel du Secr\u00e9taire g\u00e9n\u00e9ral des Nations unies pour le Sahara occidental"},"content":{"rendered":"\n<p>Le ministre d&rsquo;Etat, ministre des Affaires \u00e9trang\u00e8res, de la Communaut\u00e9 nationale \u00e0 l&rsquo;\u00e9tranger et des Affaires africaines, M. Ahmed Attaf s&rsquo;est entretenu, jeudi \u00e0 New York, avec l&rsquo;envoy\u00e9 personnel du Secr\u00e9taire g\u00e9n\u00e9ral des Nations unies pour le Sahara occidental, M. Staffan de Mistura, dans le cadre de sa participation aux travaux du segment de haut niveau de l&rsquo;Assembl\u00e9e g\u00e9n\u00e9rale (AG) des Nations Unies, indique un communiqu\u00e9 du minist\u00e8re. La rencontre qui fait suite aux discussions tenues entre les deux parties le 16 septembre \u00e0 Alger, a permis d'\u00a0\u00bb\u00e9voquer les d\u00e9veloppements de la cause sahraouie, en pr\u00e9vision de la r\u00e9union du Conseil de s\u00e9curit\u00e9 sur la question du Sahara occidental pr\u00e9vue en octobre prochain\u00a0\u00bb, selon le communiqu\u00e9. M. Attaf a r\u00e9affirm\u00e9, \u00e0 ce propos, \u00ab\u00a0la position constante de l&rsquo;Alg\u00e9rie en faveur des efforts onusiens visant \u00e0 parvenir \u00e0 un r\u00e8glement juste, durable et d\u00e9finitif \u00e0 la question du Sahara occidental, \u00e0 m\u00eame de garantir au peuple sahraoui l&rsquo;exercice de son droit inali\u00e9nable et imprescriptible \u00e0 l&rsquo;autod\u00e9termination\u00a0\u00bb, ajoute le communiqu\u00e9.<\/p>\n","protected":false},"excerpt":{"rendered":"<p>Le ministre d&rsquo;Etat, ministre des Affaires \u00e9trang\u00e8res, de la Communaut\u00e9 nationale \u00e0 l&rsquo;\u00e9tranger et des Affaires africaines, M. Ahmed Attaf s&rsquo;est entretenu, jeudi \u00e0 New York, avec l&rsquo;envoy\u00e9 personnel du Secr\u00e9taire g\u00e9n\u00e9ral des Nations unies pour le Sahara occidental, M. Staffan de Mistura, dans le cadre de sa participation aux travaux du segment de haut &hellip;<\/p>\n","protected":false},"author":9,"featured_media":56744,"comment_status":"open","ping_status":"open","sticky":false,"template":"","format":"standard","meta":{"footnotes":""},"categories":[35,47],"tags":[939,2209,4632,678],"class_list":["post-56742","post","type-post","status-publish","format-standard","has-post-thumbnail","hentry","category-diplomatie","category-national","tag-le-sahara-occidental","tag-m-attaf-2","tag-nations-unies","tag-new-york"],"yoast_head":"<!-- This site is optimized with the Yoast SEO Premium plugin v22.6 (Yoast SEO v22.6) - https:\/\/yoast.com\/wordpress\/plugins\/seo\/ -->\n<title>M. Attaf s&#039;entretient \u00e0 New York avec l&#039;envoy\u00e9 personnel du Secr\u00e9taire g\u00e9n\u00e9ral des Nations unies pour le Sahara occidental - El Mawkie<\/title>\n<meta name=\"robots\" content=\"index, follow, max-snippet:-1, max-image-preview:large, max-video-preview:-1\" \/>\n<link rel=\"canonical\" href=\"https:\/\/elmawkie.dz\/fr\/m-attaf-sentretient-a-new-york-avec-lenvoye-personnel-du-secretaire-general-des-nations-unies-pour-le-sahara-occidental\/\" \/>\n<meta property=\"og:locale\" content=\"fr_FR\" \/>\n<meta property=\"og:type\" content=\"article\" \/>\n<meta property=\"og:title\" content=\"M. Attaf s&#039;entretient \u00e0 New York avec l&#039;envoy\u00e9 personnel du Secr\u00e9taire g\u00e9n\u00e9ral des Nations unies pour le Sahara occidental\" \/>\n<meta property=\"og:description\" content=\"Le ministre d&rsquo;Etat, ministre des Affaires \u00e9trang\u00e8res, de la Communaut\u00e9 nationale \u00e0 l&rsquo;\u00e9tranger et des Affaires africaines, M. Ahmed Attaf s&rsquo;est entretenu, jeudi \u00e0 New York, avec l&rsquo;envoy\u00e9 personnel du Secr\u00e9taire g\u00e9n\u00e9ral des Nations unies pour le Sahara occidental, M. Staffan de Mistura, dans le cadre de sa participation aux travaux du segment de haut &hellip;\" \/>\n<meta property=\"og:url\" content=\"https:\/\/elmawkie.dz\/fr\/m-attaf-sentretient-a-new-york-avec-lenvoye-personnel-du-secretaire-general-des-nations-unies-pour-le-sahara-occidental\/\" \/>\n<meta property=\"og:site_name\" content=\"El Mawkie\" \/>\n<meta property=\"article:publisher\" content=\"https:\/\/www.facebook.com\/profile.php?id=100088407094989&amp;locale=fr_FR\" \/>\n<meta property=\"article:published_time\" content=\"2025-09-25T17:07:36+00:00\" \/>\n<meta property=\"article:modified_time\" content=\"2025-09-25T17:07:38+00:00\" \/>\n<meta property=\"og:image\" content=\"https:\/\/elmawkie.dz\/fr\/wp-content\/uploads\/2025\/09\/99337b8b-57cb-4aae-8422-69ecf33de9ff.jpeg\" \/>\n\t<meta property=\"og:image:width\" content=\"2560\" \/>\n\t<meta property=\"og:image:height\" content=\"1440\" \/>\n\t<meta property=\"og:image:type\" content=\"image\/jpeg\" \/>\n<meta name=\"author\" content=\"R\u00e9daction\" \/>\n<meta name=\"twitter:card\" content=\"summary_large_image\" \/>\n<meta name=\"twitter:label1\" content=\"Written by\" \/>\n\t<meta name=\"twitter:data1\" content=\"R\u00e9daction\" \/>\n\t<meta name=\"twitter:label2\" content=\"Est. reading time\" \/>\n\t<meta name=\"twitter:data2\" content=\"2 minutes\" \/>\n<script type=\"application\/ld+json\" class=\"yoast-schema-graph\">{\"@context\":\"https:\/\/schema.org\",\"@graph\":[{\"@type\":\"Article\",\"@id\":\"https:\/\/elmawkie.dz\/fr\/m-attaf-sentretient-a-new-york-avec-lenvoye-personnel-du-secretaire-general-des-nations-unies-pour-le-sahara-occidental\/#article\",\"isPartOf\":{\"@id\":\"https:\/\/elmawkie.dz\/fr\/m-attaf-sentretient-a-new-york-avec-lenvoye-personnel-du-secretaire-general-des-nations-unies-pour-le-sahara-occidental\/\"},\"author\":{\"name\":\"R\u00e9daction\",\"@id\":\"https:\/\/elmawkie.dz\/fr\/#\/schema\/person\/e7bd59d6467874ba5c4723d8a9f0a63c\"},\"headline\":\"M. Attaf s&rsquo;entretient \u00e0 New York avec l&rsquo;envoy\u00e9 personnel du Secr\u00e9taire g\u00e9n\u00e9ral des Nations unies pour le Sahara occidental\",\"datePublished\":\"2025-09-25T17:07:36+00:00\",\"dateModified\":\"2025-09-25T17:07:38+00:00\",\"mainEntityOfPage\":{\"@id\":\"https:\/\/elmawkie.dz\/fr\/m-attaf-sentretient-a-new-york-avec-lenvoye-personnel-du-secretaire-general-des-nations-unies-pour-le-sahara-occidental\/\"},\"wordCount\":210,\"commentCount\":0,\"publisher\":{\"@id\":\"https:\/\/elmawkie.dz\/fr\/#organization\"},\"image\":{\"@id\":\"https:\/\/elmawkie.dz\/fr\/m-attaf-sentretient-a-new-york-avec-lenvoye-personnel-du-secretaire-general-des-nations-unies-pour-le-sahara-occidental\/#primaryimage\"},\"thumbnailUrl\":\"https:\/\/elmawkie.dz\/fr\/wp-content\/uploads\/2025\/09\/99337b8b-57cb-4aae-8422-69ecf33de9ff.jpeg\",\"keywords\":[\"le Sahara occidental\",\"M.Attaf\",\"Nations Unies\",\"New York\"],\"articleSection\":[\"Diplomatie\",\"National\"],\"inLanguage\":\"fr-FR\",\"potentialAction\":[{\"@type\":\"CommentAction\",\"name\":\"Comment\",\"target\":[\"https:\/\/elmawkie.dz\/fr\/m-attaf-sentretient-a-new-york-avec-lenvoye-personnel-du-secretaire-general-des-nations-unies-pour-le-sahara-occidental\/#respond\"]}]},{\"@type\":\"WebPage\",\"@id\":\"https:\/\/elmawkie.dz\/fr\/m-attaf-sentretient-a-new-york-avec-lenvoye-personnel-du-secretaire-general-des-nations-unies-pour-le-sahara-occidental\/\",\"url\":\"https:\/\/elmawkie.dz\/fr\/m-attaf-sentretient-a-new-york-avec-lenvoye-personnel-du-secretaire-general-des-nations-unies-pour-le-sahara-occidental\/\",\"name\":\"M. Attaf s'entretient \u00e0 New York avec l'envoy\u00e9 personnel du Secr\u00e9taire g\u00e9n\u00e9ral des Nations unies pour le Sahara occidental - El Mawkie\",\"isPartOf\":{\"@id\":\"https:\/\/elmawkie.dz\/fr\/#website\"},\"primaryImageOfPage\":{\"@id\":\"https:\/\/elmawkie.dz\/fr\/m-attaf-sentretient-a-new-york-avec-lenvoye-personnel-du-secretaire-general-des-nations-unies-pour-le-sahara-occidental\/#primaryimage\"},\"image\":{\"@id\":\"https:\/\/elmawkie.dz\/fr\/m-attaf-sentretient-a-new-york-avec-lenvoye-personnel-du-secretaire-general-des-nations-unies-pour-le-sahara-occidental\/#primaryimage\"},\"thumbnailUrl\":\"https:\/\/elmawkie.dz\/fr\/wp-content\/uploads\/2025\/09\/99337b8b-57cb-4aae-8422-69ecf33de9ff.jpeg\",\"datePublished\":\"2025-09-25T17:07:36+00:00\",\"dateModified\":\"2025-09-25T17:07:38+00:00\",\"breadcrumb\":{\"@id\":\"https:\/\/elmawkie.dz\/fr\/m-attaf-sentretient-a-new-york-avec-lenvoye-personnel-du-secretaire-general-des-nations-unies-pour-le-sahara-occidental\/#breadcrumb\"},\"inLanguage\":\"fr-FR\",\"potentialAction\":[{\"@type\":\"ReadAction\",\"target\":[\"https:\/\/elmawkie.dz\/fr\/m-attaf-sentretient-a-new-york-avec-lenvoye-personnel-du-secretaire-general-des-nations-unies-pour-le-sahara-occidental\/\"]}]},{\"@type\":\"ImageObject\",\"inLanguage\":\"fr-FR\",\"@id\":\"https:\/\/elmawkie.dz\/fr\/m-attaf-sentretient-a-new-york-avec-lenvoye-personnel-du-secretaire-general-des-nations-unies-pour-le-sahara-occidental\/#primaryimage\",\"url\":\"https:\/\/elmawkie.dz\/fr\/wp-content\/uploads\/2025\/09\/99337b8b-57cb-4aae-8422-69ecf33de9ff.jpeg\",\"contentUrl\":\"https:\/\/elmawkie.dz\/fr\/wp-content\/uploads\/2025\/09\/99337b8b-57cb-4aae-8422-69ecf33de9ff.jpeg\",\"width\":2560,\"height\":1440},{\"@type\":\"BreadcrumbList\",\"@id\":\"https:\/\/elmawkie.dz\/fr\/m-attaf-sentretient-a-new-york-avec-lenvoye-personnel-du-secretaire-general-des-nations-unies-pour-le-sahara-occidental\/#breadcrumb\",\"itemListElement\":[{\"@type\":\"ListItem\",\"position\":1,\"name\":\"Home\",\"item\":\"https:\/\/elmawkie.dz\/fr\/\"},{\"@type\":\"ListItem\",\"position\":2,\"name\":\"M. Attaf s&rsquo;entretient \u00e0 New York avec l&rsquo;envoy\u00e9 personnel du Secr\u00e9taire g\u00e9n\u00e9ral des Nations unies pour le Sahara occidental\"}]},{\"@type\":\"WebSite\",\"@id\":\"https:\/\/elmawkie.dz\/fr\/#website\",\"url\":\"https:\/\/elmawkie.dz\/fr\/\",\"name\":\"EL MAWKIE\",\"description\":\"Journal \u00c9lectronique Alg\u00e9rien\",\"publisher\":{\"@id\":\"https:\/\/elmawkie.dz\/fr\/#organization\"},\"potentialAction\":[{\"@type\":\"SearchAction\",\"target\":{\"@type\":\"EntryPoint\",\"urlTemplate\":\"https:\/\/elmawkie.dz\/fr\/?s={search_term_string}\"},\"query-input\":\"required name=search_term_string\"}],\"inLanguage\":\"fr-FR\"},{\"@type\":\"Organization\",\"@id\":\"https:\/\/elmawkie.dz\/fr\/#organization\",\"name\":\"EL MAWKIE\",\"url\":\"https:\/\/elmawkie.dz\/fr\/\",\"logo\":{\"@type\":\"ImageObject\",\"inLanguage\":\"fr-FR\",\"@id\":\"https:\/\/elmawkie.dz\/fr\/#\/schema\/logo\/image\/\",\"url\":\"https:\/\/elmawkie.dz\/fr\/wp-content\/uploads\/2024\/05\/logo1.png\",\"contentUrl\":\"https:\/\/elmawkie.dz\/fr\/wp-content\/uploads\/2024\/05\/logo1.png\",\"width\":1648,\"height\":652,\"caption\":\"EL MAWKIE\"},\"image\":{\"@id\":\"https:\/\/elmawkie.dz\/fr\/#\/schema\/logo\/image\/\"},\"sameAs\":[\"https:\/\/www.facebook.com\/profile.php?id=100088407094989&locale=fr_FR\"]},{\"@type\":\"Person\",\"@id\":\"https:\/\/elmawkie.dz\/fr\/#\/schema\/person\/e7bd59d6467874ba5c4723d8a9f0a63c\",\"name\":\"R\u00e9daction\",\"image\":{\"@type\":\"ImageObject\",\"inLanguage\":\"fr-FR\",\"@id\":\"https:\/\/elmawkie.dz\/fr\/#\/schema\/person\/image\/\",\"url\":\"https:\/\/secure.gravatar.com\/avatar\/f0f773456344da4d2788c054a3d30a0c?s=96&d=mm&r=g\",\"contentUrl\":\"https:\/\/secure.gravatar.com\/avatar\/f0f773456344da4d2788c054a3d30a0c?s=96&d=mm&r=g\",\"caption\":\"R\u00e9daction\"},\"url\":\"https:\/\/elmawkie.dz\/fr\/author\/redaction\/\"}]}<\/script>\n<!-- \/ Yoast SEO Premium plugin. -->","yoast_head_json":{"title":"M. Attaf s'entretient \u00e0 New York avec l'envoy\u00e9 personnel du Secr\u00e9taire g\u00e9n\u00e9ral des Nations unies pour le Sahara occidental - El Mawkie","robots":{"index":"index","follow":"follow","max-snippet":"max-snippet:-1","max-image-preview":"max-image-preview:large","max-video-preview":"max-video-preview:-1"},"canonical":"https:\/\/elmawkie.dz\/fr\/m-attaf-sentretient-a-new-york-avec-lenvoye-personnel-du-secretaire-general-des-nations-unies-pour-le-sahara-occidental\/","og_locale":"fr_FR","og_type":"article","og_title":"M. Attaf s'entretient \u00e0 New York avec l'envoy\u00e9 personnel du Secr\u00e9taire g\u00e9n\u00e9ral des Nations unies pour le Sahara occidental","og_description":"Le ministre d&rsquo;Etat, ministre des Affaires \u00e9trang\u00e8res, de la Communaut\u00e9 nationale \u00e0 l&rsquo;\u00e9tranger et des Affaires africaines, M. Ahmed Attaf s&rsquo;est entretenu, jeudi \u00e0 New York, avec l&rsquo;envoy\u00e9 personnel du Secr\u00e9taire g\u00e9n\u00e9ral des Nations unies pour le Sahara occidental, M. Staffan de Mistura, dans le cadre de sa participation aux travaux du segment de haut &hellip;","og_url":"https:\/\/elmawkie.dz\/fr\/m-attaf-sentretient-a-new-york-avec-lenvoye-personnel-du-secretaire-general-des-nations-unies-pour-le-sahara-occidental\/","og_site_name":"El Mawkie","article_publisher":"https:\/\/www.facebook.com\/profile.php?id=100088407094989&locale=fr_FR","article_published_time":"2025-09-25T17:07:36+00:00","article_modified_time":"2025-09-25T17:07:38+00:00","og_image":[{"width":2560,"height":1440,"url":"https:\/\/elmawkie.dz\/fr\/wp-content\/uploads\/2025\/09\/99337b8b-57cb-4aae-8422-69ecf33de9ff.jpeg","type":"image\/jpeg"}],"author":"R\u00e9daction","twitter_card":"summary_large_image","twitter_misc":{"Written by":"R\u00e9daction","Est. reading time":"2 minutes"},"schema":{"@context":"https:\/\/schema.org","@graph":[{"@type":"Article","@id":"https:\/\/elmawkie.dz\/fr\/m-attaf-sentretient-a-new-york-avec-lenvoye-personnel-du-secretaire-general-des-nations-unies-pour-le-sahara-occidental\/#article","isPartOf":{"@id":"https:\/\/elmawkie.dz\/fr\/m-attaf-sentretient-a-new-york-avec-lenvoye-personnel-du-secretaire-general-des-nations-unies-pour-le-sahara-occidental\/"},"author":{"name":"R\u00e9daction","@id":"https:\/\/elmawkie.dz\/fr\/#\/schema\/person\/e7bd59d6467874ba5c4723d8a9f0a63c"},"headline":"M. Attaf s&rsquo;entretient \u00e0 New York avec l&rsquo;envoy\u00e9 personnel du Secr\u00e9taire g\u00e9n\u00e9ral des Nations unies pour le Sahara occidental","datePublished":"2025-09-25T17:07:36+00:00","dateModified":"2025-09-25T17:07:38+00:00","mainEntityOfPage":{"@id":"https:\/\/elmawkie.dz\/fr\/m-attaf-sentretient-a-new-york-avec-lenvoye-personnel-du-secretaire-general-des-nations-unies-pour-le-sahara-occidental\/"},"wordCount":210,"commentCount":0,"publisher":{"@id":"https:\/\/elmawkie.dz\/fr\/#organization"},"image":{"@id":"https:\/\/elmawkie.dz\/fr\/m-attaf-sentretient-a-new-york-avec-lenvoye-personnel-du-secretaire-general-des-nations-unies-pour-le-sahara-occidental\/#primaryimage"},"thumbnailUrl":"https:\/\/elmawkie.dz\/fr\/wp-content\/uploads\/2025\/09\/99337b8b-57cb-4aae-8422-69ecf33de9ff.jpeg","keywords":["le Sahara occidental","M.Attaf","Nations Unies","New York"],"articleSection":["Diplomatie","National"],"inLanguage":"fr-FR","potentialAction":[{"@type":"CommentAction","name":"Comment","target":["https:\/\/elmawkie.dz\/fr\/m-attaf-sentretient-a-new-york-avec-lenvoye-personnel-du-secretaire-general-des-nations-unies-pour-le-sahara-occidental\/#respond"]}]},{"@type":"WebPage","@id":"https:\/\/elmawkie.dz\/fr\/m-attaf-sentretient-a-new-york-avec-lenvoye-personnel-du-secretaire-general-des-nations-unies-pour-le-sahara-occidental\/","url":"https:\/\/elmawkie.dz\/fr\/m-attaf-sentretient-a-new-york-avec-lenvoye-personnel-du-secretaire-general-des-nations-unies-pour-le-sahara-occidental\/","name":"M. Attaf s'entretient \u00e0 New York avec l'envoy\u00e9 personnel du Secr\u00e9taire g\u00e9n\u00e9ral des Nations unies pour le Sahara occidental - El Mawkie","isPartOf":{"@id":"https:\/\/elmawkie.dz\/fr\/#website"},"primaryImageOfPage":{"@id":"https:\/\/elmawkie.dz\/fr\/m-attaf-sentretient-a-new-york-avec-lenvoye-personnel-du-secretaire-general-des-nations-unies-pour-le-sahara-occidental\/#primaryimage"},"image":{"@id":"https:\/\/elmawkie.dz\/fr\/m-attaf-sentretient-a-new-york-avec-lenvoye-personnel-du-secretaire-general-des-nations-unies-pour-le-sahara-occidental\/#primaryimage"},"thumbnailUrl":"https:\/\/elmawkie.dz\/fr\/wp-content\/uploads\/2025\/09\/99337b8b-57cb-4aae-8422-69ecf33de9ff.jpeg","datePublished":"2025-09-25T17:07:36+00:00","dateModified":"2025-09-25T17:07:38+00:00","breadcrumb":{"@id":"https:\/\/elmawkie.dz\/fr\/m-attaf-sentretient-a-new-york-avec-lenvoye-personnel-du-secretaire-general-des-nations-unies-pour-le-sahara-occidental\/#breadcrumb"},"inLanguage":"fr-FR","potentialAction":[{"@type":"ReadAction","target":["https:\/\/elmawkie.dz\/fr\/m-attaf-sentretient-a-new-york-avec-lenvoye-personnel-du-secretaire-general-des-nations-unies-pour-le-sahara-occidental\/"]}]},{"@type":"ImageObject","inLanguage":"fr-FR","@id":"https:\/\/elmawkie.dz\/fr\/m-attaf-sentretient-a-new-york-avec-lenvoye-personnel-du-secretaire-general-des-nations-unies-pour-le-sahara-occidental\/#primaryimage","url":"https:\/\/elmawkie.dz\/fr\/wp-content\/uploads\/2025\/09\/99337b8b-57cb-4aae-8422-69ecf33de9ff.jpeg","contentUrl":"https:\/\/elmawkie.dz\/fr\/wp-content\/uploads\/2025\/09\/99337b8b-57cb-4aae-8422-69ecf33de9ff.jpeg","width":2560,"height":1440},{"@type":"BreadcrumbList","@id":"https:\/\/elmawkie.dz\/fr\/m-attaf-sentretient-a-new-york-avec-lenvoye-personnel-du-secretaire-general-des-nations-unies-pour-le-sahara-occidental\/#breadcrumb","itemListElement":[{"@type":"ListItem","position":1,"name":"Home","item":"https:\/\/elmawkie.dz\/fr\/"},{"@type":"ListItem","position":2,"name":"M. Attaf s&rsquo;entretient \u00e0 New York avec l&rsquo;envoy\u00e9 personnel du Secr\u00e9taire g\u00e9n\u00e9ral des Nations unies pour le Sahara occidental"}]},{"@type":"WebSite","@id":"https:\/\/elmawkie.dz\/fr\/#website","url":"https:\/\/elmawkie.dz\/fr\/","name":"EL MAWKIE","description":"Journal \u00c9lectronique Alg\u00e9rien","publisher":{"@id":"https:\/\/elmawkie.dz\/fr\/#organization"},"potentialAction":[{"@type":"SearchAction","target":{"@type":"EntryPoint","urlTemplate":"https:\/\/elmawkie.dz\/fr\/?s={search_term_string}"},"query-input":"required name=search_term_string"}],"inLanguage":"fr-FR"},{"@type":"Organization","@id":"https:\/\/elmawkie.dz\/fr\/#organization","name":"EL MAWKIE","url":"https:\/\/elmawkie.dz\/fr\/","logo":{"@type":"ImageObject","inLanguage":"fr-FR","@id":"https:\/\/elmawkie.dz\/fr\/#\/schema\/logo\/image\/","url":"https:\/\/elmawkie.dz\/fr\/wp-content\/uploads\/2024\/05\/logo1.png","contentUrl":"https:\/\/elmawkie.dz\/fr\/wp-content\/uploads\/2024\/05\/logo1.png","width":1648,"height":652,"caption":"EL MAWKIE"},"image":{"@id":"https:\/\/elmawkie.dz\/fr\/#\/schema\/logo\/image\/"},"sameAs":["https:\/\/www.facebook.com\/profile.php?id=100088407094989&locale=fr_FR"]},{"@type":"Person","@id":"https:\/\/elmawkie.dz\/fr\/#\/schema\/person\/e7bd59d6467874ba5c4723d8a9f0a63c","name":"R\u00e9daction","image":{"@type":"ImageObject","inLanguage":"fr-FR","@id":"https:\/\/elmawkie.dz\/fr\/#\/schema\/person\/image\/","url":"https:\/\/secure.gravatar.com\/avatar\/f0f773456344da4d2788c054a3d30a0c?s=96&d=mm&r=g","contentUrl":"https:\/\/secure.gravatar.com\/avatar\/f0f773456344da4d2788c054a3d30a0c?s=96&d=mm&r=g","caption":"R\u00e9daction"},"url":"https:\/\/elmawkie.dz\/fr\/author\/redaction\/"}]}},"_links":{"self":[{"href":"https:\/\/elmawkie.dz\/fr\/wp-json\/wp\/v2\/posts\/56742","targetHints":{"allow":["GET"]}}],"collection":[{"href":"https:\/\/elmawkie.dz\/fr\/wp-json\/wp\/v2\/posts"}],"about":[{"href":"https:\/\/elmawkie.dz\/fr\/wp-json\/wp\/v2\/types\/post"}],"author":[{"embeddable":true,"href":"https:\/\/elmawkie.dz\/fr\/wp-json\/wp\/v2\/users\/9"}],"replies":[{"embeddable":true,"href":"https:\/\/elmawkie.dz\/fr\/wp-json\/wp\/v2\/comments?post=56742"}],"version-history":[{"count":1,"href":"https:\/\/elmawkie.dz\/fr\/wp-json\/wp\/v2\/posts\/56742\/revisions"}],"predecessor-version":[{"id":56745,"href":"https:\/\/elmawkie.dz\/fr\/wp-json\/wp\/v2\/posts\/56742\/revisions\/56745"}],"wp:featuredmedia":[{"embeddable":true,"href":"https:\/\/elmawkie.dz\/fr\/wp-json\/wp\/v2\/media\/56744"}],"wp:attachment":[{"href":"https:\/\/elmawkie.dz\/fr\/wp-json\/wp\/v2\/media?parent=56742"}],"wp:term":[{"taxonomy":"category","embeddable":true,"href":"https:\/\/elmawkie.dz\/fr\/wp-json\/wp\/v2\/categories?post=56742"},{"taxonomy":"post_tag","embeddable":true,"href":"https:\/\/elmawkie.dz\/fr\/wp-json\/wp\/v2\/tags?post=56742"}],"curies":[{"name":"wp","href":"https:\/\/api.w.org\/{rel}","templated":true}]}}