{"id":56705,"date":"2025-09-23T20:34:28","date_gmt":"2025-09-23T19:34:28","guid":{"rendered":"https:\/\/elmawkie.dz\/fr\/?p=56705"},"modified":"2025-09-23T20:34:29","modified_gmt":"2025-09-23T19:34:29","slug":"attaf-prend-part-a-la-reunion-de-haut-niveau-du-conseil-de-securite-sur-la-palestine-et-le-moyen-orient","status":"publish","type":"post","link":"https:\/\/elmawkie.dz\/fr\/attaf-prend-part-a-la-reunion-de-haut-niveau-du-conseil-de-securite-sur-la-palestine-et-le-moyen-orient\/","title":{"rendered":"Attaf prend part \u00e0 la r\u00e9union de haut niveau du Conseil de s\u00e9curit\u00e9 sur la Palestine et le Moyen-Orient"},"content":{"rendered":"\n<p><em><strong>La r\u00e9union de haut niveau du Conseil de s\u00e9curit\u00e9 des Nations unies consacr\u00e9e \u00e0 la question palestinienne et \u00e0 la situation au Moyen-Orient s\u2019est ouverte mardi \u00e0 New York, en pr\u00e9sence du ministre d\u2019\u00c9tat, ministre des Affaires \u00e9trang\u00e8res, de la Communaut\u00e9 nationale \u00e0 l\u2019\u00e9tranger et des Affaires africaines, M. Ahmed Attaf.<br> Organis\u00e9e en marge de la 80\u1d49 session de l\u2019Assembl\u00e9e g\u00e9n\u00e9rale des Nations unies, cette rencontre a r\u00e9uni les membres du Conseil de s\u00e9curit\u00e9 \u00e0 l\u2019initiative de l\u2019Alg\u00e9rie et des \u00c9tats islamiques si\u00e9geant en son sein. Elle est intervenue au lendemain de la conf\u00e9rence internationale de haut niveau consacr\u00e9e au r\u00e8glement pacifique de la question palestinienne et \u00e0 la mise en \u0153uvre de la solution \u00e0 deux \u00c9tats, tenue \u00e9galement au si\u00e8ge de l\u2019ONU \u00e0 New York.Issue de travaux men\u00e9s en deux \u00e9tapes, la \u201dD\u00e9claration de New York\u201d a r\u00e9affirm\u00e9 l\u2019attachement de la communaut\u00e9 internationale \u00e0 la solution \u00e0 deux \u00c9tats et \u00e0 la cr\u00e9ation d\u2019un \u00c9tat palestinien ind\u00e9pendant. Elle a recueilli un soutien massif \u00e0 l\u2019Assembl\u00e9e g\u00e9n\u00e9rale des Nations unies, avec 142 voix en faveur, illustrant l\u2019ampleur du consensus autour des droits l\u00e9gitimes du peuple palestinien.<\/strong><\/em><\/p>\n\n\n\n<p><\/p>\n","protected":false},"excerpt":{"rendered":"<p>La r\u00e9union de haut niveau du Conseil de s\u00e9curit\u00e9 des Nations unies consacr\u00e9e \u00e0 la question palestinienne et \u00e0 la situation au Moyen-Orient s\u2019est ouverte mardi \u00e0 New York, en pr\u00e9sence du ministre d\u2019\u00c9tat, ministre des Affaires \u00e9trang\u00e8res, de la Communaut\u00e9 nationale \u00e0 l\u2019\u00e9tranger et des Affaires africaines, M. Ahmed Attaf. Organis\u00e9e en marge de &hellip;<\/p>\n","protected":false},"author":3,"featured_media":56704,"comment_status":"open","ping_status":"open","sticky":false,"template":"","format":"standard","meta":{"footnotes":""},"categories":[35,47],"tags":[2209],"class_list":["post-56705","post","type-post","status-publish","format-standard","has-post-thumbnail","hentry","category-diplomatie","category-national","tag-m-attaf-2"],"yoast_head":"<!-- This site is optimized with the Yoast SEO Premium plugin v22.6 (Yoast SEO v22.6) - https:\/\/yoast.com\/wordpress\/plugins\/seo\/ -->\n<title>Attaf prend part \u00e0 la r\u00e9union de haut niveau du Conseil de s\u00e9curit\u00e9 sur la Palestine et le Moyen-Orient - El Mawkie<\/title>\n<meta name=\"robots\" content=\"index, follow, max-snippet:-1, max-image-preview:large, max-video-preview:-1\" \/>\n<link rel=\"canonical\" href=\"https:\/\/elmawkie.dz\/fr\/attaf-prend-part-a-la-reunion-de-haut-niveau-du-conseil-de-securite-sur-la-palestine-et-le-moyen-orient\/\" \/>\n<meta property=\"og:locale\" content=\"fr_FR\" \/>\n<meta property=\"og:type\" content=\"article\" \/>\n<meta property=\"og:title\" content=\"Attaf prend part \u00e0 la r\u00e9union de haut niveau du Conseil de s\u00e9curit\u00e9 sur la Palestine et le Moyen-Orient\" \/>\n<meta property=\"og:description\" content=\"La r\u00e9union de haut niveau du Conseil de s\u00e9curit\u00e9 des Nations unies consacr\u00e9e \u00e0 la question palestinienne et \u00e0 la situation au Moyen-Orient s\u2019est ouverte mardi \u00e0 New York, en pr\u00e9sence du ministre d\u2019\u00c9tat, ministre des Affaires \u00e9trang\u00e8res, de la Communaut\u00e9 nationale \u00e0 l\u2019\u00e9tranger et des Affaires africaines, M. Ahmed Attaf. Organis\u00e9e en marge de &hellip;\" \/>\n<meta property=\"og:url\" content=\"https:\/\/elmawkie.dz\/fr\/attaf-prend-part-a-la-reunion-de-haut-niveau-du-conseil-de-securite-sur-la-palestine-et-le-moyen-orient\/\" \/>\n<meta property=\"og:site_name\" content=\"El Mawkie\" \/>\n<meta property=\"article:publisher\" content=\"https:\/\/www.facebook.com\/profile.php?id=100088407094989&amp;locale=fr_FR\" \/>\n<meta property=\"article:published_time\" content=\"2025-09-23T19:34:28+00:00\" \/>\n<meta property=\"article:modified_time\" content=\"2025-09-23T19:34:29+00:00\" \/>\n<meta property=\"og:image\" content=\"https:\/\/elmawkie.dz\/fr\/wp-content\/uploads\/2025\/09\/IMG_6637-scaled.jpeg\" \/>\n\t<meta property=\"og:image:width\" content=\"2560\" \/>\n\t<meta property=\"og:image:height\" content=\"1705\" \/>\n\t<meta property=\"og:image:type\" content=\"image\/jpeg\" \/>\n<meta name=\"author\" content=\"Hamra Fouzia\" \/>\n<meta name=\"twitter:card\" content=\"summary_large_image\" \/>\n<meta name=\"twitter:label1\" content=\"Written by\" \/>\n\t<meta name=\"twitter:data1\" content=\"Hamra Fouzia\" \/>\n\t<meta name=\"twitter:label2\" content=\"Est. reading time\" \/>\n\t<meta name=\"twitter:data2\" content=\"2 minutes\" \/>\n<script type=\"application\/ld+json\" class=\"yoast-schema-graph\">{\"@context\":\"https:\/\/schema.org\",\"@graph\":[{\"@type\":\"Article\",\"@id\":\"https:\/\/elmawkie.dz\/fr\/attaf-prend-part-a-la-reunion-de-haut-niveau-du-conseil-de-securite-sur-la-palestine-et-le-moyen-orient\/#article\",\"isPartOf\":{\"@id\":\"https:\/\/elmawkie.dz\/fr\/attaf-prend-part-a-la-reunion-de-haut-niveau-du-conseil-de-securite-sur-la-palestine-et-le-moyen-orient\/\"},\"author\":{\"name\":\"Hamra Fouzia\",\"@id\":\"https:\/\/elmawkie.dz\/fr\/#\/schema\/person\/4ed8433201bc23634185d8dd37097c64\"},\"headline\":\"Attaf prend part \u00e0 la r\u00e9union de haut niveau du Conseil de s\u00e9curit\u00e9 sur la Palestine et le Moyen-Orient\",\"datePublished\":\"2025-09-23T19:34:28+00:00\",\"dateModified\":\"2025-09-23T19:34:29+00:00\",\"mainEntityOfPage\":{\"@id\":\"https:\/\/elmawkie.dz\/fr\/attaf-prend-part-a-la-reunion-de-haut-niveau-du-conseil-de-securite-sur-la-palestine-et-le-moyen-orient\/\"},\"wordCount\":231,\"commentCount\":0,\"publisher\":{\"@id\":\"https:\/\/elmawkie.dz\/fr\/#organization\"},\"image\":{\"@id\":\"https:\/\/elmawkie.dz\/fr\/attaf-prend-part-a-la-reunion-de-haut-niveau-du-conseil-de-securite-sur-la-palestine-et-le-moyen-orient\/#primaryimage\"},\"thumbnailUrl\":\"https:\/\/elmawkie.dz\/fr\/wp-content\/uploads\/2025\/09\/IMG_6637-scaled.jpeg\",\"keywords\":[\"M.Attaf\"],\"articleSection\":[\"Diplomatie\",\"National\"],\"inLanguage\":\"fr-FR\",\"potentialAction\":[{\"@type\":\"CommentAction\",\"name\":\"Comment\",\"target\":[\"https:\/\/elmawkie.dz\/fr\/attaf-prend-part-a-la-reunion-de-haut-niveau-du-conseil-de-securite-sur-la-palestine-et-le-moyen-orient\/#respond\"]}]},{\"@type\":\"WebPage\",\"@id\":\"https:\/\/elmawkie.dz\/fr\/attaf-prend-part-a-la-reunion-de-haut-niveau-du-conseil-de-securite-sur-la-palestine-et-le-moyen-orient\/\",\"url\":\"https:\/\/elmawkie.dz\/fr\/attaf-prend-part-a-la-reunion-de-haut-niveau-du-conseil-de-securite-sur-la-palestine-et-le-moyen-orient\/\",\"name\":\"Attaf prend part \u00e0 la r\u00e9union de haut niveau du Conseil de s\u00e9curit\u00e9 sur la Palestine et le Moyen-Orient - El Mawkie\",\"isPartOf\":{\"@id\":\"https:\/\/elmawkie.dz\/fr\/#website\"},\"primaryImageOfPage\":{\"@id\":\"https:\/\/elmawkie.dz\/fr\/attaf-prend-part-a-la-reunion-de-haut-niveau-du-conseil-de-securite-sur-la-palestine-et-le-moyen-orient\/#primaryimage\"},\"image\":{\"@id\":\"https:\/\/elmawkie.dz\/fr\/attaf-prend-part-a-la-reunion-de-haut-niveau-du-conseil-de-securite-sur-la-palestine-et-le-moyen-orient\/#primaryimage\"},\"thumbnailUrl\":\"https:\/\/elmawkie.dz\/fr\/wp-content\/uploads\/2025\/09\/IMG_6637-scaled.jpeg\",\"datePublished\":\"2025-09-23T19:34:28+00:00\",\"dateModified\":\"2025-09-23T19:34:29+00:00\",\"breadcrumb\":{\"@id\":\"https:\/\/elmawkie.dz\/fr\/attaf-prend-part-a-la-reunion-de-haut-niveau-du-conseil-de-securite-sur-la-palestine-et-le-moyen-orient\/#breadcrumb\"},\"inLanguage\":\"fr-FR\",\"potentialAction\":[{\"@type\":\"ReadAction\",\"target\":[\"https:\/\/elmawkie.dz\/fr\/attaf-prend-part-a-la-reunion-de-haut-niveau-du-conseil-de-securite-sur-la-palestine-et-le-moyen-orient\/\"]}]},{\"@type\":\"ImageObject\",\"inLanguage\":\"fr-FR\",\"@id\":\"https:\/\/elmawkie.dz\/fr\/attaf-prend-part-a-la-reunion-de-haut-niveau-du-conseil-de-securite-sur-la-palestine-et-le-moyen-orient\/#primaryimage\",\"url\":\"https:\/\/elmawkie.dz\/fr\/wp-content\/uploads\/2025\/09\/IMG_6637-scaled.jpeg\",\"contentUrl\":\"https:\/\/elmawkie.dz\/fr\/wp-content\/uploads\/2025\/09\/IMG_6637-scaled.jpeg\",\"width\":2560,\"height\":1705},{\"@type\":\"BreadcrumbList\",\"@id\":\"https:\/\/elmawkie.dz\/fr\/attaf-prend-part-a-la-reunion-de-haut-niveau-du-conseil-de-securite-sur-la-palestine-et-le-moyen-orient\/#breadcrumb\",\"itemListElement\":[{\"@type\":\"ListItem\",\"position\":1,\"name\":\"Home\",\"item\":\"https:\/\/elmawkie.dz\/fr\/\"},{\"@type\":\"ListItem\",\"position\":2,\"name\":\"Attaf prend part \u00e0 la r\u00e9union de haut niveau du Conseil de s\u00e9curit\u00e9 sur la Palestine et le Moyen-Orient\"}]},{\"@type\":\"WebSite\",\"@id\":\"https:\/\/elmawkie.dz\/fr\/#website\",\"url\":\"https:\/\/elmawkie.dz\/fr\/\",\"name\":\"EL MAWKIE\",\"description\":\"Journal \u00c9lectronique Alg\u00e9rien\",\"publisher\":{\"@id\":\"https:\/\/elmawkie.dz\/fr\/#organization\"},\"potentialAction\":[{\"@type\":\"SearchAction\",\"target\":{\"@type\":\"EntryPoint\",\"urlTemplate\":\"https:\/\/elmawkie.dz\/fr\/?s={search_term_string}\"},\"query-input\":\"required name=search_term_string\"}],\"inLanguage\":\"fr-FR\"},{\"@type\":\"Organization\",\"@id\":\"https:\/\/elmawkie.dz\/fr\/#organization\",\"name\":\"EL MAWKIE\",\"url\":\"https:\/\/elmawkie.dz\/fr\/\",\"logo\":{\"@type\":\"ImageObject\",\"inLanguage\":\"fr-FR\",\"@id\":\"https:\/\/elmawkie.dz\/fr\/#\/schema\/logo\/image\/\",\"url\":\"https:\/\/elmawkie.dz\/fr\/wp-content\/uploads\/2024\/05\/logo1.png\",\"contentUrl\":\"https:\/\/elmawkie.dz\/fr\/wp-content\/uploads\/2024\/05\/logo1.png\",\"width\":1648,\"height\":652,\"caption\":\"EL MAWKIE\"},\"image\":{\"@id\":\"https:\/\/elmawkie.dz\/fr\/#\/schema\/logo\/image\/\"},\"sameAs\":[\"https:\/\/www.facebook.com\/profile.php?id=100088407094989&locale=fr_FR\"]},{\"@type\":\"Person\",\"@id\":\"https:\/\/elmawkie.dz\/fr\/#\/schema\/person\/4ed8433201bc23634185d8dd37097c64\",\"name\":\"Hamra Fouzia\",\"image\":{\"@type\":\"ImageObject\",\"inLanguage\":\"fr-FR\",\"@id\":\"https:\/\/elmawkie.dz\/fr\/#\/schema\/person\/image\/\",\"url\":\"https:\/\/secure.gravatar.com\/avatar\/ea215268aad51f3219f9a59227db6fa1?s=96&d=mm&r=g\",\"contentUrl\":\"https:\/\/secure.gravatar.com\/avatar\/ea215268aad51f3219f9a59227db6fa1?s=96&d=mm&r=g\",\"caption\":\"Hamra Fouzia\"},\"sameAs\":[\"https:\/\/elmawkie.dz\/fr\"],\"url\":\"https:\/\/elmawkie.dz\/fr\/author\/elmawkie\/\"}]}<\/script>\n<!-- \/ Yoast SEO Premium plugin. -->","yoast_head_json":{"title":"Attaf prend part \u00e0 la r\u00e9union de haut niveau du Conseil de s\u00e9curit\u00e9 sur la Palestine et le Moyen-Orient - El Mawkie","robots":{"index":"index","follow":"follow","max-snippet":"max-snippet:-1","max-image-preview":"max-image-preview:large","max-video-preview":"max-video-preview:-1"},"canonical":"https:\/\/elmawkie.dz\/fr\/attaf-prend-part-a-la-reunion-de-haut-niveau-du-conseil-de-securite-sur-la-palestine-et-le-moyen-orient\/","og_locale":"fr_FR","og_type":"article","og_title":"Attaf prend part \u00e0 la r\u00e9union de haut niveau du Conseil de s\u00e9curit\u00e9 sur la Palestine et le Moyen-Orient","og_description":"La r\u00e9union de haut niveau du Conseil de s\u00e9curit\u00e9 des Nations unies consacr\u00e9e \u00e0 la question palestinienne et \u00e0 la situation au Moyen-Orient s\u2019est ouverte mardi \u00e0 New York, en pr\u00e9sence du ministre d\u2019\u00c9tat, ministre des Affaires \u00e9trang\u00e8res, de la Communaut\u00e9 nationale \u00e0 l\u2019\u00e9tranger et des Affaires africaines, M. Ahmed Attaf. Organis\u00e9e en marge de &hellip;","og_url":"https:\/\/elmawkie.dz\/fr\/attaf-prend-part-a-la-reunion-de-haut-niveau-du-conseil-de-securite-sur-la-palestine-et-le-moyen-orient\/","og_site_name":"El Mawkie","article_publisher":"https:\/\/www.facebook.com\/profile.php?id=100088407094989&locale=fr_FR","article_published_time":"2025-09-23T19:34:28+00:00","article_modified_time":"2025-09-23T19:34:29+00:00","og_image":[{"width":2560,"height":1705,"url":"https:\/\/elmawkie.dz\/fr\/wp-content\/uploads\/2025\/09\/IMG_6637-scaled.jpeg","type":"image\/jpeg"}],"author":"Hamra Fouzia","twitter_card":"summary_large_image","twitter_misc":{"Written by":"Hamra Fouzia","Est. reading time":"2 minutes"},"schema":{"@context":"https:\/\/schema.org","@graph":[{"@type":"Article","@id":"https:\/\/elmawkie.dz\/fr\/attaf-prend-part-a-la-reunion-de-haut-niveau-du-conseil-de-securite-sur-la-palestine-et-le-moyen-orient\/#article","isPartOf":{"@id":"https:\/\/elmawkie.dz\/fr\/attaf-prend-part-a-la-reunion-de-haut-niveau-du-conseil-de-securite-sur-la-palestine-et-le-moyen-orient\/"},"author":{"name":"Hamra Fouzia","@id":"https:\/\/elmawkie.dz\/fr\/#\/schema\/person\/4ed8433201bc23634185d8dd37097c64"},"headline":"Attaf prend part \u00e0 la r\u00e9union de haut niveau du Conseil de s\u00e9curit\u00e9 sur la Palestine et le Moyen-Orient","datePublished":"2025-09-23T19:34:28+00:00","dateModified":"2025-09-23T19:34:29+00:00","mainEntityOfPage":{"@id":"https:\/\/elmawkie.dz\/fr\/attaf-prend-part-a-la-reunion-de-haut-niveau-du-conseil-de-securite-sur-la-palestine-et-le-moyen-orient\/"},"wordCount":231,"commentCount":0,"publisher":{"@id":"https:\/\/elmawkie.dz\/fr\/#organization"},"image":{"@id":"https:\/\/elmawkie.dz\/fr\/attaf-prend-part-a-la-reunion-de-haut-niveau-du-conseil-de-securite-sur-la-palestine-et-le-moyen-orient\/#primaryimage"},"thumbnailUrl":"https:\/\/elmawkie.dz\/fr\/wp-content\/uploads\/2025\/09\/IMG_6637-scaled.jpeg","keywords":["M.Attaf"],"articleSection":["Diplomatie","National"],"inLanguage":"fr-FR","potentialAction":[{"@type":"CommentAction","name":"Comment","target":["https:\/\/elmawkie.dz\/fr\/attaf-prend-part-a-la-reunion-de-haut-niveau-du-conseil-de-securite-sur-la-palestine-et-le-moyen-orient\/#respond"]}]},{"@type":"WebPage","@id":"https:\/\/elmawkie.dz\/fr\/attaf-prend-part-a-la-reunion-de-haut-niveau-du-conseil-de-securite-sur-la-palestine-et-le-moyen-orient\/","url":"https:\/\/elmawkie.dz\/fr\/attaf-prend-part-a-la-reunion-de-haut-niveau-du-conseil-de-securite-sur-la-palestine-et-le-moyen-orient\/","name":"Attaf prend part \u00e0 la r\u00e9union de haut niveau du Conseil de s\u00e9curit\u00e9 sur la Palestine et le Moyen-Orient - El Mawkie","isPartOf":{"@id":"https:\/\/elmawkie.dz\/fr\/#website"},"primaryImageOfPage":{"@id":"https:\/\/elmawkie.dz\/fr\/attaf-prend-part-a-la-reunion-de-haut-niveau-du-conseil-de-securite-sur-la-palestine-et-le-moyen-orient\/#primaryimage"},"image":{"@id":"https:\/\/elmawkie.dz\/fr\/attaf-prend-part-a-la-reunion-de-haut-niveau-du-conseil-de-securite-sur-la-palestine-et-le-moyen-orient\/#primaryimage"},"thumbnailUrl":"https:\/\/elmawkie.dz\/fr\/wp-content\/uploads\/2025\/09\/IMG_6637-scaled.jpeg","datePublished":"2025-09-23T19:34:28+00:00","dateModified":"2025-09-23T19:34:29+00:00","breadcrumb":{"@id":"https:\/\/elmawkie.dz\/fr\/attaf-prend-part-a-la-reunion-de-haut-niveau-du-conseil-de-securite-sur-la-palestine-et-le-moyen-orient\/#breadcrumb"},"inLanguage":"fr-FR","potentialAction":[{"@type":"ReadAction","target":["https:\/\/elmawkie.dz\/fr\/attaf-prend-part-a-la-reunion-de-haut-niveau-du-conseil-de-securite-sur-la-palestine-et-le-moyen-orient\/"]}]},{"@type":"ImageObject","inLanguage":"fr-FR","@id":"https:\/\/elmawkie.dz\/fr\/attaf-prend-part-a-la-reunion-de-haut-niveau-du-conseil-de-securite-sur-la-palestine-et-le-moyen-orient\/#primaryimage","url":"https:\/\/elmawkie.dz\/fr\/wp-content\/uploads\/2025\/09\/IMG_6637-scaled.jpeg","contentUrl":"https:\/\/elmawkie.dz\/fr\/wp-content\/uploads\/2025\/09\/IMG_6637-scaled.jpeg","width":2560,"height":1705},{"@type":"BreadcrumbList","@id":"https:\/\/elmawkie.dz\/fr\/attaf-prend-part-a-la-reunion-de-haut-niveau-du-conseil-de-securite-sur-la-palestine-et-le-moyen-orient\/#breadcrumb","itemListElement":[{"@type":"ListItem","position":1,"name":"Home","item":"https:\/\/elmawkie.dz\/fr\/"},{"@type":"ListItem","position":2,"name":"Attaf prend part \u00e0 la r\u00e9union de haut niveau du Conseil de s\u00e9curit\u00e9 sur la Palestine et le Moyen-Orient"}]},{"@type":"WebSite","@id":"https:\/\/elmawkie.dz\/fr\/#website","url":"https:\/\/elmawkie.dz\/fr\/","name":"EL MAWKIE","description":"Journal \u00c9lectronique Alg\u00e9rien","publisher":{"@id":"https:\/\/elmawkie.dz\/fr\/#organization"},"potentialAction":[{"@type":"SearchAction","target":{"@type":"EntryPoint","urlTemplate":"https:\/\/elmawkie.dz\/fr\/?s={search_term_string}"},"query-input":"required name=search_term_string"}],"inLanguage":"fr-FR"},{"@type":"Organization","@id":"https:\/\/elmawkie.dz\/fr\/#organization","name":"EL MAWKIE","url":"https:\/\/elmawkie.dz\/fr\/","logo":{"@type":"ImageObject","inLanguage":"fr-FR","@id":"https:\/\/elmawkie.dz\/fr\/#\/schema\/logo\/image\/","url":"https:\/\/elmawkie.dz\/fr\/wp-content\/uploads\/2024\/05\/logo1.png","contentUrl":"https:\/\/elmawkie.dz\/fr\/wp-content\/uploads\/2024\/05\/logo1.png","width":1648,"height":652,"caption":"EL MAWKIE"},"image":{"@id":"https:\/\/elmawkie.dz\/fr\/#\/schema\/logo\/image\/"},"sameAs":["https:\/\/www.facebook.com\/profile.php?id=100088407094989&locale=fr_FR"]},{"@type":"Person","@id":"https:\/\/elmawkie.dz\/fr\/#\/schema\/person\/4ed8433201bc23634185d8dd37097c64","name":"Hamra Fouzia","image":{"@type":"ImageObject","inLanguage":"fr-FR","@id":"https:\/\/elmawkie.dz\/fr\/#\/schema\/person\/image\/","url":"https:\/\/secure.gravatar.com\/avatar\/ea215268aad51f3219f9a59227db6fa1?s=96&d=mm&r=g","contentUrl":"https:\/\/secure.gravatar.com\/avatar\/ea215268aad51f3219f9a59227db6fa1?s=96&d=mm&r=g","caption":"Hamra Fouzia"},"sameAs":["https:\/\/elmawkie.dz\/fr"],"url":"https:\/\/elmawkie.dz\/fr\/author\/elmawkie\/"}]}},"_links":{"self":[{"href":"https:\/\/elmawkie.dz\/fr\/wp-json\/wp\/v2\/posts\/56705","targetHints":{"allow":["GET"]}}],"collection":[{"href":"https:\/\/elmawkie.dz\/fr\/wp-json\/wp\/v2\/posts"}],"about":[{"href":"https:\/\/elmawkie.dz\/fr\/wp-json\/wp\/v2\/types\/post"}],"author":[{"embeddable":true,"href":"https:\/\/elmawkie.dz\/fr\/wp-json\/wp\/v2\/users\/3"}],"replies":[{"embeddable":true,"href":"https:\/\/elmawkie.dz\/fr\/wp-json\/wp\/v2\/comments?post=56705"}],"version-history":[{"count":1,"href":"https:\/\/elmawkie.dz\/fr\/wp-json\/wp\/v2\/posts\/56705\/revisions"}],"predecessor-version":[{"id":56707,"href":"https:\/\/elmawkie.dz\/fr\/wp-json\/wp\/v2\/posts\/56705\/revisions\/56707"}],"wp:featuredmedia":[{"embeddable":true,"href":"https:\/\/elmawkie.dz\/fr\/wp-json\/wp\/v2\/media\/56704"}],"wp:attachment":[{"href":"https:\/\/elmawkie.dz\/fr\/wp-json\/wp\/v2\/media?parent=56705"}],"wp:term":[{"taxonomy":"category","embeddable":true,"href":"https:\/\/elmawkie.dz\/fr\/wp-json\/wp\/v2\/categories?post=56705"},{"taxonomy":"post_tag","embeddable":true,"href":"https:\/\/elmawkie.dz\/fr\/wp-json\/wp\/v2\/tags?post=56705"}],"curies":[{"name":"wp","href":"https:\/\/api.w.org\/{rel}","templated":true}]}}