{"id":5667,"date":"2024-10-11T16:33:43","date_gmt":"2024-10-11T15:33:43","guid":{"rendered":"https:\/\/elmawkie.dz\/fr\/?p=5667"},"modified":"2024-10-11T16:33:43","modified_gmt":"2024-10-11T15:33:43","slug":"goudjil-le-bicamerisme-avait-contribue-a-la-maturite-de-lexperience-democratique-en-algerie","status":"publish","type":"post","link":"https:\/\/elmawkie.dz\/fr\/goudjil-le-bicamerisme-avait-contribue-a-la-maturite-de-lexperience-democratique-en-algerie\/","title":{"rendered":"Goudjil : le bicam\u00e9risme avait contribu\u00e9 \u00e0 la maturit\u00e9 de l&rsquo;exp\u00e9rience d\u00e9mocratique en Alg\u00e9rie"},"content":{"rendered":"<p><em>Le pr\u00e9sident du Conseil de la nation, M. Salah Goudjil, a affirm\u00e9 lors du Colloque des S\u00e9nats d&rsquo;Afrique qui se tient \u00e0 Yamoussoukro (C\u00f4te d&rsquo;Ivoire), que l&rsquo;\u00e9largissement des pr\u00e9rogatives du Conseil de la nation et la promotion de son statut en tant qu\u00a0\u00bb\u00a0\u00bbinstitution cl\u00e9\u00a0\u00bb dans la gestion des affaires du pays dans la Constitution de 2020, lui a permis d&rsquo;exercer pleinement sa mission l\u00e9gislative et de contr\u00f4le depuis sa cr\u00e9ation, a indiqu\u00e9 vendredi un communiqu\u00e9 de cette institution l\u00e9gislative. Dans une allocution prononc\u00e9e en son nom par le s\u00e9nateur Mouloud M&rsquo;barek Flouti, lors d&rsquo;une session de d\u00e9bat consacr\u00e9e au th\u00e8me \u00ab\u00a0Fonctions et missions des S\u00e9nats\u00a0\u00bb, M. Goudjil a pr\u00e9sent\u00e9 l&rsquo;exp\u00e9rience de l&rsquo;Alg\u00e9rie dans le syst\u00e8me bicam\u00e9ral qu&rsquo;elle a adopt\u00e9 depuis un quart de si\u00e8cle et consacr\u00e9 dans la Constitution comme \u00ab\u00a0article intangible\u00a0\u00bb, stipulant que le pouvoir l\u00e9gislatif est exerc\u00e9 par un parlement compos\u00e9 de deux chambres : l&rsquo;Assembl\u00e9e populaire nationale (APN) et le Conseil de la nation. Il a expliqu\u00e9 que ce changement dans la structure du syst\u00e8me parlementaire alg\u00e9rien avait fait l&rsquo;objet d&rsquo;une \u00ab\u00a0\u00e9volution permanente de sa composition et de ses fonctions, visant \u00e0 renforcer la d\u00e9mocratie participative et \u00e0 garantir une plus grande stabilit\u00e9 et un meilleur \u00e9quilibre\u00a0\u00bb, soulignant la \u00ab\u00a0particularit\u00e9 de l&rsquo;exp\u00e9rience alg\u00e9rienne en mati\u00e8re de bicam\u00e9risme qui est dict\u00e9e par la nature des motifs ayant encourag\u00e9 le choix de cette voie d\u00e9mocratique judicieuse et la r\u00e9vision de l&rsquo;\u00e9difice institutionnel de l&rsquo;Etat\u00a0\u00bb. Pour M. Goudjil, la cr\u00e9ation du Conseil de la nation \u00ab\u00a0a constitu\u00e9 un \u00e9v\u00e9nement national majeur\u00a0\u00bb, \u00ab\u00a0annonciateur d&rsquo;une nouvelle \u00e9tape en phase avec l&rsquo;in\u00e9vitabilit\u00e9 du changement et la n\u00e9cessit\u00e9 de rem\u00e9dier aux lacunes, afin de prot\u00e9ger les institutions de l&rsquo;Etat et son syst\u00e8me r\u00e9publicain, et de consacrer la d\u00e9mocratie participative\u00a0\u00bb, ainsi que d\u00a0\u00bb&lsquo;am\u00e9liorer la performance parlementaire et d&rsquo;\u00e9largir la repr\u00e9sentation du peuple au sein de l&rsquo;institution l\u00e9gislative et de contr\u00f4le\u00a0\u00bb. M. Goudjil a \u00e9galement \u00e9voqu\u00e9 la composante, les missions, et les pr\u00e9rogatives de la Haute chambre du Parlement ainsi que les m\u00e9canismes de son fonctionnement dans le cadre d&rsquo;une relation de \u00ab\u00a0compl\u00e9mentarit\u00e9 avec l&rsquo;APN, outre la coop\u00e9ration et la coordination avec le Gouvernement\u00a0\u00bb. Dans ce sillage, le pr\u00e9sident du Conseil de la nation a estim\u00e9 que le bicam\u00e9risme avait contribu\u00e9 \u00e0 la maturit\u00e9 de l&rsquo;exp\u00e9rience d\u00e9mocratique en Alg\u00e9rie, et consacr\u00e9 dans la Constitution de 2020 initi\u00e9e par le Pr\u00e9sident de la R\u00e9publique, M. Abdelmadjid Tebboune, \u00e9tant \u00ab\u00a0le syst\u00e8me le plus d\u00e9mocratique et le plus r\u00e9pandu parmi les syst\u00e8mes constitutionnels du monde\u00a0\u00bb. L&rsquo;\u00e9largissement des pr\u00e9rogatives du Conseil de la nation et la promotion de son statut \u00ab\u00a0en tant qu&rsquo;institution cl\u00e9\u00a0\u00bb dans la gestion des affaires du pays, lui a permis d'\u00a0\u00bbaccomplir parfaitement ses missions l\u00e9gislative et de contr\u00f4le depuis sa cr\u00e9ation\u00a0\u00bb, a expliqu\u00e9 M. Goudjil, rappelant que le Conseil de la nation est \u00ab\u00a0capable de s&rsquo;adapter aux mutations induites par le processus d&rsquo;\u00e9dification de l&rsquo;Alg\u00e9rie nouvelle\u00a0\u00bb. Et d&rsquo;ajouter dans ce sens que \u00ab\u00a0le bilan des activit\u00e9s de cette institution prouve qu&rsquo;elle est l&rsquo;autre face de la volont\u00e9 populaire et un outil constitutionnel pour la d\u00e9mocratie qui favorise le renforcement de l&rsquo;institution de contr\u00f4le parlementaire\u00a0\u00bb. Le Conseil \u00ab\u00a0a \u0153uvr\u00e9, \u00e0 travers la diplomatie parlementaire, \u00e0 d\u00e9fendre sans cesse les int\u00e9r\u00eats de l&rsquo;Afrique et son droit au d\u00e9veloppement, \u00e0 la paix, \u00e0 la stabilit\u00e9 et \u00e0 l&rsquo;ind\u00e9pendance d\u00e9cisionnelle, en luttant et en appelant \u00e0 la d\u00e9colonisation du continent\u00a0\u00bb. Dans le m\u00eame contexte, M. Goudjil s&rsquo;est dit satisfait de voir \u00ab\u00a0le bicam\u00e9risme s&rsquo;\u00e9tendre parmi les pays africains\u00a0\u00bb, appelant \u00e0 \u00ab\u00a0son renforcement et \u00e0 l&rsquo;\u00e9largissement de la repr\u00e9sentation populaire dans leurs parlements en op\u00e9rant les r\u00e9formes requises pour r\u00e9partir les responsabilit\u00e9s entre les institutions et relever les d\u00e9fis gr\u00e2ce \u00e0 la conjugaison des efforts des Africains\u00a0\u00bb.<\/em><\/p>\n","protected":false},"excerpt":{"rendered":"<p>Le pr\u00e9sident du Conseil de la nation, M. Salah Goudjil, a affirm\u00e9 lors du Colloque des S\u00e9nats d&rsquo;Afrique qui se tient \u00e0 Yamoussoukro (C\u00f4te d&rsquo;Ivoire), que l&rsquo;\u00e9largissement des pr\u00e9rogatives du Conseil de la nation et la promotion de son statut en tant qu\u00a0\u00bb\u00a0\u00bbinstitution cl\u00e9\u00a0\u00bb dans la gestion des affaires du pays dans la Constitution de &hellip;<\/p>\n","protected":false},"author":9,"featured_media":5668,"comment_status":"open","ping_status":"open","sticky":false,"template":"","format":"standard","meta":{"footnotes":""},"categories":[47],"tags":[88,914,950],"class_list":["post-5667","post","type-post","status-publish","format-standard","has-post-thumbnail","hentry","category-national","tag-algerie","tag-goudjil","tag-le-bicamerisme"],"yoast_head":"<!-- This site is optimized with the Yoast SEO Premium plugin v22.6 (Yoast SEO v22.6) - https:\/\/yoast.com\/wordpress\/plugins\/seo\/ -->\n<title>Goudjil : le bicam\u00e9risme avait contribu\u00e9 \u00e0 la maturit\u00e9 de l&#039;exp\u00e9rience d\u00e9mocratique en Alg\u00e9rie - El Mawkie<\/title>\n<meta name=\"robots\" content=\"index, follow, max-snippet:-1, max-image-preview:large, max-video-preview:-1\" \/>\n<link rel=\"canonical\" href=\"https:\/\/elmawkie.dz\/fr\/goudjil-le-bicamerisme-avait-contribue-a-la-maturite-de-lexperience-democratique-en-algerie\/\" \/>\n<meta property=\"og:locale\" content=\"fr_FR\" \/>\n<meta property=\"og:type\" content=\"article\" \/>\n<meta property=\"og:title\" content=\"Goudjil : le bicam\u00e9risme avait contribu\u00e9 \u00e0 la maturit\u00e9 de l&#039;exp\u00e9rience d\u00e9mocratique en Alg\u00e9rie\" \/>\n<meta property=\"og:description\" content=\"Le pr\u00e9sident du Conseil de la nation, M. Salah Goudjil, a affirm\u00e9 lors du Colloque des S\u00e9nats d&rsquo;Afrique qui se tient \u00e0 Yamoussoukro (C\u00f4te d&rsquo;Ivoire), que l&rsquo;\u00e9largissement des pr\u00e9rogatives du Conseil de la nation et la promotion de son statut en tant qu\u00a0\u00bb\u00a0\u00bbinstitution cl\u00e9\u00a0\u00bb dans la gestion des affaires du pays dans la Constitution de &hellip;\" \/>\n<meta property=\"og:url\" content=\"https:\/\/elmawkie.dz\/fr\/goudjil-le-bicamerisme-avait-contribue-a-la-maturite-de-lexperience-democratique-en-algerie\/\" \/>\n<meta property=\"og:site_name\" content=\"El Mawkie\" \/>\n<meta property=\"article:publisher\" content=\"https:\/\/www.facebook.com\/profile.php?id=100088407094989&amp;locale=fr_FR\" \/>\n<meta property=\"article:published_time\" content=\"2024-10-11T15:33:43+00:00\" \/>\n<meta property=\"og:image\" content=\"https:\/\/elmawkie.dz\/fr\/wp-content\/uploads\/2024\/10\/IMG_3221.webp\" \/>\n\t<meta property=\"og:image:width\" content=\"800\" \/>\n\t<meta property=\"og:image:height\" content=\"600\" \/>\n\t<meta property=\"og:image:type\" content=\"image\/webp\" \/>\n<meta name=\"author\" content=\"R\u00e9daction\" \/>\n<meta name=\"twitter:card\" content=\"summary_large_image\" \/>\n<meta name=\"twitter:label1\" content=\"Written by\" \/>\n\t<meta name=\"twitter:data1\" content=\"R\u00e9daction\" \/>\n\t<meta name=\"twitter:label2\" content=\"Est. reading time\" \/>\n\t<meta name=\"twitter:data2\" content=\"3 minutes\" \/>\n<script type=\"application\/ld+json\" class=\"yoast-schema-graph\">{\"@context\":\"https:\/\/schema.org\",\"@graph\":[{\"@type\":\"Article\",\"@id\":\"https:\/\/elmawkie.dz\/fr\/goudjil-le-bicamerisme-avait-contribue-a-la-maturite-de-lexperience-democratique-en-algerie\/#article\",\"isPartOf\":{\"@id\":\"https:\/\/elmawkie.dz\/fr\/goudjil-le-bicamerisme-avait-contribue-a-la-maturite-de-lexperience-democratique-en-algerie\/\"},\"author\":{\"name\":\"R\u00e9daction\",\"@id\":\"https:\/\/elmawkie.dz\/fr\/#\/schema\/person\/e7bd59d6467874ba5c4723d8a9f0a63c\"},\"headline\":\"Goudjil : le bicam\u00e9risme avait contribu\u00e9 \u00e0 la maturit\u00e9 de l&rsquo;exp\u00e9rience d\u00e9mocratique en Alg\u00e9rie\",\"datePublished\":\"2024-10-11T15:33:43+00:00\",\"dateModified\":\"2024-10-11T15:33:43+00:00\",\"mainEntityOfPage\":{\"@id\":\"https:\/\/elmawkie.dz\/fr\/goudjil-le-bicamerisme-avait-contribue-a-la-maturite-de-lexperience-democratique-en-algerie\/\"},\"wordCount\":732,\"commentCount\":0,\"publisher\":{\"@id\":\"https:\/\/elmawkie.dz\/fr\/#organization\"},\"image\":{\"@id\":\"https:\/\/elmawkie.dz\/fr\/goudjil-le-bicamerisme-avait-contribue-a-la-maturite-de-lexperience-democratique-en-algerie\/#primaryimage\"},\"thumbnailUrl\":\"https:\/\/elmawkie.dz\/fr\/wp-content\/uploads\/2024\/10\/IMG_3221.webp\",\"keywords\":[\"Alg\u00e9rie\",\"Goudjil\",\"le bicam\u00e9risme\"],\"articleSection\":[\"National\"],\"inLanguage\":\"fr-FR\",\"potentialAction\":[{\"@type\":\"CommentAction\",\"name\":\"Comment\",\"target\":[\"https:\/\/elmawkie.dz\/fr\/goudjil-le-bicamerisme-avait-contribue-a-la-maturite-de-lexperience-democratique-en-algerie\/#respond\"]}]},{\"@type\":\"WebPage\",\"@id\":\"https:\/\/elmawkie.dz\/fr\/goudjil-le-bicamerisme-avait-contribue-a-la-maturite-de-lexperience-democratique-en-algerie\/\",\"url\":\"https:\/\/elmawkie.dz\/fr\/goudjil-le-bicamerisme-avait-contribue-a-la-maturite-de-lexperience-democratique-en-algerie\/\",\"name\":\"Goudjil : le bicam\u00e9risme avait contribu\u00e9 \u00e0 la maturit\u00e9 de l'exp\u00e9rience d\u00e9mocratique en Alg\u00e9rie - El Mawkie\",\"isPartOf\":{\"@id\":\"https:\/\/elmawkie.dz\/fr\/#website\"},\"primaryImageOfPage\":{\"@id\":\"https:\/\/elmawkie.dz\/fr\/goudjil-le-bicamerisme-avait-contribue-a-la-maturite-de-lexperience-democratique-en-algerie\/#primaryimage\"},\"image\":{\"@id\":\"https:\/\/elmawkie.dz\/fr\/goudjil-le-bicamerisme-avait-contribue-a-la-maturite-de-lexperience-democratique-en-algerie\/#primaryimage\"},\"thumbnailUrl\":\"https:\/\/elmawkie.dz\/fr\/wp-content\/uploads\/2024\/10\/IMG_3221.webp\",\"datePublished\":\"2024-10-11T15:33:43+00:00\",\"dateModified\":\"2024-10-11T15:33:43+00:00\",\"breadcrumb\":{\"@id\":\"https:\/\/elmawkie.dz\/fr\/goudjil-le-bicamerisme-avait-contribue-a-la-maturite-de-lexperience-democratique-en-algerie\/#breadcrumb\"},\"inLanguage\":\"fr-FR\",\"potentialAction\":[{\"@type\":\"ReadAction\",\"target\":[\"https:\/\/elmawkie.dz\/fr\/goudjil-le-bicamerisme-avait-contribue-a-la-maturite-de-lexperience-democratique-en-algerie\/\"]}]},{\"@type\":\"ImageObject\",\"inLanguage\":\"fr-FR\",\"@id\":\"https:\/\/elmawkie.dz\/fr\/goudjil-le-bicamerisme-avait-contribue-a-la-maturite-de-lexperience-democratique-en-algerie\/#primaryimage\",\"url\":\"https:\/\/elmawkie.dz\/fr\/wp-content\/uploads\/2024\/10\/IMG_3221.webp\",\"contentUrl\":\"https:\/\/elmawkie.dz\/fr\/wp-content\/uploads\/2024\/10\/IMG_3221.webp\",\"width\":800,\"height\":600},{\"@type\":\"BreadcrumbList\",\"@id\":\"https:\/\/elmawkie.dz\/fr\/goudjil-le-bicamerisme-avait-contribue-a-la-maturite-de-lexperience-democratique-en-algerie\/#breadcrumb\",\"itemListElement\":[{\"@type\":\"ListItem\",\"position\":1,\"name\":\"Home\",\"item\":\"https:\/\/elmawkie.dz\/fr\/\"},{\"@type\":\"ListItem\",\"position\":2,\"name\":\"Goudjil : le bicam\u00e9risme avait contribu\u00e9 \u00e0 la maturit\u00e9 de l&rsquo;exp\u00e9rience d\u00e9mocratique en Alg\u00e9rie\"}]},{\"@type\":\"WebSite\",\"@id\":\"https:\/\/elmawkie.dz\/fr\/#website\",\"url\":\"https:\/\/elmawkie.dz\/fr\/\",\"name\":\"EL MAWKIE\",\"description\":\"Journal \u00c9lectronique Alg\u00e9rien\",\"publisher\":{\"@id\":\"https:\/\/elmawkie.dz\/fr\/#organization\"},\"potentialAction\":[{\"@type\":\"SearchAction\",\"target\":{\"@type\":\"EntryPoint\",\"urlTemplate\":\"https:\/\/elmawkie.dz\/fr\/?s={search_term_string}\"},\"query-input\":\"required name=search_term_string\"}],\"inLanguage\":\"fr-FR\"},{\"@type\":\"Organization\",\"@id\":\"https:\/\/elmawkie.dz\/fr\/#organization\",\"name\":\"EL MAWKIE\",\"url\":\"https:\/\/elmawkie.dz\/fr\/\",\"logo\":{\"@type\":\"ImageObject\",\"inLanguage\":\"fr-FR\",\"@id\":\"https:\/\/elmawkie.dz\/fr\/#\/schema\/logo\/image\/\",\"url\":\"https:\/\/elmawkie.dz\/fr\/wp-content\/uploads\/2024\/05\/logo1.png\",\"contentUrl\":\"https:\/\/elmawkie.dz\/fr\/wp-content\/uploads\/2024\/05\/logo1.png\",\"width\":1648,\"height\":652,\"caption\":\"EL MAWKIE\"},\"image\":{\"@id\":\"https:\/\/elmawkie.dz\/fr\/#\/schema\/logo\/image\/\"},\"sameAs\":[\"https:\/\/www.facebook.com\/profile.php?id=100088407094989&locale=fr_FR\"]},{\"@type\":\"Person\",\"@id\":\"https:\/\/elmawkie.dz\/fr\/#\/schema\/person\/e7bd59d6467874ba5c4723d8a9f0a63c\",\"name\":\"R\u00e9daction\",\"image\":{\"@type\":\"ImageObject\",\"inLanguage\":\"fr-FR\",\"@id\":\"https:\/\/elmawkie.dz\/fr\/#\/schema\/person\/image\/\",\"url\":\"https:\/\/secure.gravatar.com\/avatar\/f0f773456344da4d2788c054a3d30a0c?s=96&d=mm&r=g\",\"contentUrl\":\"https:\/\/secure.gravatar.com\/avatar\/f0f773456344da4d2788c054a3d30a0c?s=96&d=mm&r=g\",\"caption\":\"R\u00e9daction\"},\"url\":\"https:\/\/elmawkie.dz\/fr\/author\/redaction\/\"}]}<\/script>\n<!-- \/ Yoast SEO Premium plugin. -->","yoast_head_json":{"title":"Goudjil : le bicam\u00e9risme avait contribu\u00e9 \u00e0 la maturit\u00e9 de l'exp\u00e9rience d\u00e9mocratique en Alg\u00e9rie - El Mawkie","robots":{"index":"index","follow":"follow","max-snippet":"max-snippet:-1","max-image-preview":"max-image-preview:large","max-video-preview":"max-video-preview:-1"},"canonical":"https:\/\/elmawkie.dz\/fr\/goudjil-le-bicamerisme-avait-contribue-a-la-maturite-de-lexperience-democratique-en-algerie\/","og_locale":"fr_FR","og_type":"article","og_title":"Goudjil : le bicam\u00e9risme avait contribu\u00e9 \u00e0 la maturit\u00e9 de l'exp\u00e9rience d\u00e9mocratique en Alg\u00e9rie","og_description":"Le pr\u00e9sident du Conseil de la nation, M. Salah Goudjil, a affirm\u00e9 lors du Colloque des S\u00e9nats d&rsquo;Afrique qui se tient \u00e0 Yamoussoukro (C\u00f4te d&rsquo;Ivoire), que l&rsquo;\u00e9largissement des pr\u00e9rogatives du Conseil de la nation et la promotion de son statut en tant qu\u00a0\u00bb\u00a0\u00bbinstitution cl\u00e9\u00a0\u00bb dans la gestion des affaires du pays dans la Constitution de &hellip;","og_url":"https:\/\/elmawkie.dz\/fr\/goudjil-le-bicamerisme-avait-contribue-a-la-maturite-de-lexperience-democratique-en-algerie\/","og_site_name":"El Mawkie","article_publisher":"https:\/\/www.facebook.com\/profile.php?id=100088407094989&locale=fr_FR","article_published_time":"2024-10-11T15:33:43+00:00","og_image":[{"width":800,"height":600,"url":"https:\/\/elmawkie.dz\/fr\/wp-content\/uploads\/2024\/10\/IMG_3221.webp","type":"image\/webp"}],"author":"R\u00e9daction","twitter_card":"summary_large_image","twitter_misc":{"Written by":"R\u00e9daction","Est. reading time":"3 minutes"},"schema":{"@context":"https:\/\/schema.org","@graph":[{"@type":"Article","@id":"https:\/\/elmawkie.dz\/fr\/goudjil-le-bicamerisme-avait-contribue-a-la-maturite-de-lexperience-democratique-en-algerie\/#article","isPartOf":{"@id":"https:\/\/elmawkie.dz\/fr\/goudjil-le-bicamerisme-avait-contribue-a-la-maturite-de-lexperience-democratique-en-algerie\/"},"author":{"name":"R\u00e9daction","@id":"https:\/\/elmawkie.dz\/fr\/#\/schema\/person\/e7bd59d6467874ba5c4723d8a9f0a63c"},"headline":"Goudjil : le bicam\u00e9risme avait contribu\u00e9 \u00e0 la maturit\u00e9 de l&rsquo;exp\u00e9rience d\u00e9mocratique en Alg\u00e9rie","datePublished":"2024-10-11T15:33:43+00:00","dateModified":"2024-10-11T15:33:43+00:00","mainEntityOfPage":{"@id":"https:\/\/elmawkie.dz\/fr\/goudjil-le-bicamerisme-avait-contribue-a-la-maturite-de-lexperience-democratique-en-algerie\/"},"wordCount":732,"commentCount":0,"publisher":{"@id":"https:\/\/elmawkie.dz\/fr\/#organization"},"image":{"@id":"https:\/\/elmawkie.dz\/fr\/goudjil-le-bicamerisme-avait-contribue-a-la-maturite-de-lexperience-democratique-en-algerie\/#primaryimage"},"thumbnailUrl":"https:\/\/elmawkie.dz\/fr\/wp-content\/uploads\/2024\/10\/IMG_3221.webp","keywords":["Alg\u00e9rie","Goudjil","le bicam\u00e9risme"],"articleSection":["National"],"inLanguage":"fr-FR","potentialAction":[{"@type":"CommentAction","name":"Comment","target":["https:\/\/elmawkie.dz\/fr\/goudjil-le-bicamerisme-avait-contribue-a-la-maturite-de-lexperience-democratique-en-algerie\/#respond"]}]},{"@type":"WebPage","@id":"https:\/\/elmawkie.dz\/fr\/goudjil-le-bicamerisme-avait-contribue-a-la-maturite-de-lexperience-democratique-en-algerie\/","url":"https:\/\/elmawkie.dz\/fr\/goudjil-le-bicamerisme-avait-contribue-a-la-maturite-de-lexperience-democratique-en-algerie\/","name":"Goudjil : le bicam\u00e9risme avait contribu\u00e9 \u00e0 la maturit\u00e9 de l'exp\u00e9rience d\u00e9mocratique en Alg\u00e9rie - El Mawkie","isPartOf":{"@id":"https:\/\/elmawkie.dz\/fr\/#website"},"primaryImageOfPage":{"@id":"https:\/\/elmawkie.dz\/fr\/goudjil-le-bicamerisme-avait-contribue-a-la-maturite-de-lexperience-democratique-en-algerie\/#primaryimage"},"image":{"@id":"https:\/\/elmawkie.dz\/fr\/goudjil-le-bicamerisme-avait-contribue-a-la-maturite-de-lexperience-democratique-en-algerie\/#primaryimage"},"thumbnailUrl":"https:\/\/elmawkie.dz\/fr\/wp-content\/uploads\/2024\/10\/IMG_3221.webp","datePublished":"2024-10-11T15:33:43+00:00","dateModified":"2024-10-11T15:33:43+00:00","breadcrumb":{"@id":"https:\/\/elmawkie.dz\/fr\/goudjil-le-bicamerisme-avait-contribue-a-la-maturite-de-lexperience-democratique-en-algerie\/#breadcrumb"},"inLanguage":"fr-FR","potentialAction":[{"@type":"ReadAction","target":["https:\/\/elmawkie.dz\/fr\/goudjil-le-bicamerisme-avait-contribue-a-la-maturite-de-lexperience-democratique-en-algerie\/"]}]},{"@type":"ImageObject","inLanguage":"fr-FR","@id":"https:\/\/elmawkie.dz\/fr\/goudjil-le-bicamerisme-avait-contribue-a-la-maturite-de-lexperience-democratique-en-algerie\/#primaryimage","url":"https:\/\/elmawkie.dz\/fr\/wp-content\/uploads\/2024\/10\/IMG_3221.webp","contentUrl":"https:\/\/elmawkie.dz\/fr\/wp-content\/uploads\/2024\/10\/IMG_3221.webp","width":800,"height":600},{"@type":"BreadcrumbList","@id":"https:\/\/elmawkie.dz\/fr\/goudjil-le-bicamerisme-avait-contribue-a-la-maturite-de-lexperience-democratique-en-algerie\/#breadcrumb","itemListElement":[{"@type":"ListItem","position":1,"name":"Home","item":"https:\/\/elmawkie.dz\/fr\/"},{"@type":"ListItem","position":2,"name":"Goudjil : le bicam\u00e9risme avait contribu\u00e9 \u00e0 la maturit\u00e9 de l&rsquo;exp\u00e9rience d\u00e9mocratique en Alg\u00e9rie"}]},{"@type":"WebSite","@id":"https:\/\/elmawkie.dz\/fr\/#website","url":"https:\/\/elmawkie.dz\/fr\/","name":"EL MAWKIE","description":"Journal \u00c9lectronique Alg\u00e9rien","publisher":{"@id":"https:\/\/elmawkie.dz\/fr\/#organization"},"potentialAction":[{"@type":"SearchAction","target":{"@type":"EntryPoint","urlTemplate":"https:\/\/elmawkie.dz\/fr\/?s={search_term_string}"},"query-input":"required name=search_term_string"}],"inLanguage":"fr-FR"},{"@type":"Organization","@id":"https:\/\/elmawkie.dz\/fr\/#organization","name":"EL MAWKIE","url":"https:\/\/elmawkie.dz\/fr\/","logo":{"@type":"ImageObject","inLanguage":"fr-FR","@id":"https:\/\/elmawkie.dz\/fr\/#\/schema\/logo\/image\/","url":"https:\/\/elmawkie.dz\/fr\/wp-content\/uploads\/2024\/05\/logo1.png","contentUrl":"https:\/\/elmawkie.dz\/fr\/wp-content\/uploads\/2024\/05\/logo1.png","width":1648,"height":652,"caption":"EL MAWKIE"},"image":{"@id":"https:\/\/elmawkie.dz\/fr\/#\/schema\/logo\/image\/"},"sameAs":["https:\/\/www.facebook.com\/profile.php?id=100088407094989&locale=fr_FR"]},{"@type":"Person","@id":"https:\/\/elmawkie.dz\/fr\/#\/schema\/person\/e7bd59d6467874ba5c4723d8a9f0a63c","name":"R\u00e9daction","image":{"@type":"ImageObject","inLanguage":"fr-FR","@id":"https:\/\/elmawkie.dz\/fr\/#\/schema\/person\/image\/","url":"https:\/\/secure.gravatar.com\/avatar\/f0f773456344da4d2788c054a3d30a0c?s=96&d=mm&r=g","contentUrl":"https:\/\/secure.gravatar.com\/avatar\/f0f773456344da4d2788c054a3d30a0c?s=96&d=mm&r=g","caption":"R\u00e9daction"},"url":"https:\/\/elmawkie.dz\/fr\/author\/redaction\/"}]}},"_links":{"self":[{"href":"https:\/\/elmawkie.dz\/fr\/wp-json\/wp\/v2\/posts\/5667","targetHints":{"allow":["GET"]}}],"collection":[{"href":"https:\/\/elmawkie.dz\/fr\/wp-json\/wp\/v2\/posts"}],"about":[{"href":"https:\/\/elmawkie.dz\/fr\/wp-json\/wp\/v2\/types\/post"}],"author":[{"embeddable":true,"href":"https:\/\/elmawkie.dz\/fr\/wp-json\/wp\/v2\/users\/9"}],"replies":[{"embeddable":true,"href":"https:\/\/elmawkie.dz\/fr\/wp-json\/wp\/v2\/comments?post=5667"}],"version-history":[{"count":0,"href":"https:\/\/elmawkie.dz\/fr\/wp-json\/wp\/v2\/posts\/5667\/revisions"}],"wp:featuredmedia":[{"embeddable":true,"href":"https:\/\/elmawkie.dz\/fr\/wp-json\/wp\/v2\/media\/5668"}],"wp:attachment":[{"href":"https:\/\/elmawkie.dz\/fr\/wp-json\/wp\/v2\/media?parent=5667"}],"wp:term":[{"taxonomy":"category","embeddable":true,"href":"https:\/\/elmawkie.dz\/fr\/wp-json\/wp\/v2\/categories?post=5667"},{"taxonomy":"post_tag","embeddable":true,"href":"https:\/\/elmawkie.dz\/fr\/wp-json\/wp\/v2\/tags?post=5667"}],"curies":[{"name":"wp","href":"https:\/\/api.w.org\/{rel}","templated":true}]}}