{"id":56530,"date":"2025-09-21T15:01:19","date_gmt":"2025-09-21T14:01:19","guid":{"rendered":"https:\/\/elmawkie.dz\/fr\/?p=56530"},"modified":"2025-09-21T15:01:19","modified_gmt":"2025-09-21T14:01:19","slug":"bejaia-la-fete-de-la-figue-et-des-produits-du-terroir-de-beni-djellil-reunira-plus-de-200-participants","status":"publish","type":"post","link":"https:\/\/elmawkie.dz\/fr\/bejaia-la-fete-de-la-figue-et-des-produits-du-terroir-de-beni-djellil-reunira-plus-de-200-participants\/","title":{"rendered":"B\u00e9ja\u00efa : la F\u00eate de la figue et des produits du terroir de Beni Djellil r\u00e9unira plus de 200 participants"},"content":{"rendered":"\n<p>Plus de 200 participants sont attendus \u00e0 la 7e \u00e9dition de la F\u00eate de la figue et des produits de terroir qui se tiendra du 25 au 27 septembre dans le village de Tala Moum\u00e8ne relevant de la commune de Beni Djellil \u00e0 Beja\u00efa, a-t-on appris, dimanche, aupr\u00e8s des organisateurs. Le village de Tala Moumene (50 km au sud-ouest de la wilaya de Beja\u00efa) accueillera \u00e0 cette nouvelle \u00e9dition, des agriculteurs et des artisans de plusieurs communes de Beja\u00efa et d&rsquo;autres wilayas, dont S\u00e9tif et Tizi Ouzou, qui vont exposer leurs produits, principalement diff\u00e9rentes vari\u00e9t\u00e9s de la figue fraiche, outre quelques produits agricoles du terroir, a indiqu\u00e9 \u00e0 l&rsquo;APS le pr\u00e9sident l&rsquo;Assembl\u00e9e populaire communale (APC) de Beni Djellil, Abdelghani Ouali. L&rsquo;\u00e9dile de Beni Djellil a fait savoir que le but de l&rsquo;organisation de cette manifestation \u00e9tait de perp\u00e9tuer ce rendez-vous qui permet aux producteurs d&rsquo;exposer et de faire la promotion de leurs produits du terroir, mais aussi de faire conna\u00eetre la r\u00e9gion aux visiteurs qui s&rsquo;y rendront durant le week-end prochain. \u00ab\u00a0Cette F\u00eate se veut, \u00e0 la fois, une occasion pour mettre en valeur le produit de la figue et une opportunit\u00e9 pour les agriculteurs et les artisans de pouvoir vendre leur r\u00e9colte\u00a0\u00bb, a indiqu\u00e9 M. Ouali. A l&rsquo;occasion, des conf\u00e9rences th\u00e9matiques seront anim\u00e9es par des universitaires et experts en marge de la F\u00eate de la figue, a-t-il soulign\u00e9. La F\u00eate de la figue de Beni Djellil est organis\u00e9e par l&rsquo;APC de Beni Djellil, en collaboration avec la chambre de l&rsquo;agriculture de la wilaya et la chambre de l&rsquo;artisanat et des m\u00e9tiers (CAM).<\/p>\n","protected":false},"excerpt":{"rendered":"<p>Plus de 200 participants sont attendus \u00e0 la 7e \u00e9dition de la F\u00eate de la figue et des produits de terroir qui se tiendra du 25 au 27 septembre dans le village de Tala Moum\u00e8ne relevant de la commune de Beni Djellil \u00e0 Beja\u00efa, a-t-on appris, dimanche, aupr\u00e8s des organisateurs. Le village de Tala Moumene &hellip;<\/p>\n","protected":false},"author":9,"featured_media":56532,"comment_status":"open","ping_status":"open","sticky":false,"template":"","format":"standard","meta":{"footnotes":""},"categories":[50],"tags":[4118,5085],"class_list":["post-56530","post","type-post","status-publish","format-standard","has-post-thumbnail","hentry","category-region","tag-bejaia-2","tag-la-fete-de-la-figue"],"yoast_head":"<!-- This site is optimized with the Yoast SEO Premium plugin v22.6 (Yoast SEO v22.6) - https:\/\/yoast.com\/wordpress\/plugins\/seo\/ -->\n<title>B\u00e9ja\u00efa : la F\u00eate de la figue et des produits du terroir de Beni Djellil r\u00e9unira plus de 200 participants - El Mawkie<\/title>\n<meta name=\"robots\" content=\"index, follow, max-snippet:-1, max-image-preview:large, max-video-preview:-1\" \/>\n<link rel=\"canonical\" href=\"https:\/\/elmawkie.dz\/fr\/bejaia-la-fete-de-la-figue-et-des-produits-du-terroir-de-beni-djellil-reunira-plus-de-200-participants\/\" \/>\n<meta property=\"og:locale\" content=\"fr_FR\" \/>\n<meta property=\"og:type\" content=\"article\" \/>\n<meta property=\"og:title\" content=\"B\u00e9ja\u00efa : la F\u00eate de la figue et des produits du terroir de Beni Djellil r\u00e9unira plus de 200 participants\" \/>\n<meta property=\"og:description\" content=\"Plus de 200 participants sont attendus \u00e0 la 7e \u00e9dition de la F\u00eate de la figue et des produits de terroir qui se tiendra du 25 au 27 septembre dans le village de Tala Moum\u00e8ne relevant de la commune de Beni Djellil \u00e0 Beja\u00efa, a-t-on appris, dimanche, aupr\u00e8s des organisateurs. Le village de Tala Moumene &hellip;\" \/>\n<meta property=\"og:url\" content=\"https:\/\/elmawkie.dz\/fr\/bejaia-la-fete-de-la-figue-et-des-produits-du-terroir-de-beni-djellil-reunira-plus-de-200-participants\/\" \/>\n<meta property=\"og:site_name\" content=\"El Mawkie\" \/>\n<meta property=\"article:publisher\" content=\"https:\/\/www.facebook.com\/profile.php?id=100088407094989&amp;locale=fr_FR\" \/>\n<meta property=\"article:published_time\" content=\"2025-09-21T14:01:19+00:00\" \/>\n<meta property=\"og:image\" content=\"https:\/\/elmawkie.dz\/fr\/wp-content\/uploads\/2025\/09\/IMG_6330.jpeg\" \/>\n\t<meta property=\"og:image:width\" content=\"580\" \/>\n\t<meta property=\"og:image:height\" content=\"351\" \/>\n\t<meta property=\"og:image:type\" content=\"image\/jpeg\" \/>\n<meta name=\"author\" content=\"R\u00e9daction\" \/>\n<meta name=\"twitter:card\" content=\"summary_large_image\" \/>\n<meta name=\"twitter:label1\" content=\"Written by\" \/>\n\t<meta name=\"twitter:data1\" content=\"R\u00e9daction\" \/>\n\t<meta name=\"twitter:label2\" content=\"Est. reading time\" \/>\n\t<meta name=\"twitter:data2\" content=\"2 minutes\" \/>\n<script type=\"application\/ld+json\" class=\"yoast-schema-graph\">{\"@context\":\"https:\/\/schema.org\",\"@graph\":[{\"@type\":\"Article\",\"@id\":\"https:\/\/elmawkie.dz\/fr\/bejaia-la-fete-de-la-figue-et-des-produits-du-terroir-de-beni-djellil-reunira-plus-de-200-participants\/#article\",\"isPartOf\":{\"@id\":\"https:\/\/elmawkie.dz\/fr\/bejaia-la-fete-de-la-figue-et-des-produits-du-terroir-de-beni-djellil-reunira-plus-de-200-participants\/\"},\"author\":{\"name\":\"R\u00e9daction\",\"@id\":\"https:\/\/elmawkie.dz\/fr\/#\/schema\/person\/e7bd59d6467874ba5c4723d8a9f0a63c\"},\"headline\":\"B\u00e9ja\u00efa : la F\u00eate de la figue et des produits du terroir de Beni Djellil r\u00e9unira plus de 200 participants\",\"datePublished\":\"2025-09-21T14:01:19+00:00\",\"dateModified\":\"2025-09-21T14:01:19+00:00\",\"mainEntityOfPage\":{\"@id\":\"https:\/\/elmawkie.dz\/fr\/bejaia-la-fete-de-la-figue-et-des-produits-du-terroir-de-beni-djellil-reunira-plus-de-200-participants\/\"},\"wordCount\":311,\"commentCount\":0,\"publisher\":{\"@id\":\"https:\/\/elmawkie.dz\/fr\/#organization\"},\"image\":{\"@id\":\"https:\/\/elmawkie.dz\/fr\/bejaia-la-fete-de-la-figue-et-des-produits-du-terroir-de-beni-djellil-reunira-plus-de-200-participants\/#primaryimage\"},\"thumbnailUrl\":\"https:\/\/elmawkie.dz\/fr\/wp-content\/uploads\/2025\/09\/IMG_6330.jpeg\",\"keywords\":[\"B\u00e9ja\u00efa\",\"La f\u00eate de la figue\"],\"articleSection\":[\"R\u00e9gion\"],\"inLanguage\":\"fr-FR\",\"potentialAction\":[{\"@type\":\"CommentAction\",\"name\":\"Comment\",\"target\":[\"https:\/\/elmawkie.dz\/fr\/bejaia-la-fete-de-la-figue-et-des-produits-du-terroir-de-beni-djellil-reunira-plus-de-200-participants\/#respond\"]}]},{\"@type\":\"WebPage\",\"@id\":\"https:\/\/elmawkie.dz\/fr\/bejaia-la-fete-de-la-figue-et-des-produits-du-terroir-de-beni-djellil-reunira-plus-de-200-participants\/\",\"url\":\"https:\/\/elmawkie.dz\/fr\/bejaia-la-fete-de-la-figue-et-des-produits-du-terroir-de-beni-djellil-reunira-plus-de-200-participants\/\",\"name\":\"B\u00e9ja\u00efa : la F\u00eate de la figue et des produits du terroir de Beni Djellil r\u00e9unira plus de 200 participants - El Mawkie\",\"isPartOf\":{\"@id\":\"https:\/\/elmawkie.dz\/fr\/#website\"},\"primaryImageOfPage\":{\"@id\":\"https:\/\/elmawkie.dz\/fr\/bejaia-la-fete-de-la-figue-et-des-produits-du-terroir-de-beni-djellil-reunira-plus-de-200-participants\/#primaryimage\"},\"image\":{\"@id\":\"https:\/\/elmawkie.dz\/fr\/bejaia-la-fete-de-la-figue-et-des-produits-du-terroir-de-beni-djellil-reunira-plus-de-200-participants\/#primaryimage\"},\"thumbnailUrl\":\"https:\/\/elmawkie.dz\/fr\/wp-content\/uploads\/2025\/09\/IMG_6330.jpeg\",\"datePublished\":\"2025-09-21T14:01:19+00:00\",\"dateModified\":\"2025-09-21T14:01:19+00:00\",\"breadcrumb\":{\"@id\":\"https:\/\/elmawkie.dz\/fr\/bejaia-la-fete-de-la-figue-et-des-produits-du-terroir-de-beni-djellil-reunira-plus-de-200-participants\/#breadcrumb\"},\"inLanguage\":\"fr-FR\",\"potentialAction\":[{\"@type\":\"ReadAction\",\"target\":[\"https:\/\/elmawkie.dz\/fr\/bejaia-la-fete-de-la-figue-et-des-produits-du-terroir-de-beni-djellil-reunira-plus-de-200-participants\/\"]}]},{\"@type\":\"ImageObject\",\"inLanguage\":\"fr-FR\",\"@id\":\"https:\/\/elmawkie.dz\/fr\/bejaia-la-fete-de-la-figue-et-des-produits-du-terroir-de-beni-djellil-reunira-plus-de-200-participants\/#primaryimage\",\"url\":\"https:\/\/elmawkie.dz\/fr\/wp-content\/uploads\/2025\/09\/IMG_6330.jpeg\",\"contentUrl\":\"https:\/\/elmawkie.dz\/fr\/wp-content\/uploads\/2025\/09\/IMG_6330.jpeg\",\"width\":580,\"height\":351},{\"@type\":\"BreadcrumbList\",\"@id\":\"https:\/\/elmawkie.dz\/fr\/bejaia-la-fete-de-la-figue-et-des-produits-du-terroir-de-beni-djellil-reunira-plus-de-200-participants\/#breadcrumb\",\"itemListElement\":[{\"@type\":\"ListItem\",\"position\":1,\"name\":\"Home\",\"item\":\"https:\/\/elmawkie.dz\/fr\/\"},{\"@type\":\"ListItem\",\"position\":2,\"name\":\"B\u00e9ja\u00efa : la F\u00eate de la figue et des produits du terroir de Beni Djellil r\u00e9unira plus de 200 participants\"}]},{\"@type\":\"WebSite\",\"@id\":\"https:\/\/elmawkie.dz\/fr\/#website\",\"url\":\"https:\/\/elmawkie.dz\/fr\/\",\"name\":\"EL MAWKIE\",\"description\":\"Journal \u00c9lectronique Alg\u00e9rien\",\"publisher\":{\"@id\":\"https:\/\/elmawkie.dz\/fr\/#organization\"},\"potentialAction\":[{\"@type\":\"SearchAction\",\"target\":{\"@type\":\"EntryPoint\",\"urlTemplate\":\"https:\/\/elmawkie.dz\/fr\/?s={search_term_string}\"},\"query-input\":\"required name=search_term_string\"}],\"inLanguage\":\"fr-FR\"},{\"@type\":\"Organization\",\"@id\":\"https:\/\/elmawkie.dz\/fr\/#organization\",\"name\":\"EL MAWKIE\",\"url\":\"https:\/\/elmawkie.dz\/fr\/\",\"logo\":{\"@type\":\"ImageObject\",\"inLanguage\":\"fr-FR\",\"@id\":\"https:\/\/elmawkie.dz\/fr\/#\/schema\/logo\/image\/\",\"url\":\"https:\/\/elmawkie.dz\/fr\/wp-content\/uploads\/2024\/05\/logo1.png\",\"contentUrl\":\"https:\/\/elmawkie.dz\/fr\/wp-content\/uploads\/2024\/05\/logo1.png\",\"width\":1648,\"height\":652,\"caption\":\"EL MAWKIE\"},\"image\":{\"@id\":\"https:\/\/elmawkie.dz\/fr\/#\/schema\/logo\/image\/\"},\"sameAs\":[\"https:\/\/www.facebook.com\/profile.php?id=100088407094989&locale=fr_FR\"]},{\"@type\":\"Person\",\"@id\":\"https:\/\/elmawkie.dz\/fr\/#\/schema\/person\/e7bd59d6467874ba5c4723d8a9f0a63c\",\"name\":\"R\u00e9daction\",\"image\":{\"@type\":\"ImageObject\",\"inLanguage\":\"fr-FR\",\"@id\":\"https:\/\/elmawkie.dz\/fr\/#\/schema\/person\/image\/\",\"url\":\"https:\/\/secure.gravatar.com\/avatar\/f0f773456344da4d2788c054a3d30a0c?s=96&d=mm&r=g\",\"contentUrl\":\"https:\/\/secure.gravatar.com\/avatar\/f0f773456344da4d2788c054a3d30a0c?s=96&d=mm&r=g\",\"caption\":\"R\u00e9daction\"},\"url\":\"https:\/\/elmawkie.dz\/fr\/author\/redaction\/\"}]}<\/script>\n<!-- \/ Yoast SEO Premium plugin. -->","yoast_head_json":{"title":"B\u00e9ja\u00efa : la F\u00eate de la figue et des produits du terroir de Beni Djellil r\u00e9unira plus de 200 participants - El Mawkie","robots":{"index":"index","follow":"follow","max-snippet":"max-snippet:-1","max-image-preview":"max-image-preview:large","max-video-preview":"max-video-preview:-1"},"canonical":"https:\/\/elmawkie.dz\/fr\/bejaia-la-fete-de-la-figue-et-des-produits-du-terroir-de-beni-djellil-reunira-plus-de-200-participants\/","og_locale":"fr_FR","og_type":"article","og_title":"B\u00e9ja\u00efa : la F\u00eate de la figue et des produits du terroir de Beni Djellil r\u00e9unira plus de 200 participants","og_description":"Plus de 200 participants sont attendus \u00e0 la 7e \u00e9dition de la F\u00eate de la figue et des produits de terroir qui se tiendra du 25 au 27 septembre dans le village de Tala Moum\u00e8ne relevant de la commune de Beni Djellil \u00e0 Beja\u00efa, a-t-on appris, dimanche, aupr\u00e8s des organisateurs. Le village de Tala Moumene &hellip;","og_url":"https:\/\/elmawkie.dz\/fr\/bejaia-la-fete-de-la-figue-et-des-produits-du-terroir-de-beni-djellil-reunira-plus-de-200-participants\/","og_site_name":"El Mawkie","article_publisher":"https:\/\/www.facebook.com\/profile.php?id=100088407094989&locale=fr_FR","article_published_time":"2025-09-21T14:01:19+00:00","og_image":[{"width":580,"height":351,"url":"https:\/\/elmawkie.dz\/fr\/wp-content\/uploads\/2025\/09\/IMG_6330.jpeg","type":"image\/jpeg"}],"author":"R\u00e9daction","twitter_card":"summary_large_image","twitter_misc":{"Written by":"R\u00e9daction","Est. reading time":"2 minutes"},"schema":{"@context":"https:\/\/schema.org","@graph":[{"@type":"Article","@id":"https:\/\/elmawkie.dz\/fr\/bejaia-la-fete-de-la-figue-et-des-produits-du-terroir-de-beni-djellil-reunira-plus-de-200-participants\/#article","isPartOf":{"@id":"https:\/\/elmawkie.dz\/fr\/bejaia-la-fete-de-la-figue-et-des-produits-du-terroir-de-beni-djellil-reunira-plus-de-200-participants\/"},"author":{"name":"R\u00e9daction","@id":"https:\/\/elmawkie.dz\/fr\/#\/schema\/person\/e7bd59d6467874ba5c4723d8a9f0a63c"},"headline":"B\u00e9ja\u00efa : la F\u00eate de la figue et des produits du terroir de Beni Djellil r\u00e9unira plus de 200 participants","datePublished":"2025-09-21T14:01:19+00:00","dateModified":"2025-09-21T14:01:19+00:00","mainEntityOfPage":{"@id":"https:\/\/elmawkie.dz\/fr\/bejaia-la-fete-de-la-figue-et-des-produits-du-terroir-de-beni-djellil-reunira-plus-de-200-participants\/"},"wordCount":311,"commentCount":0,"publisher":{"@id":"https:\/\/elmawkie.dz\/fr\/#organization"},"image":{"@id":"https:\/\/elmawkie.dz\/fr\/bejaia-la-fete-de-la-figue-et-des-produits-du-terroir-de-beni-djellil-reunira-plus-de-200-participants\/#primaryimage"},"thumbnailUrl":"https:\/\/elmawkie.dz\/fr\/wp-content\/uploads\/2025\/09\/IMG_6330.jpeg","keywords":["B\u00e9ja\u00efa","La f\u00eate de la figue"],"articleSection":["R\u00e9gion"],"inLanguage":"fr-FR","potentialAction":[{"@type":"CommentAction","name":"Comment","target":["https:\/\/elmawkie.dz\/fr\/bejaia-la-fete-de-la-figue-et-des-produits-du-terroir-de-beni-djellil-reunira-plus-de-200-participants\/#respond"]}]},{"@type":"WebPage","@id":"https:\/\/elmawkie.dz\/fr\/bejaia-la-fete-de-la-figue-et-des-produits-du-terroir-de-beni-djellil-reunira-plus-de-200-participants\/","url":"https:\/\/elmawkie.dz\/fr\/bejaia-la-fete-de-la-figue-et-des-produits-du-terroir-de-beni-djellil-reunira-plus-de-200-participants\/","name":"B\u00e9ja\u00efa : la F\u00eate de la figue et des produits du terroir de Beni Djellil r\u00e9unira plus de 200 participants - El Mawkie","isPartOf":{"@id":"https:\/\/elmawkie.dz\/fr\/#website"},"primaryImageOfPage":{"@id":"https:\/\/elmawkie.dz\/fr\/bejaia-la-fete-de-la-figue-et-des-produits-du-terroir-de-beni-djellil-reunira-plus-de-200-participants\/#primaryimage"},"image":{"@id":"https:\/\/elmawkie.dz\/fr\/bejaia-la-fete-de-la-figue-et-des-produits-du-terroir-de-beni-djellil-reunira-plus-de-200-participants\/#primaryimage"},"thumbnailUrl":"https:\/\/elmawkie.dz\/fr\/wp-content\/uploads\/2025\/09\/IMG_6330.jpeg","datePublished":"2025-09-21T14:01:19+00:00","dateModified":"2025-09-21T14:01:19+00:00","breadcrumb":{"@id":"https:\/\/elmawkie.dz\/fr\/bejaia-la-fete-de-la-figue-et-des-produits-du-terroir-de-beni-djellil-reunira-plus-de-200-participants\/#breadcrumb"},"inLanguage":"fr-FR","potentialAction":[{"@type":"ReadAction","target":["https:\/\/elmawkie.dz\/fr\/bejaia-la-fete-de-la-figue-et-des-produits-du-terroir-de-beni-djellil-reunira-plus-de-200-participants\/"]}]},{"@type":"ImageObject","inLanguage":"fr-FR","@id":"https:\/\/elmawkie.dz\/fr\/bejaia-la-fete-de-la-figue-et-des-produits-du-terroir-de-beni-djellil-reunira-plus-de-200-participants\/#primaryimage","url":"https:\/\/elmawkie.dz\/fr\/wp-content\/uploads\/2025\/09\/IMG_6330.jpeg","contentUrl":"https:\/\/elmawkie.dz\/fr\/wp-content\/uploads\/2025\/09\/IMG_6330.jpeg","width":580,"height":351},{"@type":"BreadcrumbList","@id":"https:\/\/elmawkie.dz\/fr\/bejaia-la-fete-de-la-figue-et-des-produits-du-terroir-de-beni-djellil-reunira-plus-de-200-participants\/#breadcrumb","itemListElement":[{"@type":"ListItem","position":1,"name":"Home","item":"https:\/\/elmawkie.dz\/fr\/"},{"@type":"ListItem","position":2,"name":"B\u00e9ja\u00efa : la F\u00eate de la figue et des produits du terroir de Beni Djellil r\u00e9unira plus de 200 participants"}]},{"@type":"WebSite","@id":"https:\/\/elmawkie.dz\/fr\/#website","url":"https:\/\/elmawkie.dz\/fr\/","name":"EL MAWKIE","description":"Journal \u00c9lectronique Alg\u00e9rien","publisher":{"@id":"https:\/\/elmawkie.dz\/fr\/#organization"},"potentialAction":[{"@type":"SearchAction","target":{"@type":"EntryPoint","urlTemplate":"https:\/\/elmawkie.dz\/fr\/?s={search_term_string}"},"query-input":"required name=search_term_string"}],"inLanguage":"fr-FR"},{"@type":"Organization","@id":"https:\/\/elmawkie.dz\/fr\/#organization","name":"EL MAWKIE","url":"https:\/\/elmawkie.dz\/fr\/","logo":{"@type":"ImageObject","inLanguage":"fr-FR","@id":"https:\/\/elmawkie.dz\/fr\/#\/schema\/logo\/image\/","url":"https:\/\/elmawkie.dz\/fr\/wp-content\/uploads\/2024\/05\/logo1.png","contentUrl":"https:\/\/elmawkie.dz\/fr\/wp-content\/uploads\/2024\/05\/logo1.png","width":1648,"height":652,"caption":"EL MAWKIE"},"image":{"@id":"https:\/\/elmawkie.dz\/fr\/#\/schema\/logo\/image\/"},"sameAs":["https:\/\/www.facebook.com\/profile.php?id=100088407094989&locale=fr_FR"]},{"@type":"Person","@id":"https:\/\/elmawkie.dz\/fr\/#\/schema\/person\/e7bd59d6467874ba5c4723d8a9f0a63c","name":"R\u00e9daction","image":{"@type":"ImageObject","inLanguage":"fr-FR","@id":"https:\/\/elmawkie.dz\/fr\/#\/schema\/person\/image\/","url":"https:\/\/secure.gravatar.com\/avatar\/f0f773456344da4d2788c054a3d30a0c?s=96&d=mm&r=g","contentUrl":"https:\/\/secure.gravatar.com\/avatar\/f0f773456344da4d2788c054a3d30a0c?s=96&d=mm&r=g","caption":"R\u00e9daction"},"url":"https:\/\/elmawkie.dz\/fr\/author\/redaction\/"}]}},"_links":{"self":[{"href":"https:\/\/elmawkie.dz\/fr\/wp-json\/wp\/v2\/posts\/56530","targetHints":{"allow":["GET"]}}],"collection":[{"href":"https:\/\/elmawkie.dz\/fr\/wp-json\/wp\/v2\/posts"}],"about":[{"href":"https:\/\/elmawkie.dz\/fr\/wp-json\/wp\/v2\/types\/post"}],"author":[{"embeddable":true,"href":"https:\/\/elmawkie.dz\/fr\/wp-json\/wp\/v2\/users\/9"}],"replies":[{"embeddable":true,"href":"https:\/\/elmawkie.dz\/fr\/wp-json\/wp\/v2\/comments?post=56530"}],"version-history":[{"count":1,"href":"https:\/\/elmawkie.dz\/fr\/wp-json\/wp\/v2\/posts\/56530\/revisions"}],"predecessor-version":[{"id":56533,"href":"https:\/\/elmawkie.dz\/fr\/wp-json\/wp\/v2\/posts\/56530\/revisions\/56533"}],"wp:featuredmedia":[{"embeddable":true,"href":"https:\/\/elmawkie.dz\/fr\/wp-json\/wp\/v2\/media\/56532"}],"wp:attachment":[{"href":"https:\/\/elmawkie.dz\/fr\/wp-json\/wp\/v2\/media?parent=56530"}],"wp:term":[{"taxonomy":"category","embeddable":true,"href":"https:\/\/elmawkie.dz\/fr\/wp-json\/wp\/v2\/categories?post=56530"},{"taxonomy":"post_tag","embeddable":true,"href":"https:\/\/elmawkie.dz\/fr\/wp-json\/wp\/v2\/tags?post=56530"}],"curies":[{"name":"wp","href":"https:\/\/api.w.org\/{rel}","templated":true}]}}