{"id":56526,"date":"2025-09-20T23:45:03","date_gmt":"2025-09-20T22:45:03","guid":{"rendered":"https:\/\/elmawkie.dz\/fr\/?p=56526"},"modified":"2025-09-20T23:45:04","modified_gmt":"2025-09-20T22:45:04","slug":"solidarite-nationale-200-000-cartables-et-fournitures-scolaires-distribues-pour-la-rentree","status":"publish","type":"post","link":"https:\/\/elmawkie.dz\/fr\/solidarite-nationale-200-000-cartables-et-fournitures-scolaires-distribues-pour-la-rentree\/","title":{"rendered":"Solidarit\u00e9 nationale : 200 000 cartables et fournitures scolaires distribu\u00e9s pour la rentr\u00e9e"},"content":{"rendered":"\n<p>Un total de 200.000 cartables \u00e9quip\u00e9s de fournitures scolaires et de 50.000 tabliers ont \u00e9t\u00e9 distribu\u00e9s dans le cadre d&rsquo;une grande campagne de solidarit\u00e9, organis\u00e9e \u00e0 l&rsquo;occasion de la rentr\u00e9e sociale, par le Croissant-Rouge alg\u00e9rien (CRA), en partenariat avec Sonelgaz et Mobilis, indique samedi un communiqu\u00e9 du CRA. \u00ab\u00a0Dans le cadre de la grande campagne de solidarit\u00e9 organis\u00e9e \u00e0 l&rsquo;occasion de la rentr\u00e9e sociale, en partenariat avec Sonelgaz et Mobilis, le Croissant-Rouge alg\u00e9rien (CRA) poursuit la mise en \u0153uvre d&rsquo;un vaste programme national de distribution de cartables et de tabliers, en sus de caravanes de solidarit\u00e9 qui sillonnent l&rsquo;ensemble du territoire national\u00a0\u00bb, a pr\u00e9cis\u00e9 la m\u00eame source, ajoutant que jusqu'\u00a0\u00bb\u00e0 ce jour, 200.000 cartables \u00e9quip\u00e9s de fournitures scolaires et 50 000 tabliers ont \u00e9t\u00e9 distribu\u00e9s\u00a0\u00bb. L&rsquo;op\u00e9ration \u00ab\u00a0se poursuit \u00e0 un rythme r\u00e9gulier pour couvrir l&rsquo;ensemble des wilayas du pays, sans exception aucune\u00a0\u00bb, outre \u00ab\u00a0des caravanes de solidarit\u00e9 transportant diverses aides, illustrant ainsi le caract\u00e8re global de la campagne en tant que l&rsquo;une des principales actions de solidarit\u00e9 accompagnant la rentr\u00e9e sociale de cette ann\u00e9e\u00a0\u00bb. Cette campagne s&rsquo;inscrit dans le cadre de l&rsquo;attachement du CRA, en partenariat avec divers acteurs nationaux, \u00e0 \u00ab\u00a0la promotion des valeurs de solidarit\u00e9 et de coh\u00e9sion profond\u00e9ment enracin\u00e9es dans la soci\u00e9t\u00e9 alg\u00e9rienne, et vise \u00e9galement \u00e0 ancrer la solidarit\u00e9 en tant que choix p\u00e9renne\u00a0\u00bb, lit-on dans le communiqu\u00e9.<\/p>\n","protected":false},"excerpt":{"rendered":"<p>Un total de 200.000 cartables \u00e9quip\u00e9s de fournitures scolaires et de 50.000 tabliers ont \u00e9t\u00e9 distribu\u00e9s dans le cadre d&rsquo;une grande campagne de solidarit\u00e9, organis\u00e9e \u00e0 l&rsquo;occasion de la rentr\u00e9e sociale, par le Croissant-Rouge alg\u00e9rien (CRA), en partenariat avec Sonelgaz et Mobilis, indique samedi un communiqu\u00e9 du CRA. \u00ab\u00a0Dans le cadre de la grande campagne &hellip;<\/p>\n","protected":false},"author":9,"featured_media":56528,"comment_status":"open","ping_status":"open","sticky":false,"template":"","format":"standard","meta":{"footnotes":""},"categories":[47],"tags":[],"class_list":["post-56526","post","type-post","status-publish","format-standard","has-post-thumbnail","hentry","category-national"],"yoast_head":"<!-- This site is optimized with the Yoast SEO Premium plugin v22.6 (Yoast SEO v22.6) - https:\/\/yoast.com\/wordpress\/plugins\/seo\/ -->\n<title>Solidarit\u00e9 nationale : 200 000 cartables et fournitures scolaires distribu\u00e9s pour la rentr\u00e9e - El Mawkie<\/title>\n<meta name=\"robots\" content=\"index, follow, max-snippet:-1, max-image-preview:large, max-video-preview:-1\" \/>\n<link rel=\"canonical\" href=\"https:\/\/elmawkie.dz\/fr\/solidarite-nationale-200-000-cartables-et-fournitures-scolaires-distribues-pour-la-rentree\/\" \/>\n<meta property=\"og:locale\" content=\"fr_FR\" \/>\n<meta property=\"og:type\" content=\"article\" \/>\n<meta property=\"og:title\" content=\"Solidarit\u00e9 nationale : 200 000 cartables et fournitures scolaires distribu\u00e9s pour la rentr\u00e9e\" \/>\n<meta property=\"og:description\" content=\"Un total de 200.000 cartables \u00e9quip\u00e9s de fournitures scolaires et de 50.000 tabliers ont \u00e9t\u00e9 distribu\u00e9s dans le cadre d&rsquo;une grande campagne de solidarit\u00e9, organis\u00e9e \u00e0 l&rsquo;occasion de la rentr\u00e9e sociale, par le Croissant-Rouge alg\u00e9rien (CRA), en partenariat avec Sonelgaz et Mobilis, indique samedi un communiqu\u00e9 du CRA. \u00ab\u00a0Dans le cadre de la grande campagne &hellip;\" \/>\n<meta property=\"og:url\" content=\"https:\/\/elmawkie.dz\/fr\/solidarite-nationale-200-000-cartables-et-fournitures-scolaires-distribues-pour-la-rentree\/\" \/>\n<meta property=\"og:site_name\" content=\"El Mawkie\" \/>\n<meta property=\"article:publisher\" content=\"https:\/\/www.facebook.com\/profile.php?id=100088407094989&amp;locale=fr_FR\" \/>\n<meta property=\"article:published_time\" content=\"2025-09-20T22:45:03+00:00\" \/>\n<meta property=\"article:modified_time\" content=\"2025-09-20T22:45:04+00:00\" \/>\n<meta property=\"og:image\" content=\"https:\/\/elmawkie.dz\/fr\/wp-content\/uploads\/2025\/09\/IMG_6305.jpeg\" \/>\n\t<meta property=\"og:image:width\" content=\"576\" \/>\n\t<meta property=\"og:image:height\" content=\"324\" \/>\n\t<meta property=\"og:image:type\" content=\"image\/jpeg\" \/>\n<meta name=\"author\" content=\"R\u00e9daction\" \/>\n<meta name=\"twitter:card\" content=\"summary_large_image\" \/>\n<meta name=\"twitter:label1\" content=\"Written by\" \/>\n\t<meta name=\"twitter:data1\" content=\"R\u00e9daction\" \/>\n\t<meta name=\"twitter:label2\" content=\"Est. reading time\" \/>\n\t<meta name=\"twitter:data2\" content=\"2 minutes\" \/>\n<script type=\"application\/ld+json\" class=\"yoast-schema-graph\">{\"@context\":\"https:\/\/schema.org\",\"@graph\":[{\"@type\":\"Article\",\"@id\":\"https:\/\/elmawkie.dz\/fr\/solidarite-nationale-200-000-cartables-et-fournitures-scolaires-distribues-pour-la-rentree\/#article\",\"isPartOf\":{\"@id\":\"https:\/\/elmawkie.dz\/fr\/solidarite-nationale-200-000-cartables-et-fournitures-scolaires-distribues-pour-la-rentree\/\"},\"author\":{\"name\":\"R\u00e9daction\",\"@id\":\"https:\/\/elmawkie.dz\/fr\/#\/schema\/person\/e7bd59d6467874ba5c4723d8a9f0a63c\"},\"headline\":\"Solidarit\u00e9 nationale : 200 000 cartables et fournitures scolaires distribu\u00e9s pour la rentr\u00e9e\",\"datePublished\":\"2025-09-20T22:45:03+00:00\",\"dateModified\":\"2025-09-20T22:45:04+00:00\",\"mainEntityOfPage\":{\"@id\":\"https:\/\/elmawkie.dz\/fr\/solidarite-nationale-200-000-cartables-et-fournitures-scolaires-distribues-pour-la-rentree\/\"},\"wordCount\":257,\"commentCount\":0,\"publisher\":{\"@id\":\"https:\/\/elmawkie.dz\/fr\/#organization\"},\"image\":{\"@id\":\"https:\/\/elmawkie.dz\/fr\/solidarite-nationale-200-000-cartables-et-fournitures-scolaires-distribues-pour-la-rentree\/#primaryimage\"},\"thumbnailUrl\":\"https:\/\/elmawkie.dz\/fr\/wp-content\/uploads\/2025\/09\/IMG_6305.jpeg\",\"articleSection\":[\"National\"],\"inLanguage\":\"fr-FR\",\"potentialAction\":[{\"@type\":\"CommentAction\",\"name\":\"Comment\",\"target\":[\"https:\/\/elmawkie.dz\/fr\/solidarite-nationale-200-000-cartables-et-fournitures-scolaires-distribues-pour-la-rentree\/#respond\"]}]},{\"@type\":\"WebPage\",\"@id\":\"https:\/\/elmawkie.dz\/fr\/solidarite-nationale-200-000-cartables-et-fournitures-scolaires-distribues-pour-la-rentree\/\",\"url\":\"https:\/\/elmawkie.dz\/fr\/solidarite-nationale-200-000-cartables-et-fournitures-scolaires-distribues-pour-la-rentree\/\",\"name\":\"Solidarit\u00e9 nationale : 200 000 cartables et fournitures scolaires distribu\u00e9s pour la rentr\u00e9e - El Mawkie\",\"isPartOf\":{\"@id\":\"https:\/\/elmawkie.dz\/fr\/#website\"},\"primaryImageOfPage\":{\"@id\":\"https:\/\/elmawkie.dz\/fr\/solidarite-nationale-200-000-cartables-et-fournitures-scolaires-distribues-pour-la-rentree\/#primaryimage\"},\"image\":{\"@id\":\"https:\/\/elmawkie.dz\/fr\/solidarite-nationale-200-000-cartables-et-fournitures-scolaires-distribues-pour-la-rentree\/#primaryimage\"},\"thumbnailUrl\":\"https:\/\/elmawkie.dz\/fr\/wp-content\/uploads\/2025\/09\/IMG_6305.jpeg\",\"datePublished\":\"2025-09-20T22:45:03+00:00\",\"dateModified\":\"2025-09-20T22:45:04+00:00\",\"breadcrumb\":{\"@id\":\"https:\/\/elmawkie.dz\/fr\/solidarite-nationale-200-000-cartables-et-fournitures-scolaires-distribues-pour-la-rentree\/#breadcrumb\"},\"inLanguage\":\"fr-FR\",\"potentialAction\":[{\"@type\":\"ReadAction\",\"target\":[\"https:\/\/elmawkie.dz\/fr\/solidarite-nationale-200-000-cartables-et-fournitures-scolaires-distribues-pour-la-rentree\/\"]}]},{\"@type\":\"ImageObject\",\"inLanguage\":\"fr-FR\",\"@id\":\"https:\/\/elmawkie.dz\/fr\/solidarite-nationale-200-000-cartables-et-fournitures-scolaires-distribues-pour-la-rentree\/#primaryimage\",\"url\":\"https:\/\/elmawkie.dz\/fr\/wp-content\/uploads\/2025\/09\/IMG_6305.jpeg\",\"contentUrl\":\"https:\/\/elmawkie.dz\/fr\/wp-content\/uploads\/2025\/09\/IMG_6305.jpeg\",\"width\":576,\"height\":324},{\"@type\":\"BreadcrumbList\",\"@id\":\"https:\/\/elmawkie.dz\/fr\/solidarite-nationale-200-000-cartables-et-fournitures-scolaires-distribues-pour-la-rentree\/#breadcrumb\",\"itemListElement\":[{\"@type\":\"ListItem\",\"position\":1,\"name\":\"Home\",\"item\":\"https:\/\/elmawkie.dz\/fr\/\"},{\"@type\":\"ListItem\",\"position\":2,\"name\":\"Solidarit\u00e9 nationale : 200 000 cartables et fournitures scolaires distribu\u00e9s pour la rentr\u00e9e\"}]},{\"@type\":\"WebSite\",\"@id\":\"https:\/\/elmawkie.dz\/fr\/#website\",\"url\":\"https:\/\/elmawkie.dz\/fr\/\",\"name\":\"EL MAWKIE\",\"description\":\"Journal \u00c9lectronique Alg\u00e9rien\",\"publisher\":{\"@id\":\"https:\/\/elmawkie.dz\/fr\/#organization\"},\"potentialAction\":[{\"@type\":\"SearchAction\",\"target\":{\"@type\":\"EntryPoint\",\"urlTemplate\":\"https:\/\/elmawkie.dz\/fr\/?s={search_term_string}\"},\"query-input\":\"required name=search_term_string\"}],\"inLanguage\":\"fr-FR\"},{\"@type\":\"Organization\",\"@id\":\"https:\/\/elmawkie.dz\/fr\/#organization\",\"name\":\"EL MAWKIE\",\"url\":\"https:\/\/elmawkie.dz\/fr\/\",\"logo\":{\"@type\":\"ImageObject\",\"inLanguage\":\"fr-FR\",\"@id\":\"https:\/\/elmawkie.dz\/fr\/#\/schema\/logo\/image\/\",\"url\":\"https:\/\/elmawkie.dz\/fr\/wp-content\/uploads\/2024\/05\/logo1.png\",\"contentUrl\":\"https:\/\/elmawkie.dz\/fr\/wp-content\/uploads\/2024\/05\/logo1.png\",\"width\":1648,\"height\":652,\"caption\":\"EL MAWKIE\"},\"image\":{\"@id\":\"https:\/\/elmawkie.dz\/fr\/#\/schema\/logo\/image\/\"},\"sameAs\":[\"https:\/\/www.facebook.com\/profile.php?id=100088407094989&locale=fr_FR\"]},{\"@type\":\"Person\",\"@id\":\"https:\/\/elmawkie.dz\/fr\/#\/schema\/person\/e7bd59d6467874ba5c4723d8a9f0a63c\",\"name\":\"R\u00e9daction\",\"image\":{\"@type\":\"ImageObject\",\"inLanguage\":\"fr-FR\",\"@id\":\"https:\/\/elmawkie.dz\/fr\/#\/schema\/person\/image\/\",\"url\":\"https:\/\/secure.gravatar.com\/avatar\/f0f773456344da4d2788c054a3d30a0c?s=96&d=mm&r=g\",\"contentUrl\":\"https:\/\/secure.gravatar.com\/avatar\/f0f773456344da4d2788c054a3d30a0c?s=96&d=mm&r=g\",\"caption\":\"R\u00e9daction\"},\"url\":\"https:\/\/elmawkie.dz\/fr\/author\/redaction\/\"}]}<\/script>\n<!-- \/ Yoast SEO Premium plugin. -->","yoast_head_json":{"title":"Solidarit\u00e9 nationale : 200 000 cartables et fournitures scolaires distribu\u00e9s pour la rentr\u00e9e - El Mawkie","robots":{"index":"index","follow":"follow","max-snippet":"max-snippet:-1","max-image-preview":"max-image-preview:large","max-video-preview":"max-video-preview:-1"},"canonical":"https:\/\/elmawkie.dz\/fr\/solidarite-nationale-200-000-cartables-et-fournitures-scolaires-distribues-pour-la-rentree\/","og_locale":"fr_FR","og_type":"article","og_title":"Solidarit\u00e9 nationale : 200 000 cartables et fournitures scolaires distribu\u00e9s pour la rentr\u00e9e","og_description":"Un total de 200.000 cartables \u00e9quip\u00e9s de fournitures scolaires et de 50.000 tabliers ont \u00e9t\u00e9 distribu\u00e9s dans le cadre d&rsquo;une grande campagne de solidarit\u00e9, organis\u00e9e \u00e0 l&rsquo;occasion de la rentr\u00e9e sociale, par le Croissant-Rouge alg\u00e9rien (CRA), en partenariat avec Sonelgaz et Mobilis, indique samedi un communiqu\u00e9 du CRA. \u00ab\u00a0Dans le cadre de la grande campagne &hellip;","og_url":"https:\/\/elmawkie.dz\/fr\/solidarite-nationale-200-000-cartables-et-fournitures-scolaires-distribues-pour-la-rentree\/","og_site_name":"El Mawkie","article_publisher":"https:\/\/www.facebook.com\/profile.php?id=100088407094989&locale=fr_FR","article_published_time":"2025-09-20T22:45:03+00:00","article_modified_time":"2025-09-20T22:45:04+00:00","og_image":[{"width":576,"height":324,"url":"https:\/\/elmawkie.dz\/fr\/wp-content\/uploads\/2025\/09\/IMG_6305.jpeg","type":"image\/jpeg"}],"author":"R\u00e9daction","twitter_card":"summary_large_image","twitter_misc":{"Written by":"R\u00e9daction","Est. reading time":"2 minutes"},"schema":{"@context":"https:\/\/schema.org","@graph":[{"@type":"Article","@id":"https:\/\/elmawkie.dz\/fr\/solidarite-nationale-200-000-cartables-et-fournitures-scolaires-distribues-pour-la-rentree\/#article","isPartOf":{"@id":"https:\/\/elmawkie.dz\/fr\/solidarite-nationale-200-000-cartables-et-fournitures-scolaires-distribues-pour-la-rentree\/"},"author":{"name":"R\u00e9daction","@id":"https:\/\/elmawkie.dz\/fr\/#\/schema\/person\/e7bd59d6467874ba5c4723d8a9f0a63c"},"headline":"Solidarit\u00e9 nationale : 200 000 cartables et fournitures scolaires distribu\u00e9s pour la rentr\u00e9e","datePublished":"2025-09-20T22:45:03+00:00","dateModified":"2025-09-20T22:45:04+00:00","mainEntityOfPage":{"@id":"https:\/\/elmawkie.dz\/fr\/solidarite-nationale-200-000-cartables-et-fournitures-scolaires-distribues-pour-la-rentree\/"},"wordCount":257,"commentCount":0,"publisher":{"@id":"https:\/\/elmawkie.dz\/fr\/#organization"},"image":{"@id":"https:\/\/elmawkie.dz\/fr\/solidarite-nationale-200-000-cartables-et-fournitures-scolaires-distribues-pour-la-rentree\/#primaryimage"},"thumbnailUrl":"https:\/\/elmawkie.dz\/fr\/wp-content\/uploads\/2025\/09\/IMG_6305.jpeg","articleSection":["National"],"inLanguage":"fr-FR","potentialAction":[{"@type":"CommentAction","name":"Comment","target":["https:\/\/elmawkie.dz\/fr\/solidarite-nationale-200-000-cartables-et-fournitures-scolaires-distribues-pour-la-rentree\/#respond"]}]},{"@type":"WebPage","@id":"https:\/\/elmawkie.dz\/fr\/solidarite-nationale-200-000-cartables-et-fournitures-scolaires-distribues-pour-la-rentree\/","url":"https:\/\/elmawkie.dz\/fr\/solidarite-nationale-200-000-cartables-et-fournitures-scolaires-distribues-pour-la-rentree\/","name":"Solidarit\u00e9 nationale : 200 000 cartables et fournitures scolaires distribu\u00e9s pour la rentr\u00e9e - El Mawkie","isPartOf":{"@id":"https:\/\/elmawkie.dz\/fr\/#website"},"primaryImageOfPage":{"@id":"https:\/\/elmawkie.dz\/fr\/solidarite-nationale-200-000-cartables-et-fournitures-scolaires-distribues-pour-la-rentree\/#primaryimage"},"image":{"@id":"https:\/\/elmawkie.dz\/fr\/solidarite-nationale-200-000-cartables-et-fournitures-scolaires-distribues-pour-la-rentree\/#primaryimage"},"thumbnailUrl":"https:\/\/elmawkie.dz\/fr\/wp-content\/uploads\/2025\/09\/IMG_6305.jpeg","datePublished":"2025-09-20T22:45:03+00:00","dateModified":"2025-09-20T22:45:04+00:00","breadcrumb":{"@id":"https:\/\/elmawkie.dz\/fr\/solidarite-nationale-200-000-cartables-et-fournitures-scolaires-distribues-pour-la-rentree\/#breadcrumb"},"inLanguage":"fr-FR","potentialAction":[{"@type":"ReadAction","target":["https:\/\/elmawkie.dz\/fr\/solidarite-nationale-200-000-cartables-et-fournitures-scolaires-distribues-pour-la-rentree\/"]}]},{"@type":"ImageObject","inLanguage":"fr-FR","@id":"https:\/\/elmawkie.dz\/fr\/solidarite-nationale-200-000-cartables-et-fournitures-scolaires-distribues-pour-la-rentree\/#primaryimage","url":"https:\/\/elmawkie.dz\/fr\/wp-content\/uploads\/2025\/09\/IMG_6305.jpeg","contentUrl":"https:\/\/elmawkie.dz\/fr\/wp-content\/uploads\/2025\/09\/IMG_6305.jpeg","width":576,"height":324},{"@type":"BreadcrumbList","@id":"https:\/\/elmawkie.dz\/fr\/solidarite-nationale-200-000-cartables-et-fournitures-scolaires-distribues-pour-la-rentree\/#breadcrumb","itemListElement":[{"@type":"ListItem","position":1,"name":"Home","item":"https:\/\/elmawkie.dz\/fr\/"},{"@type":"ListItem","position":2,"name":"Solidarit\u00e9 nationale : 200 000 cartables et fournitures scolaires distribu\u00e9s pour la rentr\u00e9e"}]},{"@type":"WebSite","@id":"https:\/\/elmawkie.dz\/fr\/#website","url":"https:\/\/elmawkie.dz\/fr\/","name":"EL MAWKIE","description":"Journal \u00c9lectronique Alg\u00e9rien","publisher":{"@id":"https:\/\/elmawkie.dz\/fr\/#organization"},"potentialAction":[{"@type":"SearchAction","target":{"@type":"EntryPoint","urlTemplate":"https:\/\/elmawkie.dz\/fr\/?s={search_term_string}"},"query-input":"required name=search_term_string"}],"inLanguage":"fr-FR"},{"@type":"Organization","@id":"https:\/\/elmawkie.dz\/fr\/#organization","name":"EL MAWKIE","url":"https:\/\/elmawkie.dz\/fr\/","logo":{"@type":"ImageObject","inLanguage":"fr-FR","@id":"https:\/\/elmawkie.dz\/fr\/#\/schema\/logo\/image\/","url":"https:\/\/elmawkie.dz\/fr\/wp-content\/uploads\/2024\/05\/logo1.png","contentUrl":"https:\/\/elmawkie.dz\/fr\/wp-content\/uploads\/2024\/05\/logo1.png","width":1648,"height":652,"caption":"EL MAWKIE"},"image":{"@id":"https:\/\/elmawkie.dz\/fr\/#\/schema\/logo\/image\/"},"sameAs":["https:\/\/www.facebook.com\/profile.php?id=100088407094989&locale=fr_FR"]},{"@type":"Person","@id":"https:\/\/elmawkie.dz\/fr\/#\/schema\/person\/e7bd59d6467874ba5c4723d8a9f0a63c","name":"R\u00e9daction","image":{"@type":"ImageObject","inLanguage":"fr-FR","@id":"https:\/\/elmawkie.dz\/fr\/#\/schema\/person\/image\/","url":"https:\/\/secure.gravatar.com\/avatar\/f0f773456344da4d2788c054a3d30a0c?s=96&d=mm&r=g","contentUrl":"https:\/\/secure.gravatar.com\/avatar\/f0f773456344da4d2788c054a3d30a0c?s=96&d=mm&r=g","caption":"R\u00e9daction"},"url":"https:\/\/elmawkie.dz\/fr\/author\/redaction\/"}]}},"_links":{"self":[{"href":"https:\/\/elmawkie.dz\/fr\/wp-json\/wp\/v2\/posts\/56526","targetHints":{"allow":["GET"]}}],"collection":[{"href":"https:\/\/elmawkie.dz\/fr\/wp-json\/wp\/v2\/posts"}],"about":[{"href":"https:\/\/elmawkie.dz\/fr\/wp-json\/wp\/v2\/types\/post"}],"author":[{"embeddable":true,"href":"https:\/\/elmawkie.dz\/fr\/wp-json\/wp\/v2\/users\/9"}],"replies":[{"embeddable":true,"href":"https:\/\/elmawkie.dz\/fr\/wp-json\/wp\/v2\/comments?post=56526"}],"version-history":[{"count":1,"href":"https:\/\/elmawkie.dz\/fr\/wp-json\/wp\/v2\/posts\/56526\/revisions"}],"predecessor-version":[{"id":56529,"href":"https:\/\/elmawkie.dz\/fr\/wp-json\/wp\/v2\/posts\/56526\/revisions\/56529"}],"wp:featuredmedia":[{"embeddable":true,"href":"https:\/\/elmawkie.dz\/fr\/wp-json\/wp\/v2\/media\/56528"}],"wp:attachment":[{"href":"https:\/\/elmawkie.dz\/fr\/wp-json\/wp\/v2\/media?parent=56526"}],"wp:term":[{"taxonomy":"category","embeddable":true,"href":"https:\/\/elmawkie.dz\/fr\/wp-json\/wp\/v2\/categories?post=56526"},{"taxonomy":"post_tag","embeddable":true,"href":"https:\/\/elmawkie.dz\/fr\/wp-json\/wp\/v2\/tags?post=56526"}],"curies":[{"name":"wp","href":"https:\/\/api.w.org\/{rel}","templated":true}]}}