{"id":56521,"date":"2025-09-20T23:42:55","date_gmt":"2025-09-20T22:42:55","guid":{"rendered":"https:\/\/elmawkie.dz\/fr\/?p=56521"},"modified":"2025-09-20T23:42:56","modified_gmt":"2025-09-20T22:42:56","slug":"rentree-scolaire-lancement-de-la-semaine-nationale-de-la-sante-scolaire-a-partir-de-dimanche","status":"publish","type":"post","link":"https:\/\/elmawkie.dz\/fr\/rentree-scolaire-lancement-de-la-semaine-nationale-de-la-sante-scolaire-a-partir-de-dimanche\/","title":{"rendered":"Rentr\u00e9e scolaire : lancement de la semaine nationale de la sant\u00e9 scolaire \u00e0 partir de dimanche"},"content":{"rendered":"\n<p>Le minist\u00e8re de l&rsquo;Education nationale lance, \u00e0 partir de dimanche, la semaine nationale de la sant\u00e9 scolaire, dans le but de renforcer la conscience sanitaire chez les \u00e9l\u00e8ves et leurs parents, et d&rsquo;ancrer des comportements sains en milieu scolaire, indique samedi un communiqu\u00e9 du minist\u00e8re. L&rsquo;organisation de la semaine de la sant\u00e9 scolaire, plac\u00e9e sous le th\u00e8me \u00ab\u00a0une sant\u00e9 scolaire pour un avenir sain et s\u00fbr\u00a0\u00bb, co\u00efncide avec la rentr\u00e9e scolaire 2025-2026 et se poursuivra jusqu&rsquo;au 25 septembre, pr\u00e9cise le communiqu\u00e9. Cette semaine vise \u00e0 \u00ab\u00a0renforcer la conscience sanitaire chez les \u00e9l\u00e8ves et leurs parents, et \u00e0 ancrer des comportements sains, \u00e0 travers des ateliers de sensibilisation et des conf\u00e9rences, avec la participation du minist\u00e8re de la Sant\u00e9 et la contribution de la Commission nationale de pr\u00e9vention et de lutte contre le cancer et du Conseil du renouveau \u00e9conomique alg\u00e9rien (CREA)\u00a0\u00bb. Dans ce sillage, le minist\u00e8re a affirm\u00e9 que la sant\u00e9 scolaire constitue \u00ab\u00a0un pilier essentiel\u00a0\u00bb pour r\u00e9aliser de meilleurs r\u00e9sultats scolaires et garantir une g\u00e9n\u00e9ration forte et saine.<\/p>\n","protected":false},"excerpt":{"rendered":"<p>Le minist\u00e8re de l&rsquo;Education nationale lance, \u00e0 partir de dimanche, la semaine nationale de la sant\u00e9 scolaire, dans le but de renforcer la conscience sanitaire chez les \u00e9l\u00e8ves et leurs parents, et d&rsquo;ancrer des comportements sains en milieu scolaire, indique samedi un communiqu\u00e9 du minist\u00e8re. L&rsquo;organisation de la semaine de la sant\u00e9 scolaire, plac\u00e9e sous &hellip;<\/p>\n","protected":false},"author":9,"featured_media":56523,"comment_status":"open","ping_status":"open","sticky":false,"template":"","format":"standard","meta":{"footnotes":""},"categories":[47],"tags":[],"class_list":["post-56521","post","type-post","status-publish","format-standard","has-post-thumbnail","hentry","category-national"],"yoast_head":"<!-- This site is optimized with the Yoast SEO Premium plugin v22.6 (Yoast SEO v22.6) - https:\/\/yoast.com\/wordpress\/plugins\/seo\/ -->\n<title>Rentr\u00e9e scolaire : lancement de la semaine nationale de la sant\u00e9 scolaire \u00e0 partir de dimanche - El Mawkie<\/title>\n<meta name=\"robots\" content=\"index, follow, max-snippet:-1, max-image-preview:large, max-video-preview:-1\" \/>\n<link rel=\"canonical\" href=\"https:\/\/elmawkie.dz\/fr\/rentree-scolaire-lancement-de-la-semaine-nationale-de-la-sante-scolaire-a-partir-de-dimanche\/\" \/>\n<meta property=\"og:locale\" content=\"fr_FR\" \/>\n<meta property=\"og:type\" content=\"article\" \/>\n<meta property=\"og:title\" content=\"Rentr\u00e9e scolaire : lancement de la semaine nationale de la sant\u00e9 scolaire \u00e0 partir de dimanche\" \/>\n<meta property=\"og:description\" content=\"Le minist\u00e8re de l&rsquo;Education nationale lance, \u00e0 partir de dimanche, la semaine nationale de la sant\u00e9 scolaire, dans le but de renforcer la conscience sanitaire chez les \u00e9l\u00e8ves et leurs parents, et d&rsquo;ancrer des comportements sains en milieu scolaire, indique samedi un communiqu\u00e9 du minist\u00e8re. L&rsquo;organisation de la semaine de la sant\u00e9 scolaire, plac\u00e9e sous &hellip;\" \/>\n<meta property=\"og:url\" content=\"https:\/\/elmawkie.dz\/fr\/rentree-scolaire-lancement-de-la-semaine-nationale-de-la-sante-scolaire-a-partir-de-dimanche\/\" \/>\n<meta property=\"og:site_name\" content=\"El Mawkie\" \/>\n<meta property=\"article:publisher\" content=\"https:\/\/www.facebook.com\/profile.php?id=100088407094989&amp;locale=fr_FR\" \/>\n<meta property=\"article:published_time\" content=\"2025-09-20T22:42:55+00:00\" \/>\n<meta property=\"article:modified_time\" content=\"2025-09-20T22:42:56+00:00\" \/>\n<meta property=\"og:image\" content=\"https:\/\/elmawkie.dz\/fr\/wp-content\/uploads\/2025\/09\/IMG_6272.jpeg\" \/>\n\t<meta property=\"og:image:width\" content=\"1125\" \/>\n\t<meta property=\"og:image:height\" content=\"617\" \/>\n\t<meta property=\"og:image:type\" content=\"image\/jpeg\" \/>\n<meta name=\"author\" content=\"R\u00e9daction\" \/>\n<meta name=\"twitter:card\" content=\"summary_large_image\" \/>\n<meta name=\"twitter:label1\" content=\"Written by\" \/>\n\t<meta name=\"twitter:data1\" content=\"R\u00e9daction\" \/>\n\t<meta name=\"twitter:label2\" content=\"Est. reading time\" \/>\n\t<meta name=\"twitter:data2\" content=\"2 minutes\" \/>\n<script type=\"application\/ld+json\" class=\"yoast-schema-graph\">{\"@context\":\"https:\/\/schema.org\",\"@graph\":[{\"@type\":\"Article\",\"@id\":\"https:\/\/elmawkie.dz\/fr\/rentree-scolaire-lancement-de-la-semaine-nationale-de-la-sante-scolaire-a-partir-de-dimanche\/#article\",\"isPartOf\":{\"@id\":\"https:\/\/elmawkie.dz\/fr\/rentree-scolaire-lancement-de-la-semaine-nationale-de-la-sante-scolaire-a-partir-de-dimanche\/\"},\"author\":{\"name\":\"R\u00e9daction\",\"@id\":\"https:\/\/elmawkie.dz\/fr\/#\/schema\/person\/e7bd59d6467874ba5c4723d8a9f0a63c\"},\"headline\":\"Rentr\u00e9e scolaire : lancement de la semaine nationale de la sant\u00e9 scolaire \u00e0 partir de dimanche\",\"datePublished\":\"2025-09-20T22:42:55+00:00\",\"dateModified\":\"2025-09-20T22:42:56+00:00\",\"mainEntityOfPage\":{\"@id\":\"https:\/\/elmawkie.dz\/fr\/rentree-scolaire-lancement-de-la-semaine-nationale-de-la-sante-scolaire-a-partir-de-dimanche\/\"},\"wordCount\":202,\"commentCount\":0,\"publisher\":{\"@id\":\"https:\/\/elmawkie.dz\/fr\/#organization\"},\"image\":{\"@id\":\"https:\/\/elmawkie.dz\/fr\/rentree-scolaire-lancement-de-la-semaine-nationale-de-la-sante-scolaire-a-partir-de-dimanche\/#primaryimage\"},\"thumbnailUrl\":\"https:\/\/elmawkie.dz\/fr\/wp-content\/uploads\/2025\/09\/IMG_6272.jpeg\",\"articleSection\":[\"National\"],\"inLanguage\":\"fr-FR\",\"potentialAction\":[{\"@type\":\"CommentAction\",\"name\":\"Comment\",\"target\":[\"https:\/\/elmawkie.dz\/fr\/rentree-scolaire-lancement-de-la-semaine-nationale-de-la-sante-scolaire-a-partir-de-dimanche\/#respond\"]}]},{\"@type\":\"WebPage\",\"@id\":\"https:\/\/elmawkie.dz\/fr\/rentree-scolaire-lancement-de-la-semaine-nationale-de-la-sante-scolaire-a-partir-de-dimanche\/\",\"url\":\"https:\/\/elmawkie.dz\/fr\/rentree-scolaire-lancement-de-la-semaine-nationale-de-la-sante-scolaire-a-partir-de-dimanche\/\",\"name\":\"Rentr\u00e9e scolaire : lancement de la semaine nationale de la sant\u00e9 scolaire \u00e0 partir de dimanche - El Mawkie\",\"isPartOf\":{\"@id\":\"https:\/\/elmawkie.dz\/fr\/#website\"},\"primaryImageOfPage\":{\"@id\":\"https:\/\/elmawkie.dz\/fr\/rentree-scolaire-lancement-de-la-semaine-nationale-de-la-sante-scolaire-a-partir-de-dimanche\/#primaryimage\"},\"image\":{\"@id\":\"https:\/\/elmawkie.dz\/fr\/rentree-scolaire-lancement-de-la-semaine-nationale-de-la-sante-scolaire-a-partir-de-dimanche\/#primaryimage\"},\"thumbnailUrl\":\"https:\/\/elmawkie.dz\/fr\/wp-content\/uploads\/2025\/09\/IMG_6272.jpeg\",\"datePublished\":\"2025-09-20T22:42:55+00:00\",\"dateModified\":\"2025-09-20T22:42:56+00:00\",\"breadcrumb\":{\"@id\":\"https:\/\/elmawkie.dz\/fr\/rentree-scolaire-lancement-de-la-semaine-nationale-de-la-sante-scolaire-a-partir-de-dimanche\/#breadcrumb\"},\"inLanguage\":\"fr-FR\",\"potentialAction\":[{\"@type\":\"ReadAction\",\"target\":[\"https:\/\/elmawkie.dz\/fr\/rentree-scolaire-lancement-de-la-semaine-nationale-de-la-sante-scolaire-a-partir-de-dimanche\/\"]}]},{\"@type\":\"ImageObject\",\"inLanguage\":\"fr-FR\",\"@id\":\"https:\/\/elmawkie.dz\/fr\/rentree-scolaire-lancement-de-la-semaine-nationale-de-la-sante-scolaire-a-partir-de-dimanche\/#primaryimage\",\"url\":\"https:\/\/elmawkie.dz\/fr\/wp-content\/uploads\/2025\/09\/IMG_6272.jpeg\",\"contentUrl\":\"https:\/\/elmawkie.dz\/fr\/wp-content\/uploads\/2025\/09\/IMG_6272.jpeg\",\"width\":1125,\"height\":617},{\"@type\":\"BreadcrumbList\",\"@id\":\"https:\/\/elmawkie.dz\/fr\/rentree-scolaire-lancement-de-la-semaine-nationale-de-la-sante-scolaire-a-partir-de-dimanche\/#breadcrumb\",\"itemListElement\":[{\"@type\":\"ListItem\",\"position\":1,\"name\":\"Home\",\"item\":\"https:\/\/elmawkie.dz\/fr\/\"},{\"@type\":\"ListItem\",\"position\":2,\"name\":\"Rentr\u00e9e scolaire : lancement de la semaine nationale de la sant\u00e9 scolaire \u00e0 partir de dimanche\"}]},{\"@type\":\"WebSite\",\"@id\":\"https:\/\/elmawkie.dz\/fr\/#website\",\"url\":\"https:\/\/elmawkie.dz\/fr\/\",\"name\":\"EL MAWKIE\",\"description\":\"Journal \u00c9lectronique Alg\u00e9rien\",\"publisher\":{\"@id\":\"https:\/\/elmawkie.dz\/fr\/#organization\"},\"potentialAction\":[{\"@type\":\"SearchAction\",\"target\":{\"@type\":\"EntryPoint\",\"urlTemplate\":\"https:\/\/elmawkie.dz\/fr\/?s={search_term_string}\"},\"query-input\":\"required name=search_term_string\"}],\"inLanguage\":\"fr-FR\"},{\"@type\":\"Organization\",\"@id\":\"https:\/\/elmawkie.dz\/fr\/#organization\",\"name\":\"EL MAWKIE\",\"url\":\"https:\/\/elmawkie.dz\/fr\/\",\"logo\":{\"@type\":\"ImageObject\",\"inLanguage\":\"fr-FR\",\"@id\":\"https:\/\/elmawkie.dz\/fr\/#\/schema\/logo\/image\/\",\"url\":\"https:\/\/elmawkie.dz\/fr\/wp-content\/uploads\/2024\/05\/logo1.png\",\"contentUrl\":\"https:\/\/elmawkie.dz\/fr\/wp-content\/uploads\/2024\/05\/logo1.png\",\"width\":1648,\"height\":652,\"caption\":\"EL MAWKIE\"},\"image\":{\"@id\":\"https:\/\/elmawkie.dz\/fr\/#\/schema\/logo\/image\/\"},\"sameAs\":[\"https:\/\/www.facebook.com\/profile.php?id=100088407094989&locale=fr_FR\"]},{\"@type\":\"Person\",\"@id\":\"https:\/\/elmawkie.dz\/fr\/#\/schema\/person\/e7bd59d6467874ba5c4723d8a9f0a63c\",\"name\":\"R\u00e9daction\",\"image\":{\"@type\":\"ImageObject\",\"inLanguage\":\"fr-FR\",\"@id\":\"https:\/\/elmawkie.dz\/fr\/#\/schema\/person\/image\/\",\"url\":\"https:\/\/secure.gravatar.com\/avatar\/f0f773456344da4d2788c054a3d30a0c?s=96&d=mm&r=g\",\"contentUrl\":\"https:\/\/secure.gravatar.com\/avatar\/f0f773456344da4d2788c054a3d30a0c?s=96&d=mm&r=g\",\"caption\":\"R\u00e9daction\"},\"url\":\"https:\/\/elmawkie.dz\/fr\/author\/redaction\/\"}]}<\/script>\n<!-- \/ Yoast SEO Premium plugin. -->","yoast_head_json":{"title":"Rentr\u00e9e scolaire : lancement de la semaine nationale de la sant\u00e9 scolaire \u00e0 partir de dimanche - El Mawkie","robots":{"index":"index","follow":"follow","max-snippet":"max-snippet:-1","max-image-preview":"max-image-preview:large","max-video-preview":"max-video-preview:-1"},"canonical":"https:\/\/elmawkie.dz\/fr\/rentree-scolaire-lancement-de-la-semaine-nationale-de-la-sante-scolaire-a-partir-de-dimanche\/","og_locale":"fr_FR","og_type":"article","og_title":"Rentr\u00e9e scolaire : lancement de la semaine nationale de la sant\u00e9 scolaire \u00e0 partir de dimanche","og_description":"Le minist\u00e8re de l&rsquo;Education nationale lance, \u00e0 partir de dimanche, la semaine nationale de la sant\u00e9 scolaire, dans le but de renforcer la conscience sanitaire chez les \u00e9l\u00e8ves et leurs parents, et d&rsquo;ancrer des comportements sains en milieu scolaire, indique samedi un communiqu\u00e9 du minist\u00e8re. L&rsquo;organisation de la semaine de la sant\u00e9 scolaire, plac\u00e9e sous &hellip;","og_url":"https:\/\/elmawkie.dz\/fr\/rentree-scolaire-lancement-de-la-semaine-nationale-de-la-sante-scolaire-a-partir-de-dimanche\/","og_site_name":"El Mawkie","article_publisher":"https:\/\/www.facebook.com\/profile.php?id=100088407094989&locale=fr_FR","article_published_time":"2025-09-20T22:42:55+00:00","article_modified_time":"2025-09-20T22:42:56+00:00","og_image":[{"width":1125,"height":617,"url":"https:\/\/elmawkie.dz\/fr\/wp-content\/uploads\/2025\/09\/IMG_6272.jpeg","type":"image\/jpeg"}],"author":"R\u00e9daction","twitter_card":"summary_large_image","twitter_misc":{"Written by":"R\u00e9daction","Est. reading time":"2 minutes"},"schema":{"@context":"https:\/\/schema.org","@graph":[{"@type":"Article","@id":"https:\/\/elmawkie.dz\/fr\/rentree-scolaire-lancement-de-la-semaine-nationale-de-la-sante-scolaire-a-partir-de-dimanche\/#article","isPartOf":{"@id":"https:\/\/elmawkie.dz\/fr\/rentree-scolaire-lancement-de-la-semaine-nationale-de-la-sante-scolaire-a-partir-de-dimanche\/"},"author":{"name":"R\u00e9daction","@id":"https:\/\/elmawkie.dz\/fr\/#\/schema\/person\/e7bd59d6467874ba5c4723d8a9f0a63c"},"headline":"Rentr\u00e9e scolaire : lancement de la semaine nationale de la sant\u00e9 scolaire \u00e0 partir de dimanche","datePublished":"2025-09-20T22:42:55+00:00","dateModified":"2025-09-20T22:42:56+00:00","mainEntityOfPage":{"@id":"https:\/\/elmawkie.dz\/fr\/rentree-scolaire-lancement-de-la-semaine-nationale-de-la-sante-scolaire-a-partir-de-dimanche\/"},"wordCount":202,"commentCount":0,"publisher":{"@id":"https:\/\/elmawkie.dz\/fr\/#organization"},"image":{"@id":"https:\/\/elmawkie.dz\/fr\/rentree-scolaire-lancement-de-la-semaine-nationale-de-la-sante-scolaire-a-partir-de-dimanche\/#primaryimage"},"thumbnailUrl":"https:\/\/elmawkie.dz\/fr\/wp-content\/uploads\/2025\/09\/IMG_6272.jpeg","articleSection":["National"],"inLanguage":"fr-FR","potentialAction":[{"@type":"CommentAction","name":"Comment","target":["https:\/\/elmawkie.dz\/fr\/rentree-scolaire-lancement-de-la-semaine-nationale-de-la-sante-scolaire-a-partir-de-dimanche\/#respond"]}]},{"@type":"WebPage","@id":"https:\/\/elmawkie.dz\/fr\/rentree-scolaire-lancement-de-la-semaine-nationale-de-la-sante-scolaire-a-partir-de-dimanche\/","url":"https:\/\/elmawkie.dz\/fr\/rentree-scolaire-lancement-de-la-semaine-nationale-de-la-sante-scolaire-a-partir-de-dimanche\/","name":"Rentr\u00e9e scolaire : lancement de la semaine nationale de la sant\u00e9 scolaire \u00e0 partir de dimanche - El Mawkie","isPartOf":{"@id":"https:\/\/elmawkie.dz\/fr\/#website"},"primaryImageOfPage":{"@id":"https:\/\/elmawkie.dz\/fr\/rentree-scolaire-lancement-de-la-semaine-nationale-de-la-sante-scolaire-a-partir-de-dimanche\/#primaryimage"},"image":{"@id":"https:\/\/elmawkie.dz\/fr\/rentree-scolaire-lancement-de-la-semaine-nationale-de-la-sante-scolaire-a-partir-de-dimanche\/#primaryimage"},"thumbnailUrl":"https:\/\/elmawkie.dz\/fr\/wp-content\/uploads\/2025\/09\/IMG_6272.jpeg","datePublished":"2025-09-20T22:42:55+00:00","dateModified":"2025-09-20T22:42:56+00:00","breadcrumb":{"@id":"https:\/\/elmawkie.dz\/fr\/rentree-scolaire-lancement-de-la-semaine-nationale-de-la-sante-scolaire-a-partir-de-dimanche\/#breadcrumb"},"inLanguage":"fr-FR","potentialAction":[{"@type":"ReadAction","target":["https:\/\/elmawkie.dz\/fr\/rentree-scolaire-lancement-de-la-semaine-nationale-de-la-sante-scolaire-a-partir-de-dimanche\/"]}]},{"@type":"ImageObject","inLanguage":"fr-FR","@id":"https:\/\/elmawkie.dz\/fr\/rentree-scolaire-lancement-de-la-semaine-nationale-de-la-sante-scolaire-a-partir-de-dimanche\/#primaryimage","url":"https:\/\/elmawkie.dz\/fr\/wp-content\/uploads\/2025\/09\/IMG_6272.jpeg","contentUrl":"https:\/\/elmawkie.dz\/fr\/wp-content\/uploads\/2025\/09\/IMG_6272.jpeg","width":1125,"height":617},{"@type":"BreadcrumbList","@id":"https:\/\/elmawkie.dz\/fr\/rentree-scolaire-lancement-de-la-semaine-nationale-de-la-sante-scolaire-a-partir-de-dimanche\/#breadcrumb","itemListElement":[{"@type":"ListItem","position":1,"name":"Home","item":"https:\/\/elmawkie.dz\/fr\/"},{"@type":"ListItem","position":2,"name":"Rentr\u00e9e scolaire : lancement de la semaine nationale de la sant\u00e9 scolaire \u00e0 partir de dimanche"}]},{"@type":"WebSite","@id":"https:\/\/elmawkie.dz\/fr\/#website","url":"https:\/\/elmawkie.dz\/fr\/","name":"EL MAWKIE","description":"Journal \u00c9lectronique Alg\u00e9rien","publisher":{"@id":"https:\/\/elmawkie.dz\/fr\/#organization"},"potentialAction":[{"@type":"SearchAction","target":{"@type":"EntryPoint","urlTemplate":"https:\/\/elmawkie.dz\/fr\/?s={search_term_string}"},"query-input":"required name=search_term_string"}],"inLanguage":"fr-FR"},{"@type":"Organization","@id":"https:\/\/elmawkie.dz\/fr\/#organization","name":"EL MAWKIE","url":"https:\/\/elmawkie.dz\/fr\/","logo":{"@type":"ImageObject","inLanguage":"fr-FR","@id":"https:\/\/elmawkie.dz\/fr\/#\/schema\/logo\/image\/","url":"https:\/\/elmawkie.dz\/fr\/wp-content\/uploads\/2024\/05\/logo1.png","contentUrl":"https:\/\/elmawkie.dz\/fr\/wp-content\/uploads\/2024\/05\/logo1.png","width":1648,"height":652,"caption":"EL MAWKIE"},"image":{"@id":"https:\/\/elmawkie.dz\/fr\/#\/schema\/logo\/image\/"},"sameAs":["https:\/\/www.facebook.com\/profile.php?id=100088407094989&locale=fr_FR"]},{"@type":"Person","@id":"https:\/\/elmawkie.dz\/fr\/#\/schema\/person\/e7bd59d6467874ba5c4723d8a9f0a63c","name":"R\u00e9daction","image":{"@type":"ImageObject","inLanguage":"fr-FR","@id":"https:\/\/elmawkie.dz\/fr\/#\/schema\/person\/image\/","url":"https:\/\/secure.gravatar.com\/avatar\/f0f773456344da4d2788c054a3d30a0c?s=96&d=mm&r=g","contentUrl":"https:\/\/secure.gravatar.com\/avatar\/f0f773456344da4d2788c054a3d30a0c?s=96&d=mm&r=g","caption":"R\u00e9daction"},"url":"https:\/\/elmawkie.dz\/fr\/author\/redaction\/"}]}},"_links":{"self":[{"href":"https:\/\/elmawkie.dz\/fr\/wp-json\/wp\/v2\/posts\/56521","targetHints":{"allow":["GET"]}}],"collection":[{"href":"https:\/\/elmawkie.dz\/fr\/wp-json\/wp\/v2\/posts"}],"about":[{"href":"https:\/\/elmawkie.dz\/fr\/wp-json\/wp\/v2\/types\/post"}],"author":[{"embeddable":true,"href":"https:\/\/elmawkie.dz\/fr\/wp-json\/wp\/v2\/users\/9"}],"replies":[{"embeddable":true,"href":"https:\/\/elmawkie.dz\/fr\/wp-json\/wp\/v2\/comments?post=56521"}],"version-history":[{"count":1,"href":"https:\/\/elmawkie.dz\/fr\/wp-json\/wp\/v2\/posts\/56521\/revisions"}],"predecessor-version":[{"id":56524,"href":"https:\/\/elmawkie.dz\/fr\/wp-json\/wp\/v2\/posts\/56521\/revisions\/56524"}],"wp:featuredmedia":[{"embeddable":true,"href":"https:\/\/elmawkie.dz\/fr\/wp-json\/wp\/v2\/media\/56523"}],"wp:attachment":[{"href":"https:\/\/elmawkie.dz\/fr\/wp-json\/wp\/v2\/media?parent=56521"}],"wp:term":[{"taxonomy":"category","embeddable":true,"href":"https:\/\/elmawkie.dz\/fr\/wp-json\/wp\/v2\/categories?post=56521"},{"taxonomy":"post_tag","embeddable":true,"href":"https:\/\/elmawkie.dz\/fr\/wp-json\/wp\/v2\/tags?post=56521"}],"curies":[{"name":"wp","href":"https:\/\/api.w.org\/{rel}","templated":true}]}}