{"id":56516,"date":"2025-09-20T23:41:51","date_gmt":"2025-09-20T22:41:51","guid":{"rendered":"https:\/\/elmawkie.dz\/fr\/?p=56516"},"modified":"2025-09-20T23:41:52","modified_gmt":"2025-09-20T22:41:52","slug":"m-belmehdi-recoit-le-cheikh-de-la-zaouia-belkaidia-el-hebria","status":"publish","type":"post","link":"https:\/\/elmawkie.dz\/fr\/m-belmehdi-recoit-le-cheikh-de-la-zaouia-belkaidia-el-hebria\/","title":{"rendered":"M. Belmehdi re\u00e7oit le cheikh de la zaou\u00efa Belka\u00efdia El-Hebria"},"content":{"rendered":"\n<p>Le ministre des Affaires religieuses et des Wakfs, Youcef Belmehdi a re\u00e7u, samedi au si\u00e8ge du minist\u00e8re \u00e0 Alger, le cheikh Nourredine Belka\u00efd, cheikh de la zaou\u00efa Belka\u00efdia El Hebria, indique un communiqu\u00e9 du minist\u00e8re. \u00ab\u00a0M. Belmehdi a re\u00e7u Cheikh Noureddine Belka\u00efd, \u00e0 l&rsquo;issue de la 27e \u00e9dition de la Semaine nationale du Saint Coran, organis\u00e9e dans la wilaya de Boumerd\u00e8s et comprenant un concours national de r\u00e9citation du Coran dans six cat\u00e9gories, ainsi qu&rsquo;un colloque scientifique national intitul\u00e9 \u00ab\u00a0Coh\u00e9sion sociale et unit\u00e9 nationale \u00e0 la lumi\u00e8re des valeurs coraniques\u00a0\u00bb, a pr\u00e9cis\u00e9 la m\u00eame source. Lors de cette rencontre, M. Belmehdi a r\u00e9affirm\u00e9 \u00ab\u00a0son soutien aux zaou\u00efas et aux \u00e9coles coraniques\u00a0\u00bb, saluant \u00ab\u00a0leur r\u00f4le dans la pr\u00e9servation de la r\u00e9f\u00e9rence religieuse nationale et leur contribution majeure \u00e0 l&rsquo;ancrage des valeurs de coh\u00e9sion sociale et d&rsquo;unit\u00e9 nationale, ainsi que leurs efforts dans la formation de centaines de r\u00e9citants du Saint Coran au service des valeurs spirituelles de la soci\u00e9t\u00e9 alg\u00e9rienne\u00a0\u00bb, lit-on dans le communiqu\u00e9<\/p>\n","protected":false},"excerpt":{"rendered":"<p>Le ministre des Affaires religieuses et des Wakfs, Youcef Belmehdi a re\u00e7u, samedi au si\u00e8ge du minist\u00e8re \u00e0 Alger, le cheikh Nourredine Belka\u00efd, cheikh de la zaou\u00efa Belka\u00efdia El Hebria, indique un communiqu\u00e9 du minist\u00e8re. \u00ab\u00a0M. Belmehdi a re\u00e7u Cheikh Noureddine Belka\u00efd, \u00e0 l&rsquo;issue de la 27e \u00e9dition de la Semaine nationale du Saint Coran, &hellip;<\/p>\n","protected":false},"author":9,"featured_media":56519,"comment_status":"open","ping_status":"open","sticky":false,"template":"","format":"standard","meta":{"footnotes":""},"categories":[47],"tags":[],"class_list":["post-56516","post","type-post","status-publish","format-standard","has-post-thumbnail","hentry","category-national"],"yoast_head":"<!-- This site is optimized with the Yoast SEO Premium plugin v22.6 (Yoast SEO v22.6) - https:\/\/yoast.com\/wordpress\/plugins\/seo\/ -->\n<title>M. Belmehdi re\u00e7oit le cheikh de la zaou\u00efa Belka\u00efdia El-Hebria - El Mawkie<\/title>\n<meta name=\"robots\" content=\"index, follow, max-snippet:-1, max-image-preview:large, max-video-preview:-1\" \/>\n<link rel=\"canonical\" href=\"https:\/\/elmawkie.dz\/fr\/m-belmehdi-recoit-le-cheikh-de-la-zaouia-belkaidia-el-hebria\/\" \/>\n<meta property=\"og:locale\" content=\"fr_FR\" \/>\n<meta property=\"og:type\" content=\"article\" \/>\n<meta property=\"og:title\" content=\"M. Belmehdi re\u00e7oit le cheikh de la zaou\u00efa Belka\u00efdia El-Hebria\" \/>\n<meta property=\"og:description\" content=\"Le ministre des Affaires religieuses et des Wakfs, Youcef Belmehdi a re\u00e7u, samedi au si\u00e8ge du minist\u00e8re \u00e0 Alger, le cheikh Nourredine Belka\u00efd, cheikh de la zaou\u00efa Belka\u00efdia El Hebria, indique un communiqu\u00e9 du minist\u00e8re. \u00ab\u00a0M. Belmehdi a re\u00e7u Cheikh Noureddine Belka\u00efd, \u00e0 l&rsquo;issue de la 27e \u00e9dition de la Semaine nationale du Saint Coran, &hellip;\" \/>\n<meta property=\"og:url\" content=\"https:\/\/elmawkie.dz\/fr\/m-belmehdi-recoit-le-cheikh-de-la-zaouia-belkaidia-el-hebria\/\" \/>\n<meta property=\"og:site_name\" content=\"El Mawkie\" \/>\n<meta property=\"article:publisher\" content=\"https:\/\/www.facebook.com\/profile.php?id=100088407094989&amp;locale=fr_FR\" \/>\n<meta property=\"article:published_time\" content=\"2025-09-20T22:41:51+00:00\" \/>\n<meta property=\"article:modified_time\" content=\"2025-09-20T22:41:52+00:00\" \/>\n<meta property=\"og:image\" content=\"https:\/\/elmawkie.dz\/fr\/wp-content\/uploads\/2025\/09\/IMG_6304.jpeg\" \/>\n\t<meta property=\"og:image:width\" content=\"1616\" \/>\n\t<meta property=\"og:image:height\" content=\"1126\" \/>\n\t<meta property=\"og:image:type\" content=\"image\/jpeg\" \/>\n<meta name=\"author\" content=\"R\u00e9daction\" \/>\n<meta name=\"twitter:card\" content=\"summary_large_image\" \/>\n<meta name=\"twitter:label1\" content=\"Written by\" \/>\n\t<meta name=\"twitter:data1\" content=\"R\u00e9daction\" \/>\n\t<meta name=\"twitter:label2\" content=\"Est. reading time\" \/>\n\t<meta name=\"twitter:data2\" content=\"2 minutes\" \/>\n<script type=\"application\/ld+json\" class=\"yoast-schema-graph\">{\"@context\":\"https:\/\/schema.org\",\"@graph\":[{\"@type\":\"Article\",\"@id\":\"https:\/\/elmawkie.dz\/fr\/m-belmehdi-recoit-le-cheikh-de-la-zaouia-belkaidia-el-hebria\/#article\",\"isPartOf\":{\"@id\":\"https:\/\/elmawkie.dz\/fr\/m-belmehdi-recoit-le-cheikh-de-la-zaouia-belkaidia-el-hebria\/\"},\"author\":{\"name\":\"R\u00e9daction\",\"@id\":\"https:\/\/elmawkie.dz\/fr\/#\/schema\/person\/e7bd59d6467874ba5c4723d8a9f0a63c\"},\"headline\":\"M. Belmehdi re\u00e7oit le cheikh de la zaou\u00efa Belka\u00efdia El-Hebria\",\"datePublished\":\"2025-09-20T22:41:51+00:00\",\"dateModified\":\"2025-09-20T22:41:52+00:00\",\"mainEntityOfPage\":{\"@id\":\"https:\/\/elmawkie.dz\/fr\/m-belmehdi-recoit-le-cheikh-de-la-zaouia-belkaidia-el-hebria\/\"},\"wordCount\":203,\"commentCount\":0,\"publisher\":{\"@id\":\"https:\/\/elmawkie.dz\/fr\/#organization\"},\"image\":{\"@id\":\"https:\/\/elmawkie.dz\/fr\/m-belmehdi-recoit-le-cheikh-de-la-zaouia-belkaidia-el-hebria\/#primaryimage\"},\"thumbnailUrl\":\"https:\/\/elmawkie.dz\/fr\/wp-content\/uploads\/2025\/09\/IMG_6304.jpeg\",\"articleSection\":[\"National\"],\"inLanguage\":\"fr-FR\",\"potentialAction\":[{\"@type\":\"CommentAction\",\"name\":\"Comment\",\"target\":[\"https:\/\/elmawkie.dz\/fr\/m-belmehdi-recoit-le-cheikh-de-la-zaouia-belkaidia-el-hebria\/#respond\"]}]},{\"@type\":\"WebPage\",\"@id\":\"https:\/\/elmawkie.dz\/fr\/m-belmehdi-recoit-le-cheikh-de-la-zaouia-belkaidia-el-hebria\/\",\"url\":\"https:\/\/elmawkie.dz\/fr\/m-belmehdi-recoit-le-cheikh-de-la-zaouia-belkaidia-el-hebria\/\",\"name\":\"M. Belmehdi re\u00e7oit le cheikh de la zaou\u00efa Belka\u00efdia El-Hebria - El Mawkie\",\"isPartOf\":{\"@id\":\"https:\/\/elmawkie.dz\/fr\/#website\"},\"primaryImageOfPage\":{\"@id\":\"https:\/\/elmawkie.dz\/fr\/m-belmehdi-recoit-le-cheikh-de-la-zaouia-belkaidia-el-hebria\/#primaryimage\"},\"image\":{\"@id\":\"https:\/\/elmawkie.dz\/fr\/m-belmehdi-recoit-le-cheikh-de-la-zaouia-belkaidia-el-hebria\/#primaryimage\"},\"thumbnailUrl\":\"https:\/\/elmawkie.dz\/fr\/wp-content\/uploads\/2025\/09\/IMG_6304.jpeg\",\"datePublished\":\"2025-09-20T22:41:51+00:00\",\"dateModified\":\"2025-09-20T22:41:52+00:00\",\"breadcrumb\":{\"@id\":\"https:\/\/elmawkie.dz\/fr\/m-belmehdi-recoit-le-cheikh-de-la-zaouia-belkaidia-el-hebria\/#breadcrumb\"},\"inLanguage\":\"fr-FR\",\"potentialAction\":[{\"@type\":\"ReadAction\",\"target\":[\"https:\/\/elmawkie.dz\/fr\/m-belmehdi-recoit-le-cheikh-de-la-zaouia-belkaidia-el-hebria\/\"]}]},{\"@type\":\"ImageObject\",\"inLanguage\":\"fr-FR\",\"@id\":\"https:\/\/elmawkie.dz\/fr\/m-belmehdi-recoit-le-cheikh-de-la-zaouia-belkaidia-el-hebria\/#primaryimage\",\"url\":\"https:\/\/elmawkie.dz\/fr\/wp-content\/uploads\/2025\/09\/IMG_6304.jpeg\",\"contentUrl\":\"https:\/\/elmawkie.dz\/fr\/wp-content\/uploads\/2025\/09\/IMG_6304.jpeg\",\"width\":1616,\"height\":1126},{\"@type\":\"BreadcrumbList\",\"@id\":\"https:\/\/elmawkie.dz\/fr\/m-belmehdi-recoit-le-cheikh-de-la-zaouia-belkaidia-el-hebria\/#breadcrumb\",\"itemListElement\":[{\"@type\":\"ListItem\",\"position\":1,\"name\":\"Home\",\"item\":\"https:\/\/elmawkie.dz\/fr\/\"},{\"@type\":\"ListItem\",\"position\":2,\"name\":\"M. Belmehdi re\u00e7oit le cheikh de la zaou\u00efa Belka\u00efdia El-Hebria\"}]},{\"@type\":\"WebSite\",\"@id\":\"https:\/\/elmawkie.dz\/fr\/#website\",\"url\":\"https:\/\/elmawkie.dz\/fr\/\",\"name\":\"EL MAWKIE\",\"description\":\"Journal \u00c9lectronique Alg\u00e9rien\",\"publisher\":{\"@id\":\"https:\/\/elmawkie.dz\/fr\/#organization\"},\"potentialAction\":[{\"@type\":\"SearchAction\",\"target\":{\"@type\":\"EntryPoint\",\"urlTemplate\":\"https:\/\/elmawkie.dz\/fr\/?s={search_term_string}\"},\"query-input\":\"required name=search_term_string\"}],\"inLanguage\":\"fr-FR\"},{\"@type\":\"Organization\",\"@id\":\"https:\/\/elmawkie.dz\/fr\/#organization\",\"name\":\"EL MAWKIE\",\"url\":\"https:\/\/elmawkie.dz\/fr\/\",\"logo\":{\"@type\":\"ImageObject\",\"inLanguage\":\"fr-FR\",\"@id\":\"https:\/\/elmawkie.dz\/fr\/#\/schema\/logo\/image\/\",\"url\":\"https:\/\/elmawkie.dz\/fr\/wp-content\/uploads\/2024\/05\/logo1.png\",\"contentUrl\":\"https:\/\/elmawkie.dz\/fr\/wp-content\/uploads\/2024\/05\/logo1.png\",\"width\":1648,\"height\":652,\"caption\":\"EL MAWKIE\"},\"image\":{\"@id\":\"https:\/\/elmawkie.dz\/fr\/#\/schema\/logo\/image\/\"},\"sameAs\":[\"https:\/\/www.facebook.com\/profile.php?id=100088407094989&locale=fr_FR\"]},{\"@type\":\"Person\",\"@id\":\"https:\/\/elmawkie.dz\/fr\/#\/schema\/person\/e7bd59d6467874ba5c4723d8a9f0a63c\",\"name\":\"R\u00e9daction\",\"image\":{\"@type\":\"ImageObject\",\"inLanguage\":\"fr-FR\",\"@id\":\"https:\/\/elmawkie.dz\/fr\/#\/schema\/person\/image\/\",\"url\":\"https:\/\/secure.gravatar.com\/avatar\/f0f773456344da4d2788c054a3d30a0c?s=96&d=mm&r=g\",\"contentUrl\":\"https:\/\/secure.gravatar.com\/avatar\/f0f773456344da4d2788c054a3d30a0c?s=96&d=mm&r=g\",\"caption\":\"R\u00e9daction\"},\"url\":\"https:\/\/elmawkie.dz\/fr\/author\/redaction\/\"}]}<\/script>\n<!-- \/ Yoast SEO Premium plugin. -->","yoast_head_json":{"title":"M. Belmehdi re\u00e7oit le cheikh de la zaou\u00efa Belka\u00efdia El-Hebria - El Mawkie","robots":{"index":"index","follow":"follow","max-snippet":"max-snippet:-1","max-image-preview":"max-image-preview:large","max-video-preview":"max-video-preview:-1"},"canonical":"https:\/\/elmawkie.dz\/fr\/m-belmehdi-recoit-le-cheikh-de-la-zaouia-belkaidia-el-hebria\/","og_locale":"fr_FR","og_type":"article","og_title":"M. Belmehdi re\u00e7oit le cheikh de la zaou\u00efa Belka\u00efdia El-Hebria","og_description":"Le ministre des Affaires religieuses et des Wakfs, Youcef Belmehdi a re\u00e7u, samedi au si\u00e8ge du minist\u00e8re \u00e0 Alger, le cheikh Nourredine Belka\u00efd, cheikh de la zaou\u00efa Belka\u00efdia El Hebria, indique un communiqu\u00e9 du minist\u00e8re. \u00ab\u00a0M. Belmehdi a re\u00e7u Cheikh Noureddine Belka\u00efd, \u00e0 l&rsquo;issue de la 27e \u00e9dition de la Semaine nationale du Saint Coran, &hellip;","og_url":"https:\/\/elmawkie.dz\/fr\/m-belmehdi-recoit-le-cheikh-de-la-zaouia-belkaidia-el-hebria\/","og_site_name":"El Mawkie","article_publisher":"https:\/\/www.facebook.com\/profile.php?id=100088407094989&locale=fr_FR","article_published_time":"2025-09-20T22:41:51+00:00","article_modified_time":"2025-09-20T22:41:52+00:00","og_image":[{"width":1616,"height":1126,"url":"https:\/\/elmawkie.dz\/fr\/wp-content\/uploads\/2025\/09\/IMG_6304.jpeg","type":"image\/jpeg"}],"author":"R\u00e9daction","twitter_card":"summary_large_image","twitter_misc":{"Written by":"R\u00e9daction","Est. reading time":"2 minutes"},"schema":{"@context":"https:\/\/schema.org","@graph":[{"@type":"Article","@id":"https:\/\/elmawkie.dz\/fr\/m-belmehdi-recoit-le-cheikh-de-la-zaouia-belkaidia-el-hebria\/#article","isPartOf":{"@id":"https:\/\/elmawkie.dz\/fr\/m-belmehdi-recoit-le-cheikh-de-la-zaouia-belkaidia-el-hebria\/"},"author":{"name":"R\u00e9daction","@id":"https:\/\/elmawkie.dz\/fr\/#\/schema\/person\/e7bd59d6467874ba5c4723d8a9f0a63c"},"headline":"M. Belmehdi re\u00e7oit le cheikh de la zaou\u00efa Belka\u00efdia El-Hebria","datePublished":"2025-09-20T22:41:51+00:00","dateModified":"2025-09-20T22:41:52+00:00","mainEntityOfPage":{"@id":"https:\/\/elmawkie.dz\/fr\/m-belmehdi-recoit-le-cheikh-de-la-zaouia-belkaidia-el-hebria\/"},"wordCount":203,"commentCount":0,"publisher":{"@id":"https:\/\/elmawkie.dz\/fr\/#organization"},"image":{"@id":"https:\/\/elmawkie.dz\/fr\/m-belmehdi-recoit-le-cheikh-de-la-zaouia-belkaidia-el-hebria\/#primaryimage"},"thumbnailUrl":"https:\/\/elmawkie.dz\/fr\/wp-content\/uploads\/2025\/09\/IMG_6304.jpeg","articleSection":["National"],"inLanguage":"fr-FR","potentialAction":[{"@type":"CommentAction","name":"Comment","target":["https:\/\/elmawkie.dz\/fr\/m-belmehdi-recoit-le-cheikh-de-la-zaouia-belkaidia-el-hebria\/#respond"]}]},{"@type":"WebPage","@id":"https:\/\/elmawkie.dz\/fr\/m-belmehdi-recoit-le-cheikh-de-la-zaouia-belkaidia-el-hebria\/","url":"https:\/\/elmawkie.dz\/fr\/m-belmehdi-recoit-le-cheikh-de-la-zaouia-belkaidia-el-hebria\/","name":"M. Belmehdi re\u00e7oit le cheikh de la zaou\u00efa Belka\u00efdia El-Hebria - El Mawkie","isPartOf":{"@id":"https:\/\/elmawkie.dz\/fr\/#website"},"primaryImageOfPage":{"@id":"https:\/\/elmawkie.dz\/fr\/m-belmehdi-recoit-le-cheikh-de-la-zaouia-belkaidia-el-hebria\/#primaryimage"},"image":{"@id":"https:\/\/elmawkie.dz\/fr\/m-belmehdi-recoit-le-cheikh-de-la-zaouia-belkaidia-el-hebria\/#primaryimage"},"thumbnailUrl":"https:\/\/elmawkie.dz\/fr\/wp-content\/uploads\/2025\/09\/IMG_6304.jpeg","datePublished":"2025-09-20T22:41:51+00:00","dateModified":"2025-09-20T22:41:52+00:00","breadcrumb":{"@id":"https:\/\/elmawkie.dz\/fr\/m-belmehdi-recoit-le-cheikh-de-la-zaouia-belkaidia-el-hebria\/#breadcrumb"},"inLanguage":"fr-FR","potentialAction":[{"@type":"ReadAction","target":["https:\/\/elmawkie.dz\/fr\/m-belmehdi-recoit-le-cheikh-de-la-zaouia-belkaidia-el-hebria\/"]}]},{"@type":"ImageObject","inLanguage":"fr-FR","@id":"https:\/\/elmawkie.dz\/fr\/m-belmehdi-recoit-le-cheikh-de-la-zaouia-belkaidia-el-hebria\/#primaryimage","url":"https:\/\/elmawkie.dz\/fr\/wp-content\/uploads\/2025\/09\/IMG_6304.jpeg","contentUrl":"https:\/\/elmawkie.dz\/fr\/wp-content\/uploads\/2025\/09\/IMG_6304.jpeg","width":1616,"height":1126},{"@type":"BreadcrumbList","@id":"https:\/\/elmawkie.dz\/fr\/m-belmehdi-recoit-le-cheikh-de-la-zaouia-belkaidia-el-hebria\/#breadcrumb","itemListElement":[{"@type":"ListItem","position":1,"name":"Home","item":"https:\/\/elmawkie.dz\/fr\/"},{"@type":"ListItem","position":2,"name":"M. Belmehdi re\u00e7oit le cheikh de la zaou\u00efa Belka\u00efdia El-Hebria"}]},{"@type":"WebSite","@id":"https:\/\/elmawkie.dz\/fr\/#website","url":"https:\/\/elmawkie.dz\/fr\/","name":"EL MAWKIE","description":"Journal \u00c9lectronique Alg\u00e9rien","publisher":{"@id":"https:\/\/elmawkie.dz\/fr\/#organization"},"potentialAction":[{"@type":"SearchAction","target":{"@type":"EntryPoint","urlTemplate":"https:\/\/elmawkie.dz\/fr\/?s={search_term_string}"},"query-input":"required name=search_term_string"}],"inLanguage":"fr-FR"},{"@type":"Organization","@id":"https:\/\/elmawkie.dz\/fr\/#organization","name":"EL MAWKIE","url":"https:\/\/elmawkie.dz\/fr\/","logo":{"@type":"ImageObject","inLanguage":"fr-FR","@id":"https:\/\/elmawkie.dz\/fr\/#\/schema\/logo\/image\/","url":"https:\/\/elmawkie.dz\/fr\/wp-content\/uploads\/2024\/05\/logo1.png","contentUrl":"https:\/\/elmawkie.dz\/fr\/wp-content\/uploads\/2024\/05\/logo1.png","width":1648,"height":652,"caption":"EL MAWKIE"},"image":{"@id":"https:\/\/elmawkie.dz\/fr\/#\/schema\/logo\/image\/"},"sameAs":["https:\/\/www.facebook.com\/profile.php?id=100088407094989&locale=fr_FR"]},{"@type":"Person","@id":"https:\/\/elmawkie.dz\/fr\/#\/schema\/person\/e7bd59d6467874ba5c4723d8a9f0a63c","name":"R\u00e9daction","image":{"@type":"ImageObject","inLanguage":"fr-FR","@id":"https:\/\/elmawkie.dz\/fr\/#\/schema\/person\/image\/","url":"https:\/\/secure.gravatar.com\/avatar\/f0f773456344da4d2788c054a3d30a0c?s=96&d=mm&r=g","contentUrl":"https:\/\/secure.gravatar.com\/avatar\/f0f773456344da4d2788c054a3d30a0c?s=96&d=mm&r=g","caption":"R\u00e9daction"},"url":"https:\/\/elmawkie.dz\/fr\/author\/redaction\/"}]}},"_links":{"self":[{"href":"https:\/\/elmawkie.dz\/fr\/wp-json\/wp\/v2\/posts\/56516","targetHints":{"allow":["GET"]}}],"collection":[{"href":"https:\/\/elmawkie.dz\/fr\/wp-json\/wp\/v2\/posts"}],"about":[{"href":"https:\/\/elmawkie.dz\/fr\/wp-json\/wp\/v2\/types\/post"}],"author":[{"embeddable":true,"href":"https:\/\/elmawkie.dz\/fr\/wp-json\/wp\/v2\/users\/9"}],"replies":[{"embeddable":true,"href":"https:\/\/elmawkie.dz\/fr\/wp-json\/wp\/v2\/comments?post=56516"}],"version-history":[{"count":1,"href":"https:\/\/elmawkie.dz\/fr\/wp-json\/wp\/v2\/posts\/56516\/revisions"}],"predecessor-version":[{"id":56520,"href":"https:\/\/elmawkie.dz\/fr\/wp-json\/wp\/v2\/posts\/56516\/revisions\/56520"}],"wp:featuredmedia":[{"embeddable":true,"href":"https:\/\/elmawkie.dz\/fr\/wp-json\/wp\/v2\/media\/56519"}],"wp:attachment":[{"href":"https:\/\/elmawkie.dz\/fr\/wp-json\/wp\/v2\/media?parent=56516"}],"wp:term":[{"taxonomy":"category","embeddable":true,"href":"https:\/\/elmawkie.dz\/fr\/wp-json\/wp\/v2\/categories?post=56516"},{"taxonomy":"post_tag","embeddable":true,"href":"https:\/\/elmawkie.dz\/fr\/wp-json\/wp\/v2\/tags?post=56516"}],"curies":[{"name":"wp","href":"https:\/\/api.w.org\/{rel}","templated":true}]}}