{"id":56384,"date":"2025-09-17T18:35:29","date_gmt":"2025-09-17T17:35:29","guid":{"rendered":"https:\/\/elmawkie.dz\/fr\/?p=56384"},"modified":"2025-09-17T18:35:29","modified_gmt":"2025-09-17T17:35:29","slug":"tennis-le-kenyan-eno-polo-nouveau-directeur-general-de-latp","status":"publish","type":"post","link":"https:\/\/elmawkie.dz\/fr\/tennis-le-kenyan-eno-polo-nouveau-directeur-general-de-latp\/","title":{"rendered":"Tennis : le Kenyan Eno Polo nouveau directeur g\u00e9n\u00e9ral de l&rsquo;ATP"},"content":{"rendered":"\n<p>L&rsquo;ATP, organisation qui g\u00e8re le circuit professionnel masculin de tennis, a annonc\u00e9 mercredi dans un communiqu\u00e9 avoir nomm\u00e9 l&rsquo;ancien joueur k\u00e9nyan Eno Polo comme nouveau directeur g\u00e9n\u00e9ral. Ag\u00e9 de 58 ans, l&rsquo;ancien 574e mondial (en 1990) succ\u00e8de \u00ab\u00a0avec effet imm\u00e9diat\u00a0\u00bb \u00e0 l&rsquo;Italien Massimo Calvelli, qui a quitt\u00e9 ses fonctions en juin dernier, apr\u00e8s les avoir occup\u00e9es pendant plus de cinq ans. \u00ab\u00a0Depuis 2021, il a offici\u00e9 en tant que repr\u00e9sentant des joueurs au conseil d&rsquo;administration de l&rsquo;ATP\u00a0\u00bb, est-il encore indiqu\u00e9 dans le communiqu\u00e9. Eno Polo qui a occup\u00e9 des fonctions de direction au sein de plusieurs autres entreprises dirigera l&rsquo;ATP aux c\u00f4t\u00e9s du pr\u00e9sident italien de l&rsquo;organisation, Andrea Gaudenzi, en poste depuis 2020. Dans le communiqu\u00e9 publi\u00e9 mercredi, l&rsquo;ATP affirme que dans ses nouvelles fonctions, \u00ab\u00a0Polo continuera \u00e0 d\u00e9velopper un plan de transformation, destin\u00e9 \u00e0 faire grandir le tennis, augmenter l&rsquo;engagement des fans et g\u00e9n\u00e9rer de la valeur \u00e0 long terme pour les joueurs, les tournois et les partenaires du circuit.\u00a0\u00bb<\/p>\n","protected":false},"excerpt":{"rendered":"<p>L&rsquo;ATP, organisation qui g\u00e8re le circuit professionnel masculin de tennis, a annonc\u00e9 mercredi dans un communiqu\u00e9 avoir nomm\u00e9 l&rsquo;ancien joueur k\u00e9nyan Eno Polo comme nouveau directeur g\u00e9n\u00e9ral. Ag\u00e9 de 58 ans, l&rsquo;ancien 574e mondial (en 1990) succ\u00e8de \u00ab\u00a0avec effet imm\u00e9diat\u00a0\u00bb \u00e0 l&rsquo;Italien Massimo Calvelli, qui a quitt\u00e9 ses fonctions en juin dernier, apr\u00e8s les avoir &hellip;<\/p>\n","protected":false},"author":9,"featured_media":56386,"comment_status":"open","ping_status":"open","sticky":false,"template":"","format":"standard","meta":{"footnotes":""},"categories":[57],"tags":[5063,5064,5062,2263],"class_list":["post-56384","post","type-post","status-publish","format-standard","has-post-thumbnail","hentry","category-sport","tag-eno-polo","tag-latp","tag-le-kenyan","tag-tennis"],"yoast_head":"<!-- This site is optimized with the Yoast SEO Premium plugin v22.6 (Yoast SEO v22.6) - https:\/\/yoast.com\/wordpress\/plugins\/seo\/ -->\n<title>Tennis : le Kenyan Eno Polo nouveau directeur g\u00e9n\u00e9ral de l&#039;ATP - El Mawkie<\/title>\n<meta name=\"robots\" content=\"index, follow, max-snippet:-1, max-image-preview:large, max-video-preview:-1\" \/>\n<link rel=\"canonical\" href=\"https:\/\/elmawkie.dz\/fr\/tennis-le-kenyan-eno-polo-nouveau-directeur-general-de-latp\/\" \/>\n<meta property=\"og:locale\" content=\"fr_FR\" \/>\n<meta property=\"og:type\" content=\"article\" \/>\n<meta property=\"og:title\" content=\"Tennis : le Kenyan Eno Polo nouveau directeur g\u00e9n\u00e9ral de l&#039;ATP\" \/>\n<meta property=\"og:description\" content=\"L&rsquo;ATP, organisation qui g\u00e8re le circuit professionnel masculin de tennis, a annonc\u00e9 mercredi dans un communiqu\u00e9 avoir nomm\u00e9 l&rsquo;ancien joueur k\u00e9nyan Eno Polo comme nouveau directeur g\u00e9n\u00e9ral. Ag\u00e9 de 58 ans, l&rsquo;ancien 574e mondial (en 1990) succ\u00e8de \u00ab\u00a0avec effet imm\u00e9diat\u00a0\u00bb \u00e0 l&rsquo;Italien Massimo Calvelli, qui a quitt\u00e9 ses fonctions en juin dernier, apr\u00e8s les avoir &hellip;\" \/>\n<meta property=\"og:url\" content=\"https:\/\/elmawkie.dz\/fr\/tennis-le-kenyan-eno-polo-nouveau-directeur-general-de-latp\/\" \/>\n<meta property=\"og:site_name\" content=\"El Mawkie\" \/>\n<meta property=\"article:publisher\" content=\"https:\/\/www.facebook.com\/profile.php?id=100088407094989&amp;locale=fr_FR\" \/>\n<meta property=\"article:published_time\" content=\"2025-09-17T17:35:29+00:00\" \/>\n<meta property=\"og:image\" content=\"https:\/\/elmawkie.dz\/fr\/wp-content\/uploads\/2025\/09\/IMG_6039.jpeg\" \/>\n\t<meta property=\"og:image:width\" content=\"576\" \/>\n\t<meta property=\"og:image:height\" content=\"324\" \/>\n\t<meta property=\"og:image:type\" content=\"image\/jpeg\" \/>\n<meta name=\"author\" content=\"R\u00e9daction\" \/>\n<meta name=\"twitter:card\" content=\"summary_large_image\" \/>\n<meta name=\"twitter:label1\" content=\"Written by\" \/>\n\t<meta name=\"twitter:data1\" content=\"R\u00e9daction\" \/>\n\t<meta name=\"twitter:label2\" content=\"Est. reading time\" \/>\n\t<meta name=\"twitter:data2\" content=\"2 minutes\" \/>\n<script type=\"application\/ld+json\" class=\"yoast-schema-graph\">{\"@context\":\"https:\/\/schema.org\",\"@graph\":[{\"@type\":\"Article\",\"@id\":\"https:\/\/elmawkie.dz\/fr\/tennis-le-kenyan-eno-polo-nouveau-directeur-general-de-latp\/#article\",\"isPartOf\":{\"@id\":\"https:\/\/elmawkie.dz\/fr\/tennis-le-kenyan-eno-polo-nouveau-directeur-general-de-latp\/\"},\"author\":{\"name\":\"R\u00e9daction\",\"@id\":\"https:\/\/elmawkie.dz\/fr\/#\/schema\/person\/e7bd59d6467874ba5c4723d8a9f0a63c\"},\"headline\":\"Tennis : le Kenyan Eno Polo nouveau directeur g\u00e9n\u00e9ral de l&rsquo;ATP\",\"datePublished\":\"2025-09-17T17:35:29+00:00\",\"dateModified\":\"2025-09-17T17:35:29+00:00\",\"mainEntityOfPage\":{\"@id\":\"https:\/\/elmawkie.dz\/fr\/tennis-le-kenyan-eno-polo-nouveau-directeur-general-de-latp\/\"},\"wordCount\":191,\"commentCount\":0,\"publisher\":{\"@id\":\"https:\/\/elmawkie.dz\/fr\/#organization\"},\"image\":{\"@id\":\"https:\/\/elmawkie.dz\/fr\/tennis-le-kenyan-eno-polo-nouveau-directeur-general-de-latp\/#primaryimage\"},\"thumbnailUrl\":\"https:\/\/elmawkie.dz\/fr\/wp-content\/uploads\/2025\/09\/IMG_6039.jpeg\",\"keywords\":[\"Eno Polo\",\"L\u2019ATP\",\"Le kenyan\",\"Tennis\"],\"articleSection\":[\"Sport\"],\"inLanguage\":\"fr-FR\",\"potentialAction\":[{\"@type\":\"CommentAction\",\"name\":\"Comment\",\"target\":[\"https:\/\/elmawkie.dz\/fr\/tennis-le-kenyan-eno-polo-nouveau-directeur-general-de-latp\/#respond\"]}]},{\"@type\":\"WebPage\",\"@id\":\"https:\/\/elmawkie.dz\/fr\/tennis-le-kenyan-eno-polo-nouveau-directeur-general-de-latp\/\",\"url\":\"https:\/\/elmawkie.dz\/fr\/tennis-le-kenyan-eno-polo-nouveau-directeur-general-de-latp\/\",\"name\":\"Tennis : le Kenyan Eno Polo nouveau directeur g\u00e9n\u00e9ral de l'ATP - El Mawkie\",\"isPartOf\":{\"@id\":\"https:\/\/elmawkie.dz\/fr\/#website\"},\"primaryImageOfPage\":{\"@id\":\"https:\/\/elmawkie.dz\/fr\/tennis-le-kenyan-eno-polo-nouveau-directeur-general-de-latp\/#primaryimage\"},\"image\":{\"@id\":\"https:\/\/elmawkie.dz\/fr\/tennis-le-kenyan-eno-polo-nouveau-directeur-general-de-latp\/#primaryimage\"},\"thumbnailUrl\":\"https:\/\/elmawkie.dz\/fr\/wp-content\/uploads\/2025\/09\/IMG_6039.jpeg\",\"datePublished\":\"2025-09-17T17:35:29+00:00\",\"dateModified\":\"2025-09-17T17:35:29+00:00\",\"breadcrumb\":{\"@id\":\"https:\/\/elmawkie.dz\/fr\/tennis-le-kenyan-eno-polo-nouveau-directeur-general-de-latp\/#breadcrumb\"},\"inLanguage\":\"fr-FR\",\"potentialAction\":[{\"@type\":\"ReadAction\",\"target\":[\"https:\/\/elmawkie.dz\/fr\/tennis-le-kenyan-eno-polo-nouveau-directeur-general-de-latp\/\"]}]},{\"@type\":\"ImageObject\",\"inLanguage\":\"fr-FR\",\"@id\":\"https:\/\/elmawkie.dz\/fr\/tennis-le-kenyan-eno-polo-nouveau-directeur-general-de-latp\/#primaryimage\",\"url\":\"https:\/\/elmawkie.dz\/fr\/wp-content\/uploads\/2025\/09\/IMG_6039.jpeg\",\"contentUrl\":\"https:\/\/elmawkie.dz\/fr\/wp-content\/uploads\/2025\/09\/IMG_6039.jpeg\",\"width\":576,\"height\":324},{\"@type\":\"BreadcrumbList\",\"@id\":\"https:\/\/elmawkie.dz\/fr\/tennis-le-kenyan-eno-polo-nouveau-directeur-general-de-latp\/#breadcrumb\",\"itemListElement\":[{\"@type\":\"ListItem\",\"position\":1,\"name\":\"Home\",\"item\":\"https:\/\/elmawkie.dz\/fr\/\"},{\"@type\":\"ListItem\",\"position\":2,\"name\":\"Tennis : le Kenyan Eno Polo nouveau directeur g\u00e9n\u00e9ral de l&rsquo;ATP\"}]},{\"@type\":\"WebSite\",\"@id\":\"https:\/\/elmawkie.dz\/fr\/#website\",\"url\":\"https:\/\/elmawkie.dz\/fr\/\",\"name\":\"EL MAWKIE\",\"description\":\"Journal \u00c9lectronique Alg\u00e9rien\",\"publisher\":{\"@id\":\"https:\/\/elmawkie.dz\/fr\/#organization\"},\"potentialAction\":[{\"@type\":\"SearchAction\",\"target\":{\"@type\":\"EntryPoint\",\"urlTemplate\":\"https:\/\/elmawkie.dz\/fr\/?s={search_term_string}\"},\"query-input\":\"required name=search_term_string\"}],\"inLanguage\":\"fr-FR\"},{\"@type\":\"Organization\",\"@id\":\"https:\/\/elmawkie.dz\/fr\/#organization\",\"name\":\"EL MAWKIE\",\"url\":\"https:\/\/elmawkie.dz\/fr\/\",\"logo\":{\"@type\":\"ImageObject\",\"inLanguage\":\"fr-FR\",\"@id\":\"https:\/\/elmawkie.dz\/fr\/#\/schema\/logo\/image\/\",\"url\":\"https:\/\/elmawkie.dz\/fr\/wp-content\/uploads\/2024\/05\/logo1.png\",\"contentUrl\":\"https:\/\/elmawkie.dz\/fr\/wp-content\/uploads\/2024\/05\/logo1.png\",\"width\":1648,\"height\":652,\"caption\":\"EL MAWKIE\"},\"image\":{\"@id\":\"https:\/\/elmawkie.dz\/fr\/#\/schema\/logo\/image\/\"},\"sameAs\":[\"https:\/\/www.facebook.com\/profile.php?id=100088407094989&locale=fr_FR\"]},{\"@type\":\"Person\",\"@id\":\"https:\/\/elmawkie.dz\/fr\/#\/schema\/person\/e7bd59d6467874ba5c4723d8a9f0a63c\",\"name\":\"R\u00e9daction\",\"image\":{\"@type\":\"ImageObject\",\"inLanguage\":\"fr-FR\",\"@id\":\"https:\/\/elmawkie.dz\/fr\/#\/schema\/person\/image\/\",\"url\":\"https:\/\/secure.gravatar.com\/avatar\/f0f773456344da4d2788c054a3d30a0c?s=96&d=mm&r=g\",\"contentUrl\":\"https:\/\/secure.gravatar.com\/avatar\/f0f773456344da4d2788c054a3d30a0c?s=96&d=mm&r=g\",\"caption\":\"R\u00e9daction\"},\"url\":\"https:\/\/elmawkie.dz\/fr\/author\/redaction\/\"}]}<\/script>\n<!-- \/ Yoast SEO Premium plugin. -->","yoast_head_json":{"title":"Tennis : le Kenyan Eno Polo nouveau directeur g\u00e9n\u00e9ral de l'ATP - El Mawkie","robots":{"index":"index","follow":"follow","max-snippet":"max-snippet:-1","max-image-preview":"max-image-preview:large","max-video-preview":"max-video-preview:-1"},"canonical":"https:\/\/elmawkie.dz\/fr\/tennis-le-kenyan-eno-polo-nouveau-directeur-general-de-latp\/","og_locale":"fr_FR","og_type":"article","og_title":"Tennis : le Kenyan Eno Polo nouveau directeur g\u00e9n\u00e9ral de l'ATP","og_description":"L&rsquo;ATP, organisation qui g\u00e8re le circuit professionnel masculin de tennis, a annonc\u00e9 mercredi dans un communiqu\u00e9 avoir nomm\u00e9 l&rsquo;ancien joueur k\u00e9nyan Eno Polo comme nouveau directeur g\u00e9n\u00e9ral. Ag\u00e9 de 58 ans, l&rsquo;ancien 574e mondial (en 1990) succ\u00e8de \u00ab\u00a0avec effet imm\u00e9diat\u00a0\u00bb \u00e0 l&rsquo;Italien Massimo Calvelli, qui a quitt\u00e9 ses fonctions en juin dernier, apr\u00e8s les avoir &hellip;","og_url":"https:\/\/elmawkie.dz\/fr\/tennis-le-kenyan-eno-polo-nouveau-directeur-general-de-latp\/","og_site_name":"El Mawkie","article_publisher":"https:\/\/www.facebook.com\/profile.php?id=100088407094989&locale=fr_FR","article_published_time":"2025-09-17T17:35:29+00:00","og_image":[{"width":576,"height":324,"url":"https:\/\/elmawkie.dz\/fr\/wp-content\/uploads\/2025\/09\/IMG_6039.jpeg","type":"image\/jpeg"}],"author":"R\u00e9daction","twitter_card":"summary_large_image","twitter_misc":{"Written by":"R\u00e9daction","Est. reading time":"2 minutes"},"schema":{"@context":"https:\/\/schema.org","@graph":[{"@type":"Article","@id":"https:\/\/elmawkie.dz\/fr\/tennis-le-kenyan-eno-polo-nouveau-directeur-general-de-latp\/#article","isPartOf":{"@id":"https:\/\/elmawkie.dz\/fr\/tennis-le-kenyan-eno-polo-nouveau-directeur-general-de-latp\/"},"author":{"name":"R\u00e9daction","@id":"https:\/\/elmawkie.dz\/fr\/#\/schema\/person\/e7bd59d6467874ba5c4723d8a9f0a63c"},"headline":"Tennis : le Kenyan Eno Polo nouveau directeur g\u00e9n\u00e9ral de l&rsquo;ATP","datePublished":"2025-09-17T17:35:29+00:00","dateModified":"2025-09-17T17:35:29+00:00","mainEntityOfPage":{"@id":"https:\/\/elmawkie.dz\/fr\/tennis-le-kenyan-eno-polo-nouveau-directeur-general-de-latp\/"},"wordCount":191,"commentCount":0,"publisher":{"@id":"https:\/\/elmawkie.dz\/fr\/#organization"},"image":{"@id":"https:\/\/elmawkie.dz\/fr\/tennis-le-kenyan-eno-polo-nouveau-directeur-general-de-latp\/#primaryimage"},"thumbnailUrl":"https:\/\/elmawkie.dz\/fr\/wp-content\/uploads\/2025\/09\/IMG_6039.jpeg","keywords":["Eno Polo","L\u2019ATP","Le kenyan","Tennis"],"articleSection":["Sport"],"inLanguage":"fr-FR","potentialAction":[{"@type":"CommentAction","name":"Comment","target":["https:\/\/elmawkie.dz\/fr\/tennis-le-kenyan-eno-polo-nouveau-directeur-general-de-latp\/#respond"]}]},{"@type":"WebPage","@id":"https:\/\/elmawkie.dz\/fr\/tennis-le-kenyan-eno-polo-nouveau-directeur-general-de-latp\/","url":"https:\/\/elmawkie.dz\/fr\/tennis-le-kenyan-eno-polo-nouveau-directeur-general-de-latp\/","name":"Tennis : le Kenyan Eno Polo nouveau directeur g\u00e9n\u00e9ral de l'ATP - El Mawkie","isPartOf":{"@id":"https:\/\/elmawkie.dz\/fr\/#website"},"primaryImageOfPage":{"@id":"https:\/\/elmawkie.dz\/fr\/tennis-le-kenyan-eno-polo-nouveau-directeur-general-de-latp\/#primaryimage"},"image":{"@id":"https:\/\/elmawkie.dz\/fr\/tennis-le-kenyan-eno-polo-nouveau-directeur-general-de-latp\/#primaryimage"},"thumbnailUrl":"https:\/\/elmawkie.dz\/fr\/wp-content\/uploads\/2025\/09\/IMG_6039.jpeg","datePublished":"2025-09-17T17:35:29+00:00","dateModified":"2025-09-17T17:35:29+00:00","breadcrumb":{"@id":"https:\/\/elmawkie.dz\/fr\/tennis-le-kenyan-eno-polo-nouveau-directeur-general-de-latp\/#breadcrumb"},"inLanguage":"fr-FR","potentialAction":[{"@type":"ReadAction","target":["https:\/\/elmawkie.dz\/fr\/tennis-le-kenyan-eno-polo-nouveau-directeur-general-de-latp\/"]}]},{"@type":"ImageObject","inLanguage":"fr-FR","@id":"https:\/\/elmawkie.dz\/fr\/tennis-le-kenyan-eno-polo-nouveau-directeur-general-de-latp\/#primaryimage","url":"https:\/\/elmawkie.dz\/fr\/wp-content\/uploads\/2025\/09\/IMG_6039.jpeg","contentUrl":"https:\/\/elmawkie.dz\/fr\/wp-content\/uploads\/2025\/09\/IMG_6039.jpeg","width":576,"height":324},{"@type":"BreadcrumbList","@id":"https:\/\/elmawkie.dz\/fr\/tennis-le-kenyan-eno-polo-nouveau-directeur-general-de-latp\/#breadcrumb","itemListElement":[{"@type":"ListItem","position":1,"name":"Home","item":"https:\/\/elmawkie.dz\/fr\/"},{"@type":"ListItem","position":2,"name":"Tennis : le Kenyan Eno Polo nouveau directeur g\u00e9n\u00e9ral de l&rsquo;ATP"}]},{"@type":"WebSite","@id":"https:\/\/elmawkie.dz\/fr\/#website","url":"https:\/\/elmawkie.dz\/fr\/","name":"EL MAWKIE","description":"Journal \u00c9lectronique Alg\u00e9rien","publisher":{"@id":"https:\/\/elmawkie.dz\/fr\/#organization"},"potentialAction":[{"@type":"SearchAction","target":{"@type":"EntryPoint","urlTemplate":"https:\/\/elmawkie.dz\/fr\/?s={search_term_string}"},"query-input":"required name=search_term_string"}],"inLanguage":"fr-FR"},{"@type":"Organization","@id":"https:\/\/elmawkie.dz\/fr\/#organization","name":"EL MAWKIE","url":"https:\/\/elmawkie.dz\/fr\/","logo":{"@type":"ImageObject","inLanguage":"fr-FR","@id":"https:\/\/elmawkie.dz\/fr\/#\/schema\/logo\/image\/","url":"https:\/\/elmawkie.dz\/fr\/wp-content\/uploads\/2024\/05\/logo1.png","contentUrl":"https:\/\/elmawkie.dz\/fr\/wp-content\/uploads\/2024\/05\/logo1.png","width":1648,"height":652,"caption":"EL MAWKIE"},"image":{"@id":"https:\/\/elmawkie.dz\/fr\/#\/schema\/logo\/image\/"},"sameAs":["https:\/\/www.facebook.com\/profile.php?id=100088407094989&locale=fr_FR"]},{"@type":"Person","@id":"https:\/\/elmawkie.dz\/fr\/#\/schema\/person\/e7bd59d6467874ba5c4723d8a9f0a63c","name":"R\u00e9daction","image":{"@type":"ImageObject","inLanguage":"fr-FR","@id":"https:\/\/elmawkie.dz\/fr\/#\/schema\/person\/image\/","url":"https:\/\/secure.gravatar.com\/avatar\/f0f773456344da4d2788c054a3d30a0c?s=96&d=mm&r=g","contentUrl":"https:\/\/secure.gravatar.com\/avatar\/f0f773456344da4d2788c054a3d30a0c?s=96&d=mm&r=g","caption":"R\u00e9daction"},"url":"https:\/\/elmawkie.dz\/fr\/author\/redaction\/"}]}},"_links":{"self":[{"href":"https:\/\/elmawkie.dz\/fr\/wp-json\/wp\/v2\/posts\/56384","targetHints":{"allow":["GET"]}}],"collection":[{"href":"https:\/\/elmawkie.dz\/fr\/wp-json\/wp\/v2\/posts"}],"about":[{"href":"https:\/\/elmawkie.dz\/fr\/wp-json\/wp\/v2\/types\/post"}],"author":[{"embeddable":true,"href":"https:\/\/elmawkie.dz\/fr\/wp-json\/wp\/v2\/users\/9"}],"replies":[{"embeddable":true,"href":"https:\/\/elmawkie.dz\/fr\/wp-json\/wp\/v2\/comments?post=56384"}],"version-history":[{"count":1,"href":"https:\/\/elmawkie.dz\/fr\/wp-json\/wp\/v2\/posts\/56384\/revisions"}],"predecessor-version":[{"id":56387,"href":"https:\/\/elmawkie.dz\/fr\/wp-json\/wp\/v2\/posts\/56384\/revisions\/56387"}],"wp:featuredmedia":[{"embeddable":true,"href":"https:\/\/elmawkie.dz\/fr\/wp-json\/wp\/v2\/media\/56386"}],"wp:attachment":[{"href":"https:\/\/elmawkie.dz\/fr\/wp-json\/wp\/v2\/media?parent=56384"}],"wp:term":[{"taxonomy":"category","embeddable":true,"href":"https:\/\/elmawkie.dz\/fr\/wp-json\/wp\/v2\/categories?post=56384"},{"taxonomy":"post_tag","embeddable":true,"href":"https:\/\/elmawkie.dz\/fr\/wp-json\/wp\/v2\/tags?post=56384"}],"curies":[{"name":"wp","href":"https:\/\/api.w.org\/{rel}","templated":true}]}}