{"id":56323,"date":"2025-09-16T18:21:49","date_gmt":"2025-09-16T17:21:49","guid":{"rendered":"https:\/\/elmawkie.dz\/fr\/?p=56323"},"modified":"2025-09-16T18:21:49","modified_gmt":"2025-09-16T17:21:49","slug":"apn-m-bouden-prend-part-en-malaisie-a-lassemblee-interparlementaire-de-lasean","status":"publish","type":"post","link":"https:\/\/elmawkie.dz\/fr\/apn-m-bouden-prend-part-en-malaisie-a-lassemblee-interparlementaire-de-lasean\/","title":{"rendered":"APN : M. Bouden prend part en Malaisie \u00e0 l\u2019Assembl\u00e9e interparlementaire de l\u2019ASEAN"},"content":{"rendered":"\n<p>Le vice-pr\u00e9sident de l&rsquo;Assembl\u00e9e populaire nationale (APN), M. Monder Bouden prend part, en sa qualit\u00e9 de repr\u00e9sentant du pr\u00e9sident de l&rsquo;APN, M. Brahim Boughali, aux travaux de la 46e Assembl\u00e9e g\u00e9n\u00e9rale (AG) de l&rsquo;Assembl\u00e9e interparlementaire de l&rsquo;Association des nations de l&rsquo;Asie du Sud-Est (ASEAN), qui s&rsquo;ouvrent \u00e0 partir de mardi \u00e0 Kuala Lumpur (Malaisie), a indiqu\u00e9 un communiqu\u00e9 de la chambre basse du Parlement. Cette session, dont les travaux se poursuivront jusqu&rsquo;\u00e0 lundi prochain, se tient sous le th\u00e8me \u00ab\u00a0Le parlement \u00e0 l&rsquo;avant-garde d&rsquo;une croissance inclusive\u00a0\u00bb, et sera consacr\u00e9e \u00e0 \u00ab\u00a0l&rsquo;examen des questions li\u00e9es \u00e0 la croissance durable, \u00e0 l&rsquo;\u00e9change des meilleures pratiques et au renforcement des capacit\u00e9s institutionnelles\u00a0\u00bb, ainsi qu&rsquo;au \u00ab\u00a0d\u00e9veloppement de la coop\u00e9ration l\u00e9gislative interparlementaire\u00a0\u00bb, pr\u00e9cise la m\u00eame source. M. Bouden sera accompagn\u00e9 des deux d\u00e9put\u00e9s Madjid Cherid et Athmane Meddour .<\/p>\n","protected":false},"excerpt":{"rendered":"<p>Le vice-pr\u00e9sident de l&rsquo;Assembl\u00e9e populaire nationale (APN), M. Monder Bouden prend part, en sa qualit\u00e9 de repr\u00e9sentant du pr\u00e9sident de l&rsquo;APN, M. Brahim Boughali, aux travaux de la 46e Assembl\u00e9e g\u00e9n\u00e9rale (AG) de l&rsquo;Assembl\u00e9e interparlementaire de l&rsquo;Association des nations de l&rsquo;Asie du Sud-Est (ASEAN), qui s&rsquo;ouvrent \u00e0 partir de mardi \u00e0 Kuala Lumpur (Malaisie), a &hellip;<\/p>\n","protected":false},"author":9,"featured_media":56325,"comment_status":"open","ping_status":"open","sticky":false,"template":"","format":"standard","meta":{"footnotes":""},"categories":[47],"tags":[930,5051,5050,1742],"class_list":["post-56323","post","type-post","status-publish","format-standard","has-post-thumbnail","hentry","category-national","tag-apn","tag-lasean","tag-m-bouden","tag-malaisie"],"yoast_head":"<!-- This site is optimized with the Yoast SEO Premium plugin v22.6 (Yoast SEO v22.6) - https:\/\/yoast.com\/wordpress\/plugins\/seo\/ -->\n<title>APN : M. Bouden prend part en Malaisie \u00e0 l\u2019Assembl\u00e9e interparlementaire de l\u2019ASEAN - El Mawkie<\/title>\n<meta name=\"robots\" content=\"index, follow, max-snippet:-1, max-image-preview:large, max-video-preview:-1\" \/>\n<link rel=\"canonical\" href=\"https:\/\/elmawkie.dz\/fr\/apn-m-bouden-prend-part-en-malaisie-a-lassemblee-interparlementaire-de-lasean\/\" \/>\n<meta property=\"og:locale\" content=\"fr_FR\" \/>\n<meta property=\"og:type\" content=\"article\" \/>\n<meta property=\"og:title\" content=\"APN : M. Bouden prend part en Malaisie \u00e0 l\u2019Assembl\u00e9e interparlementaire de l\u2019ASEAN\" \/>\n<meta property=\"og:description\" content=\"Le vice-pr\u00e9sident de l&rsquo;Assembl\u00e9e populaire nationale (APN), M. Monder Bouden prend part, en sa qualit\u00e9 de repr\u00e9sentant du pr\u00e9sident de l&rsquo;APN, M. Brahim Boughali, aux travaux de la 46e Assembl\u00e9e g\u00e9n\u00e9rale (AG) de l&rsquo;Assembl\u00e9e interparlementaire de l&rsquo;Association des nations de l&rsquo;Asie du Sud-Est (ASEAN), qui s&rsquo;ouvrent \u00e0 partir de mardi \u00e0 Kuala Lumpur (Malaisie), a &hellip;\" \/>\n<meta property=\"og:url\" content=\"https:\/\/elmawkie.dz\/fr\/apn-m-bouden-prend-part-en-malaisie-a-lassemblee-interparlementaire-de-lasean\/\" \/>\n<meta property=\"og:site_name\" content=\"El Mawkie\" \/>\n<meta property=\"article:publisher\" content=\"https:\/\/www.facebook.com\/profile.php?id=100088407094989&amp;locale=fr_FR\" \/>\n<meta property=\"article:published_time\" content=\"2025-09-16T17:21:49+00:00\" \/>\n<meta property=\"og:image\" content=\"https:\/\/elmawkie.dz\/fr\/wp-content\/uploads\/2025\/09\/IMG_5920.jpeg\" \/>\n\t<meta property=\"og:image:width\" content=\"2048\" \/>\n\t<meta property=\"og:image:height\" content=\"1365\" \/>\n\t<meta property=\"og:image:type\" content=\"image\/jpeg\" \/>\n<meta name=\"author\" content=\"R\u00e9daction\" \/>\n<meta name=\"twitter:card\" content=\"summary_large_image\" \/>\n<meta name=\"twitter:label1\" content=\"Written by\" \/>\n\t<meta name=\"twitter:data1\" content=\"R\u00e9daction\" \/>\n\t<meta name=\"twitter:label2\" content=\"Est. reading time\" \/>\n\t<meta name=\"twitter:data2\" content=\"1 minute\" \/>\n<script type=\"application\/ld+json\" class=\"yoast-schema-graph\">{\"@context\":\"https:\/\/schema.org\",\"@graph\":[{\"@type\":\"Article\",\"@id\":\"https:\/\/elmawkie.dz\/fr\/apn-m-bouden-prend-part-en-malaisie-a-lassemblee-interparlementaire-de-lasean\/#article\",\"isPartOf\":{\"@id\":\"https:\/\/elmawkie.dz\/fr\/apn-m-bouden-prend-part-en-malaisie-a-lassemblee-interparlementaire-de-lasean\/\"},\"author\":{\"name\":\"R\u00e9daction\",\"@id\":\"https:\/\/elmawkie.dz\/fr\/#\/schema\/person\/e7bd59d6467874ba5c4723d8a9f0a63c\"},\"headline\":\"APN : M. Bouden prend part en Malaisie \u00e0 l\u2019Assembl\u00e9e interparlementaire de l\u2019ASEAN\",\"datePublished\":\"2025-09-16T17:21:49+00:00\",\"dateModified\":\"2025-09-16T17:21:49+00:00\",\"mainEntityOfPage\":{\"@id\":\"https:\/\/elmawkie.dz\/fr\/apn-m-bouden-prend-part-en-malaisie-a-lassemblee-interparlementaire-de-lasean\/\"},\"wordCount\":171,\"commentCount\":0,\"publisher\":{\"@id\":\"https:\/\/elmawkie.dz\/fr\/#organization\"},\"image\":{\"@id\":\"https:\/\/elmawkie.dz\/fr\/apn-m-bouden-prend-part-en-malaisie-a-lassemblee-interparlementaire-de-lasean\/#primaryimage\"},\"thumbnailUrl\":\"https:\/\/elmawkie.dz\/fr\/wp-content\/uploads\/2025\/09\/IMG_5920.jpeg\",\"keywords\":[\"APN\",\"L\u2019ASEAN\",\"M.Bouden\",\"Malaisie\"],\"articleSection\":[\"National\"],\"inLanguage\":\"fr-FR\",\"potentialAction\":[{\"@type\":\"CommentAction\",\"name\":\"Comment\",\"target\":[\"https:\/\/elmawkie.dz\/fr\/apn-m-bouden-prend-part-en-malaisie-a-lassemblee-interparlementaire-de-lasean\/#respond\"]}]},{\"@type\":\"WebPage\",\"@id\":\"https:\/\/elmawkie.dz\/fr\/apn-m-bouden-prend-part-en-malaisie-a-lassemblee-interparlementaire-de-lasean\/\",\"url\":\"https:\/\/elmawkie.dz\/fr\/apn-m-bouden-prend-part-en-malaisie-a-lassemblee-interparlementaire-de-lasean\/\",\"name\":\"APN : M. Bouden prend part en Malaisie \u00e0 l\u2019Assembl\u00e9e interparlementaire de l\u2019ASEAN - El Mawkie\",\"isPartOf\":{\"@id\":\"https:\/\/elmawkie.dz\/fr\/#website\"},\"primaryImageOfPage\":{\"@id\":\"https:\/\/elmawkie.dz\/fr\/apn-m-bouden-prend-part-en-malaisie-a-lassemblee-interparlementaire-de-lasean\/#primaryimage\"},\"image\":{\"@id\":\"https:\/\/elmawkie.dz\/fr\/apn-m-bouden-prend-part-en-malaisie-a-lassemblee-interparlementaire-de-lasean\/#primaryimage\"},\"thumbnailUrl\":\"https:\/\/elmawkie.dz\/fr\/wp-content\/uploads\/2025\/09\/IMG_5920.jpeg\",\"datePublished\":\"2025-09-16T17:21:49+00:00\",\"dateModified\":\"2025-09-16T17:21:49+00:00\",\"breadcrumb\":{\"@id\":\"https:\/\/elmawkie.dz\/fr\/apn-m-bouden-prend-part-en-malaisie-a-lassemblee-interparlementaire-de-lasean\/#breadcrumb\"},\"inLanguage\":\"fr-FR\",\"potentialAction\":[{\"@type\":\"ReadAction\",\"target\":[\"https:\/\/elmawkie.dz\/fr\/apn-m-bouden-prend-part-en-malaisie-a-lassemblee-interparlementaire-de-lasean\/\"]}]},{\"@type\":\"ImageObject\",\"inLanguage\":\"fr-FR\",\"@id\":\"https:\/\/elmawkie.dz\/fr\/apn-m-bouden-prend-part-en-malaisie-a-lassemblee-interparlementaire-de-lasean\/#primaryimage\",\"url\":\"https:\/\/elmawkie.dz\/fr\/wp-content\/uploads\/2025\/09\/IMG_5920.jpeg\",\"contentUrl\":\"https:\/\/elmawkie.dz\/fr\/wp-content\/uploads\/2025\/09\/IMG_5920.jpeg\",\"width\":2048,\"height\":1365},{\"@type\":\"BreadcrumbList\",\"@id\":\"https:\/\/elmawkie.dz\/fr\/apn-m-bouden-prend-part-en-malaisie-a-lassemblee-interparlementaire-de-lasean\/#breadcrumb\",\"itemListElement\":[{\"@type\":\"ListItem\",\"position\":1,\"name\":\"Home\",\"item\":\"https:\/\/elmawkie.dz\/fr\/\"},{\"@type\":\"ListItem\",\"position\":2,\"name\":\"APN : M. Bouden prend part en Malaisie \u00e0 l\u2019Assembl\u00e9e interparlementaire de l\u2019ASEAN\"}]},{\"@type\":\"WebSite\",\"@id\":\"https:\/\/elmawkie.dz\/fr\/#website\",\"url\":\"https:\/\/elmawkie.dz\/fr\/\",\"name\":\"EL MAWKIE\",\"description\":\"Journal \u00c9lectronique Alg\u00e9rien\",\"publisher\":{\"@id\":\"https:\/\/elmawkie.dz\/fr\/#organization\"},\"potentialAction\":[{\"@type\":\"SearchAction\",\"target\":{\"@type\":\"EntryPoint\",\"urlTemplate\":\"https:\/\/elmawkie.dz\/fr\/?s={search_term_string}\"},\"query-input\":\"required name=search_term_string\"}],\"inLanguage\":\"fr-FR\"},{\"@type\":\"Organization\",\"@id\":\"https:\/\/elmawkie.dz\/fr\/#organization\",\"name\":\"EL MAWKIE\",\"url\":\"https:\/\/elmawkie.dz\/fr\/\",\"logo\":{\"@type\":\"ImageObject\",\"inLanguage\":\"fr-FR\",\"@id\":\"https:\/\/elmawkie.dz\/fr\/#\/schema\/logo\/image\/\",\"url\":\"https:\/\/elmawkie.dz\/fr\/wp-content\/uploads\/2024\/05\/logo1.png\",\"contentUrl\":\"https:\/\/elmawkie.dz\/fr\/wp-content\/uploads\/2024\/05\/logo1.png\",\"width\":1648,\"height\":652,\"caption\":\"EL MAWKIE\"},\"image\":{\"@id\":\"https:\/\/elmawkie.dz\/fr\/#\/schema\/logo\/image\/\"},\"sameAs\":[\"https:\/\/www.facebook.com\/profile.php?id=100088407094989&locale=fr_FR\"]},{\"@type\":\"Person\",\"@id\":\"https:\/\/elmawkie.dz\/fr\/#\/schema\/person\/e7bd59d6467874ba5c4723d8a9f0a63c\",\"name\":\"R\u00e9daction\",\"image\":{\"@type\":\"ImageObject\",\"inLanguage\":\"fr-FR\",\"@id\":\"https:\/\/elmawkie.dz\/fr\/#\/schema\/person\/image\/\",\"url\":\"https:\/\/secure.gravatar.com\/avatar\/f0f773456344da4d2788c054a3d30a0c?s=96&d=mm&r=g\",\"contentUrl\":\"https:\/\/secure.gravatar.com\/avatar\/f0f773456344da4d2788c054a3d30a0c?s=96&d=mm&r=g\",\"caption\":\"R\u00e9daction\"},\"url\":\"https:\/\/elmawkie.dz\/fr\/author\/redaction\/\"}]}<\/script>\n<!-- \/ Yoast SEO Premium plugin. -->","yoast_head_json":{"title":"APN : M. Bouden prend part en Malaisie \u00e0 l\u2019Assembl\u00e9e interparlementaire de l\u2019ASEAN - El Mawkie","robots":{"index":"index","follow":"follow","max-snippet":"max-snippet:-1","max-image-preview":"max-image-preview:large","max-video-preview":"max-video-preview:-1"},"canonical":"https:\/\/elmawkie.dz\/fr\/apn-m-bouden-prend-part-en-malaisie-a-lassemblee-interparlementaire-de-lasean\/","og_locale":"fr_FR","og_type":"article","og_title":"APN : M. Bouden prend part en Malaisie \u00e0 l\u2019Assembl\u00e9e interparlementaire de l\u2019ASEAN","og_description":"Le vice-pr\u00e9sident de l&rsquo;Assembl\u00e9e populaire nationale (APN), M. Monder Bouden prend part, en sa qualit\u00e9 de repr\u00e9sentant du pr\u00e9sident de l&rsquo;APN, M. Brahim Boughali, aux travaux de la 46e Assembl\u00e9e g\u00e9n\u00e9rale (AG) de l&rsquo;Assembl\u00e9e interparlementaire de l&rsquo;Association des nations de l&rsquo;Asie du Sud-Est (ASEAN), qui s&rsquo;ouvrent \u00e0 partir de mardi \u00e0 Kuala Lumpur (Malaisie), a &hellip;","og_url":"https:\/\/elmawkie.dz\/fr\/apn-m-bouden-prend-part-en-malaisie-a-lassemblee-interparlementaire-de-lasean\/","og_site_name":"El Mawkie","article_publisher":"https:\/\/www.facebook.com\/profile.php?id=100088407094989&locale=fr_FR","article_published_time":"2025-09-16T17:21:49+00:00","og_image":[{"width":2048,"height":1365,"url":"https:\/\/elmawkie.dz\/fr\/wp-content\/uploads\/2025\/09\/IMG_5920.jpeg","type":"image\/jpeg"}],"author":"R\u00e9daction","twitter_card":"summary_large_image","twitter_misc":{"Written by":"R\u00e9daction","Est. reading time":"1 minute"},"schema":{"@context":"https:\/\/schema.org","@graph":[{"@type":"Article","@id":"https:\/\/elmawkie.dz\/fr\/apn-m-bouden-prend-part-en-malaisie-a-lassemblee-interparlementaire-de-lasean\/#article","isPartOf":{"@id":"https:\/\/elmawkie.dz\/fr\/apn-m-bouden-prend-part-en-malaisie-a-lassemblee-interparlementaire-de-lasean\/"},"author":{"name":"R\u00e9daction","@id":"https:\/\/elmawkie.dz\/fr\/#\/schema\/person\/e7bd59d6467874ba5c4723d8a9f0a63c"},"headline":"APN : M. Bouden prend part en Malaisie \u00e0 l\u2019Assembl\u00e9e interparlementaire de l\u2019ASEAN","datePublished":"2025-09-16T17:21:49+00:00","dateModified":"2025-09-16T17:21:49+00:00","mainEntityOfPage":{"@id":"https:\/\/elmawkie.dz\/fr\/apn-m-bouden-prend-part-en-malaisie-a-lassemblee-interparlementaire-de-lasean\/"},"wordCount":171,"commentCount":0,"publisher":{"@id":"https:\/\/elmawkie.dz\/fr\/#organization"},"image":{"@id":"https:\/\/elmawkie.dz\/fr\/apn-m-bouden-prend-part-en-malaisie-a-lassemblee-interparlementaire-de-lasean\/#primaryimage"},"thumbnailUrl":"https:\/\/elmawkie.dz\/fr\/wp-content\/uploads\/2025\/09\/IMG_5920.jpeg","keywords":["APN","L\u2019ASEAN","M.Bouden","Malaisie"],"articleSection":["National"],"inLanguage":"fr-FR","potentialAction":[{"@type":"CommentAction","name":"Comment","target":["https:\/\/elmawkie.dz\/fr\/apn-m-bouden-prend-part-en-malaisie-a-lassemblee-interparlementaire-de-lasean\/#respond"]}]},{"@type":"WebPage","@id":"https:\/\/elmawkie.dz\/fr\/apn-m-bouden-prend-part-en-malaisie-a-lassemblee-interparlementaire-de-lasean\/","url":"https:\/\/elmawkie.dz\/fr\/apn-m-bouden-prend-part-en-malaisie-a-lassemblee-interparlementaire-de-lasean\/","name":"APN : M. Bouden prend part en Malaisie \u00e0 l\u2019Assembl\u00e9e interparlementaire de l\u2019ASEAN - El Mawkie","isPartOf":{"@id":"https:\/\/elmawkie.dz\/fr\/#website"},"primaryImageOfPage":{"@id":"https:\/\/elmawkie.dz\/fr\/apn-m-bouden-prend-part-en-malaisie-a-lassemblee-interparlementaire-de-lasean\/#primaryimage"},"image":{"@id":"https:\/\/elmawkie.dz\/fr\/apn-m-bouden-prend-part-en-malaisie-a-lassemblee-interparlementaire-de-lasean\/#primaryimage"},"thumbnailUrl":"https:\/\/elmawkie.dz\/fr\/wp-content\/uploads\/2025\/09\/IMG_5920.jpeg","datePublished":"2025-09-16T17:21:49+00:00","dateModified":"2025-09-16T17:21:49+00:00","breadcrumb":{"@id":"https:\/\/elmawkie.dz\/fr\/apn-m-bouden-prend-part-en-malaisie-a-lassemblee-interparlementaire-de-lasean\/#breadcrumb"},"inLanguage":"fr-FR","potentialAction":[{"@type":"ReadAction","target":["https:\/\/elmawkie.dz\/fr\/apn-m-bouden-prend-part-en-malaisie-a-lassemblee-interparlementaire-de-lasean\/"]}]},{"@type":"ImageObject","inLanguage":"fr-FR","@id":"https:\/\/elmawkie.dz\/fr\/apn-m-bouden-prend-part-en-malaisie-a-lassemblee-interparlementaire-de-lasean\/#primaryimage","url":"https:\/\/elmawkie.dz\/fr\/wp-content\/uploads\/2025\/09\/IMG_5920.jpeg","contentUrl":"https:\/\/elmawkie.dz\/fr\/wp-content\/uploads\/2025\/09\/IMG_5920.jpeg","width":2048,"height":1365},{"@type":"BreadcrumbList","@id":"https:\/\/elmawkie.dz\/fr\/apn-m-bouden-prend-part-en-malaisie-a-lassemblee-interparlementaire-de-lasean\/#breadcrumb","itemListElement":[{"@type":"ListItem","position":1,"name":"Home","item":"https:\/\/elmawkie.dz\/fr\/"},{"@type":"ListItem","position":2,"name":"APN : M. Bouden prend part en Malaisie \u00e0 l\u2019Assembl\u00e9e interparlementaire de l\u2019ASEAN"}]},{"@type":"WebSite","@id":"https:\/\/elmawkie.dz\/fr\/#website","url":"https:\/\/elmawkie.dz\/fr\/","name":"EL MAWKIE","description":"Journal \u00c9lectronique Alg\u00e9rien","publisher":{"@id":"https:\/\/elmawkie.dz\/fr\/#organization"},"potentialAction":[{"@type":"SearchAction","target":{"@type":"EntryPoint","urlTemplate":"https:\/\/elmawkie.dz\/fr\/?s={search_term_string}"},"query-input":"required name=search_term_string"}],"inLanguage":"fr-FR"},{"@type":"Organization","@id":"https:\/\/elmawkie.dz\/fr\/#organization","name":"EL MAWKIE","url":"https:\/\/elmawkie.dz\/fr\/","logo":{"@type":"ImageObject","inLanguage":"fr-FR","@id":"https:\/\/elmawkie.dz\/fr\/#\/schema\/logo\/image\/","url":"https:\/\/elmawkie.dz\/fr\/wp-content\/uploads\/2024\/05\/logo1.png","contentUrl":"https:\/\/elmawkie.dz\/fr\/wp-content\/uploads\/2024\/05\/logo1.png","width":1648,"height":652,"caption":"EL MAWKIE"},"image":{"@id":"https:\/\/elmawkie.dz\/fr\/#\/schema\/logo\/image\/"},"sameAs":["https:\/\/www.facebook.com\/profile.php?id=100088407094989&locale=fr_FR"]},{"@type":"Person","@id":"https:\/\/elmawkie.dz\/fr\/#\/schema\/person\/e7bd59d6467874ba5c4723d8a9f0a63c","name":"R\u00e9daction","image":{"@type":"ImageObject","inLanguage":"fr-FR","@id":"https:\/\/elmawkie.dz\/fr\/#\/schema\/person\/image\/","url":"https:\/\/secure.gravatar.com\/avatar\/f0f773456344da4d2788c054a3d30a0c?s=96&d=mm&r=g","contentUrl":"https:\/\/secure.gravatar.com\/avatar\/f0f773456344da4d2788c054a3d30a0c?s=96&d=mm&r=g","caption":"R\u00e9daction"},"url":"https:\/\/elmawkie.dz\/fr\/author\/redaction\/"}]}},"_links":{"self":[{"href":"https:\/\/elmawkie.dz\/fr\/wp-json\/wp\/v2\/posts\/56323","targetHints":{"allow":["GET"]}}],"collection":[{"href":"https:\/\/elmawkie.dz\/fr\/wp-json\/wp\/v2\/posts"}],"about":[{"href":"https:\/\/elmawkie.dz\/fr\/wp-json\/wp\/v2\/types\/post"}],"author":[{"embeddable":true,"href":"https:\/\/elmawkie.dz\/fr\/wp-json\/wp\/v2\/users\/9"}],"replies":[{"embeddable":true,"href":"https:\/\/elmawkie.dz\/fr\/wp-json\/wp\/v2\/comments?post=56323"}],"version-history":[{"count":1,"href":"https:\/\/elmawkie.dz\/fr\/wp-json\/wp\/v2\/posts\/56323\/revisions"}],"predecessor-version":[{"id":56326,"href":"https:\/\/elmawkie.dz\/fr\/wp-json\/wp\/v2\/posts\/56323\/revisions\/56326"}],"wp:featuredmedia":[{"embeddable":true,"href":"https:\/\/elmawkie.dz\/fr\/wp-json\/wp\/v2\/media\/56325"}],"wp:attachment":[{"href":"https:\/\/elmawkie.dz\/fr\/wp-json\/wp\/v2\/media?parent=56323"}],"wp:term":[{"taxonomy":"category","embeddable":true,"href":"https:\/\/elmawkie.dz\/fr\/wp-json\/wp\/v2\/categories?post=56323"},{"taxonomy":"post_tag","embeddable":true,"href":"https:\/\/elmawkie.dz\/fr\/wp-json\/wp\/v2\/tags?post=56323"}],"curies":[{"name":"wp","href":"https:\/\/api.w.org\/{rel}","templated":true}]}}