{"id":56319,"date":"2025-09-16T18:16:24","date_gmt":"2025-09-16T17:16:24","guid":{"rendered":"https:\/\/elmawkie.dz\/fr\/?p=56319"},"modified":"2025-09-16T18:16:25","modified_gmt":"2025-09-16T17:16:25","slug":"inhumation-de-la-moudjahida-halima-el-abidine-a-saida","status":"publish","type":"post","link":"https:\/\/elmawkie.dz\/fr\/inhumation-de-la-moudjahida-halima-el-abidine-a-saida\/","title":{"rendered":"Inhumation de la moudjahida Halima El-Abidine \u00e0 Sa\u00efda"},"content":{"rendered":"\n<p>La moudjahida Halima El-Abidine, dite Rachida, d\u00e9c\u00e9d\u00e9e \u00e0 l\u2019\u00e2ge de 84 ans, a \u00e9t\u00e9 inhum\u00e9e, mardi au cimeti\u00e8re \u00ab\u00a0El-Rabaa\u00a0\u00bb, dans la commune de Sa\u00efda, a-t-on appris aupr\u00e8s des services de la wilaya. Les fun\u00e9railles se sont d\u00e9roul\u00e9es en pr\u00e9sence des autorit\u00e9s locales, de membres de la famille r\u00e9volutionnaire, des proches de la d\u00e9funte moudjahida, ainsi que de nombreux citoyens, indique-t-on de m\u00eame source. N\u00e9e en 1941 dans la r\u00e9gion d\u2019A\u00efn El-Men\u00e2a, commune d\u2019A\u00efn El-Hadjar (Sa\u00efda), la d\u00e9funte avait rejoint les rangs de l\u2019Arm\u00e9e de lib\u00e9ration nationale (ALN) en 1958, au sein de la zone (6) de la Wilaya \u00ab\u00a0V\u00a0\u00bb historique. Elle avait \u00e9t\u00e9 arr\u00eat\u00e9e par l\u2019arm\u00e9e coloniale fran\u00e7aise le 22 mars 1959 dans la r\u00e9gion d\u2019El-G\u00e2ada (Sa\u00efda).<\/p>\n","protected":false},"excerpt":{"rendered":"<p>La moudjahida Halima El-Abidine, dite Rachida, d\u00e9c\u00e9d\u00e9e \u00e0 l\u2019\u00e2ge de 84 ans, a \u00e9t\u00e9 inhum\u00e9e, mardi au cimeti\u00e8re \u00ab\u00a0El-Rabaa\u00a0\u00bb, dans la commune de Sa\u00efda, a-t-on appris aupr\u00e8s des services de la wilaya. Les fun\u00e9railles se sont d\u00e9roul\u00e9es en pr\u00e9sence des autorit\u00e9s locales, de membres de la famille r\u00e9volutionnaire, des proches de la d\u00e9funte moudjahida, ainsi &hellip;<\/p>\n","protected":false},"author":9,"featured_media":56321,"comment_status":"open","ping_status":"open","sticky":false,"template":"","format":"standard","meta":{"footnotes":""},"categories":[51],"tags":[5049,1632,5048,2550],"class_list":["post-56319","post","type-post","status-publish","format-standard","has-post-thumbnail","hentry","category-societe","tag-halima-el-abidine","tag-inhumation","tag-la-moudjahida","tag-saida"],"yoast_head":"<!-- This site is optimized with the Yoast SEO Premium plugin v22.6 (Yoast SEO v22.6) - https:\/\/yoast.com\/wordpress\/plugins\/seo\/ -->\n<title>Inhumation de la moudjahida Halima El-Abidine \u00e0 Sa\u00efda - El Mawkie<\/title>\n<meta name=\"robots\" content=\"index, follow, max-snippet:-1, max-image-preview:large, max-video-preview:-1\" \/>\n<link rel=\"canonical\" href=\"https:\/\/elmawkie.dz\/fr\/inhumation-de-la-moudjahida-halima-el-abidine-a-saida\/\" \/>\n<meta property=\"og:locale\" content=\"fr_FR\" \/>\n<meta property=\"og:type\" content=\"article\" \/>\n<meta property=\"og:title\" content=\"Inhumation de la moudjahida Halima El-Abidine \u00e0 Sa\u00efda\" \/>\n<meta property=\"og:description\" content=\"La moudjahida Halima El-Abidine, dite Rachida, d\u00e9c\u00e9d\u00e9e \u00e0 l\u2019\u00e2ge de 84 ans, a \u00e9t\u00e9 inhum\u00e9e, mardi au cimeti\u00e8re \u00ab\u00a0El-Rabaa\u00a0\u00bb, dans la commune de Sa\u00efda, a-t-on appris aupr\u00e8s des services de la wilaya. Les fun\u00e9railles se sont d\u00e9roul\u00e9es en pr\u00e9sence des autorit\u00e9s locales, de membres de la famille r\u00e9volutionnaire, des proches de la d\u00e9funte moudjahida, ainsi &hellip;\" \/>\n<meta property=\"og:url\" content=\"https:\/\/elmawkie.dz\/fr\/inhumation-de-la-moudjahida-halima-el-abidine-a-saida\/\" \/>\n<meta property=\"og:site_name\" content=\"El Mawkie\" \/>\n<meta property=\"article:publisher\" content=\"https:\/\/www.facebook.com\/profile.php?id=100088407094989&amp;locale=fr_FR\" \/>\n<meta property=\"article:published_time\" content=\"2025-09-16T17:16:24+00:00\" \/>\n<meta property=\"article:modified_time\" content=\"2025-09-16T17:16:25+00:00\" \/>\n<meta property=\"og:image\" content=\"https:\/\/elmawkie.dz\/fr\/wp-content\/uploads\/2025\/09\/IMG_5919.jpeg\" \/>\n\t<meta property=\"og:image:width\" content=\"1125\" \/>\n\t<meta property=\"og:image:height\" content=\"833\" \/>\n\t<meta property=\"og:image:type\" content=\"image\/jpeg\" \/>\n<meta name=\"author\" content=\"R\u00e9daction\" \/>\n<meta name=\"twitter:card\" content=\"summary_large_image\" \/>\n<meta name=\"twitter:label1\" content=\"Written by\" \/>\n\t<meta name=\"twitter:data1\" content=\"R\u00e9daction\" \/>\n\t<meta name=\"twitter:label2\" content=\"Est. reading time\" \/>\n\t<meta name=\"twitter:data2\" content=\"1 minute\" \/>\n<script type=\"application\/ld+json\" class=\"yoast-schema-graph\">{\"@context\":\"https:\/\/schema.org\",\"@graph\":[{\"@type\":\"Article\",\"@id\":\"https:\/\/elmawkie.dz\/fr\/inhumation-de-la-moudjahida-halima-el-abidine-a-saida\/#article\",\"isPartOf\":{\"@id\":\"https:\/\/elmawkie.dz\/fr\/inhumation-de-la-moudjahida-halima-el-abidine-a-saida\/\"},\"author\":{\"name\":\"R\u00e9daction\",\"@id\":\"https:\/\/elmawkie.dz\/fr\/#\/schema\/person\/e7bd59d6467874ba5c4723d8a9f0a63c\"},\"headline\":\"Inhumation de la moudjahida Halima El-Abidine \u00e0 Sa\u00efda\",\"datePublished\":\"2025-09-16T17:16:24+00:00\",\"dateModified\":\"2025-09-16T17:16:25+00:00\",\"mainEntityOfPage\":{\"@id\":\"https:\/\/elmawkie.dz\/fr\/inhumation-de-la-moudjahida-halima-el-abidine-a-saida\/\"},\"wordCount\":155,\"commentCount\":0,\"publisher\":{\"@id\":\"https:\/\/elmawkie.dz\/fr\/#organization\"},\"image\":{\"@id\":\"https:\/\/elmawkie.dz\/fr\/inhumation-de-la-moudjahida-halima-el-abidine-a-saida\/#primaryimage\"},\"thumbnailUrl\":\"https:\/\/elmawkie.dz\/fr\/wp-content\/uploads\/2025\/09\/IMG_5919.jpeg\",\"keywords\":[\"Halima El-Abidine\",\"Inhumation\",\"La moudjahida\",\"Sa\u00efda\"],\"articleSection\":[\"Soci\u00e9t\u00e9\"],\"inLanguage\":\"fr-FR\",\"potentialAction\":[{\"@type\":\"CommentAction\",\"name\":\"Comment\",\"target\":[\"https:\/\/elmawkie.dz\/fr\/inhumation-de-la-moudjahida-halima-el-abidine-a-saida\/#respond\"]}]},{\"@type\":\"WebPage\",\"@id\":\"https:\/\/elmawkie.dz\/fr\/inhumation-de-la-moudjahida-halima-el-abidine-a-saida\/\",\"url\":\"https:\/\/elmawkie.dz\/fr\/inhumation-de-la-moudjahida-halima-el-abidine-a-saida\/\",\"name\":\"Inhumation de la moudjahida Halima El-Abidine \u00e0 Sa\u00efda - El Mawkie\",\"isPartOf\":{\"@id\":\"https:\/\/elmawkie.dz\/fr\/#website\"},\"primaryImageOfPage\":{\"@id\":\"https:\/\/elmawkie.dz\/fr\/inhumation-de-la-moudjahida-halima-el-abidine-a-saida\/#primaryimage\"},\"image\":{\"@id\":\"https:\/\/elmawkie.dz\/fr\/inhumation-de-la-moudjahida-halima-el-abidine-a-saida\/#primaryimage\"},\"thumbnailUrl\":\"https:\/\/elmawkie.dz\/fr\/wp-content\/uploads\/2025\/09\/IMG_5919.jpeg\",\"datePublished\":\"2025-09-16T17:16:24+00:00\",\"dateModified\":\"2025-09-16T17:16:25+00:00\",\"breadcrumb\":{\"@id\":\"https:\/\/elmawkie.dz\/fr\/inhumation-de-la-moudjahida-halima-el-abidine-a-saida\/#breadcrumb\"},\"inLanguage\":\"fr-FR\",\"potentialAction\":[{\"@type\":\"ReadAction\",\"target\":[\"https:\/\/elmawkie.dz\/fr\/inhumation-de-la-moudjahida-halima-el-abidine-a-saida\/\"]}]},{\"@type\":\"ImageObject\",\"inLanguage\":\"fr-FR\",\"@id\":\"https:\/\/elmawkie.dz\/fr\/inhumation-de-la-moudjahida-halima-el-abidine-a-saida\/#primaryimage\",\"url\":\"https:\/\/elmawkie.dz\/fr\/wp-content\/uploads\/2025\/09\/IMG_5919.jpeg\",\"contentUrl\":\"https:\/\/elmawkie.dz\/fr\/wp-content\/uploads\/2025\/09\/IMG_5919.jpeg\",\"width\":1125,\"height\":833},{\"@type\":\"BreadcrumbList\",\"@id\":\"https:\/\/elmawkie.dz\/fr\/inhumation-de-la-moudjahida-halima-el-abidine-a-saida\/#breadcrumb\",\"itemListElement\":[{\"@type\":\"ListItem\",\"position\":1,\"name\":\"Home\",\"item\":\"https:\/\/elmawkie.dz\/fr\/\"},{\"@type\":\"ListItem\",\"position\":2,\"name\":\"Inhumation de la moudjahida Halima El-Abidine \u00e0 Sa\u00efda\"}]},{\"@type\":\"WebSite\",\"@id\":\"https:\/\/elmawkie.dz\/fr\/#website\",\"url\":\"https:\/\/elmawkie.dz\/fr\/\",\"name\":\"EL MAWKIE\",\"description\":\"Journal \u00c9lectronique Alg\u00e9rien\",\"publisher\":{\"@id\":\"https:\/\/elmawkie.dz\/fr\/#organization\"},\"potentialAction\":[{\"@type\":\"SearchAction\",\"target\":{\"@type\":\"EntryPoint\",\"urlTemplate\":\"https:\/\/elmawkie.dz\/fr\/?s={search_term_string}\"},\"query-input\":\"required name=search_term_string\"}],\"inLanguage\":\"fr-FR\"},{\"@type\":\"Organization\",\"@id\":\"https:\/\/elmawkie.dz\/fr\/#organization\",\"name\":\"EL MAWKIE\",\"url\":\"https:\/\/elmawkie.dz\/fr\/\",\"logo\":{\"@type\":\"ImageObject\",\"inLanguage\":\"fr-FR\",\"@id\":\"https:\/\/elmawkie.dz\/fr\/#\/schema\/logo\/image\/\",\"url\":\"https:\/\/elmawkie.dz\/fr\/wp-content\/uploads\/2024\/05\/logo1.png\",\"contentUrl\":\"https:\/\/elmawkie.dz\/fr\/wp-content\/uploads\/2024\/05\/logo1.png\",\"width\":1648,\"height\":652,\"caption\":\"EL MAWKIE\"},\"image\":{\"@id\":\"https:\/\/elmawkie.dz\/fr\/#\/schema\/logo\/image\/\"},\"sameAs\":[\"https:\/\/www.facebook.com\/profile.php?id=100088407094989&locale=fr_FR\"]},{\"@type\":\"Person\",\"@id\":\"https:\/\/elmawkie.dz\/fr\/#\/schema\/person\/e7bd59d6467874ba5c4723d8a9f0a63c\",\"name\":\"R\u00e9daction\",\"image\":{\"@type\":\"ImageObject\",\"inLanguage\":\"fr-FR\",\"@id\":\"https:\/\/elmawkie.dz\/fr\/#\/schema\/person\/image\/\",\"url\":\"https:\/\/secure.gravatar.com\/avatar\/f0f773456344da4d2788c054a3d30a0c?s=96&d=mm&r=g\",\"contentUrl\":\"https:\/\/secure.gravatar.com\/avatar\/f0f773456344da4d2788c054a3d30a0c?s=96&d=mm&r=g\",\"caption\":\"R\u00e9daction\"},\"url\":\"https:\/\/elmawkie.dz\/fr\/author\/redaction\/\"}]}<\/script>\n<!-- \/ Yoast SEO Premium plugin. -->","yoast_head_json":{"title":"Inhumation de la moudjahida Halima El-Abidine \u00e0 Sa\u00efda - El Mawkie","robots":{"index":"index","follow":"follow","max-snippet":"max-snippet:-1","max-image-preview":"max-image-preview:large","max-video-preview":"max-video-preview:-1"},"canonical":"https:\/\/elmawkie.dz\/fr\/inhumation-de-la-moudjahida-halima-el-abidine-a-saida\/","og_locale":"fr_FR","og_type":"article","og_title":"Inhumation de la moudjahida Halima El-Abidine \u00e0 Sa\u00efda","og_description":"La moudjahida Halima El-Abidine, dite Rachida, d\u00e9c\u00e9d\u00e9e \u00e0 l\u2019\u00e2ge de 84 ans, a \u00e9t\u00e9 inhum\u00e9e, mardi au cimeti\u00e8re \u00ab\u00a0El-Rabaa\u00a0\u00bb, dans la commune de Sa\u00efda, a-t-on appris aupr\u00e8s des services de la wilaya. Les fun\u00e9railles se sont d\u00e9roul\u00e9es en pr\u00e9sence des autorit\u00e9s locales, de membres de la famille r\u00e9volutionnaire, des proches de la d\u00e9funte moudjahida, ainsi &hellip;","og_url":"https:\/\/elmawkie.dz\/fr\/inhumation-de-la-moudjahida-halima-el-abidine-a-saida\/","og_site_name":"El Mawkie","article_publisher":"https:\/\/www.facebook.com\/profile.php?id=100088407094989&locale=fr_FR","article_published_time":"2025-09-16T17:16:24+00:00","article_modified_time":"2025-09-16T17:16:25+00:00","og_image":[{"width":1125,"height":833,"url":"https:\/\/elmawkie.dz\/fr\/wp-content\/uploads\/2025\/09\/IMG_5919.jpeg","type":"image\/jpeg"}],"author":"R\u00e9daction","twitter_card":"summary_large_image","twitter_misc":{"Written by":"R\u00e9daction","Est. reading time":"1 minute"},"schema":{"@context":"https:\/\/schema.org","@graph":[{"@type":"Article","@id":"https:\/\/elmawkie.dz\/fr\/inhumation-de-la-moudjahida-halima-el-abidine-a-saida\/#article","isPartOf":{"@id":"https:\/\/elmawkie.dz\/fr\/inhumation-de-la-moudjahida-halima-el-abidine-a-saida\/"},"author":{"name":"R\u00e9daction","@id":"https:\/\/elmawkie.dz\/fr\/#\/schema\/person\/e7bd59d6467874ba5c4723d8a9f0a63c"},"headline":"Inhumation de la moudjahida Halima El-Abidine \u00e0 Sa\u00efda","datePublished":"2025-09-16T17:16:24+00:00","dateModified":"2025-09-16T17:16:25+00:00","mainEntityOfPage":{"@id":"https:\/\/elmawkie.dz\/fr\/inhumation-de-la-moudjahida-halima-el-abidine-a-saida\/"},"wordCount":155,"commentCount":0,"publisher":{"@id":"https:\/\/elmawkie.dz\/fr\/#organization"},"image":{"@id":"https:\/\/elmawkie.dz\/fr\/inhumation-de-la-moudjahida-halima-el-abidine-a-saida\/#primaryimage"},"thumbnailUrl":"https:\/\/elmawkie.dz\/fr\/wp-content\/uploads\/2025\/09\/IMG_5919.jpeg","keywords":["Halima El-Abidine","Inhumation","La moudjahida","Sa\u00efda"],"articleSection":["Soci\u00e9t\u00e9"],"inLanguage":"fr-FR","potentialAction":[{"@type":"CommentAction","name":"Comment","target":["https:\/\/elmawkie.dz\/fr\/inhumation-de-la-moudjahida-halima-el-abidine-a-saida\/#respond"]}]},{"@type":"WebPage","@id":"https:\/\/elmawkie.dz\/fr\/inhumation-de-la-moudjahida-halima-el-abidine-a-saida\/","url":"https:\/\/elmawkie.dz\/fr\/inhumation-de-la-moudjahida-halima-el-abidine-a-saida\/","name":"Inhumation de la moudjahida Halima El-Abidine \u00e0 Sa\u00efda - El Mawkie","isPartOf":{"@id":"https:\/\/elmawkie.dz\/fr\/#website"},"primaryImageOfPage":{"@id":"https:\/\/elmawkie.dz\/fr\/inhumation-de-la-moudjahida-halima-el-abidine-a-saida\/#primaryimage"},"image":{"@id":"https:\/\/elmawkie.dz\/fr\/inhumation-de-la-moudjahida-halima-el-abidine-a-saida\/#primaryimage"},"thumbnailUrl":"https:\/\/elmawkie.dz\/fr\/wp-content\/uploads\/2025\/09\/IMG_5919.jpeg","datePublished":"2025-09-16T17:16:24+00:00","dateModified":"2025-09-16T17:16:25+00:00","breadcrumb":{"@id":"https:\/\/elmawkie.dz\/fr\/inhumation-de-la-moudjahida-halima-el-abidine-a-saida\/#breadcrumb"},"inLanguage":"fr-FR","potentialAction":[{"@type":"ReadAction","target":["https:\/\/elmawkie.dz\/fr\/inhumation-de-la-moudjahida-halima-el-abidine-a-saida\/"]}]},{"@type":"ImageObject","inLanguage":"fr-FR","@id":"https:\/\/elmawkie.dz\/fr\/inhumation-de-la-moudjahida-halima-el-abidine-a-saida\/#primaryimage","url":"https:\/\/elmawkie.dz\/fr\/wp-content\/uploads\/2025\/09\/IMG_5919.jpeg","contentUrl":"https:\/\/elmawkie.dz\/fr\/wp-content\/uploads\/2025\/09\/IMG_5919.jpeg","width":1125,"height":833},{"@type":"BreadcrumbList","@id":"https:\/\/elmawkie.dz\/fr\/inhumation-de-la-moudjahida-halima-el-abidine-a-saida\/#breadcrumb","itemListElement":[{"@type":"ListItem","position":1,"name":"Home","item":"https:\/\/elmawkie.dz\/fr\/"},{"@type":"ListItem","position":2,"name":"Inhumation de la moudjahida Halima El-Abidine \u00e0 Sa\u00efda"}]},{"@type":"WebSite","@id":"https:\/\/elmawkie.dz\/fr\/#website","url":"https:\/\/elmawkie.dz\/fr\/","name":"EL MAWKIE","description":"Journal \u00c9lectronique Alg\u00e9rien","publisher":{"@id":"https:\/\/elmawkie.dz\/fr\/#organization"},"potentialAction":[{"@type":"SearchAction","target":{"@type":"EntryPoint","urlTemplate":"https:\/\/elmawkie.dz\/fr\/?s={search_term_string}"},"query-input":"required name=search_term_string"}],"inLanguage":"fr-FR"},{"@type":"Organization","@id":"https:\/\/elmawkie.dz\/fr\/#organization","name":"EL MAWKIE","url":"https:\/\/elmawkie.dz\/fr\/","logo":{"@type":"ImageObject","inLanguage":"fr-FR","@id":"https:\/\/elmawkie.dz\/fr\/#\/schema\/logo\/image\/","url":"https:\/\/elmawkie.dz\/fr\/wp-content\/uploads\/2024\/05\/logo1.png","contentUrl":"https:\/\/elmawkie.dz\/fr\/wp-content\/uploads\/2024\/05\/logo1.png","width":1648,"height":652,"caption":"EL MAWKIE"},"image":{"@id":"https:\/\/elmawkie.dz\/fr\/#\/schema\/logo\/image\/"},"sameAs":["https:\/\/www.facebook.com\/profile.php?id=100088407094989&locale=fr_FR"]},{"@type":"Person","@id":"https:\/\/elmawkie.dz\/fr\/#\/schema\/person\/e7bd59d6467874ba5c4723d8a9f0a63c","name":"R\u00e9daction","image":{"@type":"ImageObject","inLanguage":"fr-FR","@id":"https:\/\/elmawkie.dz\/fr\/#\/schema\/person\/image\/","url":"https:\/\/secure.gravatar.com\/avatar\/f0f773456344da4d2788c054a3d30a0c?s=96&d=mm&r=g","contentUrl":"https:\/\/secure.gravatar.com\/avatar\/f0f773456344da4d2788c054a3d30a0c?s=96&d=mm&r=g","caption":"R\u00e9daction"},"url":"https:\/\/elmawkie.dz\/fr\/author\/redaction\/"}]}},"_links":{"self":[{"href":"https:\/\/elmawkie.dz\/fr\/wp-json\/wp\/v2\/posts\/56319","targetHints":{"allow":["GET"]}}],"collection":[{"href":"https:\/\/elmawkie.dz\/fr\/wp-json\/wp\/v2\/posts"}],"about":[{"href":"https:\/\/elmawkie.dz\/fr\/wp-json\/wp\/v2\/types\/post"}],"author":[{"embeddable":true,"href":"https:\/\/elmawkie.dz\/fr\/wp-json\/wp\/v2\/users\/9"}],"replies":[{"embeddable":true,"href":"https:\/\/elmawkie.dz\/fr\/wp-json\/wp\/v2\/comments?post=56319"}],"version-history":[{"count":1,"href":"https:\/\/elmawkie.dz\/fr\/wp-json\/wp\/v2\/posts\/56319\/revisions"}],"predecessor-version":[{"id":56322,"href":"https:\/\/elmawkie.dz\/fr\/wp-json\/wp\/v2\/posts\/56319\/revisions\/56322"}],"wp:featuredmedia":[{"embeddable":true,"href":"https:\/\/elmawkie.dz\/fr\/wp-json\/wp\/v2\/media\/56321"}],"wp:attachment":[{"href":"https:\/\/elmawkie.dz\/fr\/wp-json\/wp\/v2\/media?parent=56319"}],"wp:term":[{"taxonomy":"category","embeddable":true,"href":"https:\/\/elmawkie.dz\/fr\/wp-json\/wp\/v2\/categories?post=56319"},{"taxonomy":"post_tag","embeddable":true,"href":"https:\/\/elmawkie.dz\/fr\/wp-json\/wp\/v2\/tags?post=56319"}],"curies":[{"name":"wp","href":"https:\/\/api.w.org\/{rel}","templated":true}]}}