{"id":5599,"date":"2024-10-08T18:38:28","date_gmt":"2024-10-08T17:38:28","guid":{"rendered":"https:\/\/elmawkie.dz\/fr\/?p=5599"},"modified":"2024-10-08T18:39:01","modified_gmt":"2024-10-08T17:39:01","slug":"ouargla-journees-portes-ouvertes-la-faculte-des-mathematiques-et-des-sciences-de-la-matiere","status":"publish","type":"post","link":"https:\/\/elmawkie.dz\/fr\/ouargla-journees-portes-ouvertes-la-faculte-des-mathematiques-et-des-sciences-de-la-matiere\/","title":{"rendered":"Ouargla : Journ\u00e9es Portes Ouvertes sur la Facult\u00e9 des math\u00e9matiques et des sciences de la mati\u00e8re"},"content":{"rendered":"<p><em><strong>La manifestation \u00ab\u00a0Portes ouvertes\u00a0\u00bb sur la Facult\u00e9 des math\u00e9matiques et des sciences de la mati\u00e8re de l&rsquo;Universit\u00e9 Kasdi Merbah \u00e0 Ouargla (UKMO) a connu une large affluence des lyc\u00e9ens de classes de terminale, ont relev\u00e9 mardi les responsables de cette institution universitaire.<\/strong><br \/>\nIntervenant en application d&rsquo;une convention entre l&rsquo;UKMO et la direction de l&rsquo;Education de la wilaya, la manifestation vise \u00e0 faire connaitre aux candidats \u00e0 la prochaine session du baccalaur\u00e9at, les d\u00e9partements de cette facult\u00e9, les fili\u00e8res d&rsquo;enseignement existantes et les conditions d&rsquo;admission, a indiqu\u00e9 le doyen de la facult\u00e9, Djamel Bechki. La facult\u00e9 coiffe trois d\u00e9partements, en l&rsquo;occurrence ceux des math\u00e9matiques, physique et chimie, englobant 15 laboratoires p\u00e9dagogiques, six (6) de recherches scientifiques, une biblioth\u00e8que riche de plus de 5.000 titres, en plus des clubs scientifiques et d&rsquo;un groupe de r\u00e9daction d&rsquo;une revue universitaire intitul\u00e9e \u00a0\u00bbles Physiciens\u00a0\u00bb. La facult\u00e9 a accueilli au titre de la nouvelle saison 1.445 \u00e9tudiants et 139 doctorants, encadr\u00e9s par 115 enseignants, tous grades confondus, a indiqu\u00e9 le doyen.<\/em><\/p>\n","protected":false},"excerpt":{"rendered":"<p>La manifestation \u00ab\u00a0Portes ouvertes\u00a0\u00bb sur la Facult\u00e9 des math\u00e9matiques et des sciences de la mati\u00e8re de l&rsquo;Universit\u00e9 Kasdi Merbah \u00e0 Ouargla (UKMO) a connu une large affluence des lyc\u00e9ens de classes de terminale, ont relev\u00e9 mardi les responsables de cette institution universitaire. Intervenant en application d&rsquo;une convention entre l&rsquo;UKMO et la direction de l&rsquo;Education de &hellip;<\/p>\n","protected":false},"author":9,"featured_media":5600,"comment_status":"open","ping_status":"open","sticky":false,"template":"","format":"standard","meta":{"footnotes":""},"categories":[50],"tags":[913,622],"class_list":["post-5599","post","type-post","status-publish","format-standard","has-post-thumbnail","hentry","category-region","tag-faculte-des-mathematiques-et-des-sciences-de-la-matiere","tag-ouargla"],"yoast_head":"<!-- This site is optimized with the Yoast SEO Premium plugin v22.6 (Yoast SEO v22.6) - https:\/\/yoast.com\/wordpress\/plugins\/seo\/ -->\n<title>Ouargla : Journ\u00e9es Portes Ouvertes sur la Facult\u00e9 des math\u00e9matiques et des sciences de la mati\u00e8re - El Mawkie<\/title>\n<meta name=\"robots\" content=\"index, follow, max-snippet:-1, max-image-preview:large, max-video-preview:-1\" \/>\n<link rel=\"canonical\" href=\"https:\/\/elmawkie.dz\/fr\/ouargla-journees-portes-ouvertes-la-faculte-des-mathematiques-et-des-sciences-de-la-matiere\/\" \/>\n<meta property=\"og:locale\" content=\"fr_FR\" \/>\n<meta property=\"og:type\" content=\"article\" \/>\n<meta property=\"og:title\" content=\"Ouargla : Journ\u00e9es Portes Ouvertes sur la Facult\u00e9 des math\u00e9matiques et des sciences de la mati\u00e8re\" \/>\n<meta property=\"og:description\" content=\"La manifestation \u00ab\u00a0Portes ouvertes\u00a0\u00bb sur la Facult\u00e9 des math\u00e9matiques et des sciences de la mati\u00e8re de l&rsquo;Universit\u00e9 Kasdi Merbah \u00e0 Ouargla (UKMO) a connu une large affluence des lyc\u00e9ens de classes de terminale, ont relev\u00e9 mardi les responsables de cette institution universitaire. Intervenant en application d&rsquo;une convention entre l&rsquo;UKMO et la direction de l&rsquo;Education de &hellip;\" \/>\n<meta property=\"og:url\" content=\"https:\/\/elmawkie.dz\/fr\/ouargla-journees-portes-ouvertes-la-faculte-des-mathematiques-et-des-sciences-de-la-matiere\/\" \/>\n<meta property=\"og:site_name\" content=\"El Mawkie\" \/>\n<meta property=\"article:publisher\" content=\"https:\/\/www.facebook.com\/profile.php?id=100088407094989&amp;locale=fr_FR\" \/>\n<meta property=\"article:published_time\" content=\"2024-10-08T17:38:28+00:00\" \/>\n<meta property=\"article:modified_time\" content=\"2024-10-08T17:39:01+00:00\" \/>\n<meta property=\"og:image\" content=\"https:\/\/elmawkie.dz\/fr\/wp-content\/uploads\/2024\/10\/IMG_2971.jpeg\" \/>\n\t<meta property=\"og:image:width\" content=\"2048\" \/>\n\t<meta property=\"og:image:height\" content=\"1365\" \/>\n\t<meta property=\"og:image:type\" content=\"image\/jpeg\" \/>\n<meta name=\"author\" content=\"R\u00e9daction\" \/>\n<meta name=\"twitter:card\" content=\"summary_large_image\" \/>\n<meta name=\"twitter:label1\" content=\"Written by\" \/>\n\t<meta name=\"twitter:data1\" content=\"R\u00e9daction\" \/>\n\t<meta name=\"twitter:label2\" content=\"Est. reading time\" \/>\n\t<meta name=\"twitter:data2\" content=\"1 minute\" \/>\n<script type=\"application\/ld+json\" class=\"yoast-schema-graph\">{\"@context\":\"https:\/\/schema.org\",\"@graph\":[{\"@type\":\"Article\",\"@id\":\"https:\/\/elmawkie.dz\/fr\/ouargla-journees-portes-ouvertes-la-faculte-des-mathematiques-et-des-sciences-de-la-matiere\/#article\",\"isPartOf\":{\"@id\":\"https:\/\/elmawkie.dz\/fr\/ouargla-journees-portes-ouvertes-la-faculte-des-mathematiques-et-des-sciences-de-la-matiere\/\"},\"author\":{\"name\":\"R\u00e9daction\",\"@id\":\"https:\/\/elmawkie.dz\/fr\/#\/schema\/person\/e7bd59d6467874ba5c4723d8a9f0a63c\"},\"headline\":\"Ouargla : Journ\u00e9es Portes Ouvertes sur la Facult\u00e9 des math\u00e9matiques et des sciences de la mati\u00e8re\",\"datePublished\":\"2024-10-08T17:38:28+00:00\",\"dateModified\":\"2024-10-08T17:39:01+00:00\",\"mainEntityOfPage\":{\"@id\":\"https:\/\/elmawkie.dz\/fr\/ouargla-journees-portes-ouvertes-la-faculte-des-mathematiques-et-des-sciences-de-la-matiere\/\"},\"wordCount\":196,\"commentCount\":0,\"publisher\":{\"@id\":\"https:\/\/elmawkie.dz\/fr\/#organization\"},\"image\":{\"@id\":\"https:\/\/elmawkie.dz\/fr\/ouargla-journees-portes-ouvertes-la-faculte-des-mathematiques-et-des-sciences-de-la-matiere\/#primaryimage\"},\"thumbnailUrl\":\"https:\/\/elmawkie.dz\/fr\/wp-content\/uploads\/2024\/10\/IMG_2971.jpeg\",\"keywords\":[\"Facult\u00e9 des math\u00e9matiques et des sciences de la mati\u00e8re\",\"Ouargla\"],\"articleSection\":[\"R\u00e9gion\"],\"inLanguage\":\"fr-FR\",\"potentialAction\":[{\"@type\":\"CommentAction\",\"name\":\"Comment\",\"target\":[\"https:\/\/elmawkie.dz\/fr\/ouargla-journees-portes-ouvertes-la-faculte-des-mathematiques-et-des-sciences-de-la-matiere\/#respond\"]}]},{\"@type\":\"WebPage\",\"@id\":\"https:\/\/elmawkie.dz\/fr\/ouargla-journees-portes-ouvertes-la-faculte-des-mathematiques-et-des-sciences-de-la-matiere\/\",\"url\":\"https:\/\/elmawkie.dz\/fr\/ouargla-journees-portes-ouvertes-la-faculte-des-mathematiques-et-des-sciences-de-la-matiere\/\",\"name\":\"Ouargla : Journ\u00e9es Portes Ouvertes sur la Facult\u00e9 des math\u00e9matiques et des sciences de la mati\u00e8re - El Mawkie\",\"isPartOf\":{\"@id\":\"https:\/\/elmawkie.dz\/fr\/#website\"},\"primaryImageOfPage\":{\"@id\":\"https:\/\/elmawkie.dz\/fr\/ouargla-journees-portes-ouvertes-la-faculte-des-mathematiques-et-des-sciences-de-la-matiere\/#primaryimage\"},\"image\":{\"@id\":\"https:\/\/elmawkie.dz\/fr\/ouargla-journees-portes-ouvertes-la-faculte-des-mathematiques-et-des-sciences-de-la-matiere\/#primaryimage\"},\"thumbnailUrl\":\"https:\/\/elmawkie.dz\/fr\/wp-content\/uploads\/2024\/10\/IMG_2971.jpeg\",\"datePublished\":\"2024-10-08T17:38:28+00:00\",\"dateModified\":\"2024-10-08T17:39:01+00:00\",\"breadcrumb\":{\"@id\":\"https:\/\/elmawkie.dz\/fr\/ouargla-journees-portes-ouvertes-la-faculte-des-mathematiques-et-des-sciences-de-la-matiere\/#breadcrumb\"},\"inLanguage\":\"fr-FR\",\"potentialAction\":[{\"@type\":\"ReadAction\",\"target\":[\"https:\/\/elmawkie.dz\/fr\/ouargla-journees-portes-ouvertes-la-faculte-des-mathematiques-et-des-sciences-de-la-matiere\/\"]}]},{\"@type\":\"ImageObject\",\"inLanguage\":\"fr-FR\",\"@id\":\"https:\/\/elmawkie.dz\/fr\/ouargla-journees-portes-ouvertes-la-faculte-des-mathematiques-et-des-sciences-de-la-matiere\/#primaryimage\",\"url\":\"https:\/\/elmawkie.dz\/fr\/wp-content\/uploads\/2024\/10\/IMG_2971.jpeg\",\"contentUrl\":\"https:\/\/elmawkie.dz\/fr\/wp-content\/uploads\/2024\/10\/IMG_2971.jpeg\",\"width\":2048,\"height\":1365},{\"@type\":\"BreadcrumbList\",\"@id\":\"https:\/\/elmawkie.dz\/fr\/ouargla-journees-portes-ouvertes-la-faculte-des-mathematiques-et-des-sciences-de-la-matiere\/#breadcrumb\",\"itemListElement\":[{\"@type\":\"ListItem\",\"position\":1,\"name\":\"Home\",\"item\":\"https:\/\/elmawkie.dz\/fr\/\"},{\"@type\":\"ListItem\",\"position\":2,\"name\":\"Ouargla : Journ\u00e9es Portes Ouvertes sur la Facult\u00e9 des math\u00e9matiques et des sciences de la mati\u00e8re\"}]},{\"@type\":\"WebSite\",\"@id\":\"https:\/\/elmawkie.dz\/fr\/#website\",\"url\":\"https:\/\/elmawkie.dz\/fr\/\",\"name\":\"EL MAWKIE\",\"description\":\"Journal \u00c9lectronique Alg\u00e9rien\",\"publisher\":{\"@id\":\"https:\/\/elmawkie.dz\/fr\/#organization\"},\"potentialAction\":[{\"@type\":\"SearchAction\",\"target\":{\"@type\":\"EntryPoint\",\"urlTemplate\":\"https:\/\/elmawkie.dz\/fr\/?s={search_term_string}\"},\"query-input\":\"required name=search_term_string\"}],\"inLanguage\":\"fr-FR\"},{\"@type\":\"Organization\",\"@id\":\"https:\/\/elmawkie.dz\/fr\/#organization\",\"name\":\"EL MAWKIE\",\"url\":\"https:\/\/elmawkie.dz\/fr\/\",\"logo\":{\"@type\":\"ImageObject\",\"inLanguage\":\"fr-FR\",\"@id\":\"https:\/\/elmawkie.dz\/fr\/#\/schema\/logo\/image\/\",\"url\":\"https:\/\/elmawkie.dz\/fr\/wp-content\/uploads\/2024\/05\/logo1.png\",\"contentUrl\":\"https:\/\/elmawkie.dz\/fr\/wp-content\/uploads\/2024\/05\/logo1.png\",\"width\":1648,\"height\":652,\"caption\":\"EL MAWKIE\"},\"image\":{\"@id\":\"https:\/\/elmawkie.dz\/fr\/#\/schema\/logo\/image\/\"},\"sameAs\":[\"https:\/\/www.facebook.com\/profile.php?id=100088407094989&locale=fr_FR\"]},{\"@type\":\"Person\",\"@id\":\"https:\/\/elmawkie.dz\/fr\/#\/schema\/person\/e7bd59d6467874ba5c4723d8a9f0a63c\",\"name\":\"R\u00e9daction\",\"image\":{\"@type\":\"ImageObject\",\"inLanguage\":\"fr-FR\",\"@id\":\"https:\/\/elmawkie.dz\/fr\/#\/schema\/person\/image\/\",\"url\":\"https:\/\/secure.gravatar.com\/avatar\/f0f773456344da4d2788c054a3d30a0c?s=96&d=mm&r=g\",\"contentUrl\":\"https:\/\/secure.gravatar.com\/avatar\/f0f773456344da4d2788c054a3d30a0c?s=96&d=mm&r=g\",\"caption\":\"R\u00e9daction\"},\"url\":\"https:\/\/elmawkie.dz\/fr\/author\/redaction\/\"}]}<\/script>\n<!-- \/ Yoast SEO Premium plugin. -->","yoast_head_json":{"title":"Ouargla : Journ\u00e9es Portes Ouvertes sur la Facult\u00e9 des math\u00e9matiques et des sciences de la mati\u00e8re - El Mawkie","robots":{"index":"index","follow":"follow","max-snippet":"max-snippet:-1","max-image-preview":"max-image-preview:large","max-video-preview":"max-video-preview:-1"},"canonical":"https:\/\/elmawkie.dz\/fr\/ouargla-journees-portes-ouvertes-la-faculte-des-mathematiques-et-des-sciences-de-la-matiere\/","og_locale":"fr_FR","og_type":"article","og_title":"Ouargla : Journ\u00e9es Portes Ouvertes sur la Facult\u00e9 des math\u00e9matiques et des sciences de la mati\u00e8re","og_description":"La manifestation \u00ab\u00a0Portes ouvertes\u00a0\u00bb sur la Facult\u00e9 des math\u00e9matiques et des sciences de la mati\u00e8re de l&rsquo;Universit\u00e9 Kasdi Merbah \u00e0 Ouargla (UKMO) a connu une large affluence des lyc\u00e9ens de classes de terminale, ont relev\u00e9 mardi les responsables de cette institution universitaire. Intervenant en application d&rsquo;une convention entre l&rsquo;UKMO et la direction de l&rsquo;Education de &hellip;","og_url":"https:\/\/elmawkie.dz\/fr\/ouargla-journees-portes-ouvertes-la-faculte-des-mathematiques-et-des-sciences-de-la-matiere\/","og_site_name":"El Mawkie","article_publisher":"https:\/\/www.facebook.com\/profile.php?id=100088407094989&locale=fr_FR","article_published_time":"2024-10-08T17:38:28+00:00","article_modified_time":"2024-10-08T17:39:01+00:00","og_image":[{"width":2048,"height":1365,"url":"https:\/\/elmawkie.dz\/fr\/wp-content\/uploads\/2024\/10\/IMG_2971.jpeg","type":"image\/jpeg"}],"author":"R\u00e9daction","twitter_card":"summary_large_image","twitter_misc":{"Written by":"R\u00e9daction","Est. reading time":"1 minute"},"schema":{"@context":"https:\/\/schema.org","@graph":[{"@type":"Article","@id":"https:\/\/elmawkie.dz\/fr\/ouargla-journees-portes-ouvertes-la-faculte-des-mathematiques-et-des-sciences-de-la-matiere\/#article","isPartOf":{"@id":"https:\/\/elmawkie.dz\/fr\/ouargla-journees-portes-ouvertes-la-faculte-des-mathematiques-et-des-sciences-de-la-matiere\/"},"author":{"name":"R\u00e9daction","@id":"https:\/\/elmawkie.dz\/fr\/#\/schema\/person\/e7bd59d6467874ba5c4723d8a9f0a63c"},"headline":"Ouargla : Journ\u00e9es Portes Ouvertes sur la Facult\u00e9 des math\u00e9matiques et des sciences de la mati\u00e8re","datePublished":"2024-10-08T17:38:28+00:00","dateModified":"2024-10-08T17:39:01+00:00","mainEntityOfPage":{"@id":"https:\/\/elmawkie.dz\/fr\/ouargla-journees-portes-ouvertes-la-faculte-des-mathematiques-et-des-sciences-de-la-matiere\/"},"wordCount":196,"commentCount":0,"publisher":{"@id":"https:\/\/elmawkie.dz\/fr\/#organization"},"image":{"@id":"https:\/\/elmawkie.dz\/fr\/ouargla-journees-portes-ouvertes-la-faculte-des-mathematiques-et-des-sciences-de-la-matiere\/#primaryimage"},"thumbnailUrl":"https:\/\/elmawkie.dz\/fr\/wp-content\/uploads\/2024\/10\/IMG_2971.jpeg","keywords":["Facult\u00e9 des math\u00e9matiques et des sciences de la mati\u00e8re","Ouargla"],"articleSection":["R\u00e9gion"],"inLanguage":"fr-FR","potentialAction":[{"@type":"CommentAction","name":"Comment","target":["https:\/\/elmawkie.dz\/fr\/ouargla-journees-portes-ouvertes-la-faculte-des-mathematiques-et-des-sciences-de-la-matiere\/#respond"]}]},{"@type":"WebPage","@id":"https:\/\/elmawkie.dz\/fr\/ouargla-journees-portes-ouvertes-la-faculte-des-mathematiques-et-des-sciences-de-la-matiere\/","url":"https:\/\/elmawkie.dz\/fr\/ouargla-journees-portes-ouvertes-la-faculte-des-mathematiques-et-des-sciences-de-la-matiere\/","name":"Ouargla : Journ\u00e9es Portes Ouvertes sur la Facult\u00e9 des math\u00e9matiques et des sciences de la mati\u00e8re - El Mawkie","isPartOf":{"@id":"https:\/\/elmawkie.dz\/fr\/#website"},"primaryImageOfPage":{"@id":"https:\/\/elmawkie.dz\/fr\/ouargla-journees-portes-ouvertes-la-faculte-des-mathematiques-et-des-sciences-de-la-matiere\/#primaryimage"},"image":{"@id":"https:\/\/elmawkie.dz\/fr\/ouargla-journees-portes-ouvertes-la-faculte-des-mathematiques-et-des-sciences-de-la-matiere\/#primaryimage"},"thumbnailUrl":"https:\/\/elmawkie.dz\/fr\/wp-content\/uploads\/2024\/10\/IMG_2971.jpeg","datePublished":"2024-10-08T17:38:28+00:00","dateModified":"2024-10-08T17:39:01+00:00","breadcrumb":{"@id":"https:\/\/elmawkie.dz\/fr\/ouargla-journees-portes-ouvertes-la-faculte-des-mathematiques-et-des-sciences-de-la-matiere\/#breadcrumb"},"inLanguage":"fr-FR","potentialAction":[{"@type":"ReadAction","target":["https:\/\/elmawkie.dz\/fr\/ouargla-journees-portes-ouvertes-la-faculte-des-mathematiques-et-des-sciences-de-la-matiere\/"]}]},{"@type":"ImageObject","inLanguage":"fr-FR","@id":"https:\/\/elmawkie.dz\/fr\/ouargla-journees-portes-ouvertes-la-faculte-des-mathematiques-et-des-sciences-de-la-matiere\/#primaryimage","url":"https:\/\/elmawkie.dz\/fr\/wp-content\/uploads\/2024\/10\/IMG_2971.jpeg","contentUrl":"https:\/\/elmawkie.dz\/fr\/wp-content\/uploads\/2024\/10\/IMG_2971.jpeg","width":2048,"height":1365},{"@type":"BreadcrumbList","@id":"https:\/\/elmawkie.dz\/fr\/ouargla-journees-portes-ouvertes-la-faculte-des-mathematiques-et-des-sciences-de-la-matiere\/#breadcrumb","itemListElement":[{"@type":"ListItem","position":1,"name":"Home","item":"https:\/\/elmawkie.dz\/fr\/"},{"@type":"ListItem","position":2,"name":"Ouargla : Journ\u00e9es Portes Ouvertes sur la Facult\u00e9 des math\u00e9matiques et des sciences de la mati\u00e8re"}]},{"@type":"WebSite","@id":"https:\/\/elmawkie.dz\/fr\/#website","url":"https:\/\/elmawkie.dz\/fr\/","name":"EL MAWKIE","description":"Journal \u00c9lectronique Alg\u00e9rien","publisher":{"@id":"https:\/\/elmawkie.dz\/fr\/#organization"},"potentialAction":[{"@type":"SearchAction","target":{"@type":"EntryPoint","urlTemplate":"https:\/\/elmawkie.dz\/fr\/?s={search_term_string}"},"query-input":"required name=search_term_string"}],"inLanguage":"fr-FR"},{"@type":"Organization","@id":"https:\/\/elmawkie.dz\/fr\/#organization","name":"EL MAWKIE","url":"https:\/\/elmawkie.dz\/fr\/","logo":{"@type":"ImageObject","inLanguage":"fr-FR","@id":"https:\/\/elmawkie.dz\/fr\/#\/schema\/logo\/image\/","url":"https:\/\/elmawkie.dz\/fr\/wp-content\/uploads\/2024\/05\/logo1.png","contentUrl":"https:\/\/elmawkie.dz\/fr\/wp-content\/uploads\/2024\/05\/logo1.png","width":1648,"height":652,"caption":"EL MAWKIE"},"image":{"@id":"https:\/\/elmawkie.dz\/fr\/#\/schema\/logo\/image\/"},"sameAs":["https:\/\/www.facebook.com\/profile.php?id=100088407094989&locale=fr_FR"]},{"@type":"Person","@id":"https:\/\/elmawkie.dz\/fr\/#\/schema\/person\/e7bd59d6467874ba5c4723d8a9f0a63c","name":"R\u00e9daction","image":{"@type":"ImageObject","inLanguage":"fr-FR","@id":"https:\/\/elmawkie.dz\/fr\/#\/schema\/person\/image\/","url":"https:\/\/secure.gravatar.com\/avatar\/f0f773456344da4d2788c054a3d30a0c?s=96&d=mm&r=g","contentUrl":"https:\/\/secure.gravatar.com\/avatar\/f0f773456344da4d2788c054a3d30a0c?s=96&d=mm&r=g","caption":"R\u00e9daction"},"url":"https:\/\/elmawkie.dz\/fr\/author\/redaction\/"}]}},"_links":{"self":[{"href":"https:\/\/elmawkie.dz\/fr\/wp-json\/wp\/v2\/posts\/5599","targetHints":{"allow":["GET"]}}],"collection":[{"href":"https:\/\/elmawkie.dz\/fr\/wp-json\/wp\/v2\/posts"}],"about":[{"href":"https:\/\/elmawkie.dz\/fr\/wp-json\/wp\/v2\/types\/post"}],"author":[{"embeddable":true,"href":"https:\/\/elmawkie.dz\/fr\/wp-json\/wp\/v2\/users\/9"}],"replies":[{"embeddable":true,"href":"https:\/\/elmawkie.dz\/fr\/wp-json\/wp\/v2\/comments?post=5599"}],"version-history":[{"count":0,"href":"https:\/\/elmawkie.dz\/fr\/wp-json\/wp\/v2\/posts\/5599\/revisions"}],"wp:featuredmedia":[{"embeddable":true,"href":"https:\/\/elmawkie.dz\/fr\/wp-json\/wp\/v2\/media\/5600"}],"wp:attachment":[{"href":"https:\/\/elmawkie.dz\/fr\/wp-json\/wp\/v2\/media?parent=5599"}],"wp:term":[{"taxonomy":"category","embeddable":true,"href":"https:\/\/elmawkie.dz\/fr\/wp-json\/wp\/v2\/categories?post=5599"},{"taxonomy":"post_tag","embeddable":true,"href":"https:\/\/elmawkie.dz\/fr\/wp-json\/wp\/v2\/tags?post=5599"}],"curies":[{"name":"wp","href":"https:\/\/api.w.org\/{rel}","templated":true}]}}