{"id":5593,"date":"2024-10-08T16:22:51","date_gmt":"2024-10-08T15:22:51","guid":{"rendered":"https:\/\/elmawkie.dz\/fr\/?p=5593"},"modified":"2024-10-08T16:26:03","modified_gmt":"2024-10-08T15:26:03","slug":"vers-la-production-de-vehicules-utilitaires-iveco-en-algerie","status":"publish","type":"post","link":"https:\/\/elmawkie.dz\/fr\/vers-la-production-de-vehicules-utilitaires-iveco-en-algerie\/","title":{"rendered":"Vers la production de v\u00e9hicules utilitaires \u00a0\u00bb IVECO\u00a0\u00bb  en Alg\u00e9rie"},"content":{"rendered":"<p><strong><em>Le ministre de l&rsquo;Industrie et de la Production pharmaceutique, Ali Aoun, a re\u00e7u mardi \u00e0 Alger, une d\u00e9l\u00e9gation du groupe italien de fabrication automobile \u00ab\u00a0IVECO\u00a0\u00bb, conduite par le directeur r\u00e9gional du groupe pour l&rsquo;Afrique du Nord et le Moyen-Orient, M. Impelluso Carmelo qui a pr\u00e9sent\u00e9 un projet de fabrication de v\u00e9hicules utilitaires moyens et lourds en Alg\u00e9rie, indique un communiqu\u00e9 du minist\u00e8re.<\/em><\/strong><\/p>\n<p><strong><em>Lors de cette rencontre tenue au si\u00e8ge du minist\u00e8re en pr\u00e9sence de l&rsquo;ambassadeur d&rsquo;Italie en Alg\u00e9rie, M. Alberto Cutillo, le partenaire italien qui \u00ab\u00a0avait entam\u00e9 les d\u00e9marches d&rsquo;implantation de l&rsquo;usine avec son partenaire alg\u00e9rien\u00a0\u00bb, a pr\u00e9sent\u00e9 la politique du groupe de fabrication automobile \u00ab\u00a0IVECO\u00a0\u00bb, ax\u00e9e, d&rsquo;une part sur \u00ab\u00a0la satisfaction des besoins du march\u00e9 alg\u00e9rien, et d&rsquo;autre part sur l&rsquo;exportation\u00a0\u00bb, ajoute le communiqu\u00e9. A l&rsquo;issue de la pr\u00e9sentation, M. Aoun s&rsquo;est f\u00e9licit\u00e9 des relations entre l&rsquo;Alg\u00e9rie et l&rsquo;Italie, soulignant \u00ab\u00a0la n\u00e9cessit\u00e9 de d\u00e9velopper une v\u00e9ritable industrie automobile, bas\u00e9e sur l&rsquo;int\u00e9gration locale \u00e0 travers la mobilisation des sous-traitants locaux\u00a0\u00bb. Le ministre a en outre relev\u00e9 \u00ab\u00a0la n\u00e9cessit\u00e9 du respect du cahier des charges pour obtenir l&rsquo;agr\u00e9ment et lancer cette activit\u00e9 dans les meilleurs d\u00e9lais\u00a0\u00bb, note le communiqu\u00e9.<\/em><\/strong><\/p>\n","protected":false},"excerpt":{"rendered":"<p>Le ministre de l&rsquo;Industrie et de la Production pharmaceutique, Ali Aoun, a re\u00e7u mardi \u00e0 Alger, une d\u00e9l\u00e9gation du groupe italien de fabrication automobile \u00ab\u00a0IVECO\u00a0\u00bb, conduite par le directeur r\u00e9gional du groupe pour l&rsquo;Afrique du Nord et le Moyen-Orient, M. Impelluso Carmelo qui a pr\u00e9sent\u00e9 un projet de fabrication de v\u00e9hicules utilitaires moyens et lourds &hellip;<\/p>\n","protected":false},"author":9,"featured_media":5594,"comment_status":"open","ping_status":"open","sticky":false,"template":"","format":"standard","meta":{"footnotes":""},"categories":[763],"tags":[88,474,912],"class_list":["post-5593","post","type-post","status-publish","format-standard","has-post-thumbnail","hentry","category-economie","tag-algerie","tag-iveco","tag-vehicules-utilitaires"],"yoast_head":"<!-- This site is optimized with the Yoast SEO Premium plugin v22.6 (Yoast SEO v22.6) - https:\/\/yoast.com\/wordpress\/plugins\/seo\/ -->\n<title>Vers la production de v\u00e9hicules utilitaires &quot; IVECO&quot; en Alg\u00e9rie - El Mawkie<\/title>\n<meta name=\"robots\" content=\"index, follow, max-snippet:-1, max-image-preview:large, max-video-preview:-1\" \/>\n<link rel=\"canonical\" href=\"https:\/\/elmawkie.dz\/fr\/vers-la-production-de-vehicules-utilitaires-iveco-en-algerie\/\" \/>\n<meta property=\"og:locale\" content=\"fr_FR\" \/>\n<meta property=\"og:type\" content=\"article\" \/>\n<meta property=\"og:title\" content=\"Vers la production de v\u00e9hicules utilitaires &quot; IVECO&quot; en Alg\u00e9rie\" \/>\n<meta property=\"og:description\" content=\"Le ministre de l&rsquo;Industrie et de la Production pharmaceutique, Ali Aoun, a re\u00e7u mardi \u00e0 Alger, une d\u00e9l\u00e9gation du groupe italien de fabrication automobile \u00ab\u00a0IVECO\u00a0\u00bb, conduite par le directeur r\u00e9gional du groupe pour l&rsquo;Afrique du Nord et le Moyen-Orient, M. Impelluso Carmelo qui a pr\u00e9sent\u00e9 un projet de fabrication de v\u00e9hicules utilitaires moyens et lourds &hellip;\" \/>\n<meta property=\"og:url\" content=\"https:\/\/elmawkie.dz\/fr\/vers-la-production-de-vehicules-utilitaires-iveco-en-algerie\/\" \/>\n<meta property=\"og:site_name\" content=\"El Mawkie\" \/>\n<meta property=\"article:publisher\" content=\"https:\/\/www.facebook.com\/profile.php?id=100088407094989&amp;locale=fr_FR\" \/>\n<meta property=\"article:published_time\" content=\"2024-10-08T15:22:51+00:00\" \/>\n<meta property=\"article:modified_time\" content=\"2024-10-08T15:26:03+00:00\" \/>\n<meta property=\"og:image\" content=\"https:\/\/elmawkie.dz\/fr\/wp-content\/uploads\/2024\/10\/IMG_2968.jpeg\" \/>\n\t<meta property=\"og:image:width\" content=\"1600\" \/>\n\t<meta property=\"og:image:height\" content=\"1094\" \/>\n\t<meta property=\"og:image:type\" content=\"image\/jpeg\" \/>\n<meta name=\"author\" content=\"R\u00e9daction\" \/>\n<meta name=\"twitter:card\" content=\"summary_large_image\" \/>\n<meta name=\"twitter:label1\" content=\"Written by\" \/>\n\t<meta name=\"twitter:data1\" content=\"R\u00e9daction\" \/>\n\t<meta name=\"twitter:label2\" content=\"Est. reading time\" \/>\n\t<meta name=\"twitter:data2\" content=\"1 minute\" \/>\n<script type=\"application\/ld+json\" class=\"yoast-schema-graph\">{\"@context\":\"https:\/\/schema.org\",\"@graph\":[{\"@type\":\"Article\",\"@id\":\"https:\/\/elmawkie.dz\/fr\/vers-la-production-de-vehicules-utilitaires-iveco-en-algerie\/#article\",\"isPartOf\":{\"@id\":\"https:\/\/elmawkie.dz\/fr\/vers-la-production-de-vehicules-utilitaires-iveco-en-algerie\/\"},\"author\":{\"name\":\"R\u00e9daction\",\"@id\":\"https:\/\/elmawkie.dz\/fr\/#\/schema\/person\/e7bd59d6467874ba5c4723d8a9f0a63c\"},\"headline\":\"Vers la production de v\u00e9hicules utilitaires \u00a0\u00bb IVECO\u00a0\u00bb en Alg\u00e9rie\",\"datePublished\":\"2024-10-08T15:22:51+00:00\",\"dateModified\":\"2024-10-08T15:26:03+00:00\",\"mainEntityOfPage\":{\"@id\":\"https:\/\/elmawkie.dz\/fr\/vers-la-production-de-vehicules-utilitaires-iveco-en-algerie\/\"},\"wordCount\":240,\"commentCount\":0,\"publisher\":{\"@id\":\"https:\/\/elmawkie.dz\/fr\/#organization\"},\"image\":{\"@id\":\"https:\/\/elmawkie.dz\/fr\/vers-la-production-de-vehicules-utilitaires-iveco-en-algerie\/#primaryimage\"},\"thumbnailUrl\":\"https:\/\/elmawkie.dz\/fr\/wp-content\/uploads\/2024\/10\/IMG_2968.jpeg\",\"keywords\":[\"Alg\u00e9rie\",\"Iveco\",\"V\u00e9hicules utilitaires\"],\"articleSection\":[\"Economie\"],\"inLanguage\":\"fr-FR\",\"potentialAction\":[{\"@type\":\"CommentAction\",\"name\":\"Comment\",\"target\":[\"https:\/\/elmawkie.dz\/fr\/vers-la-production-de-vehicules-utilitaires-iveco-en-algerie\/#respond\"]}]},{\"@type\":\"WebPage\",\"@id\":\"https:\/\/elmawkie.dz\/fr\/vers-la-production-de-vehicules-utilitaires-iveco-en-algerie\/\",\"url\":\"https:\/\/elmawkie.dz\/fr\/vers-la-production-de-vehicules-utilitaires-iveco-en-algerie\/\",\"name\":\"Vers la production de v\u00e9hicules utilitaires \\\" IVECO\\\" en Alg\u00e9rie - El Mawkie\",\"isPartOf\":{\"@id\":\"https:\/\/elmawkie.dz\/fr\/#website\"},\"primaryImageOfPage\":{\"@id\":\"https:\/\/elmawkie.dz\/fr\/vers-la-production-de-vehicules-utilitaires-iveco-en-algerie\/#primaryimage\"},\"image\":{\"@id\":\"https:\/\/elmawkie.dz\/fr\/vers-la-production-de-vehicules-utilitaires-iveco-en-algerie\/#primaryimage\"},\"thumbnailUrl\":\"https:\/\/elmawkie.dz\/fr\/wp-content\/uploads\/2024\/10\/IMG_2968.jpeg\",\"datePublished\":\"2024-10-08T15:22:51+00:00\",\"dateModified\":\"2024-10-08T15:26:03+00:00\",\"breadcrumb\":{\"@id\":\"https:\/\/elmawkie.dz\/fr\/vers-la-production-de-vehicules-utilitaires-iveco-en-algerie\/#breadcrumb\"},\"inLanguage\":\"fr-FR\",\"potentialAction\":[{\"@type\":\"ReadAction\",\"target\":[\"https:\/\/elmawkie.dz\/fr\/vers-la-production-de-vehicules-utilitaires-iveco-en-algerie\/\"]}]},{\"@type\":\"ImageObject\",\"inLanguage\":\"fr-FR\",\"@id\":\"https:\/\/elmawkie.dz\/fr\/vers-la-production-de-vehicules-utilitaires-iveco-en-algerie\/#primaryimage\",\"url\":\"https:\/\/elmawkie.dz\/fr\/wp-content\/uploads\/2024\/10\/IMG_2968.jpeg\",\"contentUrl\":\"https:\/\/elmawkie.dz\/fr\/wp-content\/uploads\/2024\/10\/IMG_2968.jpeg\",\"width\":1600,\"height\":1094},{\"@type\":\"BreadcrumbList\",\"@id\":\"https:\/\/elmawkie.dz\/fr\/vers-la-production-de-vehicules-utilitaires-iveco-en-algerie\/#breadcrumb\",\"itemListElement\":[{\"@type\":\"ListItem\",\"position\":1,\"name\":\"Home\",\"item\":\"https:\/\/elmawkie.dz\/fr\/\"},{\"@type\":\"ListItem\",\"position\":2,\"name\":\"Vers la production de v\u00e9hicules utilitaires \u00a0\u00bb IVECO\u00a0\u00bb en Alg\u00e9rie\"}]},{\"@type\":\"WebSite\",\"@id\":\"https:\/\/elmawkie.dz\/fr\/#website\",\"url\":\"https:\/\/elmawkie.dz\/fr\/\",\"name\":\"EL MAWKIE\",\"description\":\"Journal \u00c9lectronique Alg\u00e9rien\",\"publisher\":{\"@id\":\"https:\/\/elmawkie.dz\/fr\/#organization\"},\"potentialAction\":[{\"@type\":\"SearchAction\",\"target\":{\"@type\":\"EntryPoint\",\"urlTemplate\":\"https:\/\/elmawkie.dz\/fr\/?s={search_term_string}\"},\"query-input\":\"required name=search_term_string\"}],\"inLanguage\":\"fr-FR\"},{\"@type\":\"Organization\",\"@id\":\"https:\/\/elmawkie.dz\/fr\/#organization\",\"name\":\"EL MAWKIE\",\"url\":\"https:\/\/elmawkie.dz\/fr\/\",\"logo\":{\"@type\":\"ImageObject\",\"inLanguage\":\"fr-FR\",\"@id\":\"https:\/\/elmawkie.dz\/fr\/#\/schema\/logo\/image\/\",\"url\":\"https:\/\/elmawkie.dz\/fr\/wp-content\/uploads\/2024\/05\/logo1.png\",\"contentUrl\":\"https:\/\/elmawkie.dz\/fr\/wp-content\/uploads\/2024\/05\/logo1.png\",\"width\":1648,\"height\":652,\"caption\":\"EL MAWKIE\"},\"image\":{\"@id\":\"https:\/\/elmawkie.dz\/fr\/#\/schema\/logo\/image\/\"},\"sameAs\":[\"https:\/\/www.facebook.com\/profile.php?id=100088407094989&locale=fr_FR\"]},{\"@type\":\"Person\",\"@id\":\"https:\/\/elmawkie.dz\/fr\/#\/schema\/person\/e7bd59d6467874ba5c4723d8a9f0a63c\",\"name\":\"R\u00e9daction\",\"image\":{\"@type\":\"ImageObject\",\"inLanguage\":\"fr-FR\",\"@id\":\"https:\/\/elmawkie.dz\/fr\/#\/schema\/person\/image\/\",\"url\":\"https:\/\/secure.gravatar.com\/avatar\/f0f773456344da4d2788c054a3d30a0c?s=96&d=mm&r=g\",\"contentUrl\":\"https:\/\/secure.gravatar.com\/avatar\/f0f773456344da4d2788c054a3d30a0c?s=96&d=mm&r=g\",\"caption\":\"R\u00e9daction\"},\"url\":\"https:\/\/elmawkie.dz\/fr\/author\/redaction\/\"}]}<\/script>\n<!-- \/ Yoast SEO Premium plugin. -->","yoast_head_json":{"title":"Vers la production de v\u00e9hicules utilitaires \" IVECO\" en Alg\u00e9rie - El Mawkie","robots":{"index":"index","follow":"follow","max-snippet":"max-snippet:-1","max-image-preview":"max-image-preview:large","max-video-preview":"max-video-preview:-1"},"canonical":"https:\/\/elmawkie.dz\/fr\/vers-la-production-de-vehicules-utilitaires-iveco-en-algerie\/","og_locale":"fr_FR","og_type":"article","og_title":"Vers la production de v\u00e9hicules utilitaires \" IVECO\" en Alg\u00e9rie","og_description":"Le ministre de l&rsquo;Industrie et de la Production pharmaceutique, Ali Aoun, a re\u00e7u mardi \u00e0 Alger, une d\u00e9l\u00e9gation du groupe italien de fabrication automobile \u00ab\u00a0IVECO\u00a0\u00bb, conduite par le directeur r\u00e9gional du groupe pour l&rsquo;Afrique du Nord et le Moyen-Orient, M. Impelluso Carmelo qui a pr\u00e9sent\u00e9 un projet de fabrication de v\u00e9hicules utilitaires moyens et lourds &hellip;","og_url":"https:\/\/elmawkie.dz\/fr\/vers-la-production-de-vehicules-utilitaires-iveco-en-algerie\/","og_site_name":"El Mawkie","article_publisher":"https:\/\/www.facebook.com\/profile.php?id=100088407094989&locale=fr_FR","article_published_time":"2024-10-08T15:22:51+00:00","article_modified_time":"2024-10-08T15:26:03+00:00","og_image":[{"width":1600,"height":1094,"url":"https:\/\/elmawkie.dz\/fr\/wp-content\/uploads\/2024\/10\/IMG_2968.jpeg","type":"image\/jpeg"}],"author":"R\u00e9daction","twitter_card":"summary_large_image","twitter_misc":{"Written by":"R\u00e9daction","Est. reading time":"1 minute"},"schema":{"@context":"https:\/\/schema.org","@graph":[{"@type":"Article","@id":"https:\/\/elmawkie.dz\/fr\/vers-la-production-de-vehicules-utilitaires-iveco-en-algerie\/#article","isPartOf":{"@id":"https:\/\/elmawkie.dz\/fr\/vers-la-production-de-vehicules-utilitaires-iveco-en-algerie\/"},"author":{"name":"R\u00e9daction","@id":"https:\/\/elmawkie.dz\/fr\/#\/schema\/person\/e7bd59d6467874ba5c4723d8a9f0a63c"},"headline":"Vers la production de v\u00e9hicules utilitaires \u00a0\u00bb IVECO\u00a0\u00bb en Alg\u00e9rie","datePublished":"2024-10-08T15:22:51+00:00","dateModified":"2024-10-08T15:26:03+00:00","mainEntityOfPage":{"@id":"https:\/\/elmawkie.dz\/fr\/vers-la-production-de-vehicules-utilitaires-iveco-en-algerie\/"},"wordCount":240,"commentCount":0,"publisher":{"@id":"https:\/\/elmawkie.dz\/fr\/#organization"},"image":{"@id":"https:\/\/elmawkie.dz\/fr\/vers-la-production-de-vehicules-utilitaires-iveco-en-algerie\/#primaryimage"},"thumbnailUrl":"https:\/\/elmawkie.dz\/fr\/wp-content\/uploads\/2024\/10\/IMG_2968.jpeg","keywords":["Alg\u00e9rie","Iveco","V\u00e9hicules utilitaires"],"articleSection":["Economie"],"inLanguage":"fr-FR","potentialAction":[{"@type":"CommentAction","name":"Comment","target":["https:\/\/elmawkie.dz\/fr\/vers-la-production-de-vehicules-utilitaires-iveco-en-algerie\/#respond"]}]},{"@type":"WebPage","@id":"https:\/\/elmawkie.dz\/fr\/vers-la-production-de-vehicules-utilitaires-iveco-en-algerie\/","url":"https:\/\/elmawkie.dz\/fr\/vers-la-production-de-vehicules-utilitaires-iveco-en-algerie\/","name":"Vers la production de v\u00e9hicules utilitaires \" IVECO\" en Alg\u00e9rie - El Mawkie","isPartOf":{"@id":"https:\/\/elmawkie.dz\/fr\/#website"},"primaryImageOfPage":{"@id":"https:\/\/elmawkie.dz\/fr\/vers-la-production-de-vehicules-utilitaires-iveco-en-algerie\/#primaryimage"},"image":{"@id":"https:\/\/elmawkie.dz\/fr\/vers-la-production-de-vehicules-utilitaires-iveco-en-algerie\/#primaryimage"},"thumbnailUrl":"https:\/\/elmawkie.dz\/fr\/wp-content\/uploads\/2024\/10\/IMG_2968.jpeg","datePublished":"2024-10-08T15:22:51+00:00","dateModified":"2024-10-08T15:26:03+00:00","breadcrumb":{"@id":"https:\/\/elmawkie.dz\/fr\/vers-la-production-de-vehicules-utilitaires-iveco-en-algerie\/#breadcrumb"},"inLanguage":"fr-FR","potentialAction":[{"@type":"ReadAction","target":["https:\/\/elmawkie.dz\/fr\/vers-la-production-de-vehicules-utilitaires-iveco-en-algerie\/"]}]},{"@type":"ImageObject","inLanguage":"fr-FR","@id":"https:\/\/elmawkie.dz\/fr\/vers-la-production-de-vehicules-utilitaires-iveco-en-algerie\/#primaryimage","url":"https:\/\/elmawkie.dz\/fr\/wp-content\/uploads\/2024\/10\/IMG_2968.jpeg","contentUrl":"https:\/\/elmawkie.dz\/fr\/wp-content\/uploads\/2024\/10\/IMG_2968.jpeg","width":1600,"height":1094},{"@type":"BreadcrumbList","@id":"https:\/\/elmawkie.dz\/fr\/vers-la-production-de-vehicules-utilitaires-iveco-en-algerie\/#breadcrumb","itemListElement":[{"@type":"ListItem","position":1,"name":"Home","item":"https:\/\/elmawkie.dz\/fr\/"},{"@type":"ListItem","position":2,"name":"Vers la production de v\u00e9hicules utilitaires \u00a0\u00bb IVECO\u00a0\u00bb en Alg\u00e9rie"}]},{"@type":"WebSite","@id":"https:\/\/elmawkie.dz\/fr\/#website","url":"https:\/\/elmawkie.dz\/fr\/","name":"EL MAWKIE","description":"Journal \u00c9lectronique Alg\u00e9rien","publisher":{"@id":"https:\/\/elmawkie.dz\/fr\/#organization"},"potentialAction":[{"@type":"SearchAction","target":{"@type":"EntryPoint","urlTemplate":"https:\/\/elmawkie.dz\/fr\/?s={search_term_string}"},"query-input":"required name=search_term_string"}],"inLanguage":"fr-FR"},{"@type":"Organization","@id":"https:\/\/elmawkie.dz\/fr\/#organization","name":"EL MAWKIE","url":"https:\/\/elmawkie.dz\/fr\/","logo":{"@type":"ImageObject","inLanguage":"fr-FR","@id":"https:\/\/elmawkie.dz\/fr\/#\/schema\/logo\/image\/","url":"https:\/\/elmawkie.dz\/fr\/wp-content\/uploads\/2024\/05\/logo1.png","contentUrl":"https:\/\/elmawkie.dz\/fr\/wp-content\/uploads\/2024\/05\/logo1.png","width":1648,"height":652,"caption":"EL MAWKIE"},"image":{"@id":"https:\/\/elmawkie.dz\/fr\/#\/schema\/logo\/image\/"},"sameAs":["https:\/\/www.facebook.com\/profile.php?id=100088407094989&locale=fr_FR"]},{"@type":"Person","@id":"https:\/\/elmawkie.dz\/fr\/#\/schema\/person\/e7bd59d6467874ba5c4723d8a9f0a63c","name":"R\u00e9daction","image":{"@type":"ImageObject","inLanguage":"fr-FR","@id":"https:\/\/elmawkie.dz\/fr\/#\/schema\/person\/image\/","url":"https:\/\/secure.gravatar.com\/avatar\/f0f773456344da4d2788c054a3d30a0c?s=96&d=mm&r=g","contentUrl":"https:\/\/secure.gravatar.com\/avatar\/f0f773456344da4d2788c054a3d30a0c?s=96&d=mm&r=g","caption":"R\u00e9daction"},"url":"https:\/\/elmawkie.dz\/fr\/author\/redaction\/"}]}},"_links":{"self":[{"href":"https:\/\/elmawkie.dz\/fr\/wp-json\/wp\/v2\/posts\/5593","targetHints":{"allow":["GET"]}}],"collection":[{"href":"https:\/\/elmawkie.dz\/fr\/wp-json\/wp\/v2\/posts"}],"about":[{"href":"https:\/\/elmawkie.dz\/fr\/wp-json\/wp\/v2\/types\/post"}],"author":[{"embeddable":true,"href":"https:\/\/elmawkie.dz\/fr\/wp-json\/wp\/v2\/users\/9"}],"replies":[{"embeddable":true,"href":"https:\/\/elmawkie.dz\/fr\/wp-json\/wp\/v2\/comments?post=5593"}],"version-history":[{"count":0,"href":"https:\/\/elmawkie.dz\/fr\/wp-json\/wp\/v2\/posts\/5593\/revisions"}],"wp:featuredmedia":[{"embeddable":true,"href":"https:\/\/elmawkie.dz\/fr\/wp-json\/wp\/v2\/media\/5594"}],"wp:attachment":[{"href":"https:\/\/elmawkie.dz\/fr\/wp-json\/wp\/v2\/media?parent=5593"}],"wp:term":[{"taxonomy":"category","embeddable":true,"href":"https:\/\/elmawkie.dz\/fr\/wp-json\/wp\/v2\/categories?post=5593"},{"taxonomy":"post_tag","embeddable":true,"href":"https:\/\/elmawkie.dz\/fr\/wp-json\/wp\/v2\/tags?post=5593"}],"curies":[{"name":"wp","href":"https:\/\/api.w.org\/{rel}","templated":true}]}}