{"id":55854,"date":"2025-09-04T18:31:06","date_gmt":"2025-09-04T17:31:06","guid":{"rendered":"https:\/\/elmawkie.dz\/fr\/?p=55854"},"modified":"2025-09-04T18:31:07","modified_gmt":"2025-09-04T17:31:07","slug":"adrar-inauguration-de-trois-centres-de-stockage-de-cereales-de-proximite","status":"publish","type":"post","link":"https:\/\/elmawkie.dz\/fr\/adrar-inauguration-de-trois-centres-de-stockage-de-cereales-de-proximite\/","title":{"rendered":"Adrar : inauguration de trois centres de stockage de c\u00e9r\u00e9ales de proximit\u00e9"},"content":{"rendered":"\n<p>Trois (3) nouveaux centres de proximit\u00e9 de stockage de c\u00e9r\u00e9ales ont \u00e9t\u00e9 mis en service dans la wilaya d\u2019Adrar, a-t-on appris jeudi de la direction locale des \u00e9quipements publics (DEP). Ces nouvelles structures s\u2019inscrivent dans le cadre d\u2019un programme portant sur la r\u00e9alisation de 11 centres de proximit\u00e9 de stockage de c\u00e9r\u00e9ales, d\u2019une capacit\u00e9 de 50.000 quintaux chacun, \u00e0 travers la wilaya d\u2019Adrar, pour un montant global de plus de 2,7 milliards de DA, a expliqu\u00e9 le DEP, Atallah Djoudi. Cinq centres, dont les travaux ont atteint un taux d&rsquo;avancement de plus de 90 %, seront r\u00e9ceptionn\u00e9s avant la fin septembre courant, portant \u00e0 huit le total des centres d\u00e9j\u00e0 r\u00e9ceptionn\u00e9s dans la wilaya, a-t-il encore d\u00e9taill\u00e9. Un autre centre sera \u00e9galement r\u00e9ceptionn\u00e9 en octobre prochain, alors que les travaux de r\u00e9alisation de deux autres infrastructures similaires restantes, dont les chantiers viennent de red\u00e9marrer,avec de nouvelles entreprises apr\u00e8s la r\u00e9siliation des contrats avec l&rsquo;entreprise pr\u00e9c\u00e9demment charg\u00e9e du projet. Ces projets s\u2019ajoutent \u00e0 un silo de stockage de c\u00e9r\u00e9ales d&rsquo;une capacit\u00e9 d&rsquo;un (1) million de quintaux en chantier au chef-lieu de wilaya, a-t-on rappel\u00e9 de m\u00eame source.<\/p>\n","protected":false},"excerpt":{"rendered":"<p>Trois (3) nouveaux centres de proximit\u00e9 de stockage de c\u00e9r\u00e9ales ont \u00e9t\u00e9 mis en service dans la wilaya d\u2019Adrar, a-t-on appris jeudi de la direction locale des \u00e9quipements publics (DEP). Ces nouvelles structures s\u2019inscrivent dans le cadre d\u2019un programme portant sur la r\u00e9alisation de 11 centres de proximit\u00e9 de stockage de c\u00e9r\u00e9ales, d\u2019une capacit\u00e9 de &hellip;<\/p>\n","protected":false},"author":9,"featured_media":55856,"comment_status":"open","ping_status":"open","sticky":false,"template":"","format":"standard","meta":{"footnotes":""},"categories":[50],"tags":[997,2975,853],"class_list":["post-55854","post","type-post","status-publish","format-standard","has-post-thumbnail","hentry","category-region","tag-adrar","tag-centres-de-stockage","tag-cereales"],"yoast_head":"<!-- This site is optimized with the Yoast SEO Premium plugin v22.6 (Yoast SEO v22.6) - https:\/\/yoast.com\/wordpress\/plugins\/seo\/ -->\n<title>Adrar : inauguration de trois centres de stockage de c\u00e9r\u00e9ales de proximit\u00e9 - El Mawkie<\/title>\n<meta name=\"robots\" content=\"index, follow, max-snippet:-1, max-image-preview:large, max-video-preview:-1\" \/>\n<link rel=\"canonical\" href=\"https:\/\/elmawkie.dz\/fr\/adrar-inauguration-de-trois-centres-de-stockage-de-cereales-de-proximite\/\" \/>\n<meta property=\"og:locale\" content=\"fr_FR\" \/>\n<meta property=\"og:type\" content=\"article\" \/>\n<meta property=\"og:title\" content=\"Adrar : inauguration de trois centres de stockage de c\u00e9r\u00e9ales de proximit\u00e9\" \/>\n<meta property=\"og:description\" content=\"Trois (3) nouveaux centres de proximit\u00e9 de stockage de c\u00e9r\u00e9ales ont \u00e9t\u00e9 mis en service dans la wilaya d\u2019Adrar, a-t-on appris jeudi de la direction locale des \u00e9quipements publics (DEP). Ces nouvelles structures s\u2019inscrivent dans le cadre d\u2019un programme portant sur la r\u00e9alisation de 11 centres de proximit\u00e9 de stockage de c\u00e9r\u00e9ales, d\u2019une capacit\u00e9 de &hellip;\" \/>\n<meta property=\"og:url\" content=\"https:\/\/elmawkie.dz\/fr\/adrar-inauguration-de-trois-centres-de-stockage-de-cereales-de-proximite\/\" \/>\n<meta property=\"og:site_name\" content=\"El Mawkie\" \/>\n<meta property=\"article:publisher\" content=\"https:\/\/www.facebook.com\/profile.php?id=100088407094989&amp;locale=fr_FR\" \/>\n<meta property=\"article:published_time\" content=\"2025-09-04T17:31:06+00:00\" \/>\n<meta property=\"article:modified_time\" content=\"2025-09-04T17:31:07+00:00\" \/>\n<meta property=\"og:image\" content=\"https:\/\/elmawkie.dz\/fr\/wp-content\/uploads\/2025\/09\/IMG_4865.jpeg\" \/>\n\t<meta property=\"og:image:width\" content=\"697\" \/>\n\t<meta property=\"og:image:height\" content=\"440\" \/>\n\t<meta property=\"og:image:type\" content=\"image\/jpeg\" \/>\n<meta name=\"author\" content=\"R\u00e9daction\" \/>\n<meta name=\"twitter:card\" content=\"summary_large_image\" \/>\n<meta name=\"twitter:label1\" content=\"Written by\" \/>\n\t<meta name=\"twitter:data1\" content=\"R\u00e9daction\" \/>\n\t<meta name=\"twitter:label2\" content=\"Est. reading time\" \/>\n\t<meta name=\"twitter:data2\" content=\"1 minute\" \/>\n<script type=\"application\/ld+json\" class=\"yoast-schema-graph\">{\"@context\":\"https:\/\/schema.org\",\"@graph\":[{\"@type\":\"Article\",\"@id\":\"https:\/\/elmawkie.dz\/fr\/adrar-inauguration-de-trois-centres-de-stockage-de-cereales-de-proximite\/#article\",\"isPartOf\":{\"@id\":\"https:\/\/elmawkie.dz\/fr\/adrar-inauguration-de-trois-centres-de-stockage-de-cereales-de-proximite\/\"},\"author\":{\"name\":\"R\u00e9daction\",\"@id\":\"https:\/\/elmawkie.dz\/fr\/#\/schema\/person\/e7bd59d6467874ba5c4723d8a9f0a63c\"},\"headline\":\"Adrar : inauguration de trois centres de stockage de c\u00e9r\u00e9ales de proximit\u00e9\",\"datePublished\":\"2025-09-04T17:31:06+00:00\",\"dateModified\":\"2025-09-04T17:31:07+00:00\",\"mainEntityOfPage\":{\"@id\":\"https:\/\/elmawkie.dz\/fr\/adrar-inauguration-de-trois-centres-de-stockage-de-cereales-de-proximite\/\"},\"wordCount\":222,\"commentCount\":0,\"publisher\":{\"@id\":\"https:\/\/elmawkie.dz\/fr\/#organization\"},\"image\":{\"@id\":\"https:\/\/elmawkie.dz\/fr\/adrar-inauguration-de-trois-centres-de-stockage-de-cereales-de-proximite\/#primaryimage\"},\"thumbnailUrl\":\"https:\/\/elmawkie.dz\/fr\/wp-content\/uploads\/2025\/09\/IMG_4865.jpeg\",\"keywords\":[\"Adrar\",\"Centres de stockage\",\"c\u00e9r\u00e9ales\"],\"articleSection\":[\"R\u00e9gion\"],\"inLanguage\":\"fr-FR\",\"potentialAction\":[{\"@type\":\"CommentAction\",\"name\":\"Comment\",\"target\":[\"https:\/\/elmawkie.dz\/fr\/adrar-inauguration-de-trois-centres-de-stockage-de-cereales-de-proximite\/#respond\"]}]},{\"@type\":\"WebPage\",\"@id\":\"https:\/\/elmawkie.dz\/fr\/adrar-inauguration-de-trois-centres-de-stockage-de-cereales-de-proximite\/\",\"url\":\"https:\/\/elmawkie.dz\/fr\/adrar-inauguration-de-trois-centres-de-stockage-de-cereales-de-proximite\/\",\"name\":\"Adrar : inauguration de trois centres de stockage de c\u00e9r\u00e9ales de proximit\u00e9 - El Mawkie\",\"isPartOf\":{\"@id\":\"https:\/\/elmawkie.dz\/fr\/#website\"},\"primaryImageOfPage\":{\"@id\":\"https:\/\/elmawkie.dz\/fr\/adrar-inauguration-de-trois-centres-de-stockage-de-cereales-de-proximite\/#primaryimage\"},\"image\":{\"@id\":\"https:\/\/elmawkie.dz\/fr\/adrar-inauguration-de-trois-centres-de-stockage-de-cereales-de-proximite\/#primaryimage\"},\"thumbnailUrl\":\"https:\/\/elmawkie.dz\/fr\/wp-content\/uploads\/2025\/09\/IMG_4865.jpeg\",\"datePublished\":\"2025-09-04T17:31:06+00:00\",\"dateModified\":\"2025-09-04T17:31:07+00:00\",\"breadcrumb\":{\"@id\":\"https:\/\/elmawkie.dz\/fr\/adrar-inauguration-de-trois-centres-de-stockage-de-cereales-de-proximite\/#breadcrumb\"},\"inLanguage\":\"fr-FR\",\"potentialAction\":[{\"@type\":\"ReadAction\",\"target\":[\"https:\/\/elmawkie.dz\/fr\/adrar-inauguration-de-trois-centres-de-stockage-de-cereales-de-proximite\/\"]}]},{\"@type\":\"ImageObject\",\"inLanguage\":\"fr-FR\",\"@id\":\"https:\/\/elmawkie.dz\/fr\/adrar-inauguration-de-trois-centres-de-stockage-de-cereales-de-proximite\/#primaryimage\",\"url\":\"https:\/\/elmawkie.dz\/fr\/wp-content\/uploads\/2025\/09\/IMG_4865.jpeg\",\"contentUrl\":\"https:\/\/elmawkie.dz\/fr\/wp-content\/uploads\/2025\/09\/IMG_4865.jpeg\",\"width\":697,\"height\":440},{\"@type\":\"BreadcrumbList\",\"@id\":\"https:\/\/elmawkie.dz\/fr\/adrar-inauguration-de-trois-centres-de-stockage-de-cereales-de-proximite\/#breadcrumb\",\"itemListElement\":[{\"@type\":\"ListItem\",\"position\":1,\"name\":\"Home\",\"item\":\"https:\/\/elmawkie.dz\/fr\/\"},{\"@type\":\"ListItem\",\"position\":2,\"name\":\"Adrar : inauguration de trois centres de stockage de c\u00e9r\u00e9ales de proximit\u00e9\"}]},{\"@type\":\"WebSite\",\"@id\":\"https:\/\/elmawkie.dz\/fr\/#website\",\"url\":\"https:\/\/elmawkie.dz\/fr\/\",\"name\":\"EL MAWKIE\",\"description\":\"Journal \u00c9lectronique Alg\u00e9rien\",\"publisher\":{\"@id\":\"https:\/\/elmawkie.dz\/fr\/#organization\"},\"potentialAction\":[{\"@type\":\"SearchAction\",\"target\":{\"@type\":\"EntryPoint\",\"urlTemplate\":\"https:\/\/elmawkie.dz\/fr\/?s={search_term_string}\"},\"query-input\":\"required name=search_term_string\"}],\"inLanguage\":\"fr-FR\"},{\"@type\":\"Organization\",\"@id\":\"https:\/\/elmawkie.dz\/fr\/#organization\",\"name\":\"EL MAWKIE\",\"url\":\"https:\/\/elmawkie.dz\/fr\/\",\"logo\":{\"@type\":\"ImageObject\",\"inLanguage\":\"fr-FR\",\"@id\":\"https:\/\/elmawkie.dz\/fr\/#\/schema\/logo\/image\/\",\"url\":\"https:\/\/elmawkie.dz\/fr\/wp-content\/uploads\/2024\/05\/logo1.png\",\"contentUrl\":\"https:\/\/elmawkie.dz\/fr\/wp-content\/uploads\/2024\/05\/logo1.png\",\"width\":1648,\"height\":652,\"caption\":\"EL MAWKIE\"},\"image\":{\"@id\":\"https:\/\/elmawkie.dz\/fr\/#\/schema\/logo\/image\/\"},\"sameAs\":[\"https:\/\/www.facebook.com\/profile.php?id=100088407094989&locale=fr_FR\"]},{\"@type\":\"Person\",\"@id\":\"https:\/\/elmawkie.dz\/fr\/#\/schema\/person\/e7bd59d6467874ba5c4723d8a9f0a63c\",\"name\":\"R\u00e9daction\",\"image\":{\"@type\":\"ImageObject\",\"inLanguage\":\"fr-FR\",\"@id\":\"https:\/\/elmawkie.dz\/fr\/#\/schema\/person\/image\/\",\"url\":\"https:\/\/secure.gravatar.com\/avatar\/f0f773456344da4d2788c054a3d30a0c?s=96&d=mm&r=g\",\"contentUrl\":\"https:\/\/secure.gravatar.com\/avatar\/f0f773456344da4d2788c054a3d30a0c?s=96&d=mm&r=g\",\"caption\":\"R\u00e9daction\"},\"url\":\"https:\/\/elmawkie.dz\/fr\/author\/redaction\/\"}]}<\/script>\n<!-- \/ Yoast SEO Premium plugin. -->","yoast_head_json":{"title":"Adrar : inauguration de trois centres de stockage de c\u00e9r\u00e9ales de proximit\u00e9 - El Mawkie","robots":{"index":"index","follow":"follow","max-snippet":"max-snippet:-1","max-image-preview":"max-image-preview:large","max-video-preview":"max-video-preview:-1"},"canonical":"https:\/\/elmawkie.dz\/fr\/adrar-inauguration-de-trois-centres-de-stockage-de-cereales-de-proximite\/","og_locale":"fr_FR","og_type":"article","og_title":"Adrar : inauguration de trois centres de stockage de c\u00e9r\u00e9ales de proximit\u00e9","og_description":"Trois (3) nouveaux centres de proximit\u00e9 de stockage de c\u00e9r\u00e9ales ont \u00e9t\u00e9 mis en service dans la wilaya d\u2019Adrar, a-t-on appris jeudi de la direction locale des \u00e9quipements publics (DEP). Ces nouvelles structures s\u2019inscrivent dans le cadre d\u2019un programme portant sur la r\u00e9alisation de 11 centres de proximit\u00e9 de stockage de c\u00e9r\u00e9ales, d\u2019une capacit\u00e9 de &hellip;","og_url":"https:\/\/elmawkie.dz\/fr\/adrar-inauguration-de-trois-centres-de-stockage-de-cereales-de-proximite\/","og_site_name":"El Mawkie","article_publisher":"https:\/\/www.facebook.com\/profile.php?id=100088407094989&locale=fr_FR","article_published_time":"2025-09-04T17:31:06+00:00","article_modified_time":"2025-09-04T17:31:07+00:00","og_image":[{"width":697,"height":440,"url":"https:\/\/elmawkie.dz\/fr\/wp-content\/uploads\/2025\/09\/IMG_4865.jpeg","type":"image\/jpeg"}],"author":"R\u00e9daction","twitter_card":"summary_large_image","twitter_misc":{"Written by":"R\u00e9daction","Est. reading time":"1 minute"},"schema":{"@context":"https:\/\/schema.org","@graph":[{"@type":"Article","@id":"https:\/\/elmawkie.dz\/fr\/adrar-inauguration-de-trois-centres-de-stockage-de-cereales-de-proximite\/#article","isPartOf":{"@id":"https:\/\/elmawkie.dz\/fr\/adrar-inauguration-de-trois-centres-de-stockage-de-cereales-de-proximite\/"},"author":{"name":"R\u00e9daction","@id":"https:\/\/elmawkie.dz\/fr\/#\/schema\/person\/e7bd59d6467874ba5c4723d8a9f0a63c"},"headline":"Adrar : inauguration de trois centres de stockage de c\u00e9r\u00e9ales de proximit\u00e9","datePublished":"2025-09-04T17:31:06+00:00","dateModified":"2025-09-04T17:31:07+00:00","mainEntityOfPage":{"@id":"https:\/\/elmawkie.dz\/fr\/adrar-inauguration-de-trois-centres-de-stockage-de-cereales-de-proximite\/"},"wordCount":222,"commentCount":0,"publisher":{"@id":"https:\/\/elmawkie.dz\/fr\/#organization"},"image":{"@id":"https:\/\/elmawkie.dz\/fr\/adrar-inauguration-de-trois-centres-de-stockage-de-cereales-de-proximite\/#primaryimage"},"thumbnailUrl":"https:\/\/elmawkie.dz\/fr\/wp-content\/uploads\/2025\/09\/IMG_4865.jpeg","keywords":["Adrar","Centres de stockage","c\u00e9r\u00e9ales"],"articleSection":["R\u00e9gion"],"inLanguage":"fr-FR","potentialAction":[{"@type":"CommentAction","name":"Comment","target":["https:\/\/elmawkie.dz\/fr\/adrar-inauguration-de-trois-centres-de-stockage-de-cereales-de-proximite\/#respond"]}]},{"@type":"WebPage","@id":"https:\/\/elmawkie.dz\/fr\/adrar-inauguration-de-trois-centres-de-stockage-de-cereales-de-proximite\/","url":"https:\/\/elmawkie.dz\/fr\/adrar-inauguration-de-trois-centres-de-stockage-de-cereales-de-proximite\/","name":"Adrar : inauguration de trois centres de stockage de c\u00e9r\u00e9ales de proximit\u00e9 - El Mawkie","isPartOf":{"@id":"https:\/\/elmawkie.dz\/fr\/#website"},"primaryImageOfPage":{"@id":"https:\/\/elmawkie.dz\/fr\/adrar-inauguration-de-trois-centres-de-stockage-de-cereales-de-proximite\/#primaryimage"},"image":{"@id":"https:\/\/elmawkie.dz\/fr\/adrar-inauguration-de-trois-centres-de-stockage-de-cereales-de-proximite\/#primaryimage"},"thumbnailUrl":"https:\/\/elmawkie.dz\/fr\/wp-content\/uploads\/2025\/09\/IMG_4865.jpeg","datePublished":"2025-09-04T17:31:06+00:00","dateModified":"2025-09-04T17:31:07+00:00","breadcrumb":{"@id":"https:\/\/elmawkie.dz\/fr\/adrar-inauguration-de-trois-centres-de-stockage-de-cereales-de-proximite\/#breadcrumb"},"inLanguage":"fr-FR","potentialAction":[{"@type":"ReadAction","target":["https:\/\/elmawkie.dz\/fr\/adrar-inauguration-de-trois-centres-de-stockage-de-cereales-de-proximite\/"]}]},{"@type":"ImageObject","inLanguage":"fr-FR","@id":"https:\/\/elmawkie.dz\/fr\/adrar-inauguration-de-trois-centres-de-stockage-de-cereales-de-proximite\/#primaryimage","url":"https:\/\/elmawkie.dz\/fr\/wp-content\/uploads\/2025\/09\/IMG_4865.jpeg","contentUrl":"https:\/\/elmawkie.dz\/fr\/wp-content\/uploads\/2025\/09\/IMG_4865.jpeg","width":697,"height":440},{"@type":"BreadcrumbList","@id":"https:\/\/elmawkie.dz\/fr\/adrar-inauguration-de-trois-centres-de-stockage-de-cereales-de-proximite\/#breadcrumb","itemListElement":[{"@type":"ListItem","position":1,"name":"Home","item":"https:\/\/elmawkie.dz\/fr\/"},{"@type":"ListItem","position":2,"name":"Adrar : inauguration de trois centres de stockage de c\u00e9r\u00e9ales de proximit\u00e9"}]},{"@type":"WebSite","@id":"https:\/\/elmawkie.dz\/fr\/#website","url":"https:\/\/elmawkie.dz\/fr\/","name":"EL MAWKIE","description":"Journal \u00c9lectronique Alg\u00e9rien","publisher":{"@id":"https:\/\/elmawkie.dz\/fr\/#organization"},"potentialAction":[{"@type":"SearchAction","target":{"@type":"EntryPoint","urlTemplate":"https:\/\/elmawkie.dz\/fr\/?s={search_term_string}"},"query-input":"required name=search_term_string"}],"inLanguage":"fr-FR"},{"@type":"Organization","@id":"https:\/\/elmawkie.dz\/fr\/#organization","name":"EL MAWKIE","url":"https:\/\/elmawkie.dz\/fr\/","logo":{"@type":"ImageObject","inLanguage":"fr-FR","@id":"https:\/\/elmawkie.dz\/fr\/#\/schema\/logo\/image\/","url":"https:\/\/elmawkie.dz\/fr\/wp-content\/uploads\/2024\/05\/logo1.png","contentUrl":"https:\/\/elmawkie.dz\/fr\/wp-content\/uploads\/2024\/05\/logo1.png","width":1648,"height":652,"caption":"EL MAWKIE"},"image":{"@id":"https:\/\/elmawkie.dz\/fr\/#\/schema\/logo\/image\/"},"sameAs":["https:\/\/www.facebook.com\/profile.php?id=100088407094989&locale=fr_FR"]},{"@type":"Person","@id":"https:\/\/elmawkie.dz\/fr\/#\/schema\/person\/e7bd59d6467874ba5c4723d8a9f0a63c","name":"R\u00e9daction","image":{"@type":"ImageObject","inLanguage":"fr-FR","@id":"https:\/\/elmawkie.dz\/fr\/#\/schema\/person\/image\/","url":"https:\/\/secure.gravatar.com\/avatar\/f0f773456344da4d2788c054a3d30a0c?s=96&d=mm&r=g","contentUrl":"https:\/\/secure.gravatar.com\/avatar\/f0f773456344da4d2788c054a3d30a0c?s=96&d=mm&r=g","caption":"R\u00e9daction"},"url":"https:\/\/elmawkie.dz\/fr\/author\/redaction\/"}]}},"_links":{"self":[{"href":"https:\/\/elmawkie.dz\/fr\/wp-json\/wp\/v2\/posts\/55854","targetHints":{"allow":["GET"]}}],"collection":[{"href":"https:\/\/elmawkie.dz\/fr\/wp-json\/wp\/v2\/posts"}],"about":[{"href":"https:\/\/elmawkie.dz\/fr\/wp-json\/wp\/v2\/types\/post"}],"author":[{"embeddable":true,"href":"https:\/\/elmawkie.dz\/fr\/wp-json\/wp\/v2\/users\/9"}],"replies":[{"embeddable":true,"href":"https:\/\/elmawkie.dz\/fr\/wp-json\/wp\/v2\/comments?post=55854"}],"version-history":[{"count":1,"href":"https:\/\/elmawkie.dz\/fr\/wp-json\/wp\/v2\/posts\/55854\/revisions"}],"predecessor-version":[{"id":55857,"href":"https:\/\/elmawkie.dz\/fr\/wp-json\/wp\/v2\/posts\/55854\/revisions\/55857"}],"wp:featuredmedia":[{"embeddable":true,"href":"https:\/\/elmawkie.dz\/fr\/wp-json\/wp\/v2\/media\/55856"}],"wp:attachment":[{"href":"https:\/\/elmawkie.dz\/fr\/wp-json\/wp\/v2\/media?parent=55854"}],"wp:term":[{"taxonomy":"category","embeddable":true,"href":"https:\/\/elmawkie.dz\/fr\/wp-json\/wp\/v2\/categories?post=55854"},{"taxonomy":"post_tag","embeddable":true,"href":"https:\/\/elmawkie.dz\/fr\/wp-json\/wp\/v2\/tags?post=55854"}],"curies":[{"name":"wp","href":"https:\/\/api.w.org\/{rel}","templated":true}]}}