{"id":55819,"date":"2025-09-03T20:27:02","date_gmt":"2025-09-03T19:27:02","guid":{"rendered":"https:\/\/elmawkie.dz\/fr\/?p=55819"},"modified":"2025-09-03T20:28:18","modified_gmt":"2025-09-03T19:28:18","slug":"iatf-2025-le-president-de-la-republique-accueille-son-homologue-tunisien-a-laeroport-international-dalger","status":"publish","type":"post","link":"https:\/\/elmawkie.dz\/fr\/iatf-2025-le-president-de-la-republique-accueille-son-homologue-tunisien-a-laeroport-international-dalger\/","title":{"rendered":"IATF 2025 : le pr\u00e9sident de la R\u00e9publique re\u00e7oit son homologue tunisien \u00e0 l&rsquo;A\u00e9roport international d&rsquo;Alger"},"content":{"rendered":"\n<p>Le pr\u00e9sident de la R\u00e9publique, M. Abdelmadjid Tebboune, a accueilli, mercredi \u00e0 l&rsquo;A\u00e9roport international d&rsquo;Alger Houari-Boumediene, le pr\u00e9sident de la R\u00e9publique tunisienne, pays fr\u00e8re, M. Kais Sa\u00efed. La visite du pr\u00e9sident tunisien en Alg\u00e9rie intervient dans le cadre de sa participation \u00e0 la 4e \u00e9dition de la Foire commerciale intra-africaine (IATF 2025), qui se tiendra \u00e0 Alger du 4 au 10 septembre sous le slogan \u00ab\u00a0Passerelle vers de nouvelles opportunit\u00e9s\u00a0\u00bb. Apr\u00e8s avoir \u00e9cout\u00e9 les hymnes nationaux des deux pays et salu\u00e9 le drapeau national, le pr\u00e9sident de la R\u00e9publique et son homologue tunisien ont pass\u00e9 en revue des formations de la Garde r\u00e9publicaine qui leur ont rendu les honneurs.<\/p>\n","protected":false},"excerpt":{"rendered":"<p>Le pr\u00e9sident de la R\u00e9publique, M. Abdelmadjid Tebboune, a accueilli, mercredi \u00e0 l&rsquo;A\u00e9roport international d&rsquo;Alger Houari-Boumediene, le pr\u00e9sident de la R\u00e9publique tunisienne, pays fr\u00e8re, M. Kais Sa\u00efed. La visite du pr\u00e9sident tunisien en Alg\u00e9rie intervient dans le cadre de sa participation \u00e0 la 4e \u00e9dition de la Foire commerciale intra-africaine (IATF 2025), qui se tiendra &hellip;<\/p>\n","protected":false},"author":9,"featured_media":55821,"comment_status":"open","ping_status":"open","sticky":false,"template":"","format":"standard","meta":{"footnotes":""},"categories":[47],"tags":[213,88,3926,1066,596,3393],"class_list":["post-55819","post","type-post","status-publish","format-standard","has-post-thumbnail","hentry","category-national","tag-abdelmadjid-tebboune","tag-algerie","tag-iatf-2025","tag-kais-saied","tag-le-president-de-la-republique","tag-tunis"],"yoast_head":"<!-- This site is optimized with the Yoast SEO Premium plugin v22.6 (Yoast SEO v22.6) - https:\/\/yoast.com\/wordpress\/plugins\/seo\/ -->\n<title>IATF 2025 : le pr\u00e9sident de la R\u00e9publique re\u00e7oit son homologue tunisien \u00e0 l&#039;A\u00e9roport international d&#039;Alger - El Mawkie<\/title>\n<meta name=\"robots\" content=\"index, follow, max-snippet:-1, max-image-preview:large, max-video-preview:-1\" \/>\n<link rel=\"canonical\" href=\"https:\/\/elmawkie.dz\/fr\/iatf-2025-le-president-de-la-republique-accueille-son-homologue-tunisien-a-laeroport-international-dalger\/\" \/>\n<meta property=\"og:locale\" content=\"fr_FR\" \/>\n<meta property=\"og:type\" content=\"article\" \/>\n<meta property=\"og:title\" content=\"IATF 2025 : le pr\u00e9sident de la R\u00e9publique re\u00e7oit son homologue tunisien \u00e0 l&#039;A\u00e9roport international d&#039;Alger\" \/>\n<meta property=\"og:description\" content=\"Le pr\u00e9sident de la R\u00e9publique, M. Abdelmadjid Tebboune, a accueilli, mercredi \u00e0 l&rsquo;A\u00e9roport international d&rsquo;Alger Houari-Boumediene, le pr\u00e9sident de la R\u00e9publique tunisienne, pays fr\u00e8re, M. Kais Sa\u00efed. La visite du pr\u00e9sident tunisien en Alg\u00e9rie intervient dans le cadre de sa participation \u00e0 la 4e \u00e9dition de la Foire commerciale intra-africaine (IATF 2025), qui se tiendra &hellip;\" \/>\n<meta property=\"og:url\" content=\"https:\/\/elmawkie.dz\/fr\/iatf-2025-le-president-de-la-republique-accueille-son-homologue-tunisien-a-laeroport-international-dalger\/\" \/>\n<meta property=\"og:site_name\" content=\"El Mawkie\" \/>\n<meta property=\"article:publisher\" content=\"https:\/\/www.facebook.com\/profile.php?id=100088407094989&amp;locale=fr_FR\" \/>\n<meta property=\"article:published_time\" content=\"2025-09-03T19:27:02+00:00\" \/>\n<meta property=\"article:modified_time\" content=\"2025-09-03T19:28:18+00:00\" \/>\n<meta property=\"og:image\" content=\"https:\/\/elmawkie.dz\/fr\/wp-content\/uploads\/2025\/09\/IMG_4747.jpeg\" \/>\n\t<meta property=\"og:image:width\" content=\"739\" \/>\n\t<meta property=\"og:image:height\" content=\"415\" \/>\n\t<meta property=\"og:image:type\" content=\"image\/jpeg\" \/>\n<meta name=\"author\" content=\"R\u00e9daction\" \/>\n<meta name=\"twitter:card\" content=\"summary_large_image\" \/>\n<meta name=\"twitter:label1\" content=\"Written by\" \/>\n\t<meta name=\"twitter:data1\" content=\"R\u00e9daction\" \/>\n\t<meta name=\"twitter:label2\" content=\"Est. reading time\" \/>\n\t<meta name=\"twitter:data2\" content=\"1 minute\" \/>\n<script type=\"application\/ld+json\" class=\"yoast-schema-graph\">{\"@context\":\"https:\/\/schema.org\",\"@graph\":[{\"@type\":\"Article\",\"@id\":\"https:\/\/elmawkie.dz\/fr\/iatf-2025-le-president-de-la-republique-accueille-son-homologue-tunisien-a-laeroport-international-dalger\/#article\",\"isPartOf\":{\"@id\":\"https:\/\/elmawkie.dz\/fr\/iatf-2025-le-president-de-la-republique-accueille-son-homologue-tunisien-a-laeroport-international-dalger\/\"},\"author\":{\"name\":\"R\u00e9daction\",\"@id\":\"https:\/\/elmawkie.dz\/fr\/#\/schema\/person\/e7bd59d6467874ba5c4723d8a9f0a63c\"},\"headline\":\"IATF 2025 : le pr\u00e9sident de la R\u00e9publique re\u00e7oit son homologue tunisien \u00e0 l&rsquo;A\u00e9roport international d&rsquo;Alger\",\"datePublished\":\"2025-09-03T19:27:02+00:00\",\"dateModified\":\"2025-09-03T19:28:18+00:00\",\"mainEntityOfPage\":{\"@id\":\"https:\/\/elmawkie.dz\/fr\/iatf-2025-le-president-de-la-republique-accueille-son-homologue-tunisien-a-laeroport-international-dalger\/\"},\"wordCount\":138,\"commentCount\":0,\"publisher\":{\"@id\":\"https:\/\/elmawkie.dz\/fr\/#organization\"},\"image\":{\"@id\":\"https:\/\/elmawkie.dz\/fr\/iatf-2025-le-president-de-la-republique-accueille-son-homologue-tunisien-a-laeroport-international-dalger\/#primaryimage\"},\"thumbnailUrl\":\"https:\/\/elmawkie.dz\/fr\/wp-content\/uploads\/2025\/09\/IMG_4747.jpeg\",\"keywords\":[\"Abdelmadjid Tebboune\",\"Alg\u00e9rie\",\"IATF 2025\",\"Ka\u00efs Sa\u00efed\",\"le pr\u00e9sident de la R\u00e9publique\",\"Tunis\"],\"articleSection\":[\"National\"],\"inLanguage\":\"fr-FR\",\"potentialAction\":[{\"@type\":\"CommentAction\",\"name\":\"Comment\",\"target\":[\"https:\/\/elmawkie.dz\/fr\/iatf-2025-le-president-de-la-republique-accueille-son-homologue-tunisien-a-laeroport-international-dalger\/#respond\"]}]},{\"@type\":\"WebPage\",\"@id\":\"https:\/\/elmawkie.dz\/fr\/iatf-2025-le-president-de-la-republique-accueille-son-homologue-tunisien-a-laeroport-international-dalger\/\",\"url\":\"https:\/\/elmawkie.dz\/fr\/iatf-2025-le-president-de-la-republique-accueille-son-homologue-tunisien-a-laeroport-international-dalger\/\",\"name\":\"IATF 2025 : le pr\u00e9sident de la R\u00e9publique re\u00e7oit son homologue tunisien \u00e0 l'A\u00e9roport international d'Alger - El Mawkie\",\"isPartOf\":{\"@id\":\"https:\/\/elmawkie.dz\/fr\/#website\"},\"primaryImageOfPage\":{\"@id\":\"https:\/\/elmawkie.dz\/fr\/iatf-2025-le-president-de-la-republique-accueille-son-homologue-tunisien-a-laeroport-international-dalger\/#primaryimage\"},\"image\":{\"@id\":\"https:\/\/elmawkie.dz\/fr\/iatf-2025-le-president-de-la-republique-accueille-son-homologue-tunisien-a-laeroport-international-dalger\/#primaryimage\"},\"thumbnailUrl\":\"https:\/\/elmawkie.dz\/fr\/wp-content\/uploads\/2025\/09\/IMG_4747.jpeg\",\"datePublished\":\"2025-09-03T19:27:02+00:00\",\"dateModified\":\"2025-09-03T19:28:18+00:00\",\"breadcrumb\":{\"@id\":\"https:\/\/elmawkie.dz\/fr\/iatf-2025-le-president-de-la-republique-accueille-son-homologue-tunisien-a-laeroport-international-dalger\/#breadcrumb\"},\"inLanguage\":\"fr-FR\",\"potentialAction\":[{\"@type\":\"ReadAction\",\"target\":[\"https:\/\/elmawkie.dz\/fr\/iatf-2025-le-president-de-la-republique-accueille-son-homologue-tunisien-a-laeroport-international-dalger\/\"]}]},{\"@type\":\"ImageObject\",\"inLanguage\":\"fr-FR\",\"@id\":\"https:\/\/elmawkie.dz\/fr\/iatf-2025-le-president-de-la-republique-accueille-son-homologue-tunisien-a-laeroport-international-dalger\/#primaryimage\",\"url\":\"https:\/\/elmawkie.dz\/fr\/wp-content\/uploads\/2025\/09\/IMG_4747.jpeg\",\"contentUrl\":\"https:\/\/elmawkie.dz\/fr\/wp-content\/uploads\/2025\/09\/IMG_4747.jpeg\",\"width\":739,\"height\":415},{\"@type\":\"BreadcrumbList\",\"@id\":\"https:\/\/elmawkie.dz\/fr\/iatf-2025-le-president-de-la-republique-accueille-son-homologue-tunisien-a-laeroport-international-dalger\/#breadcrumb\",\"itemListElement\":[{\"@type\":\"ListItem\",\"position\":1,\"name\":\"Home\",\"item\":\"https:\/\/elmawkie.dz\/fr\/\"},{\"@type\":\"ListItem\",\"position\":2,\"name\":\"IATF 2025 : le pr\u00e9sident de la R\u00e9publique re\u00e7oit son homologue tunisien \u00e0 l&rsquo;A\u00e9roport international d&rsquo;Alger\"}]},{\"@type\":\"WebSite\",\"@id\":\"https:\/\/elmawkie.dz\/fr\/#website\",\"url\":\"https:\/\/elmawkie.dz\/fr\/\",\"name\":\"EL MAWKIE\",\"description\":\"Journal \u00c9lectronique Alg\u00e9rien\",\"publisher\":{\"@id\":\"https:\/\/elmawkie.dz\/fr\/#organization\"},\"potentialAction\":[{\"@type\":\"SearchAction\",\"target\":{\"@type\":\"EntryPoint\",\"urlTemplate\":\"https:\/\/elmawkie.dz\/fr\/?s={search_term_string}\"},\"query-input\":\"required name=search_term_string\"}],\"inLanguage\":\"fr-FR\"},{\"@type\":\"Organization\",\"@id\":\"https:\/\/elmawkie.dz\/fr\/#organization\",\"name\":\"EL MAWKIE\",\"url\":\"https:\/\/elmawkie.dz\/fr\/\",\"logo\":{\"@type\":\"ImageObject\",\"inLanguage\":\"fr-FR\",\"@id\":\"https:\/\/elmawkie.dz\/fr\/#\/schema\/logo\/image\/\",\"url\":\"https:\/\/elmawkie.dz\/fr\/wp-content\/uploads\/2024\/05\/logo1.png\",\"contentUrl\":\"https:\/\/elmawkie.dz\/fr\/wp-content\/uploads\/2024\/05\/logo1.png\",\"width\":1648,\"height\":652,\"caption\":\"EL MAWKIE\"},\"image\":{\"@id\":\"https:\/\/elmawkie.dz\/fr\/#\/schema\/logo\/image\/\"},\"sameAs\":[\"https:\/\/www.facebook.com\/profile.php?id=100088407094989&locale=fr_FR\"]},{\"@type\":\"Person\",\"@id\":\"https:\/\/elmawkie.dz\/fr\/#\/schema\/person\/e7bd59d6467874ba5c4723d8a9f0a63c\",\"name\":\"R\u00e9daction\",\"image\":{\"@type\":\"ImageObject\",\"inLanguage\":\"fr-FR\",\"@id\":\"https:\/\/elmawkie.dz\/fr\/#\/schema\/person\/image\/\",\"url\":\"https:\/\/secure.gravatar.com\/avatar\/f0f773456344da4d2788c054a3d30a0c?s=96&d=mm&r=g\",\"contentUrl\":\"https:\/\/secure.gravatar.com\/avatar\/f0f773456344da4d2788c054a3d30a0c?s=96&d=mm&r=g\",\"caption\":\"R\u00e9daction\"},\"url\":\"https:\/\/elmawkie.dz\/fr\/author\/redaction\/\"}]}<\/script>\n<!-- \/ Yoast SEO Premium plugin. -->","yoast_head_json":{"title":"IATF 2025 : le pr\u00e9sident de la R\u00e9publique re\u00e7oit son homologue tunisien \u00e0 l'A\u00e9roport international d'Alger - El Mawkie","robots":{"index":"index","follow":"follow","max-snippet":"max-snippet:-1","max-image-preview":"max-image-preview:large","max-video-preview":"max-video-preview:-1"},"canonical":"https:\/\/elmawkie.dz\/fr\/iatf-2025-le-president-de-la-republique-accueille-son-homologue-tunisien-a-laeroport-international-dalger\/","og_locale":"fr_FR","og_type":"article","og_title":"IATF 2025 : le pr\u00e9sident de la R\u00e9publique re\u00e7oit son homologue tunisien \u00e0 l'A\u00e9roport international d'Alger","og_description":"Le pr\u00e9sident de la R\u00e9publique, M. Abdelmadjid Tebboune, a accueilli, mercredi \u00e0 l&rsquo;A\u00e9roport international d&rsquo;Alger Houari-Boumediene, le pr\u00e9sident de la R\u00e9publique tunisienne, pays fr\u00e8re, M. Kais Sa\u00efed. La visite du pr\u00e9sident tunisien en Alg\u00e9rie intervient dans le cadre de sa participation \u00e0 la 4e \u00e9dition de la Foire commerciale intra-africaine (IATF 2025), qui se tiendra &hellip;","og_url":"https:\/\/elmawkie.dz\/fr\/iatf-2025-le-president-de-la-republique-accueille-son-homologue-tunisien-a-laeroport-international-dalger\/","og_site_name":"El Mawkie","article_publisher":"https:\/\/www.facebook.com\/profile.php?id=100088407094989&locale=fr_FR","article_published_time":"2025-09-03T19:27:02+00:00","article_modified_time":"2025-09-03T19:28:18+00:00","og_image":[{"width":739,"height":415,"url":"https:\/\/elmawkie.dz\/fr\/wp-content\/uploads\/2025\/09\/IMG_4747.jpeg","type":"image\/jpeg"}],"author":"R\u00e9daction","twitter_card":"summary_large_image","twitter_misc":{"Written by":"R\u00e9daction","Est. reading time":"1 minute"},"schema":{"@context":"https:\/\/schema.org","@graph":[{"@type":"Article","@id":"https:\/\/elmawkie.dz\/fr\/iatf-2025-le-president-de-la-republique-accueille-son-homologue-tunisien-a-laeroport-international-dalger\/#article","isPartOf":{"@id":"https:\/\/elmawkie.dz\/fr\/iatf-2025-le-president-de-la-republique-accueille-son-homologue-tunisien-a-laeroport-international-dalger\/"},"author":{"name":"R\u00e9daction","@id":"https:\/\/elmawkie.dz\/fr\/#\/schema\/person\/e7bd59d6467874ba5c4723d8a9f0a63c"},"headline":"IATF 2025 : le pr\u00e9sident de la R\u00e9publique re\u00e7oit son homologue tunisien \u00e0 l&rsquo;A\u00e9roport international d&rsquo;Alger","datePublished":"2025-09-03T19:27:02+00:00","dateModified":"2025-09-03T19:28:18+00:00","mainEntityOfPage":{"@id":"https:\/\/elmawkie.dz\/fr\/iatf-2025-le-president-de-la-republique-accueille-son-homologue-tunisien-a-laeroport-international-dalger\/"},"wordCount":138,"commentCount":0,"publisher":{"@id":"https:\/\/elmawkie.dz\/fr\/#organization"},"image":{"@id":"https:\/\/elmawkie.dz\/fr\/iatf-2025-le-president-de-la-republique-accueille-son-homologue-tunisien-a-laeroport-international-dalger\/#primaryimage"},"thumbnailUrl":"https:\/\/elmawkie.dz\/fr\/wp-content\/uploads\/2025\/09\/IMG_4747.jpeg","keywords":["Abdelmadjid Tebboune","Alg\u00e9rie","IATF 2025","Ka\u00efs Sa\u00efed","le pr\u00e9sident de la R\u00e9publique","Tunis"],"articleSection":["National"],"inLanguage":"fr-FR","potentialAction":[{"@type":"CommentAction","name":"Comment","target":["https:\/\/elmawkie.dz\/fr\/iatf-2025-le-president-de-la-republique-accueille-son-homologue-tunisien-a-laeroport-international-dalger\/#respond"]}]},{"@type":"WebPage","@id":"https:\/\/elmawkie.dz\/fr\/iatf-2025-le-president-de-la-republique-accueille-son-homologue-tunisien-a-laeroport-international-dalger\/","url":"https:\/\/elmawkie.dz\/fr\/iatf-2025-le-president-de-la-republique-accueille-son-homologue-tunisien-a-laeroport-international-dalger\/","name":"IATF 2025 : le pr\u00e9sident de la R\u00e9publique re\u00e7oit son homologue tunisien \u00e0 l'A\u00e9roport international d'Alger - El Mawkie","isPartOf":{"@id":"https:\/\/elmawkie.dz\/fr\/#website"},"primaryImageOfPage":{"@id":"https:\/\/elmawkie.dz\/fr\/iatf-2025-le-president-de-la-republique-accueille-son-homologue-tunisien-a-laeroport-international-dalger\/#primaryimage"},"image":{"@id":"https:\/\/elmawkie.dz\/fr\/iatf-2025-le-president-de-la-republique-accueille-son-homologue-tunisien-a-laeroport-international-dalger\/#primaryimage"},"thumbnailUrl":"https:\/\/elmawkie.dz\/fr\/wp-content\/uploads\/2025\/09\/IMG_4747.jpeg","datePublished":"2025-09-03T19:27:02+00:00","dateModified":"2025-09-03T19:28:18+00:00","breadcrumb":{"@id":"https:\/\/elmawkie.dz\/fr\/iatf-2025-le-president-de-la-republique-accueille-son-homologue-tunisien-a-laeroport-international-dalger\/#breadcrumb"},"inLanguage":"fr-FR","potentialAction":[{"@type":"ReadAction","target":["https:\/\/elmawkie.dz\/fr\/iatf-2025-le-president-de-la-republique-accueille-son-homologue-tunisien-a-laeroport-international-dalger\/"]}]},{"@type":"ImageObject","inLanguage":"fr-FR","@id":"https:\/\/elmawkie.dz\/fr\/iatf-2025-le-president-de-la-republique-accueille-son-homologue-tunisien-a-laeroport-international-dalger\/#primaryimage","url":"https:\/\/elmawkie.dz\/fr\/wp-content\/uploads\/2025\/09\/IMG_4747.jpeg","contentUrl":"https:\/\/elmawkie.dz\/fr\/wp-content\/uploads\/2025\/09\/IMG_4747.jpeg","width":739,"height":415},{"@type":"BreadcrumbList","@id":"https:\/\/elmawkie.dz\/fr\/iatf-2025-le-president-de-la-republique-accueille-son-homologue-tunisien-a-laeroport-international-dalger\/#breadcrumb","itemListElement":[{"@type":"ListItem","position":1,"name":"Home","item":"https:\/\/elmawkie.dz\/fr\/"},{"@type":"ListItem","position":2,"name":"IATF 2025 : le pr\u00e9sident de la R\u00e9publique re\u00e7oit son homologue tunisien \u00e0 l&rsquo;A\u00e9roport international d&rsquo;Alger"}]},{"@type":"WebSite","@id":"https:\/\/elmawkie.dz\/fr\/#website","url":"https:\/\/elmawkie.dz\/fr\/","name":"EL MAWKIE","description":"Journal \u00c9lectronique Alg\u00e9rien","publisher":{"@id":"https:\/\/elmawkie.dz\/fr\/#organization"},"potentialAction":[{"@type":"SearchAction","target":{"@type":"EntryPoint","urlTemplate":"https:\/\/elmawkie.dz\/fr\/?s={search_term_string}"},"query-input":"required name=search_term_string"}],"inLanguage":"fr-FR"},{"@type":"Organization","@id":"https:\/\/elmawkie.dz\/fr\/#organization","name":"EL MAWKIE","url":"https:\/\/elmawkie.dz\/fr\/","logo":{"@type":"ImageObject","inLanguage":"fr-FR","@id":"https:\/\/elmawkie.dz\/fr\/#\/schema\/logo\/image\/","url":"https:\/\/elmawkie.dz\/fr\/wp-content\/uploads\/2024\/05\/logo1.png","contentUrl":"https:\/\/elmawkie.dz\/fr\/wp-content\/uploads\/2024\/05\/logo1.png","width":1648,"height":652,"caption":"EL MAWKIE"},"image":{"@id":"https:\/\/elmawkie.dz\/fr\/#\/schema\/logo\/image\/"},"sameAs":["https:\/\/www.facebook.com\/profile.php?id=100088407094989&locale=fr_FR"]},{"@type":"Person","@id":"https:\/\/elmawkie.dz\/fr\/#\/schema\/person\/e7bd59d6467874ba5c4723d8a9f0a63c","name":"R\u00e9daction","image":{"@type":"ImageObject","inLanguage":"fr-FR","@id":"https:\/\/elmawkie.dz\/fr\/#\/schema\/person\/image\/","url":"https:\/\/secure.gravatar.com\/avatar\/f0f773456344da4d2788c054a3d30a0c?s=96&d=mm&r=g","contentUrl":"https:\/\/secure.gravatar.com\/avatar\/f0f773456344da4d2788c054a3d30a0c?s=96&d=mm&r=g","caption":"R\u00e9daction"},"url":"https:\/\/elmawkie.dz\/fr\/author\/redaction\/"}]}},"_links":{"self":[{"href":"https:\/\/elmawkie.dz\/fr\/wp-json\/wp\/v2\/posts\/55819","targetHints":{"allow":["GET"]}}],"collection":[{"href":"https:\/\/elmawkie.dz\/fr\/wp-json\/wp\/v2\/posts"}],"about":[{"href":"https:\/\/elmawkie.dz\/fr\/wp-json\/wp\/v2\/types\/post"}],"author":[{"embeddable":true,"href":"https:\/\/elmawkie.dz\/fr\/wp-json\/wp\/v2\/users\/9"}],"replies":[{"embeddable":true,"href":"https:\/\/elmawkie.dz\/fr\/wp-json\/wp\/v2\/comments?post=55819"}],"version-history":[{"count":2,"href":"https:\/\/elmawkie.dz\/fr\/wp-json\/wp\/v2\/posts\/55819\/revisions"}],"predecessor-version":[{"id":55823,"href":"https:\/\/elmawkie.dz\/fr\/wp-json\/wp\/v2\/posts\/55819\/revisions\/55823"}],"wp:featuredmedia":[{"embeddable":true,"href":"https:\/\/elmawkie.dz\/fr\/wp-json\/wp\/v2\/media\/55821"}],"wp:attachment":[{"href":"https:\/\/elmawkie.dz\/fr\/wp-json\/wp\/v2\/media?parent=55819"}],"wp:term":[{"taxonomy":"category","embeddable":true,"href":"https:\/\/elmawkie.dz\/fr\/wp-json\/wp\/v2\/categories?post=55819"},{"taxonomy":"post_tag","embeddable":true,"href":"https:\/\/elmawkie.dz\/fr\/wp-json\/wp\/v2\/tags?post=55819"}],"curies":[{"name":"wp","href":"https:\/\/api.w.org\/{rel}","templated":true}]}}