{"id":5576,"date":"2024-10-08T12:55:43","date_gmt":"2024-10-08T11:55:43","guid":{"rendered":"https:\/\/elmawkie.dz\/fr\/?p=5576"},"modified":"2024-10-08T12:55:43","modified_gmt":"2024-10-08T11:55:43","slug":"rentree-professionnelle-dans-les-wilayas-du-centre","status":"publish","type":"post","link":"https:\/\/elmawkie.dz\/fr\/rentree-professionnelle-dans-les-wilayas-du-centre\/","title":{"rendered":"Rentr\u00e9e professionnelle dans les wilayas du Centre"},"content":{"rendered":"<p><strong><em>Les centres et instituts de la formation et de l&rsquo;enseignement professionnels des wilayas du Centre ont enregistr\u00e9, mardi, une affluence notable des jeunes pour les nouvelles sp\u00e9cialit\u00e9s adapt\u00e9es aux besoins du march\u00e9 de l&#8217;emploi, au titre de la rentr\u00e9e professionnelle de la session d&rsquo;octobre 2024, a-t-on appris aupr\u00e8s des responsables du secteur. A Blida, le nombre des nouveaux inscrits a atteint les 10.386 stagiaires, soit plus de 10 % l\u2019offre de formation pour cette session qui est de 8.866 postes, ce qui a n\u00e9cessit\u00e9 l\u2019introduction d\u2019une offre suppl\u00e9mentaire de plus de 500 nouveaux postes. Cette forte demande de formation s\u2019explique par l&rsquo;ouverture de nouvelles sp\u00e9cialit\u00e9s dipl\u00f4mantes garantissant un emploi d\u00e8s la fin du stage, \u00e0 l\u2019instar de la sp\u00e9cialit\u00e9 de technicien sup\u00e9rieur en distribution de mat\u00e9riel pharmaceutique. A Djelfa, 8.460 postes p\u00e9dagogiques ont \u00e9t\u00e9 ouverts dans diff\u00e9rents modes de formation, dont 5.090 pour la formation qualifiante, 2.200 postes au profit des b\u00e9n\u00e9ficiaires de l&rsquo;allocation ch\u00f4mage et 660 postes pour la population carc\u00e9rale. Cette session a en outre, enregistr\u00e9 l\u2019introduction de nombreuses sp\u00e9cialit\u00e9s relatives entre autres, \u00e0 l\u2019aquaculture, dans le cadre de la mise en application d&rsquo;un accord avec la station aquacole de la wilaya. A Ain Defla, le secteur s&rsquo;est renforc\u00e9 avec six (6) nouvelles sp\u00e9cialit\u00e9s, dont celui du jardinier paysagiste, d&rsquo;installation sanitaire, de chauffage et de climatisation, de maintenance informatique et de montage de panneaux solaires, photovolta\u00efques et thermiques. Pour cette session, le secteur assure, dans cette m\u00eame wilaya, une offre globale de 7.000 postes de formation, r\u00e9partis sur 1.400 postes en mode r\u00e9sidentiel, 2.485 en formation par apprentissage, 250 pour la formation en milieu rural et 355 postes pour la femme au foyer. A cela s\u2019ajoutent plus de 400 postes de formation qualifiante de courte dur\u00e9e dans les m\u00e9tiers agricoles, 1.040 postes pour les b\u00e9n\u00e9ficiaires de l&rsquo;allocation ch\u00f4mage et 170 postes au profit des d\u00e9tenus. A Chlef, quelque 15.285 nouveaux stagiaires ont rejoint les centres et instituts de la formation professionnelle, dont 1.515 b\u00e9n\u00e9ficiaires de l&rsquo;allocation ch\u00f4mage. Dans la commune d&rsquo;Oued Fodda, un nouvel institut national sp\u00e9cialis\u00e9 en formation professionnelle (INSFP) a \u00e9t\u00e9 ouvert, englobant deux sections d\u00e9di\u00e9es au traitement des eaux et \u00e0 la gestion et r\u00e9cup\u00e9ration des d\u00e9chets. A M\u00e9d\u00e9a, le secteur assure une offre de 4.600 postes p\u00e9dagogiques dans pas moins de 122 sp\u00e9cialit\u00e9s de formation. La Wilaya compte 33 \u00e9tablissements de formation, entre instituts sp\u00e9cialis\u00e9s et centres de formation. Dans la wilaya de Boumerdes, plus de 15.000 stagiaires, dont plus de 8.000 nouveaux inscrits, ont rejoint les 48 \u00e9tablissements de la formation professionnelle. Le secteur assure des formations dans 20 fili\u00e8res englobant plus de 180 sp\u00e9cialit\u00e9s, dont neuf (9) nouvelles, \u00e0 l\u2019instar du dessalement de l&rsquo;eau de mer, de la cybers\u00e9curit\u00e9 et de la photographie. A Bouira, 10.434 nouveaux stagiaires ont rejoint les centres et les instituts de la formation. Ils s\u2019ajouteront \u00e0 4.385 autres d\u00e9j\u00e0 en formation, portant leur nombre \u00e0 14.819 stagiaires. De nouveaux postes de formation sont assur\u00e9s pour les personnes aux besoins sp\u00e9cifiques, les femmes au foyer, les habitants des zones rurales et les b\u00e9n\u00e9ficiaires de l&rsquo;allocation ch\u00f4mage. A Tizi-Ouzou, cette session d\u2019octobre se caract\u00e9rise par une offre globale de 11.913 nouveaux postes p\u00e9dagogiques, dont 3.364 postes dans le mode de formation par apprentissage, 1.537 postes en formation qualifiante, 1.235 pour les b\u00e9n\u00e9ficiaires de l&rsquo;allocation ch\u00f4mage et 210 pour les femmes au foyer. La nouvelle rentr\u00e9e a, \u00e9galement, vu l\u2019introduction de nouvelles sp\u00e9cialit\u00e9s, dont la transformation de c\u00e9r\u00e9ales, le traitement des eaux et l&rsquo;\u00e9conomie de l&rsquo;eau. A Tipasa, la rentr\u00e9e pour cette session, a \u00e9t\u00e9 marqu\u00e9e par l&rsquo;ouverture d&rsquo;un nouvel INFSP assurant des formations de technicien sup\u00e9rieur dans les sp\u00e9cialit\u00e9s de gestion des ressources humaines, m\u00e9catronique automobile et efficacit\u00e9 \u00e9nerg\u00e9tique. Ce nouvel \u00e9tablissement s\u2019ajoutera \u00e0 trois (3) instituts nationaux sp\u00e9cialis\u00e9s et 19 centres de formation professionnelle et d\u2019apprentissage (CFPA). Dix nouvelles sp\u00e9cialit\u00e9s ont \u00e9t\u00e9, en outre, introduites, notamment dans le domaine de la p\u00eache et de l&rsquo;aquaculture, \u00e0 l\u2019instar de charpentier de marine, pisciculture en bassins d\u2019eau, et technicien sup\u00e9rieur en aquaculture. A Bejaia, cette rentr\u00e9e concerne 14.566 stagiaires, dont 7.706 nouveaux inscrits. Le secteur met \u00e0 leur disposition 203 sp\u00e9cialit\u00e9s, dont 132 en formation dipl\u00f4mante et 71 en formation qualifiante. La sp\u00e9cificit\u00e9 de cette session est la consolidation des formations en rapport avec les projets structurants de la wilaya, notamment le secteur des mines et du dessalement d\u2019eau de mer.<\/em><\/strong><\/p>\n","protected":false},"excerpt":{"rendered":"<p>Les centres et instituts de la formation et de l&rsquo;enseignement professionnels des wilayas du Centre ont enregistr\u00e9, mardi, une affluence notable des jeunes pour les nouvelles sp\u00e9cialit\u00e9s adapt\u00e9es aux besoins du march\u00e9 de l&#8217;emploi, au titre de la rentr\u00e9e professionnelle de la session d&rsquo;octobre 2024, a-t-on appris aupr\u00e8s des responsables du secteur. A Blida, le &hellip;<\/p>\n","protected":false},"author":9,"featured_media":5577,"comment_status":"open","ping_status":"open","sticky":false,"template":"","format":"standard","meta":{"footnotes":""},"categories":[50],"tags":[902,901],"class_list":["post-5576","post","type-post","status-publish","format-standard","has-post-thumbnail","hentry","category-region","tag-les-wilayas-du-centre","tag-rentree-professionnelle"],"yoast_head":"<!-- This site is optimized with the Yoast SEO Premium plugin v22.6 (Yoast SEO v22.6) - https:\/\/yoast.com\/wordpress\/plugins\/seo\/ -->\n<title>Rentr\u00e9e professionnelle dans les wilayas du Centre - El Mawkie<\/title>\n<meta name=\"robots\" content=\"index, follow, max-snippet:-1, max-image-preview:large, max-video-preview:-1\" \/>\n<link rel=\"canonical\" href=\"https:\/\/elmawkie.dz\/fr\/rentree-professionnelle-dans-les-wilayas-du-centre\/\" \/>\n<meta property=\"og:locale\" content=\"fr_FR\" \/>\n<meta property=\"og:type\" content=\"article\" \/>\n<meta property=\"og:title\" content=\"Rentr\u00e9e professionnelle dans les wilayas du Centre\" \/>\n<meta property=\"og:description\" content=\"Les centres et instituts de la formation et de l&rsquo;enseignement professionnels des wilayas du Centre ont enregistr\u00e9, mardi, une affluence notable des jeunes pour les nouvelles sp\u00e9cialit\u00e9s adapt\u00e9es aux besoins du march\u00e9 de l&#8217;emploi, au titre de la rentr\u00e9e professionnelle de la session d&rsquo;octobre 2024, a-t-on appris aupr\u00e8s des responsables du secteur. A Blida, le &hellip;\" \/>\n<meta property=\"og:url\" content=\"https:\/\/elmawkie.dz\/fr\/rentree-professionnelle-dans-les-wilayas-du-centre\/\" \/>\n<meta property=\"og:site_name\" content=\"El Mawkie\" \/>\n<meta property=\"article:publisher\" content=\"https:\/\/www.facebook.com\/profile.php?id=100088407094989&amp;locale=fr_FR\" \/>\n<meta property=\"article:published_time\" content=\"2024-10-08T11:55:43+00:00\" \/>\n<meta property=\"og:image\" content=\"https:\/\/elmawkie.dz\/fr\/wp-content\/uploads\/2024\/10\/IMG_2953.jpeg\" \/>\n\t<meta property=\"og:image:width\" content=\"400\" \/>\n\t<meta property=\"og:image:height\" content=\"300\" \/>\n\t<meta property=\"og:image:type\" content=\"image\/jpeg\" \/>\n<meta name=\"author\" content=\"R\u00e9daction\" \/>\n<meta name=\"twitter:card\" content=\"summary_large_image\" \/>\n<meta name=\"twitter:label1\" content=\"Written by\" \/>\n\t<meta name=\"twitter:data1\" content=\"R\u00e9daction\" \/>\n\t<meta name=\"twitter:label2\" content=\"Est. reading time\" \/>\n\t<meta name=\"twitter:data2\" content=\"4 minutes\" \/>\n<script type=\"application\/ld+json\" class=\"yoast-schema-graph\">{\"@context\":\"https:\/\/schema.org\",\"@graph\":[{\"@type\":\"Article\",\"@id\":\"https:\/\/elmawkie.dz\/fr\/rentree-professionnelle-dans-les-wilayas-du-centre\/#article\",\"isPartOf\":{\"@id\":\"https:\/\/elmawkie.dz\/fr\/rentree-professionnelle-dans-les-wilayas-du-centre\/\"},\"author\":{\"name\":\"R\u00e9daction\",\"@id\":\"https:\/\/elmawkie.dz\/fr\/#\/schema\/person\/e7bd59d6467874ba5c4723d8a9f0a63c\"},\"headline\":\"Rentr\u00e9e professionnelle dans les wilayas du Centre\",\"datePublished\":\"2024-10-08T11:55:43+00:00\",\"dateModified\":\"2024-10-08T11:55:43+00:00\",\"mainEntityOfPage\":{\"@id\":\"https:\/\/elmawkie.dz\/fr\/rentree-professionnelle-dans-les-wilayas-du-centre\/\"},\"wordCount\":799,\"commentCount\":0,\"publisher\":{\"@id\":\"https:\/\/elmawkie.dz\/fr\/#organization\"},\"image\":{\"@id\":\"https:\/\/elmawkie.dz\/fr\/rentree-professionnelle-dans-les-wilayas-du-centre\/#primaryimage\"},\"thumbnailUrl\":\"https:\/\/elmawkie.dz\/fr\/wp-content\/uploads\/2024\/10\/IMG_2953.jpeg\",\"keywords\":[\"les wilayas du Centre\",\"Rentr\u00e9e professionnelle\"],\"articleSection\":[\"R\u00e9gion\"],\"inLanguage\":\"fr-FR\",\"potentialAction\":[{\"@type\":\"CommentAction\",\"name\":\"Comment\",\"target\":[\"https:\/\/elmawkie.dz\/fr\/rentree-professionnelle-dans-les-wilayas-du-centre\/#respond\"]}]},{\"@type\":\"WebPage\",\"@id\":\"https:\/\/elmawkie.dz\/fr\/rentree-professionnelle-dans-les-wilayas-du-centre\/\",\"url\":\"https:\/\/elmawkie.dz\/fr\/rentree-professionnelle-dans-les-wilayas-du-centre\/\",\"name\":\"Rentr\u00e9e professionnelle dans les wilayas du Centre - El Mawkie\",\"isPartOf\":{\"@id\":\"https:\/\/elmawkie.dz\/fr\/#website\"},\"primaryImageOfPage\":{\"@id\":\"https:\/\/elmawkie.dz\/fr\/rentree-professionnelle-dans-les-wilayas-du-centre\/#primaryimage\"},\"image\":{\"@id\":\"https:\/\/elmawkie.dz\/fr\/rentree-professionnelle-dans-les-wilayas-du-centre\/#primaryimage\"},\"thumbnailUrl\":\"https:\/\/elmawkie.dz\/fr\/wp-content\/uploads\/2024\/10\/IMG_2953.jpeg\",\"datePublished\":\"2024-10-08T11:55:43+00:00\",\"dateModified\":\"2024-10-08T11:55:43+00:00\",\"breadcrumb\":{\"@id\":\"https:\/\/elmawkie.dz\/fr\/rentree-professionnelle-dans-les-wilayas-du-centre\/#breadcrumb\"},\"inLanguage\":\"fr-FR\",\"potentialAction\":[{\"@type\":\"ReadAction\",\"target\":[\"https:\/\/elmawkie.dz\/fr\/rentree-professionnelle-dans-les-wilayas-du-centre\/\"]}]},{\"@type\":\"ImageObject\",\"inLanguage\":\"fr-FR\",\"@id\":\"https:\/\/elmawkie.dz\/fr\/rentree-professionnelle-dans-les-wilayas-du-centre\/#primaryimage\",\"url\":\"https:\/\/elmawkie.dz\/fr\/wp-content\/uploads\/2024\/10\/IMG_2953.jpeg\",\"contentUrl\":\"https:\/\/elmawkie.dz\/fr\/wp-content\/uploads\/2024\/10\/IMG_2953.jpeg\",\"width\":400,\"height\":300},{\"@type\":\"BreadcrumbList\",\"@id\":\"https:\/\/elmawkie.dz\/fr\/rentree-professionnelle-dans-les-wilayas-du-centre\/#breadcrumb\",\"itemListElement\":[{\"@type\":\"ListItem\",\"position\":1,\"name\":\"Home\",\"item\":\"https:\/\/elmawkie.dz\/fr\/\"},{\"@type\":\"ListItem\",\"position\":2,\"name\":\"Rentr\u00e9e professionnelle dans les wilayas du Centre\"}]},{\"@type\":\"WebSite\",\"@id\":\"https:\/\/elmawkie.dz\/fr\/#website\",\"url\":\"https:\/\/elmawkie.dz\/fr\/\",\"name\":\"EL MAWKIE\",\"description\":\"Journal \u00c9lectronique Alg\u00e9rien\",\"publisher\":{\"@id\":\"https:\/\/elmawkie.dz\/fr\/#organization\"},\"potentialAction\":[{\"@type\":\"SearchAction\",\"target\":{\"@type\":\"EntryPoint\",\"urlTemplate\":\"https:\/\/elmawkie.dz\/fr\/?s={search_term_string}\"},\"query-input\":\"required name=search_term_string\"}],\"inLanguage\":\"fr-FR\"},{\"@type\":\"Organization\",\"@id\":\"https:\/\/elmawkie.dz\/fr\/#organization\",\"name\":\"EL MAWKIE\",\"url\":\"https:\/\/elmawkie.dz\/fr\/\",\"logo\":{\"@type\":\"ImageObject\",\"inLanguage\":\"fr-FR\",\"@id\":\"https:\/\/elmawkie.dz\/fr\/#\/schema\/logo\/image\/\",\"url\":\"https:\/\/elmawkie.dz\/fr\/wp-content\/uploads\/2024\/05\/logo1.png\",\"contentUrl\":\"https:\/\/elmawkie.dz\/fr\/wp-content\/uploads\/2024\/05\/logo1.png\",\"width\":1648,\"height\":652,\"caption\":\"EL MAWKIE\"},\"image\":{\"@id\":\"https:\/\/elmawkie.dz\/fr\/#\/schema\/logo\/image\/\"},\"sameAs\":[\"https:\/\/www.facebook.com\/profile.php?id=100088407094989&locale=fr_FR\"]},{\"@type\":\"Person\",\"@id\":\"https:\/\/elmawkie.dz\/fr\/#\/schema\/person\/e7bd59d6467874ba5c4723d8a9f0a63c\",\"name\":\"R\u00e9daction\",\"image\":{\"@type\":\"ImageObject\",\"inLanguage\":\"fr-FR\",\"@id\":\"https:\/\/elmawkie.dz\/fr\/#\/schema\/person\/image\/\",\"url\":\"https:\/\/secure.gravatar.com\/avatar\/f0f773456344da4d2788c054a3d30a0c?s=96&d=mm&r=g\",\"contentUrl\":\"https:\/\/secure.gravatar.com\/avatar\/f0f773456344da4d2788c054a3d30a0c?s=96&d=mm&r=g\",\"caption\":\"R\u00e9daction\"},\"url\":\"https:\/\/elmawkie.dz\/fr\/author\/redaction\/\"}]}<\/script>\n<!-- \/ Yoast SEO Premium plugin. -->","yoast_head_json":{"title":"Rentr\u00e9e professionnelle dans les wilayas du Centre - El Mawkie","robots":{"index":"index","follow":"follow","max-snippet":"max-snippet:-1","max-image-preview":"max-image-preview:large","max-video-preview":"max-video-preview:-1"},"canonical":"https:\/\/elmawkie.dz\/fr\/rentree-professionnelle-dans-les-wilayas-du-centre\/","og_locale":"fr_FR","og_type":"article","og_title":"Rentr\u00e9e professionnelle dans les wilayas du Centre","og_description":"Les centres et instituts de la formation et de l&rsquo;enseignement professionnels des wilayas du Centre ont enregistr\u00e9, mardi, une affluence notable des jeunes pour les nouvelles sp\u00e9cialit\u00e9s adapt\u00e9es aux besoins du march\u00e9 de l&#8217;emploi, au titre de la rentr\u00e9e professionnelle de la session d&rsquo;octobre 2024, a-t-on appris aupr\u00e8s des responsables du secteur. A Blida, le &hellip;","og_url":"https:\/\/elmawkie.dz\/fr\/rentree-professionnelle-dans-les-wilayas-du-centre\/","og_site_name":"El Mawkie","article_publisher":"https:\/\/www.facebook.com\/profile.php?id=100088407094989&locale=fr_FR","article_published_time":"2024-10-08T11:55:43+00:00","og_image":[{"width":400,"height":300,"url":"https:\/\/elmawkie.dz\/fr\/wp-content\/uploads\/2024\/10\/IMG_2953.jpeg","type":"image\/jpeg"}],"author":"R\u00e9daction","twitter_card":"summary_large_image","twitter_misc":{"Written by":"R\u00e9daction","Est. reading time":"4 minutes"},"schema":{"@context":"https:\/\/schema.org","@graph":[{"@type":"Article","@id":"https:\/\/elmawkie.dz\/fr\/rentree-professionnelle-dans-les-wilayas-du-centre\/#article","isPartOf":{"@id":"https:\/\/elmawkie.dz\/fr\/rentree-professionnelle-dans-les-wilayas-du-centre\/"},"author":{"name":"R\u00e9daction","@id":"https:\/\/elmawkie.dz\/fr\/#\/schema\/person\/e7bd59d6467874ba5c4723d8a9f0a63c"},"headline":"Rentr\u00e9e professionnelle dans les wilayas du Centre","datePublished":"2024-10-08T11:55:43+00:00","dateModified":"2024-10-08T11:55:43+00:00","mainEntityOfPage":{"@id":"https:\/\/elmawkie.dz\/fr\/rentree-professionnelle-dans-les-wilayas-du-centre\/"},"wordCount":799,"commentCount":0,"publisher":{"@id":"https:\/\/elmawkie.dz\/fr\/#organization"},"image":{"@id":"https:\/\/elmawkie.dz\/fr\/rentree-professionnelle-dans-les-wilayas-du-centre\/#primaryimage"},"thumbnailUrl":"https:\/\/elmawkie.dz\/fr\/wp-content\/uploads\/2024\/10\/IMG_2953.jpeg","keywords":["les wilayas du Centre","Rentr\u00e9e professionnelle"],"articleSection":["R\u00e9gion"],"inLanguage":"fr-FR","potentialAction":[{"@type":"CommentAction","name":"Comment","target":["https:\/\/elmawkie.dz\/fr\/rentree-professionnelle-dans-les-wilayas-du-centre\/#respond"]}]},{"@type":"WebPage","@id":"https:\/\/elmawkie.dz\/fr\/rentree-professionnelle-dans-les-wilayas-du-centre\/","url":"https:\/\/elmawkie.dz\/fr\/rentree-professionnelle-dans-les-wilayas-du-centre\/","name":"Rentr\u00e9e professionnelle dans les wilayas du Centre - El Mawkie","isPartOf":{"@id":"https:\/\/elmawkie.dz\/fr\/#website"},"primaryImageOfPage":{"@id":"https:\/\/elmawkie.dz\/fr\/rentree-professionnelle-dans-les-wilayas-du-centre\/#primaryimage"},"image":{"@id":"https:\/\/elmawkie.dz\/fr\/rentree-professionnelle-dans-les-wilayas-du-centre\/#primaryimage"},"thumbnailUrl":"https:\/\/elmawkie.dz\/fr\/wp-content\/uploads\/2024\/10\/IMG_2953.jpeg","datePublished":"2024-10-08T11:55:43+00:00","dateModified":"2024-10-08T11:55:43+00:00","breadcrumb":{"@id":"https:\/\/elmawkie.dz\/fr\/rentree-professionnelle-dans-les-wilayas-du-centre\/#breadcrumb"},"inLanguage":"fr-FR","potentialAction":[{"@type":"ReadAction","target":["https:\/\/elmawkie.dz\/fr\/rentree-professionnelle-dans-les-wilayas-du-centre\/"]}]},{"@type":"ImageObject","inLanguage":"fr-FR","@id":"https:\/\/elmawkie.dz\/fr\/rentree-professionnelle-dans-les-wilayas-du-centre\/#primaryimage","url":"https:\/\/elmawkie.dz\/fr\/wp-content\/uploads\/2024\/10\/IMG_2953.jpeg","contentUrl":"https:\/\/elmawkie.dz\/fr\/wp-content\/uploads\/2024\/10\/IMG_2953.jpeg","width":400,"height":300},{"@type":"BreadcrumbList","@id":"https:\/\/elmawkie.dz\/fr\/rentree-professionnelle-dans-les-wilayas-du-centre\/#breadcrumb","itemListElement":[{"@type":"ListItem","position":1,"name":"Home","item":"https:\/\/elmawkie.dz\/fr\/"},{"@type":"ListItem","position":2,"name":"Rentr\u00e9e professionnelle dans les wilayas du Centre"}]},{"@type":"WebSite","@id":"https:\/\/elmawkie.dz\/fr\/#website","url":"https:\/\/elmawkie.dz\/fr\/","name":"EL MAWKIE","description":"Journal \u00c9lectronique Alg\u00e9rien","publisher":{"@id":"https:\/\/elmawkie.dz\/fr\/#organization"},"potentialAction":[{"@type":"SearchAction","target":{"@type":"EntryPoint","urlTemplate":"https:\/\/elmawkie.dz\/fr\/?s={search_term_string}"},"query-input":"required name=search_term_string"}],"inLanguage":"fr-FR"},{"@type":"Organization","@id":"https:\/\/elmawkie.dz\/fr\/#organization","name":"EL MAWKIE","url":"https:\/\/elmawkie.dz\/fr\/","logo":{"@type":"ImageObject","inLanguage":"fr-FR","@id":"https:\/\/elmawkie.dz\/fr\/#\/schema\/logo\/image\/","url":"https:\/\/elmawkie.dz\/fr\/wp-content\/uploads\/2024\/05\/logo1.png","contentUrl":"https:\/\/elmawkie.dz\/fr\/wp-content\/uploads\/2024\/05\/logo1.png","width":1648,"height":652,"caption":"EL MAWKIE"},"image":{"@id":"https:\/\/elmawkie.dz\/fr\/#\/schema\/logo\/image\/"},"sameAs":["https:\/\/www.facebook.com\/profile.php?id=100088407094989&locale=fr_FR"]},{"@type":"Person","@id":"https:\/\/elmawkie.dz\/fr\/#\/schema\/person\/e7bd59d6467874ba5c4723d8a9f0a63c","name":"R\u00e9daction","image":{"@type":"ImageObject","inLanguage":"fr-FR","@id":"https:\/\/elmawkie.dz\/fr\/#\/schema\/person\/image\/","url":"https:\/\/secure.gravatar.com\/avatar\/f0f773456344da4d2788c054a3d30a0c?s=96&d=mm&r=g","contentUrl":"https:\/\/secure.gravatar.com\/avatar\/f0f773456344da4d2788c054a3d30a0c?s=96&d=mm&r=g","caption":"R\u00e9daction"},"url":"https:\/\/elmawkie.dz\/fr\/author\/redaction\/"}]}},"_links":{"self":[{"href":"https:\/\/elmawkie.dz\/fr\/wp-json\/wp\/v2\/posts\/5576","targetHints":{"allow":["GET"]}}],"collection":[{"href":"https:\/\/elmawkie.dz\/fr\/wp-json\/wp\/v2\/posts"}],"about":[{"href":"https:\/\/elmawkie.dz\/fr\/wp-json\/wp\/v2\/types\/post"}],"author":[{"embeddable":true,"href":"https:\/\/elmawkie.dz\/fr\/wp-json\/wp\/v2\/users\/9"}],"replies":[{"embeddable":true,"href":"https:\/\/elmawkie.dz\/fr\/wp-json\/wp\/v2\/comments?post=5576"}],"version-history":[{"count":0,"href":"https:\/\/elmawkie.dz\/fr\/wp-json\/wp\/v2\/posts\/5576\/revisions"}],"wp:featuredmedia":[{"embeddable":true,"href":"https:\/\/elmawkie.dz\/fr\/wp-json\/wp\/v2\/media\/5577"}],"wp:attachment":[{"href":"https:\/\/elmawkie.dz\/fr\/wp-json\/wp\/v2\/media?parent=5576"}],"wp:term":[{"taxonomy":"category","embeddable":true,"href":"https:\/\/elmawkie.dz\/fr\/wp-json\/wp\/v2\/categories?post=5576"},{"taxonomy":"post_tag","embeddable":true,"href":"https:\/\/elmawkie.dz\/fr\/wp-json\/wp\/v2\/tags?post=5576"}],"curies":[{"name":"wp","href":"https:\/\/api.w.org\/{rel}","templated":true}]}}