{"id":55752,"date":"2025-08-31T19:48:37","date_gmt":"2025-08-31T18:48:37","guid":{"rendered":"https:\/\/elmawkie.dz\/fr\/?p=55752"},"modified":"2025-08-31T19:48:38","modified_gmt":"2025-08-31T18:48:38","slug":"sommet-mondial-de-la-jeunesse-2025-lalgerie-partage-son-experience-en-autonomisation-des-jeunes-a-kazan","status":"publish","type":"post","link":"https:\/\/elmawkie.dz\/fr\/sommet-mondial-de-la-jeunesse-2025-lalgerie-partage-son-experience-en-autonomisation-des-jeunes-a-kazan\/","title":{"rendered":"Sommet mondial de la jeunesse 2025 : l\u2019Alg\u00e9rie partage son exp\u00e9rience en autonomisation des jeunes \u00e0 Kazan"},"content":{"rendered":"\n<p>Le ministre de la Jeunesse, charg\u00e9 du Conseil sup\u00e9rieur de la jeunesse, M. Mustapha Hidaoui, a mis en avant, lors de sa participation au Sommet mondial de la jeunesse 2025 \u00e0 Kazan, l&rsquo;exp\u00e9rience de l&rsquo;Alg\u00e9rie en mati\u00e8re d&rsquo;autonomisation, de soutien aux jeunes et de renforcement de leur participation dans le processus d\u00e9cisionnel, indique, dimanche, un communiqu\u00e9 du minist\u00e8re. Lors de sa participation \u00e0 ce sommet tenu du 27 au 30 ao\u00fbt en R\u00e9publique du Tatarstan, M. Hidaoui a expos\u00e9 l&rsquo;exp\u00e9rience de l&rsquo;Alg\u00e9rie en mati\u00e8re d&rsquo;autonomisation et de soutien aux jeunes, \u00e0 travers un ensemble de m\u00e9canismes et de mesures juridiques qui \u00ab\u00a0favorisent leur implication dans la prise de d\u00e9cision, notamment dans les domaines politique et \u00e9conomique, en sus des programmes nationaux visant \u00e0 d\u00e9velopper leurs capacit\u00e9s de leadership et \u00e0 promouvoir leur esprit d&rsquo;initiative\u00a0\u00bb, pr\u00e9cise la m\u00eame source. En marge des travaux du Sommet, le programme de M. Hidaoui comprenait des rencontres bilat\u00e9rales avec plusieurs responsables d&rsquo;organismes participants, des leaders de jeunesse et de repr\u00e9sentants de conseils de jeunes de diff\u00e9rents pays du monde, et ce, en vue de \u00ab\u00a0renforcer les moyens de mise en r\u00e9seau, d&rsquo;\u00e9changer des exp\u00e9riences et de p\u00e9renniser l&rsquo;action commune, au service des questions de la jeunesse aux niveaux r\u00e9gional et international\u00a0\u00bb, ajoute le communiqu\u00e9. Dans ce contexte, M. Hidaoui s&rsquo;est r\u00e9uni avec le pr\u00e9sident du Forum de la Jeunesse de l&rsquo;Organisation de la coop\u00e9ration islamique (OCI), Taha Ahyan, une rencontre qui a permis d&rsquo;oeuvrer au \u00ab\u00a0renforcement de la coop\u00e9ration bilat\u00e9rale dans le domaine de la jeunesse entre l&rsquo;Alg\u00e9rie et l&rsquo;OCI\u00a0\u00bb. Le ministre a \u00e9galement \u00e9t\u00e9 re\u00e7u par le pr\u00e9sident de la R\u00e9publique du Tatarstan, M. Roustam Minnikhanov, en compagnie des ministres et cadres de la jeunesse participants, issus de diff\u00e9rents pays. Cette rencontre a permis \u00ab\u00a0un \u00e9change de vues sur des questions d&rsquo;int\u00e9r\u00eat commun, notamment l&rsquo;autonomisation des jeunes, l&rsquo;\u00e9largissement des perspectives de la recherche scientifique et l&rsquo;\u00e9change d&rsquo;expertises dans le domaine des politiques de la jeunesse et des programmes de formation au leadership et \u00e0 l&rsquo;entrepreneuriat\u00a0\u00bb. Elle a aussi constitu\u00e9 une occasion pour \u00ab\u00a0le renforcement du dialogue et la conjugaison des efforts internationaux en faveur des jeunes afin qu&rsquo;ils puissent jouer un r\u00f4le de premier plan dans le d\u00e9veloppement durable\u00a0\u00bb. Le ministre a salu\u00e9 les th\u00e9matiques du Sommet de Kazan, qui appellent \u00e0 \u00ab\u00a0investir dans la jeunesse \u00e0 travers le monde au mieux des int\u00e9r\u00eats de toutes les soci\u00e9t\u00e9s\u00a0\u00bb, soulignant \u00ab\u00a0l&rsquo;int\u00e9r\u00eat majeur que porte le pr\u00e9sident de la R\u00e9publique, M. Abdelmadjid Tebboune, aux questions inh\u00e9rentes aux jeunes\u00a0\u00bb. Il a pr\u00e9cis\u00e9 que le pr\u00e9sident de la R\u00e9publique \u00ab\u00a0consid\u00e8re les jeunes comme la pierre angulaire pour la r\u00e9alisation du d\u00e9veloppement durable\u00a0\u00bb et que \u00ab\u00a0ses politiques ainsi que le programme du Gouvernement refl\u00e8tent un engagement ferme en faveur du renforcement du r\u00f4le de la jeunesse au sein de la soci\u00e9t\u00e9 en vue de contribuer au processus de d\u00e9veloppement \u00e0 tous les niveaux\u00a0\u00bb. Plac\u00e9 sous le slogan \u00ab\u00a0L&rsquo;\u00e9ducation de la personnalit\u00e9 \u00e0 l&rsquo;\u00e8re des changements mondiaux: le d\u00e9veloppement de carri\u00e8re fond\u00e9 sur les valeurs\u00a0\u00bb, le Sommet de Kazan a port\u00e9 sur plusieurs th\u00e8mes, notamment \u00ab\u00a0le renforcement d&rsquo;une \u00e9ducation fond\u00e9e sur les valeurs, le d\u00e9veloppement des comp\u00e9tences de leadership chez les jeunes et leur pr\u00e9paration professionnelle afin de s&rsquo;adapter aux transformations technologiques et socio\u00e9conomiques actuelles\u00a0\u00bb.<\/p>\n","protected":false},"excerpt":{"rendered":"<p>Le ministre de la Jeunesse, charg\u00e9 du Conseil sup\u00e9rieur de la jeunesse, M. Mustapha Hidaoui, a mis en avant, lors de sa participation au Sommet mondial de la jeunesse 2025 \u00e0 Kazan, l&rsquo;exp\u00e9rience de l&rsquo;Alg\u00e9rie en mati\u00e8re d&rsquo;autonomisation, de soutien aux jeunes et de renforcement de leur participation dans le processus d\u00e9cisionnel, indique, dimanche, un &hellip;<\/p>\n","protected":false},"author":9,"featured_media":55754,"comment_status":"open","ping_status":"open","sticky":false,"template":"","format":"standard","meta":{"footnotes":""},"categories":[47],"tags":[1118,4948,294,4947],"class_list":["post-55752","post","type-post","status-publish","format-standard","has-post-thumbnail","hentry","category-national","tag-1118","tag-kazan","tag-lalgerie","tag-sommet-mondial-de-la-jeunesse"],"yoast_head":"<!-- This site is optimized with the Yoast SEO Premium plugin v22.6 (Yoast SEO v22.6) - https:\/\/yoast.com\/wordpress\/plugins\/seo\/ -->\n<title>Sommet mondial de la jeunesse 2025 : l\u2019Alg\u00e9rie partage son exp\u00e9rience en autonomisation des jeunes \u00e0 Kazan - El Mawkie<\/title>\n<meta name=\"robots\" content=\"index, follow, max-snippet:-1, max-image-preview:large, max-video-preview:-1\" \/>\n<link rel=\"canonical\" href=\"https:\/\/elmawkie.dz\/fr\/sommet-mondial-de-la-jeunesse-2025-lalgerie-partage-son-experience-en-autonomisation-des-jeunes-a-kazan\/\" \/>\n<meta property=\"og:locale\" content=\"fr_FR\" \/>\n<meta property=\"og:type\" content=\"article\" \/>\n<meta property=\"og:title\" content=\"Sommet mondial de la jeunesse 2025 : l\u2019Alg\u00e9rie partage son exp\u00e9rience en autonomisation des jeunes \u00e0 Kazan\" \/>\n<meta property=\"og:description\" content=\"Le ministre de la Jeunesse, charg\u00e9 du Conseil sup\u00e9rieur de la jeunesse, M. Mustapha Hidaoui, a mis en avant, lors de sa participation au Sommet mondial de la jeunesse 2025 \u00e0 Kazan, l&rsquo;exp\u00e9rience de l&rsquo;Alg\u00e9rie en mati\u00e8re d&rsquo;autonomisation, de soutien aux jeunes et de renforcement de leur participation dans le processus d\u00e9cisionnel, indique, dimanche, un &hellip;\" \/>\n<meta property=\"og:url\" content=\"https:\/\/elmawkie.dz\/fr\/sommet-mondial-de-la-jeunesse-2025-lalgerie-partage-son-experience-en-autonomisation-des-jeunes-a-kazan\/\" \/>\n<meta property=\"og:site_name\" content=\"El Mawkie\" \/>\n<meta property=\"article:publisher\" content=\"https:\/\/www.facebook.com\/profile.php?id=100088407094989&amp;locale=fr_FR\" \/>\n<meta property=\"article:published_time\" content=\"2025-08-31T18:48:37+00:00\" \/>\n<meta property=\"article:modified_time\" content=\"2025-08-31T18:48:38+00:00\" \/>\n<meta property=\"og:image\" content=\"https:\/\/elmawkie.dz\/fr\/wp-content\/uploads\/2025\/08\/IMG_4490.jpeg\" \/>\n\t<meta property=\"og:image:width\" content=\"2048\" \/>\n\t<meta property=\"og:image:height\" content=\"1365\" \/>\n\t<meta property=\"og:image:type\" content=\"image\/jpeg\" \/>\n<meta name=\"author\" content=\"R\u00e9daction\" \/>\n<meta name=\"twitter:card\" content=\"summary_large_image\" \/>\n<meta name=\"twitter:label1\" content=\"Written by\" \/>\n\t<meta name=\"twitter:data1\" content=\"R\u00e9daction\" \/>\n\t<meta name=\"twitter:label2\" content=\"Est. reading time\" \/>\n\t<meta name=\"twitter:data2\" content=\"3 minutes\" \/>\n<script type=\"application\/ld+json\" class=\"yoast-schema-graph\">{\"@context\":\"https:\/\/schema.org\",\"@graph\":[{\"@type\":\"Article\",\"@id\":\"https:\/\/elmawkie.dz\/fr\/sommet-mondial-de-la-jeunesse-2025-lalgerie-partage-son-experience-en-autonomisation-des-jeunes-a-kazan\/#article\",\"isPartOf\":{\"@id\":\"https:\/\/elmawkie.dz\/fr\/sommet-mondial-de-la-jeunesse-2025-lalgerie-partage-son-experience-en-autonomisation-des-jeunes-a-kazan\/\"},\"author\":{\"name\":\"R\u00e9daction\",\"@id\":\"https:\/\/elmawkie.dz\/fr\/#\/schema\/person\/e7bd59d6467874ba5c4723d8a9f0a63c\"},\"headline\":\"Sommet mondial de la jeunesse 2025 : l\u2019Alg\u00e9rie partage son exp\u00e9rience en autonomisation des jeunes \u00e0 Kazan\",\"datePublished\":\"2025-08-31T18:48:37+00:00\",\"dateModified\":\"2025-08-31T18:48:38+00:00\",\"mainEntityOfPage\":{\"@id\":\"https:\/\/elmawkie.dz\/fr\/sommet-mondial-de-la-jeunesse-2025-lalgerie-partage-son-experience-en-autonomisation-des-jeunes-a-kazan\/\"},\"wordCount\":632,\"commentCount\":0,\"publisher\":{\"@id\":\"https:\/\/elmawkie.dz\/fr\/#organization\"},\"image\":{\"@id\":\"https:\/\/elmawkie.dz\/fr\/sommet-mondial-de-la-jeunesse-2025-lalgerie-partage-son-experience-en-autonomisation-des-jeunes-a-kazan\/#primaryimage\"},\"thumbnailUrl\":\"https:\/\/elmawkie.dz\/fr\/wp-content\/uploads\/2025\/08\/IMG_4490.jpeg\",\"keywords\":[\"2025\",\"Kazan\",\"L'Alg\u00e9rie\",\"Sommet mondial de la jeunesse\"],\"articleSection\":[\"National\"],\"inLanguage\":\"fr-FR\",\"potentialAction\":[{\"@type\":\"CommentAction\",\"name\":\"Comment\",\"target\":[\"https:\/\/elmawkie.dz\/fr\/sommet-mondial-de-la-jeunesse-2025-lalgerie-partage-son-experience-en-autonomisation-des-jeunes-a-kazan\/#respond\"]}]},{\"@type\":\"WebPage\",\"@id\":\"https:\/\/elmawkie.dz\/fr\/sommet-mondial-de-la-jeunesse-2025-lalgerie-partage-son-experience-en-autonomisation-des-jeunes-a-kazan\/\",\"url\":\"https:\/\/elmawkie.dz\/fr\/sommet-mondial-de-la-jeunesse-2025-lalgerie-partage-son-experience-en-autonomisation-des-jeunes-a-kazan\/\",\"name\":\"Sommet mondial de la jeunesse 2025 : l\u2019Alg\u00e9rie partage son exp\u00e9rience en autonomisation des jeunes \u00e0 Kazan - El Mawkie\",\"isPartOf\":{\"@id\":\"https:\/\/elmawkie.dz\/fr\/#website\"},\"primaryImageOfPage\":{\"@id\":\"https:\/\/elmawkie.dz\/fr\/sommet-mondial-de-la-jeunesse-2025-lalgerie-partage-son-experience-en-autonomisation-des-jeunes-a-kazan\/#primaryimage\"},\"image\":{\"@id\":\"https:\/\/elmawkie.dz\/fr\/sommet-mondial-de-la-jeunesse-2025-lalgerie-partage-son-experience-en-autonomisation-des-jeunes-a-kazan\/#primaryimage\"},\"thumbnailUrl\":\"https:\/\/elmawkie.dz\/fr\/wp-content\/uploads\/2025\/08\/IMG_4490.jpeg\",\"datePublished\":\"2025-08-31T18:48:37+00:00\",\"dateModified\":\"2025-08-31T18:48:38+00:00\",\"breadcrumb\":{\"@id\":\"https:\/\/elmawkie.dz\/fr\/sommet-mondial-de-la-jeunesse-2025-lalgerie-partage-son-experience-en-autonomisation-des-jeunes-a-kazan\/#breadcrumb\"},\"inLanguage\":\"fr-FR\",\"potentialAction\":[{\"@type\":\"ReadAction\",\"target\":[\"https:\/\/elmawkie.dz\/fr\/sommet-mondial-de-la-jeunesse-2025-lalgerie-partage-son-experience-en-autonomisation-des-jeunes-a-kazan\/\"]}]},{\"@type\":\"ImageObject\",\"inLanguage\":\"fr-FR\",\"@id\":\"https:\/\/elmawkie.dz\/fr\/sommet-mondial-de-la-jeunesse-2025-lalgerie-partage-son-experience-en-autonomisation-des-jeunes-a-kazan\/#primaryimage\",\"url\":\"https:\/\/elmawkie.dz\/fr\/wp-content\/uploads\/2025\/08\/IMG_4490.jpeg\",\"contentUrl\":\"https:\/\/elmawkie.dz\/fr\/wp-content\/uploads\/2025\/08\/IMG_4490.jpeg\",\"width\":2048,\"height\":1365},{\"@type\":\"BreadcrumbList\",\"@id\":\"https:\/\/elmawkie.dz\/fr\/sommet-mondial-de-la-jeunesse-2025-lalgerie-partage-son-experience-en-autonomisation-des-jeunes-a-kazan\/#breadcrumb\",\"itemListElement\":[{\"@type\":\"ListItem\",\"position\":1,\"name\":\"Home\",\"item\":\"https:\/\/elmawkie.dz\/fr\/\"},{\"@type\":\"ListItem\",\"position\":2,\"name\":\"Sommet mondial de la jeunesse 2025 : l\u2019Alg\u00e9rie partage son exp\u00e9rience en autonomisation des jeunes \u00e0 Kazan\"}]},{\"@type\":\"WebSite\",\"@id\":\"https:\/\/elmawkie.dz\/fr\/#website\",\"url\":\"https:\/\/elmawkie.dz\/fr\/\",\"name\":\"EL MAWKIE\",\"description\":\"Journal \u00c9lectronique Alg\u00e9rien\",\"publisher\":{\"@id\":\"https:\/\/elmawkie.dz\/fr\/#organization\"},\"potentialAction\":[{\"@type\":\"SearchAction\",\"target\":{\"@type\":\"EntryPoint\",\"urlTemplate\":\"https:\/\/elmawkie.dz\/fr\/?s={search_term_string}\"},\"query-input\":\"required name=search_term_string\"}],\"inLanguage\":\"fr-FR\"},{\"@type\":\"Organization\",\"@id\":\"https:\/\/elmawkie.dz\/fr\/#organization\",\"name\":\"EL MAWKIE\",\"url\":\"https:\/\/elmawkie.dz\/fr\/\",\"logo\":{\"@type\":\"ImageObject\",\"inLanguage\":\"fr-FR\",\"@id\":\"https:\/\/elmawkie.dz\/fr\/#\/schema\/logo\/image\/\",\"url\":\"https:\/\/elmawkie.dz\/fr\/wp-content\/uploads\/2024\/05\/logo1.png\",\"contentUrl\":\"https:\/\/elmawkie.dz\/fr\/wp-content\/uploads\/2024\/05\/logo1.png\",\"width\":1648,\"height\":652,\"caption\":\"EL MAWKIE\"},\"image\":{\"@id\":\"https:\/\/elmawkie.dz\/fr\/#\/schema\/logo\/image\/\"},\"sameAs\":[\"https:\/\/www.facebook.com\/profile.php?id=100088407094989&locale=fr_FR\"]},{\"@type\":\"Person\",\"@id\":\"https:\/\/elmawkie.dz\/fr\/#\/schema\/person\/e7bd59d6467874ba5c4723d8a9f0a63c\",\"name\":\"R\u00e9daction\",\"image\":{\"@type\":\"ImageObject\",\"inLanguage\":\"fr-FR\",\"@id\":\"https:\/\/elmawkie.dz\/fr\/#\/schema\/person\/image\/\",\"url\":\"https:\/\/secure.gravatar.com\/avatar\/f0f773456344da4d2788c054a3d30a0c?s=96&d=mm&r=g\",\"contentUrl\":\"https:\/\/secure.gravatar.com\/avatar\/f0f773456344da4d2788c054a3d30a0c?s=96&d=mm&r=g\",\"caption\":\"R\u00e9daction\"},\"url\":\"https:\/\/elmawkie.dz\/fr\/author\/redaction\/\"}]}<\/script>\n<!-- \/ Yoast SEO Premium plugin. -->","yoast_head_json":{"title":"Sommet mondial de la jeunesse 2025 : l\u2019Alg\u00e9rie partage son exp\u00e9rience en autonomisation des jeunes \u00e0 Kazan - El Mawkie","robots":{"index":"index","follow":"follow","max-snippet":"max-snippet:-1","max-image-preview":"max-image-preview:large","max-video-preview":"max-video-preview:-1"},"canonical":"https:\/\/elmawkie.dz\/fr\/sommet-mondial-de-la-jeunesse-2025-lalgerie-partage-son-experience-en-autonomisation-des-jeunes-a-kazan\/","og_locale":"fr_FR","og_type":"article","og_title":"Sommet mondial de la jeunesse 2025 : l\u2019Alg\u00e9rie partage son exp\u00e9rience en autonomisation des jeunes \u00e0 Kazan","og_description":"Le ministre de la Jeunesse, charg\u00e9 du Conseil sup\u00e9rieur de la jeunesse, M. Mustapha Hidaoui, a mis en avant, lors de sa participation au Sommet mondial de la jeunesse 2025 \u00e0 Kazan, l&rsquo;exp\u00e9rience de l&rsquo;Alg\u00e9rie en mati\u00e8re d&rsquo;autonomisation, de soutien aux jeunes et de renforcement de leur participation dans le processus d\u00e9cisionnel, indique, dimanche, un &hellip;","og_url":"https:\/\/elmawkie.dz\/fr\/sommet-mondial-de-la-jeunesse-2025-lalgerie-partage-son-experience-en-autonomisation-des-jeunes-a-kazan\/","og_site_name":"El Mawkie","article_publisher":"https:\/\/www.facebook.com\/profile.php?id=100088407094989&locale=fr_FR","article_published_time":"2025-08-31T18:48:37+00:00","article_modified_time":"2025-08-31T18:48:38+00:00","og_image":[{"width":2048,"height":1365,"url":"https:\/\/elmawkie.dz\/fr\/wp-content\/uploads\/2025\/08\/IMG_4490.jpeg","type":"image\/jpeg"}],"author":"R\u00e9daction","twitter_card":"summary_large_image","twitter_misc":{"Written by":"R\u00e9daction","Est. reading time":"3 minutes"},"schema":{"@context":"https:\/\/schema.org","@graph":[{"@type":"Article","@id":"https:\/\/elmawkie.dz\/fr\/sommet-mondial-de-la-jeunesse-2025-lalgerie-partage-son-experience-en-autonomisation-des-jeunes-a-kazan\/#article","isPartOf":{"@id":"https:\/\/elmawkie.dz\/fr\/sommet-mondial-de-la-jeunesse-2025-lalgerie-partage-son-experience-en-autonomisation-des-jeunes-a-kazan\/"},"author":{"name":"R\u00e9daction","@id":"https:\/\/elmawkie.dz\/fr\/#\/schema\/person\/e7bd59d6467874ba5c4723d8a9f0a63c"},"headline":"Sommet mondial de la jeunesse 2025 : l\u2019Alg\u00e9rie partage son exp\u00e9rience en autonomisation des jeunes \u00e0 Kazan","datePublished":"2025-08-31T18:48:37+00:00","dateModified":"2025-08-31T18:48:38+00:00","mainEntityOfPage":{"@id":"https:\/\/elmawkie.dz\/fr\/sommet-mondial-de-la-jeunesse-2025-lalgerie-partage-son-experience-en-autonomisation-des-jeunes-a-kazan\/"},"wordCount":632,"commentCount":0,"publisher":{"@id":"https:\/\/elmawkie.dz\/fr\/#organization"},"image":{"@id":"https:\/\/elmawkie.dz\/fr\/sommet-mondial-de-la-jeunesse-2025-lalgerie-partage-son-experience-en-autonomisation-des-jeunes-a-kazan\/#primaryimage"},"thumbnailUrl":"https:\/\/elmawkie.dz\/fr\/wp-content\/uploads\/2025\/08\/IMG_4490.jpeg","keywords":["2025","Kazan","L'Alg\u00e9rie","Sommet mondial de la jeunesse"],"articleSection":["National"],"inLanguage":"fr-FR","potentialAction":[{"@type":"CommentAction","name":"Comment","target":["https:\/\/elmawkie.dz\/fr\/sommet-mondial-de-la-jeunesse-2025-lalgerie-partage-son-experience-en-autonomisation-des-jeunes-a-kazan\/#respond"]}]},{"@type":"WebPage","@id":"https:\/\/elmawkie.dz\/fr\/sommet-mondial-de-la-jeunesse-2025-lalgerie-partage-son-experience-en-autonomisation-des-jeunes-a-kazan\/","url":"https:\/\/elmawkie.dz\/fr\/sommet-mondial-de-la-jeunesse-2025-lalgerie-partage-son-experience-en-autonomisation-des-jeunes-a-kazan\/","name":"Sommet mondial de la jeunesse 2025 : l\u2019Alg\u00e9rie partage son exp\u00e9rience en autonomisation des jeunes \u00e0 Kazan - El Mawkie","isPartOf":{"@id":"https:\/\/elmawkie.dz\/fr\/#website"},"primaryImageOfPage":{"@id":"https:\/\/elmawkie.dz\/fr\/sommet-mondial-de-la-jeunesse-2025-lalgerie-partage-son-experience-en-autonomisation-des-jeunes-a-kazan\/#primaryimage"},"image":{"@id":"https:\/\/elmawkie.dz\/fr\/sommet-mondial-de-la-jeunesse-2025-lalgerie-partage-son-experience-en-autonomisation-des-jeunes-a-kazan\/#primaryimage"},"thumbnailUrl":"https:\/\/elmawkie.dz\/fr\/wp-content\/uploads\/2025\/08\/IMG_4490.jpeg","datePublished":"2025-08-31T18:48:37+00:00","dateModified":"2025-08-31T18:48:38+00:00","breadcrumb":{"@id":"https:\/\/elmawkie.dz\/fr\/sommet-mondial-de-la-jeunesse-2025-lalgerie-partage-son-experience-en-autonomisation-des-jeunes-a-kazan\/#breadcrumb"},"inLanguage":"fr-FR","potentialAction":[{"@type":"ReadAction","target":["https:\/\/elmawkie.dz\/fr\/sommet-mondial-de-la-jeunesse-2025-lalgerie-partage-son-experience-en-autonomisation-des-jeunes-a-kazan\/"]}]},{"@type":"ImageObject","inLanguage":"fr-FR","@id":"https:\/\/elmawkie.dz\/fr\/sommet-mondial-de-la-jeunesse-2025-lalgerie-partage-son-experience-en-autonomisation-des-jeunes-a-kazan\/#primaryimage","url":"https:\/\/elmawkie.dz\/fr\/wp-content\/uploads\/2025\/08\/IMG_4490.jpeg","contentUrl":"https:\/\/elmawkie.dz\/fr\/wp-content\/uploads\/2025\/08\/IMG_4490.jpeg","width":2048,"height":1365},{"@type":"BreadcrumbList","@id":"https:\/\/elmawkie.dz\/fr\/sommet-mondial-de-la-jeunesse-2025-lalgerie-partage-son-experience-en-autonomisation-des-jeunes-a-kazan\/#breadcrumb","itemListElement":[{"@type":"ListItem","position":1,"name":"Home","item":"https:\/\/elmawkie.dz\/fr\/"},{"@type":"ListItem","position":2,"name":"Sommet mondial de la jeunesse 2025 : l\u2019Alg\u00e9rie partage son exp\u00e9rience en autonomisation des jeunes \u00e0 Kazan"}]},{"@type":"WebSite","@id":"https:\/\/elmawkie.dz\/fr\/#website","url":"https:\/\/elmawkie.dz\/fr\/","name":"EL MAWKIE","description":"Journal \u00c9lectronique Alg\u00e9rien","publisher":{"@id":"https:\/\/elmawkie.dz\/fr\/#organization"},"potentialAction":[{"@type":"SearchAction","target":{"@type":"EntryPoint","urlTemplate":"https:\/\/elmawkie.dz\/fr\/?s={search_term_string}"},"query-input":"required name=search_term_string"}],"inLanguage":"fr-FR"},{"@type":"Organization","@id":"https:\/\/elmawkie.dz\/fr\/#organization","name":"EL MAWKIE","url":"https:\/\/elmawkie.dz\/fr\/","logo":{"@type":"ImageObject","inLanguage":"fr-FR","@id":"https:\/\/elmawkie.dz\/fr\/#\/schema\/logo\/image\/","url":"https:\/\/elmawkie.dz\/fr\/wp-content\/uploads\/2024\/05\/logo1.png","contentUrl":"https:\/\/elmawkie.dz\/fr\/wp-content\/uploads\/2024\/05\/logo1.png","width":1648,"height":652,"caption":"EL MAWKIE"},"image":{"@id":"https:\/\/elmawkie.dz\/fr\/#\/schema\/logo\/image\/"},"sameAs":["https:\/\/www.facebook.com\/profile.php?id=100088407094989&locale=fr_FR"]},{"@type":"Person","@id":"https:\/\/elmawkie.dz\/fr\/#\/schema\/person\/e7bd59d6467874ba5c4723d8a9f0a63c","name":"R\u00e9daction","image":{"@type":"ImageObject","inLanguage":"fr-FR","@id":"https:\/\/elmawkie.dz\/fr\/#\/schema\/person\/image\/","url":"https:\/\/secure.gravatar.com\/avatar\/f0f773456344da4d2788c054a3d30a0c?s=96&d=mm&r=g","contentUrl":"https:\/\/secure.gravatar.com\/avatar\/f0f773456344da4d2788c054a3d30a0c?s=96&d=mm&r=g","caption":"R\u00e9daction"},"url":"https:\/\/elmawkie.dz\/fr\/author\/redaction\/"}]}},"_links":{"self":[{"href":"https:\/\/elmawkie.dz\/fr\/wp-json\/wp\/v2\/posts\/55752","targetHints":{"allow":["GET"]}}],"collection":[{"href":"https:\/\/elmawkie.dz\/fr\/wp-json\/wp\/v2\/posts"}],"about":[{"href":"https:\/\/elmawkie.dz\/fr\/wp-json\/wp\/v2\/types\/post"}],"author":[{"embeddable":true,"href":"https:\/\/elmawkie.dz\/fr\/wp-json\/wp\/v2\/users\/9"}],"replies":[{"embeddable":true,"href":"https:\/\/elmawkie.dz\/fr\/wp-json\/wp\/v2\/comments?post=55752"}],"version-history":[{"count":1,"href":"https:\/\/elmawkie.dz\/fr\/wp-json\/wp\/v2\/posts\/55752\/revisions"}],"predecessor-version":[{"id":55755,"href":"https:\/\/elmawkie.dz\/fr\/wp-json\/wp\/v2\/posts\/55752\/revisions\/55755"}],"wp:featuredmedia":[{"embeddable":true,"href":"https:\/\/elmawkie.dz\/fr\/wp-json\/wp\/v2\/media\/55754"}],"wp:attachment":[{"href":"https:\/\/elmawkie.dz\/fr\/wp-json\/wp\/v2\/media?parent=55752"}],"wp:term":[{"taxonomy":"category","embeddable":true,"href":"https:\/\/elmawkie.dz\/fr\/wp-json\/wp\/v2\/categories?post=55752"},{"taxonomy":"post_tag","embeddable":true,"href":"https:\/\/elmawkie.dz\/fr\/wp-json\/wp\/v2\/tags?post=55752"}],"curies":[{"name":"wp","href":"https:\/\/api.w.org\/{rel}","templated":true}]}}