{"id":55742,"date":"2025-08-31T19:35:24","date_gmt":"2025-08-31T18:35:24","guid":{"rendered":"https:\/\/elmawkie.dz\/fr\/?p=55742"},"modified":"2025-08-31T19:38:06","modified_gmt":"2025-08-31T18:38:06","slug":"soummam-dement-toute-hausse-du-prix-du-lait-uht-et-reaffirme-son-engagement-envers-les-consommateurs","status":"publish","type":"post","link":"https:\/\/elmawkie.dz\/fr\/soummam-dement-toute-hausse-du-prix-du-lait-uht-et-reaffirme-son-engagement-envers-les-consommateurs\/","title":{"rendered":"Soummam d\u00e9ment toute hausse du prix du lait UHT et r\u00e9affirme son engagement envers les consommateurs"},"content":{"rendered":"\n<p><strong><em>Le groupe Soummam a d\u00e9menti aujourd\u2019hui, dans un communiqu\u00e9 publi\u00e9 sur sa page officielle, les informations relay\u00e9es r\u00e9cemment sur les r\u00e9seaux sociaux faisant \u00e9tat d\u2019une pr\u00e9tendue augmentation des prix du lait UHT. <\/em><\/strong><\/p>\n\n\n\n<p><strong><em>L\u2019entreprise a pr\u00e9cis\u00e9 que les prix de ce produit n\u2019ont connu aucun changement et demeurent stables. Elle a soulign\u00e9 qu\u2019en tant qu\u2019entreprise responsable, elle accorde une importance particuli\u00e8re \u00e0 la disponibilit\u00e9 continue du lait afin de r\u00e9pondre aux besoins quotidiens des consommateurs, tout en garantissant une qualit\u00e9 conforme aux normes les plus rigoureuses et en maintenant la stabilit\u00e9 des prix pour contribuer \u00e0 la pr\u00e9servation du pouvoir d\u2019achat des familles. Le groupe a invit\u00e9 par ailleurs les consommateurs \u00e0 se r\u00e9f\u00e9rer exclusivement \u00e0 ses canaux de communication officiels pour toute information fiable et \u00e0 ne pas c\u00e9der aux rumeurs infond\u00e9es, remerciant ses clients pour leur confiance et leur fid\u00e9lit\u00e9.<br><\/em><\/strong><\/p>\n\n\n\n<figure class=\"wp-block-image size-large\"><img decoding=\"async\" width=\"983\" height=\"1024\" src=\"https:\/\/elmawkie.dz\/fr\/wp-content\/uploads\/2025\/08\/IMG_4477-983x1024.jpeg\" alt=\"\" class=\"wp-image-55745\" srcset=\"https:\/\/elmawkie.dz\/fr\/wp-content\/uploads\/2025\/08\/IMG_4477-983x1024.jpeg 983w, https:\/\/elmawkie.dz\/fr\/wp-content\/uploads\/2025\/08\/IMG_4477-288x300.jpeg 288w, https:\/\/elmawkie.dz\/fr\/wp-content\/uploads\/2025\/08\/IMG_4477-768x800.jpeg 768w, https:\/\/elmawkie.dz\/fr\/wp-content\/uploads\/2025\/08\/IMG_4477.jpeg 1192w\" sizes=\"(max-width: 983px) 100vw, 983px\" \/><\/figure>\n","protected":false},"excerpt":{"rendered":"<p>Le groupe Soummam a d\u00e9menti aujourd\u2019hui, dans un communiqu\u00e9 publi\u00e9 sur sa page officielle, les informations relay\u00e9es r\u00e9cemment sur les r\u00e9seaux sociaux faisant \u00e9tat d\u2019une pr\u00e9tendue augmentation des prix du lait UHT. L\u2019entreprise a pr\u00e9cis\u00e9 que les prix de ce produit n\u2019ont connu aucun changement et demeurent stables. Elle a soulign\u00e9 qu\u2019en tant qu\u2019entreprise responsable, &hellip;<\/p>\n","protected":false},"author":3,"featured_media":55744,"comment_status":"open","ping_status":"open","sticky":false,"template":"","format":"standard","meta":{"footnotes":""},"categories":[763,51],"tags":[4963,4962],"class_list":["post-55742","post","type-post","status-publish","format-standard","has-post-thumbnail","hentry","category-economie","category-societe","tag-consommateurs","tag-soummam"],"yoast_head":"<!-- This site is optimized with the Yoast SEO Premium plugin v22.6 (Yoast SEO v22.6) - https:\/\/yoast.com\/wordpress\/plugins\/seo\/ -->\n<title>Soummam d\u00e9ment toute hausse du prix du lait UHT et r\u00e9affirme son engagement envers les consommateurs - El Mawkie<\/title>\n<meta name=\"robots\" content=\"index, follow, max-snippet:-1, max-image-preview:large, max-video-preview:-1\" \/>\n<link rel=\"canonical\" href=\"https:\/\/elmawkie.dz\/fr\/soummam-dement-toute-hausse-du-prix-du-lait-uht-et-reaffirme-son-engagement-envers-les-consommateurs\/\" \/>\n<meta property=\"og:locale\" content=\"fr_FR\" \/>\n<meta property=\"og:type\" content=\"article\" \/>\n<meta property=\"og:title\" content=\"Soummam d\u00e9ment toute hausse du prix du lait UHT et r\u00e9affirme son engagement envers les consommateurs\" \/>\n<meta property=\"og:description\" content=\"Le groupe Soummam a d\u00e9menti aujourd\u2019hui, dans un communiqu\u00e9 publi\u00e9 sur sa page officielle, les informations relay\u00e9es r\u00e9cemment sur les r\u00e9seaux sociaux faisant \u00e9tat d\u2019une pr\u00e9tendue augmentation des prix du lait UHT. L\u2019entreprise a pr\u00e9cis\u00e9 que les prix de ce produit n\u2019ont connu aucun changement et demeurent stables. Elle a soulign\u00e9 qu\u2019en tant qu\u2019entreprise responsable, &hellip;\" \/>\n<meta property=\"og:url\" content=\"https:\/\/elmawkie.dz\/fr\/soummam-dement-toute-hausse-du-prix-du-lait-uht-et-reaffirme-son-engagement-envers-les-consommateurs\/\" \/>\n<meta property=\"og:site_name\" content=\"El Mawkie\" \/>\n<meta property=\"article:publisher\" content=\"https:\/\/www.facebook.com\/profile.php?id=100088407094989&amp;locale=fr_FR\" \/>\n<meta property=\"article:published_time\" content=\"2025-08-31T18:35:24+00:00\" \/>\n<meta property=\"article:modified_time\" content=\"2025-08-31T18:38:06+00:00\" \/>\n<meta property=\"og:image\" content=\"https:\/\/elmawkie.dz\/fr\/wp-content\/uploads\/2025\/08\/IMG_4488.jpeg\" \/>\n\t<meta property=\"og:image:width\" content=\"1068\" \/>\n\t<meta property=\"og:image:height\" content=\"577\" \/>\n\t<meta property=\"og:image:type\" content=\"image\/jpeg\" \/>\n<meta name=\"author\" content=\"Hamra Fouzia\" \/>\n<meta name=\"twitter:card\" content=\"summary_large_image\" \/>\n<meta name=\"twitter:label1\" content=\"Written by\" \/>\n\t<meta name=\"twitter:data1\" content=\"Hamra Fouzia\" \/>\n\t<meta name=\"twitter:label2\" content=\"Est. reading time\" \/>\n\t<meta name=\"twitter:data2\" content=\"2 minutes\" \/>\n<script type=\"application\/ld+json\" class=\"yoast-schema-graph\">{\"@context\":\"https:\/\/schema.org\",\"@graph\":[{\"@type\":\"Article\",\"@id\":\"https:\/\/elmawkie.dz\/fr\/soummam-dement-toute-hausse-du-prix-du-lait-uht-et-reaffirme-son-engagement-envers-les-consommateurs\/#article\",\"isPartOf\":{\"@id\":\"https:\/\/elmawkie.dz\/fr\/soummam-dement-toute-hausse-du-prix-du-lait-uht-et-reaffirme-son-engagement-envers-les-consommateurs\/\"},\"author\":{\"name\":\"Hamra Fouzia\",\"@id\":\"https:\/\/elmawkie.dz\/fr\/#\/schema\/person\/4ed8433201bc23634185d8dd37097c64\"},\"headline\":\"Soummam d\u00e9ment toute hausse du prix du lait UHT et r\u00e9affirme son engagement envers les consommateurs\",\"datePublished\":\"2025-08-31T18:35:24+00:00\",\"dateModified\":\"2025-08-31T18:38:06+00:00\",\"mainEntityOfPage\":{\"@id\":\"https:\/\/elmawkie.dz\/fr\/soummam-dement-toute-hausse-du-prix-du-lait-uht-et-reaffirme-son-engagement-envers-les-consommateurs\/\"},\"wordCount\":175,\"commentCount\":0,\"publisher\":{\"@id\":\"https:\/\/elmawkie.dz\/fr\/#organization\"},\"image\":{\"@id\":\"https:\/\/elmawkie.dz\/fr\/soummam-dement-toute-hausse-du-prix-du-lait-uht-et-reaffirme-son-engagement-envers-les-consommateurs\/#primaryimage\"},\"thumbnailUrl\":\"https:\/\/elmawkie.dz\/fr\/wp-content\/uploads\/2025\/08\/IMG_4488.jpeg\",\"keywords\":[\"Consommateurs\",\"Soummam\"],\"articleSection\":[\"Economie\",\"Soci\u00e9t\u00e9\"],\"inLanguage\":\"fr-FR\",\"potentialAction\":[{\"@type\":\"CommentAction\",\"name\":\"Comment\",\"target\":[\"https:\/\/elmawkie.dz\/fr\/soummam-dement-toute-hausse-du-prix-du-lait-uht-et-reaffirme-son-engagement-envers-les-consommateurs\/#respond\"]}]},{\"@type\":\"WebPage\",\"@id\":\"https:\/\/elmawkie.dz\/fr\/soummam-dement-toute-hausse-du-prix-du-lait-uht-et-reaffirme-son-engagement-envers-les-consommateurs\/\",\"url\":\"https:\/\/elmawkie.dz\/fr\/soummam-dement-toute-hausse-du-prix-du-lait-uht-et-reaffirme-son-engagement-envers-les-consommateurs\/\",\"name\":\"Soummam d\u00e9ment toute hausse du prix du lait UHT et r\u00e9affirme son engagement envers les consommateurs - El Mawkie\",\"isPartOf\":{\"@id\":\"https:\/\/elmawkie.dz\/fr\/#website\"},\"primaryImageOfPage\":{\"@id\":\"https:\/\/elmawkie.dz\/fr\/soummam-dement-toute-hausse-du-prix-du-lait-uht-et-reaffirme-son-engagement-envers-les-consommateurs\/#primaryimage\"},\"image\":{\"@id\":\"https:\/\/elmawkie.dz\/fr\/soummam-dement-toute-hausse-du-prix-du-lait-uht-et-reaffirme-son-engagement-envers-les-consommateurs\/#primaryimage\"},\"thumbnailUrl\":\"https:\/\/elmawkie.dz\/fr\/wp-content\/uploads\/2025\/08\/IMG_4488.jpeg\",\"datePublished\":\"2025-08-31T18:35:24+00:00\",\"dateModified\":\"2025-08-31T18:38:06+00:00\",\"breadcrumb\":{\"@id\":\"https:\/\/elmawkie.dz\/fr\/soummam-dement-toute-hausse-du-prix-du-lait-uht-et-reaffirme-son-engagement-envers-les-consommateurs\/#breadcrumb\"},\"inLanguage\":\"fr-FR\",\"potentialAction\":[{\"@type\":\"ReadAction\",\"target\":[\"https:\/\/elmawkie.dz\/fr\/soummam-dement-toute-hausse-du-prix-du-lait-uht-et-reaffirme-son-engagement-envers-les-consommateurs\/\"]}]},{\"@type\":\"ImageObject\",\"inLanguage\":\"fr-FR\",\"@id\":\"https:\/\/elmawkie.dz\/fr\/soummam-dement-toute-hausse-du-prix-du-lait-uht-et-reaffirme-son-engagement-envers-les-consommateurs\/#primaryimage\",\"url\":\"https:\/\/elmawkie.dz\/fr\/wp-content\/uploads\/2025\/08\/IMG_4488.jpeg\",\"contentUrl\":\"https:\/\/elmawkie.dz\/fr\/wp-content\/uploads\/2025\/08\/IMG_4488.jpeg\",\"width\":1068,\"height\":577},{\"@type\":\"BreadcrumbList\",\"@id\":\"https:\/\/elmawkie.dz\/fr\/soummam-dement-toute-hausse-du-prix-du-lait-uht-et-reaffirme-son-engagement-envers-les-consommateurs\/#breadcrumb\",\"itemListElement\":[{\"@type\":\"ListItem\",\"position\":1,\"name\":\"Home\",\"item\":\"https:\/\/elmawkie.dz\/fr\/\"},{\"@type\":\"ListItem\",\"position\":2,\"name\":\"Soummam d\u00e9ment toute hausse du prix du lait UHT et r\u00e9affirme son engagement envers les consommateurs\"}]},{\"@type\":\"WebSite\",\"@id\":\"https:\/\/elmawkie.dz\/fr\/#website\",\"url\":\"https:\/\/elmawkie.dz\/fr\/\",\"name\":\"EL MAWKIE\",\"description\":\"Journal \u00c9lectronique Alg\u00e9rien\",\"publisher\":{\"@id\":\"https:\/\/elmawkie.dz\/fr\/#organization\"},\"potentialAction\":[{\"@type\":\"SearchAction\",\"target\":{\"@type\":\"EntryPoint\",\"urlTemplate\":\"https:\/\/elmawkie.dz\/fr\/?s={search_term_string}\"},\"query-input\":\"required name=search_term_string\"}],\"inLanguage\":\"fr-FR\"},{\"@type\":\"Organization\",\"@id\":\"https:\/\/elmawkie.dz\/fr\/#organization\",\"name\":\"EL MAWKIE\",\"url\":\"https:\/\/elmawkie.dz\/fr\/\",\"logo\":{\"@type\":\"ImageObject\",\"inLanguage\":\"fr-FR\",\"@id\":\"https:\/\/elmawkie.dz\/fr\/#\/schema\/logo\/image\/\",\"url\":\"https:\/\/elmawkie.dz\/fr\/wp-content\/uploads\/2024\/05\/logo1.png\",\"contentUrl\":\"https:\/\/elmawkie.dz\/fr\/wp-content\/uploads\/2024\/05\/logo1.png\",\"width\":1648,\"height\":652,\"caption\":\"EL MAWKIE\"},\"image\":{\"@id\":\"https:\/\/elmawkie.dz\/fr\/#\/schema\/logo\/image\/\"},\"sameAs\":[\"https:\/\/www.facebook.com\/profile.php?id=100088407094989&locale=fr_FR\"]},{\"@type\":\"Person\",\"@id\":\"https:\/\/elmawkie.dz\/fr\/#\/schema\/person\/4ed8433201bc23634185d8dd37097c64\",\"name\":\"Hamra Fouzia\",\"image\":{\"@type\":\"ImageObject\",\"inLanguage\":\"fr-FR\",\"@id\":\"https:\/\/elmawkie.dz\/fr\/#\/schema\/person\/image\/\",\"url\":\"https:\/\/secure.gravatar.com\/avatar\/ea215268aad51f3219f9a59227db6fa1?s=96&d=mm&r=g\",\"contentUrl\":\"https:\/\/secure.gravatar.com\/avatar\/ea215268aad51f3219f9a59227db6fa1?s=96&d=mm&r=g\",\"caption\":\"Hamra Fouzia\"},\"sameAs\":[\"https:\/\/elmawkie.dz\/fr\"],\"url\":\"https:\/\/elmawkie.dz\/fr\/author\/elmawkie\/\"}]}<\/script>\n<!-- \/ Yoast SEO Premium plugin. -->","yoast_head_json":{"title":"Soummam d\u00e9ment toute hausse du prix du lait UHT et r\u00e9affirme son engagement envers les consommateurs - El Mawkie","robots":{"index":"index","follow":"follow","max-snippet":"max-snippet:-1","max-image-preview":"max-image-preview:large","max-video-preview":"max-video-preview:-1"},"canonical":"https:\/\/elmawkie.dz\/fr\/soummam-dement-toute-hausse-du-prix-du-lait-uht-et-reaffirme-son-engagement-envers-les-consommateurs\/","og_locale":"fr_FR","og_type":"article","og_title":"Soummam d\u00e9ment toute hausse du prix du lait UHT et r\u00e9affirme son engagement envers les consommateurs","og_description":"Le groupe Soummam a d\u00e9menti aujourd\u2019hui, dans un communiqu\u00e9 publi\u00e9 sur sa page officielle, les informations relay\u00e9es r\u00e9cemment sur les r\u00e9seaux sociaux faisant \u00e9tat d\u2019une pr\u00e9tendue augmentation des prix du lait UHT. L\u2019entreprise a pr\u00e9cis\u00e9 que les prix de ce produit n\u2019ont connu aucun changement et demeurent stables. Elle a soulign\u00e9 qu\u2019en tant qu\u2019entreprise responsable, &hellip;","og_url":"https:\/\/elmawkie.dz\/fr\/soummam-dement-toute-hausse-du-prix-du-lait-uht-et-reaffirme-son-engagement-envers-les-consommateurs\/","og_site_name":"El Mawkie","article_publisher":"https:\/\/www.facebook.com\/profile.php?id=100088407094989&locale=fr_FR","article_published_time":"2025-08-31T18:35:24+00:00","article_modified_time":"2025-08-31T18:38:06+00:00","og_image":[{"width":1068,"height":577,"url":"https:\/\/elmawkie.dz\/fr\/wp-content\/uploads\/2025\/08\/IMG_4488.jpeg","type":"image\/jpeg"}],"author":"Hamra Fouzia","twitter_card":"summary_large_image","twitter_misc":{"Written by":"Hamra Fouzia","Est. reading time":"2 minutes"},"schema":{"@context":"https:\/\/schema.org","@graph":[{"@type":"Article","@id":"https:\/\/elmawkie.dz\/fr\/soummam-dement-toute-hausse-du-prix-du-lait-uht-et-reaffirme-son-engagement-envers-les-consommateurs\/#article","isPartOf":{"@id":"https:\/\/elmawkie.dz\/fr\/soummam-dement-toute-hausse-du-prix-du-lait-uht-et-reaffirme-son-engagement-envers-les-consommateurs\/"},"author":{"name":"Hamra Fouzia","@id":"https:\/\/elmawkie.dz\/fr\/#\/schema\/person\/4ed8433201bc23634185d8dd37097c64"},"headline":"Soummam d\u00e9ment toute hausse du prix du lait UHT et r\u00e9affirme son engagement envers les consommateurs","datePublished":"2025-08-31T18:35:24+00:00","dateModified":"2025-08-31T18:38:06+00:00","mainEntityOfPage":{"@id":"https:\/\/elmawkie.dz\/fr\/soummam-dement-toute-hausse-du-prix-du-lait-uht-et-reaffirme-son-engagement-envers-les-consommateurs\/"},"wordCount":175,"commentCount":0,"publisher":{"@id":"https:\/\/elmawkie.dz\/fr\/#organization"},"image":{"@id":"https:\/\/elmawkie.dz\/fr\/soummam-dement-toute-hausse-du-prix-du-lait-uht-et-reaffirme-son-engagement-envers-les-consommateurs\/#primaryimage"},"thumbnailUrl":"https:\/\/elmawkie.dz\/fr\/wp-content\/uploads\/2025\/08\/IMG_4488.jpeg","keywords":["Consommateurs","Soummam"],"articleSection":["Economie","Soci\u00e9t\u00e9"],"inLanguage":"fr-FR","potentialAction":[{"@type":"CommentAction","name":"Comment","target":["https:\/\/elmawkie.dz\/fr\/soummam-dement-toute-hausse-du-prix-du-lait-uht-et-reaffirme-son-engagement-envers-les-consommateurs\/#respond"]}]},{"@type":"WebPage","@id":"https:\/\/elmawkie.dz\/fr\/soummam-dement-toute-hausse-du-prix-du-lait-uht-et-reaffirme-son-engagement-envers-les-consommateurs\/","url":"https:\/\/elmawkie.dz\/fr\/soummam-dement-toute-hausse-du-prix-du-lait-uht-et-reaffirme-son-engagement-envers-les-consommateurs\/","name":"Soummam d\u00e9ment toute hausse du prix du lait UHT et r\u00e9affirme son engagement envers les consommateurs - El Mawkie","isPartOf":{"@id":"https:\/\/elmawkie.dz\/fr\/#website"},"primaryImageOfPage":{"@id":"https:\/\/elmawkie.dz\/fr\/soummam-dement-toute-hausse-du-prix-du-lait-uht-et-reaffirme-son-engagement-envers-les-consommateurs\/#primaryimage"},"image":{"@id":"https:\/\/elmawkie.dz\/fr\/soummam-dement-toute-hausse-du-prix-du-lait-uht-et-reaffirme-son-engagement-envers-les-consommateurs\/#primaryimage"},"thumbnailUrl":"https:\/\/elmawkie.dz\/fr\/wp-content\/uploads\/2025\/08\/IMG_4488.jpeg","datePublished":"2025-08-31T18:35:24+00:00","dateModified":"2025-08-31T18:38:06+00:00","breadcrumb":{"@id":"https:\/\/elmawkie.dz\/fr\/soummam-dement-toute-hausse-du-prix-du-lait-uht-et-reaffirme-son-engagement-envers-les-consommateurs\/#breadcrumb"},"inLanguage":"fr-FR","potentialAction":[{"@type":"ReadAction","target":["https:\/\/elmawkie.dz\/fr\/soummam-dement-toute-hausse-du-prix-du-lait-uht-et-reaffirme-son-engagement-envers-les-consommateurs\/"]}]},{"@type":"ImageObject","inLanguage":"fr-FR","@id":"https:\/\/elmawkie.dz\/fr\/soummam-dement-toute-hausse-du-prix-du-lait-uht-et-reaffirme-son-engagement-envers-les-consommateurs\/#primaryimage","url":"https:\/\/elmawkie.dz\/fr\/wp-content\/uploads\/2025\/08\/IMG_4488.jpeg","contentUrl":"https:\/\/elmawkie.dz\/fr\/wp-content\/uploads\/2025\/08\/IMG_4488.jpeg","width":1068,"height":577},{"@type":"BreadcrumbList","@id":"https:\/\/elmawkie.dz\/fr\/soummam-dement-toute-hausse-du-prix-du-lait-uht-et-reaffirme-son-engagement-envers-les-consommateurs\/#breadcrumb","itemListElement":[{"@type":"ListItem","position":1,"name":"Home","item":"https:\/\/elmawkie.dz\/fr\/"},{"@type":"ListItem","position":2,"name":"Soummam d\u00e9ment toute hausse du prix du lait UHT et r\u00e9affirme son engagement envers les consommateurs"}]},{"@type":"WebSite","@id":"https:\/\/elmawkie.dz\/fr\/#website","url":"https:\/\/elmawkie.dz\/fr\/","name":"EL MAWKIE","description":"Journal \u00c9lectronique Alg\u00e9rien","publisher":{"@id":"https:\/\/elmawkie.dz\/fr\/#organization"},"potentialAction":[{"@type":"SearchAction","target":{"@type":"EntryPoint","urlTemplate":"https:\/\/elmawkie.dz\/fr\/?s={search_term_string}"},"query-input":"required name=search_term_string"}],"inLanguage":"fr-FR"},{"@type":"Organization","@id":"https:\/\/elmawkie.dz\/fr\/#organization","name":"EL MAWKIE","url":"https:\/\/elmawkie.dz\/fr\/","logo":{"@type":"ImageObject","inLanguage":"fr-FR","@id":"https:\/\/elmawkie.dz\/fr\/#\/schema\/logo\/image\/","url":"https:\/\/elmawkie.dz\/fr\/wp-content\/uploads\/2024\/05\/logo1.png","contentUrl":"https:\/\/elmawkie.dz\/fr\/wp-content\/uploads\/2024\/05\/logo1.png","width":1648,"height":652,"caption":"EL MAWKIE"},"image":{"@id":"https:\/\/elmawkie.dz\/fr\/#\/schema\/logo\/image\/"},"sameAs":["https:\/\/www.facebook.com\/profile.php?id=100088407094989&locale=fr_FR"]},{"@type":"Person","@id":"https:\/\/elmawkie.dz\/fr\/#\/schema\/person\/4ed8433201bc23634185d8dd37097c64","name":"Hamra Fouzia","image":{"@type":"ImageObject","inLanguage":"fr-FR","@id":"https:\/\/elmawkie.dz\/fr\/#\/schema\/person\/image\/","url":"https:\/\/secure.gravatar.com\/avatar\/ea215268aad51f3219f9a59227db6fa1?s=96&d=mm&r=g","contentUrl":"https:\/\/secure.gravatar.com\/avatar\/ea215268aad51f3219f9a59227db6fa1?s=96&d=mm&r=g","caption":"Hamra Fouzia"},"sameAs":["https:\/\/elmawkie.dz\/fr"],"url":"https:\/\/elmawkie.dz\/fr\/author\/elmawkie\/"}]}},"_links":{"self":[{"href":"https:\/\/elmawkie.dz\/fr\/wp-json\/wp\/v2\/posts\/55742","targetHints":{"allow":["GET"]}}],"collection":[{"href":"https:\/\/elmawkie.dz\/fr\/wp-json\/wp\/v2\/posts"}],"about":[{"href":"https:\/\/elmawkie.dz\/fr\/wp-json\/wp\/v2\/types\/post"}],"author":[{"embeddable":true,"href":"https:\/\/elmawkie.dz\/fr\/wp-json\/wp\/v2\/users\/3"}],"replies":[{"embeddable":true,"href":"https:\/\/elmawkie.dz\/fr\/wp-json\/wp\/v2\/comments?post=55742"}],"version-history":[{"count":2,"href":"https:\/\/elmawkie.dz\/fr\/wp-json\/wp\/v2\/posts\/55742\/revisions"}],"predecessor-version":[{"id":55747,"href":"https:\/\/elmawkie.dz\/fr\/wp-json\/wp\/v2\/posts\/55742\/revisions\/55747"}],"wp:featuredmedia":[{"embeddable":true,"href":"https:\/\/elmawkie.dz\/fr\/wp-json\/wp\/v2\/media\/55744"}],"wp:attachment":[{"href":"https:\/\/elmawkie.dz\/fr\/wp-json\/wp\/v2\/media?parent=55742"}],"wp:term":[{"taxonomy":"category","embeddable":true,"href":"https:\/\/elmawkie.dz\/fr\/wp-json\/wp\/v2\/categories?post=55742"},{"taxonomy":"post_tag","embeddable":true,"href":"https:\/\/elmawkie.dz\/fr\/wp-json\/wp\/v2\/tags?post=55742"}],"curies":[{"name":"wp","href":"https:\/\/api.w.org\/{rel}","templated":true}]}}