{"id":55734,"date":"2025-08-31T15:46:21","date_gmt":"2025-08-31T14:46:21","guid":{"rendered":"https:\/\/elmawkie.dz\/fr\/?p=55734"},"modified":"2025-08-31T15:46:22","modified_gmt":"2025-08-31T14:46:22","slug":"pres-de-60-tonnes-de-poissons-bleus-debarquees-dans-les-ports-de-peche-de-jijel","status":"publish","type":"post","link":"https:\/\/elmawkie.dz\/fr\/pres-de-60-tonnes-de-poissons-bleus-debarquees-dans-les-ports-de-peche-de-jijel\/","title":{"rendered":"Pr\u00e8s de 60 tonnes de poissons bleus d\u00e9barqu\u00e9es dans les ports de p\u00eache de Jijel"},"content":{"rendered":"\n<p>Pr\u00e8s de 60 tonnes de poissons bleus ont \u00e9t\u00e9 d\u00e9barqu\u00e9es, dimanche aux ports de p\u00eache de la wilaya de Jijel, a indiqu\u00e9 le directeur de la p\u00eache et de l\u2019aquaculture, Omar Sa\u00efh Djebour. Les ports de p\u00eache de la wilaya ont enregistr\u00e9 aujourd\u2019hui une p\u00eache \u00ab consid\u00e9rable \u00bb de poissons bleus estim\u00e9e \u00e0 environ 60 tonnes de diverses esp\u00e8ces engendrant une baisse des prix de poissons \u00e0 travers les p\u00eacheries, a pr\u00e9cis\u00e9 \u00e0 l\u2019APS le m\u00eame responsable. Le prix de la sardine a ainsi r\u00e9gress\u00e9 \u00e0 titre d\u2019exemple \u00e0 300 DA le kilogramme qui avait d\u00e9pass\u00e9 derni\u00e8rement la barre des 1.200 DA, a-t-il not\u00e9. Ce poisson riche en om\u00e9ga 3 devra enregistrer dans les prochains jours une stabilit\u00e9 de ses prix surtout \u00e0 la veille de l\u2019automne connu par l\u2019arriv\u00e9e des poissons bleus \u00e0 l\u2019instar de la sardine, l\u2019allache, le saurel et la bogue, selon la m\u00eame source. Les services de la direction de la p\u00eache et l\u2019aquaculture ont enregistr\u00e9 au cours de la derni\u00e8re semaine du mois d\u2019ao\u00fbt le d\u00e9barquement aux ports de p\u00eache de la wilaya de Jijel de pr\u00e8s de 400 tonnes de poissons bleus.<\/p>\n","protected":false},"excerpt":{"rendered":"<p>Pr\u00e8s de 60 tonnes de poissons bleus ont \u00e9t\u00e9 d\u00e9barqu\u00e9es, dimanche aux ports de p\u00eache de la wilaya de Jijel, a indiqu\u00e9 le directeur de la p\u00eache et de l\u2019aquaculture, Omar Sa\u00efh Djebour. Les ports de p\u00eache de la wilaya ont enregistr\u00e9 aujourd\u2019hui une p\u00eache \u00ab consid\u00e9rable \u00bb de poissons bleus estim\u00e9e \u00e0 environ 60 &hellip;<\/p>\n","protected":false},"author":9,"featured_media":55736,"comment_status":"open","ping_status":"open","sticky":false,"template":"","format":"standard","meta":{"footnotes":""},"categories":[50],"tags":[4958,144,4959],"class_list":["post-55734","post","type-post","status-publish","format-standard","has-post-thumbnail","hentry","category-region","tag-60-tonnes","tag-jijel","tag-poissons-bleus"],"yoast_head":"<!-- This site is optimized with the Yoast SEO Premium plugin v22.6 (Yoast SEO v22.6) - https:\/\/yoast.com\/wordpress\/plugins\/seo\/ -->\n<title>Pr\u00e8s de 60 tonnes de poissons bleus d\u00e9barqu\u00e9es dans les ports de p\u00eache de Jijel - El Mawkie<\/title>\n<meta name=\"robots\" content=\"index, follow, max-snippet:-1, max-image-preview:large, max-video-preview:-1\" \/>\n<link rel=\"canonical\" href=\"https:\/\/elmawkie.dz\/fr\/pres-de-60-tonnes-de-poissons-bleus-debarquees-dans-les-ports-de-peche-de-jijel\/\" \/>\n<meta property=\"og:locale\" content=\"fr_FR\" \/>\n<meta property=\"og:type\" content=\"article\" \/>\n<meta property=\"og:title\" content=\"Pr\u00e8s de 60 tonnes de poissons bleus d\u00e9barqu\u00e9es dans les ports de p\u00eache de Jijel\" \/>\n<meta property=\"og:description\" content=\"Pr\u00e8s de 60 tonnes de poissons bleus ont \u00e9t\u00e9 d\u00e9barqu\u00e9es, dimanche aux ports de p\u00eache de la wilaya de Jijel, a indiqu\u00e9 le directeur de la p\u00eache et de l\u2019aquaculture, Omar Sa\u00efh Djebour. Les ports de p\u00eache de la wilaya ont enregistr\u00e9 aujourd\u2019hui une p\u00eache \u00ab consid\u00e9rable \u00bb de poissons bleus estim\u00e9e \u00e0 environ 60 &hellip;\" \/>\n<meta property=\"og:url\" content=\"https:\/\/elmawkie.dz\/fr\/pres-de-60-tonnes-de-poissons-bleus-debarquees-dans-les-ports-de-peche-de-jijel\/\" \/>\n<meta property=\"og:site_name\" content=\"El Mawkie\" \/>\n<meta property=\"article:publisher\" content=\"https:\/\/www.facebook.com\/profile.php?id=100088407094989&amp;locale=fr_FR\" \/>\n<meta property=\"article:published_time\" content=\"2025-08-31T14:46:21+00:00\" \/>\n<meta property=\"article:modified_time\" content=\"2025-08-31T14:46:22+00:00\" \/>\n<meta property=\"og:image\" content=\"https:\/\/elmawkie.dz\/fr\/wp-content\/uploads\/2025\/08\/IMG_4445.jpeg\" \/>\n\t<meta property=\"og:image:width\" content=\"737\" \/>\n\t<meta property=\"og:image:height\" content=\"416\" \/>\n\t<meta property=\"og:image:type\" content=\"image\/jpeg\" \/>\n<meta name=\"author\" content=\"R\u00e9daction\" \/>\n<meta name=\"twitter:card\" content=\"summary_large_image\" \/>\n<meta name=\"twitter:label1\" content=\"Written by\" \/>\n\t<meta name=\"twitter:data1\" content=\"R\u00e9daction\" \/>\n\t<meta name=\"twitter:label2\" content=\"Est. reading time\" \/>\n\t<meta name=\"twitter:data2\" content=\"2 minutes\" \/>\n<script type=\"application\/ld+json\" class=\"yoast-schema-graph\">{\"@context\":\"https:\/\/schema.org\",\"@graph\":[{\"@type\":\"Article\",\"@id\":\"https:\/\/elmawkie.dz\/fr\/pres-de-60-tonnes-de-poissons-bleus-debarquees-dans-les-ports-de-peche-de-jijel\/#article\",\"isPartOf\":{\"@id\":\"https:\/\/elmawkie.dz\/fr\/pres-de-60-tonnes-de-poissons-bleus-debarquees-dans-les-ports-de-peche-de-jijel\/\"},\"author\":{\"name\":\"R\u00e9daction\",\"@id\":\"https:\/\/elmawkie.dz\/fr\/#\/schema\/person\/e7bd59d6467874ba5c4723d8a9f0a63c\"},\"headline\":\"Pr\u00e8s de 60 tonnes de poissons bleus d\u00e9barqu\u00e9es dans les ports de p\u00eache de Jijel\",\"datePublished\":\"2025-08-31T14:46:21+00:00\",\"dateModified\":\"2025-08-31T14:46:22+00:00\",\"mainEntityOfPage\":{\"@id\":\"https:\/\/elmawkie.dz\/fr\/pres-de-60-tonnes-de-poissons-bleus-debarquees-dans-les-ports-de-peche-de-jijel\/\"},\"wordCount\":227,\"commentCount\":0,\"publisher\":{\"@id\":\"https:\/\/elmawkie.dz\/fr\/#organization\"},\"image\":{\"@id\":\"https:\/\/elmawkie.dz\/fr\/pres-de-60-tonnes-de-poissons-bleus-debarquees-dans-les-ports-de-peche-de-jijel\/#primaryimage\"},\"thumbnailUrl\":\"https:\/\/elmawkie.dz\/fr\/wp-content\/uploads\/2025\/08\/IMG_4445.jpeg\",\"keywords\":[\"60 tonnes\",\"Jijel\",\"poissons bleus\"],\"articleSection\":[\"R\u00e9gion\"],\"inLanguage\":\"fr-FR\",\"potentialAction\":[{\"@type\":\"CommentAction\",\"name\":\"Comment\",\"target\":[\"https:\/\/elmawkie.dz\/fr\/pres-de-60-tonnes-de-poissons-bleus-debarquees-dans-les-ports-de-peche-de-jijel\/#respond\"]}]},{\"@type\":\"WebPage\",\"@id\":\"https:\/\/elmawkie.dz\/fr\/pres-de-60-tonnes-de-poissons-bleus-debarquees-dans-les-ports-de-peche-de-jijel\/\",\"url\":\"https:\/\/elmawkie.dz\/fr\/pres-de-60-tonnes-de-poissons-bleus-debarquees-dans-les-ports-de-peche-de-jijel\/\",\"name\":\"Pr\u00e8s de 60 tonnes de poissons bleus d\u00e9barqu\u00e9es dans les ports de p\u00eache de Jijel - El Mawkie\",\"isPartOf\":{\"@id\":\"https:\/\/elmawkie.dz\/fr\/#website\"},\"primaryImageOfPage\":{\"@id\":\"https:\/\/elmawkie.dz\/fr\/pres-de-60-tonnes-de-poissons-bleus-debarquees-dans-les-ports-de-peche-de-jijel\/#primaryimage\"},\"image\":{\"@id\":\"https:\/\/elmawkie.dz\/fr\/pres-de-60-tonnes-de-poissons-bleus-debarquees-dans-les-ports-de-peche-de-jijel\/#primaryimage\"},\"thumbnailUrl\":\"https:\/\/elmawkie.dz\/fr\/wp-content\/uploads\/2025\/08\/IMG_4445.jpeg\",\"datePublished\":\"2025-08-31T14:46:21+00:00\",\"dateModified\":\"2025-08-31T14:46:22+00:00\",\"breadcrumb\":{\"@id\":\"https:\/\/elmawkie.dz\/fr\/pres-de-60-tonnes-de-poissons-bleus-debarquees-dans-les-ports-de-peche-de-jijel\/#breadcrumb\"},\"inLanguage\":\"fr-FR\",\"potentialAction\":[{\"@type\":\"ReadAction\",\"target\":[\"https:\/\/elmawkie.dz\/fr\/pres-de-60-tonnes-de-poissons-bleus-debarquees-dans-les-ports-de-peche-de-jijel\/\"]}]},{\"@type\":\"ImageObject\",\"inLanguage\":\"fr-FR\",\"@id\":\"https:\/\/elmawkie.dz\/fr\/pres-de-60-tonnes-de-poissons-bleus-debarquees-dans-les-ports-de-peche-de-jijel\/#primaryimage\",\"url\":\"https:\/\/elmawkie.dz\/fr\/wp-content\/uploads\/2025\/08\/IMG_4445.jpeg\",\"contentUrl\":\"https:\/\/elmawkie.dz\/fr\/wp-content\/uploads\/2025\/08\/IMG_4445.jpeg\",\"width\":737,\"height\":416},{\"@type\":\"BreadcrumbList\",\"@id\":\"https:\/\/elmawkie.dz\/fr\/pres-de-60-tonnes-de-poissons-bleus-debarquees-dans-les-ports-de-peche-de-jijel\/#breadcrumb\",\"itemListElement\":[{\"@type\":\"ListItem\",\"position\":1,\"name\":\"Home\",\"item\":\"https:\/\/elmawkie.dz\/fr\/\"},{\"@type\":\"ListItem\",\"position\":2,\"name\":\"Pr\u00e8s de 60 tonnes de poissons bleus d\u00e9barqu\u00e9es dans les ports de p\u00eache de Jijel\"}]},{\"@type\":\"WebSite\",\"@id\":\"https:\/\/elmawkie.dz\/fr\/#website\",\"url\":\"https:\/\/elmawkie.dz\/fr\/\",\"name\":\"EL MAWKIE\",\"description\":\"Journal \u00c9lectronique Alg\u00e9rien\",\"publisher\":{\"@id\":\"https:\/\/elmawkie.dz\/fr\/#organization\"},\"potentialAction\":[{\"@type\":\"SearchAction\",\"target\":{\"@type\":\"EntryPoint\",\"urlTemplate\":\"https:\/\/elmawkie.dz\/fr\/?s={search_term_string}\"},\"query-input\":\"required name=search_term_string\"}],\"inLanguage\":\"fr-FR\"},{\"@type\":\"Organization\",\"@id\":\"https:\/\/elmawkie.dz\/fr\/#organization\",\"name\":\"EL MAWKIE\",\"url\":\"https:\/\/elmawkie.dz\/fr\/\",\"logo\":{\"@type\":\"ImageObject\",\"inLanguage\":\"fr-FR\",\"@id\":\"https:\/\/elmawkie.dz\/fr\/#\/schema\/logo\/image\/\",\"url\":\"https:\/\/elmawkie.dz\/fr\/wp-content\/uploads\/2024\/05\/logo1.png\",\"contentUrl\":\"https:\/\/elmawkie.dz\/fr\/wp-content\/uploads\/2024\/05\/logo1.png\",\"width\":1648,\"height\":652,\"caption\":\"EL MAWKIE\"},\"image\":{\"@id\":\"https:\/\/elmawkie.dz\/fr\/#\/schema\/logo\/image\/\"},\"sameAs\":[\"https:\/\/www.facebook.com\/profile.php?id=100088407094989&locale=fr_FR\"]},{\"@type\":\"Person\",\"@id\":\"https:\/\/elmawkie.dz\/fr\/#\/schema\/person\/e7bd59d6467874ba5c4723d8a9f0a63c\",\"name\":\"R\u00e9daction\",\"image\":{\"@type\":\"ImageObject\",\"inLanguage\":\"fr-FR\",\"@id\":\"https:\/\/elmawkie.dz\/fr\/#\/schema\/person\/image\/\",\"url\":\"https:\/\/secure.gravatar.com\/avatar\/f0f773456344da4d2788c054a3d30a0c?s=96&d=mm&r=g\",\"contentUrl\":\"https:\/\/secure.gravatar.com\/avatar\/f0f773456344da4d2788c054a3d30a0c?s=96&d=mm&r=g\",\"caption\":\"R\u00e9daction\"},\"url\":\"https:\/\/elmawkie.dz\/fr\/author\/redaction\/\"}]}<\/script>\n<!-- \/ Yoast SEO Premium plugin. -->","yoast_head_json":{"title":"Pr\u00e8s de 60 tonnes de poissons bleus d\u00e9barqu\u00e9es dans les ports de p\u00eache de Jijel - El Mawkie","robots":{"index":"index","follow":"follow","max-snippet":"max-snippet:-1","max-image-preview":"max-image-preview:large","max-video-preview":"max-video-preview:-1"},"canonical":"https:\/\/elmawkie.dz\/fr\/pres-de-60-tonnes-de-poissons-bleus-debarquees-dans-les-ports-de-peche-de-jijel\/","og_locale":"fr_FR","og_type":"article","og_title":"Pr\u00e8s de 60 tonnes de poissons bleus d\u00e9barqu\u00e9es dans les ports de p\u00eache de Jijel","og_description":"Pr\u00e8s de 60 tonnes de poissons bleus ont \u00e9t\u00e9 d\u00e9barqu\u00e9es, dimanche aux ports de p\u00eache de la wilaya de Jijel, a indiqu\u00e9 le directeur de la p\u00eache et de l\u2019aquaculture, Omar Sa\u00efh Djebour. Les ports de p\u00eache de la wilaya ont enregistr\u00e9 aujourd\u2019hui une p\u00eache \u00ab consid\u00e9rable \u00bb de poissons bleus estim\u00e9e \u00e0 environ 60 &hellip;","og_url":"https:\/\/elmawkie.dz\/fr\/pres-de-60-tonnes-de-poissons-bleus-debarquees-dans-les-ports-de-peche-de-jijel\/","og_site_name":"El Mawkie","article_publisher":"https:\/\/www.facebook.com\/profile.php?id=100088407094989&locale=fr_FR","article_published_time":"2025-08-31T14:46:21+00:00","article_modified_time":"2025-08-31T14:46:22+00:00","og_image":[{"width":737,"height":416,"url":"https:\/\/elmawkie.dz\/fr\/wp-content\/uploads\/2025\/08\/IMG_4445.jpeg","type":"image\/jpeg"}],"author":"R\u00e9daction","twitter_card":"summary_large_image","twitter_misc":{"Written by":"R\u00e9daction","Est. reading time":"2 minutes"},"schema":{"@context":"https:\/\/schema.org","@graph":[{"@type":"Article","@id":"https:\/\/elmawkie.dz\/fr\/pres-de-60-tonnes-de-poissons-bleus-debarquees-dans-les-ports-de-peche-de-jijel\/#article","isPartOf":{"@id":"https:\/\/elmawkie.dz\/fr\/pres-de-60-tonnes-de-poissons-bleus-debarquees-dans-les-ports-de-peche-de-jijel\/"},"author":{"name":"R\u00e9daction","@id":"https:\/\/elmawkie.dz\/fr\/#\/schema\/person\/e7bd59d6467874ba5c4723d8a9f0a63c"},"headline":"Pr\u00e8s de 60 tonnes de poissons bleus d\u00e9barqu\u00e9es dans les ports de p\u00eache de Jijel","datePublished":"2025-08-31T14:46:21+00:00","dateModified":"2025-08-31T14:46:22+00:00","mainEntityOfPage":{"@id":"https:\/\/elmawkie.dz\/fr\/pres-de-60-tonnes-de-poissons-bleus-debarquees-dans-les-ports-de-peche-de-jijel\/"},"wordCount":227,"commentCount":0,"publisher":{"@id":"https:\/\/elmawkie.dz\/fr\/#organization"},"image":{"@id":"https:\/\/elmawkie.dz\/fr\/pres-de-60-tonnes-de-poissons-bleus-debarquees-dans-les-ports-de-peche-de-jijel\/#primaryimage"},"thumbnailUrl":"https:\/\/elmawkie.dz\/fr\/wp-content\/uploads\/2025\/08\/IMG_4445.jpeg","keywords":["60 tonnes","Jijel","poissons bleus"],"articleSection":["R\u00e9gion"],"inLanguage":"fr-FR","potentialAction":[{"@type":"CommentAction","name":"Comment","target":["https:\/\/elmawkie.dz\/fr\/pres-de-60-tonnes-de-poissons-bleus-debarquees-dans-les-ports-de-peche-de-jijel\/#respond"]}]},{"@type":"WebPage","@id":"https:\/\/elmawkie.dz\/fr\/pres-de-60-tonnes-de-poissons-bleus-debarquees-dans-les-ports-de-peche-de-jijel\/","url":"https:\/\/elmawkie.dz\/fr\/pres-de-60-tonnes-de-poissons-bleus-debarquees-dans-les-ports-de-peche-de-jijel\/","name":"Pr\u00e8s de 60 tonnes de poissons bleus d\u00e9barqu\u00e9es dans les ports de p\u00eache de Jijel - El Mawkie","isPartOf":{"@id":"https:\/\/elmawkie.dz\/fr\/#website"},"primaryImageOfPage":{"@id":"https:\/\/elmawkie.dz\/fr\/pres-de-60-tonnes-de-poissons-bleus-debarquees-dans-les-ports-de-peche-de-jijel\/#primaryimage"},"image":{"@id":"https:\/\/elmawkie.dz\/fr\/pres-de-60-tonnes-de-poissons-bleus-debarquees-dans-les-ports-de-peche-de-jijel\/#primaryimage"},"thumbnailUrl":"https:\/\/elmawkie.dz\/fr\/wp-content\/uploads\/2025\/08\/IMG_4445.jpeg","datePublished":"2025-08-31T14:46:21+00:00","dateModified":"2025-08-31T14:46:22+00:00","breadcrumb":{"@id":"https:\/\/elmawkie.dz\/fr\/pres-de-60-tonnes-de-poissons-bleus-debarquees-dans-les-ports-de-peche-de-jijel\/#breadcrumb"},"inLanguage":"fr-FR","potentialAction":[{"@type":"ReadAction","target":["https:\/\/elmawkie.dz\/fr\/pres-de-60-tonnes-de-poissons-bleus-debarquees-dans-les-ports-de-peche-de-jijel\/"]}]},{"@type":"ImageObject","inLanguage":"fr-FR","@id":"https:\/\/elmawkie.dz\/fr\/pres-de-60-tonnes-de-poissons-bleus-debarquees-dans-les-ports-de-peche-de-jijel\/#primaryimage","url":"https:\/\/elmawkie.dz\/fr\/wp-content\/uploads\/2025\/08\/IMG_4445.jpeg","contentUrl":"https:\/\/elmawkie.dz\/fr\/wp-content\/uploads\/2025\/08\/IMG_4445.jpeg","width":737,"height":416},{"@type":"BreadcrumbList","@id":"https:\/\/elmawkie.dz\/fr\/pres-de-60-tonnes-de-poissons-bleus-debarquees-dans-les-ports-de-peche-de-jijel\/#breadcrumb","itemListElement":[{"@type":"ListItem","position":1,"name":"Home","item":"https:\/\/elmawkie.dz\/fr\/"},{"@type":"ListItem","position":2,"name":"Pr\u00e8s de 60 tonnes de poissons bleus d\u00e9barqu\u00e9es dans les ports de p\u00eache de Jijel"}]},{"@type":"WebSite","@id":"https:\/\/elmawkie.dz\/fr\/#website","url":"https:\/\/elmawkie.dz\/fr\/","name":"EL MAWKIE","description":"Journal \u00c9lectronique Alg\u00e9rien","publisher":{"@id":"https:\/\/elmawkie.dz\/fr\/#organization"},"potentialAction":[{"@type":"SearchAction","target":{"@type":"EntryPoint","urlTemplate":"https:\/\/elmawkie.dz\/fr\/?s={search_term_string}"},"query-input":"required name=search_term_string"}],"inLanguage":"fr-FR"},{"@type":"Organization","@id":"https:\/\/elmawkie.dz\/fr\/#organization","name":"EL MAWKIE","url":"https:\/\/elmawkie.dz\/fr\/","logo":{"@type":"ImageObject","inLanguage":"fr-FR","@id":"https:\/\/elmawkie.dz\/fr\/#\/schema\/logo\/image\/","url":"https:\/\/elmawkie.dz\/fr\/wp-content\/uploads\/2024\/05\/logo1.png","contentUrl":"https:\/\/elmawkie.dz\/fr\/wp-content\/uploads\/2024\/05\/logo1.png","width":1648,"height":652,"caption":"EL MAWKIE"},"image":{"@id":"https:\/\/elmawkie.dz\/fr\/#\/schema\/logo\/image\/"},"sameAs":["https:\/\/www.facebook.com\/profile.php?id=100088407094989&locale=fr_FR"]},{"@type":"Person","@id":"https:\/\/elmawkie.dz\/fr\/#\/schema\/person\/e7bd59d6467874ba5c4723d8a9f0a63c","name":"R\u00e9daction","image":{"@type":"ImageObject","inLanguage":"fr-FR","@id":"https:\/\/elmawkie.dz\/fr\/#\/schema\/person\/image\/","url":"https:\/\/secure.gravatar.com\/avatar\/f0f773456344da4d2788c054a3d30a0c?s=96&d=mm&r=g","contentUrl":"https:\/\/secure.gravatar.com\/avatar\/f0f773456344da4d2788c054a3d30a0c?s=96&d=mm&r=g","caption":"R\u00e9daction"},"url":"https:\/\/elmawkie.dz\/fr\/author\/redaction\/"}]}},"_links":{"self":[{"href":"https:\/\/elmawkie.dz\/fr\/wp-json\/wp\/v2\/posts\/55734","targetHints":{"allow":["GET"]}}],"collection":[{"href":"https:\/\/elmawkie.dz\/fr\/wp-json\/wp\/v2\/posts"}],"about":[{"href":"https:\/\/elmawkie.dz\/fr\/wp-json\/wp\/v2\/types\/post"}],"author":[{"embeddable":true,"href":"https:\/\/elmawkie.dz\/fr\/wp-json\/wp\/v2\/users\/9"}],"replies":[{"embeddable":true,"href":"https:\/\/elmawkie.dz\/fr\/wp-json\/wp\/v2\/comments?post=55734"}],"version-history":[{"count":1,"href":"https:\/\/elmawkie.dz\/fr\/wp-json\/wp\/v2\/posts\/55734\/revisions"}],"predecessor-version":[{"id":55737,"href":"https:\/\/elmawkie.dz\/fr\/wp-json\/wp\/v2\/posts\/55734\/revisions\/55737"}],"wp:featuredmedia":[{"embeddable":true,"href":"https:\/\/elmawkie.dz\/fr\/wp-json\/wp\/v2\/media\/55736"}],"wp:attachment":[{"href":"https:\/\/elmawkie.dz\/fr\/wp-json\/wp\/v2\/media?parent=55734"}],"wp:term":[{"taxonomy":"category","embeddable":true,"href":"https:\/\/elmawkie.dz\/fr\/wp-json\/wp\/v2\/categories?post=55734"},{"taxonomy":"post_tag","embeddable":true,"href":"https:\/\/elmawkie.dz\/fr\/wp-json\/wp\/v2\/tags?post=55734"}],"curies":[{"name":"wp","href":"https:\/\/api.w.org\/{rel}","templated":true}]}}